{"id":12776,"date":"2020-11-17T09:25:52","date_gmt":"2020-11-17T09:25:52","guid":{"rendered":"https:\/\/www.eninter.com\/maria-petit-ero-partita-per-scalare-laneto-ma-tutti-mi-dicevano-che-era-impossibile-ce-lho-fatta-grazie-alla-campagna-eninterayuda\/"},"modified":"2025-01-08T12:44:57","modified_gmt":"2025-01-08T12:44:57","slug":"maria-petit-ero-partita-per-scalare-laneto-ma-tutti-mi-dicevano-che-era-impossibile-ce-lho-fatta-grazie-alla-campagna-eninterayuda","status":"publish","type":"post","link":"https:\/\/www.eninter.com\/it-ch\/maria-petit-ero-partita-per-scalare-laneto-ma-tutti-mi-dicevano-che-era-impossibile-ce-lho-fatta-grazie-alla-campagna-eninterayuda\/","title":{"rendered":"Mar\u00eda Petit: &#8220;Ero partita per scalare l&#8217;Aneto, ma tutti mi dicevano che era impossibile. Ce l&#8217;ho fatta grazie alla campagna #EninterAyuda&#8221;."},"content":{"rendered":"<p>La scorsa settimana <a href=\"https:\/\/www.eninter.com\/blog\/roger-torras-esta-campana-nace-de-la-voluntad-de-querer-devolver-a-nuestros-clientes-toda-su-confianza-en-estos-tiempos-dificiles-queremos-ayudarles\/\">Roger Torras<\/a>, il nostro direttore marketing, \u00e8 stato invitato a Radio Marca per spiegare la nostra campagna #EninterAyuda. Questa volta, Ricard Vicente ha voluto intervistare uno dei protagonisti della campagna, per ascoltare, in prima persona, la storia del superamento di Mar\u00eda Petit, cieca dall&#8217;et\u00e0 di 17 anni, che con l&#8217;aiuto di Eninter \u00e8 riuscita a scalare l&#8217;Aneto.<\/p>\n<h4><strong>Ricard Vicente:<\/strong> <strong>La scorsa settimana abbiamo presentato l&#8217;iniziativa di Eninter Ascensores #EninterAyuda e lo abbiamo fatto con il suo direttore marketing, Roger Torras. Eninter Ascensores, nel suo impegno verso la societ\u00e0 e in considerazione dei tempi difficili che stiamo attraversando, vuole offrire cinque sovvenzioni gratuite per la manutenzione degli ascensori per due anni. Per avere diritto a questo supporto, basta andare su www.eninter.com\/subes e condividere la propria sfida. Per quanto modesto possa sembrarvi, ogni sforzo vale la pena in questi tempi in cui viviamo. La campagna \u00e8 aperta e avete tempo fino al 10 dicembre per presentare la vostra sfida. Eninter ha voluto ispirare e incoraggiare le vostre sfide con alcune altre che ha voluto accompagnare in prima persona. Oggi vogliamo parlare di una di queste, la scalata del Monte Aneto, la montagna pi\u00f9 alta dei Pirenei con i suoi 3.404 metri, da parte di Mar\u00eda Petit. Va detto che la sfida di scalare l&#8217;Aneto per Mar\u00eda \u00e8 speciale perch\u00e9 Mar\u00eda \u00e8 cieca dall&#8217;et\u00e0 di 17 anni, cosa ti \u00e8 successo Mar\u00eda?  <\/strong><\/h4>\n<p><strong>Mar\u00eda Petit:<\/strong> A 17 anni ho avuto un incidente stradale, ero in moto e mi sono schiantata contro un camion. Ho perso parte del viso, degli occhi e del naso, il che mi ha fatto perdere l&#8217;olfatto. In altre parole, ho perso vista e olfatto in una sola notte.<\/p>\n<h4><strong>Ricard Vicente:<\/strong> <strong>Ma non vi siete arresi, perch\u00e9 avete continuato a fare molte cose. Lei \u00e8 cofondatore dell&#8217;organizzazione Punto de vista, formata da persone con disabilit\u00e0 visiva, ha fatto parte anche di altre organizzazioni con altri progetti e ora sta lavorando. A cosa stai lavorando Maria?  <\/strong><\/h4>\n<p><strong>Mar\u00eda Petit:<\/strong> Da otto anni mi occupo di comunicazione in un&#8217;azienda di design di moda, sono anche docente presso la <a href=\"https:\/\/fundacionadecco.org\/\">Fundaci\u00f3n Adecco<\/a> e poi tutti i progetti che mi si presentano. Il s\u00ec \u00e8 sempre sulle mie labbra per tutto ci\u00f2 che arriva.<\/p>\n<h4><strong>Ricard Vicente:<\/strong> <strong>State trasmettendo il vostro sorriso, non possiamo vederlo alla radio ma possiamo sentirlo e questo \u00e8 una fonte di ottimismo in questi tempi. Non so se lei \u00e8 sempre stato uno sportivo, se le \u00e8 sempre piaciuta la montagna, ma come \u00e8 nata l&#8217;idea di scalare l&#8217;Aneto? Come nasce questa sfida?<\/strong><\/h4>\n<p><strong>Maria Petit:<\/strong> Sono una sportiva da molti anni. Nell&#8217;atletica, ho raggiunto i Campionati europei nei 100 metri e nel salto in lungo. Dopo l&#8217;incidente, per\u00f2, ho accantonato la questione della competizione per concentrarmi maggiormente sul mio benessere personale e sulla mia autonomia, che era ci\u00f2 di cui avevo bisogno in quel momento. Poi ho iniziato a praticare diversi sport, volevo sapere cosa potevo fare anche se non potevo vedere e ho provato di tutto. Dopo molti esperimenti, uno degli sport che ho seguito \u00e8 stato l&#8217;alpinismo. Qualche anno fa ho iniziato a scalare piccole montagne e quest&#8217;anno la mia sfida \u00e8 stata quella di scalare la Pica d&#8217;Estats, la vetta pi\u00f9 alta della Catalogna, che ho scalato dieci anni dopo l&#8217;incidente. Poi ho pensato che il prossimo sarebbe stato l&#8217;Aneto, ma tutti mi dicevano che era impossibile, che dovevo lasciar perdere.<\/p>\n<h4><strong>Ricard Vicente:<\/strong> <strong>Ma alla fine siete riusciti ad alzarlo, che ruolo ha Eninter per poter portare a termine questa sfida? <\/strong> <\/h4>\n<p><strong>Mar\u00eda Petit:<\/strong> \u00c8 una campagna promossa da Eninter Ascensores per aiutare a realizzare questo tipo di sfida. Nel mio caso mi hanno aiutato a rendere accessibile la montagna.<\/p>\n<h4><strong>Ricard Vicente:<\/strong> <strong>\u00bf<\/strong><strong>E cosa suggerirebbe ai nostri ascoltatori per incoraggiarli a condividere la loro sfida? Non si tratta di eguagliare la sua, ma tutti noi, ogni giorno, ci troviamo con piccole sfide da superare, cosa direbbe ai nostri ascoltatori affinch\u00e9 condividano la loro sfida?  <\/strong><\/h4>\n<p><strong>Mar\u00eda Petit:<\/strong> Lei dice che la mia sfida \u00e8 stata molto grande, ma la verit\u00e0 \u00e8 che la mia sfida pi\u00f9 grande \u00e8 uscire di casa ogni giorno con ottimismo e voglia di vivere, e credo che su questa base ognuno abbia un&#8217;esperienza di superamento. Vivere e affrontare la vita, in qualsiasi condizione, \u00e8 gi\u00e0 una sfida. Quindi chiunque voglia partecipare al concorso pu\u00f2 farlo, perch\u00e9 alla fine tutti abbiamo questo spirito di auto-miglioramento, che ci si veda di pi\u00f9 o di meno. Quando \u00e8 pi\u00f9 visibile, sembra che si superi di pi\u00f9, ma ci sono molte persone che non sono cos\u00ec visibili, ma \u00e8 un puro superamento.<\/p>\n<h4><strong>Ricard Vicente:<\/strong> <strong>Ebbene, vi invitiamo a condividerla, ricordandovi che su questo sito eninter.com\/subes potete inviare la vostra sfida fino al 10 dicembre. Quella di Maria mi sembra esemplare. Maria Petit la ringrazia per essere qui con noi, per aver condiviso la sua vitalit\u00e0 e il suo ottimismo. Un grande abbraccio.  <\/strong><\/h4>\n<p><strong>Mar\u00eda Petit:<\/strong> Grazie anche a voi, un grande abbraccio.<\/p>\n<h4><strong>Ricard Vicente:<\/strong> <strong>E grazie a Eninter Ascensores. <\/strong> <\/h4>\n","protected":false},"excerpt":{"rendered":"<p>La scorsa settimana Roger Torras, il nostro direttore marketing, \u00e8 stato invitato a Radio Marca per spiegare la nostra campagna #EninterAyuda. Questa volta, Ricard Vicente ha voluto intervistare uno dei protagonisti della campagna, per ascoltare, in prima persona, la storia del superamento di Mar\u00eda Petit, cieca dall&#8217;et\u00e0 di 17 anni, che con l&#8217;aiuto di Eninter [&hellip;]<\/p>\n","protected":false},"author":3,"featured_media":12777,"comment_status":"closed","ping_status":"closed","sticky":false,"template":"","format":"standard","meta":{"_acf_changed":false,"content-type":"","footnotes":""},"categories":[372],"tags":[],"class_list":["post-12776","post","type-post","status-publish","format-standard","has-post-thumbnail","hentry","category-informazioni-su-eninter-it-ch"],"acf":[],"_yoast_wpseo_focuskw":"maria-petit-eninter","_yoast_wpseo_metadesc":null,"yoast_head":"<!-- This site is optimized with the Yoast SEO Premium plugin v21.6 (Yoast SEO v27.5) - https:\/\/yoast.com\/product\/yoast-seo-premium-wordpress\/ -->\n<title>| Eninter Ascensores<\/title>\n<meta name=\"robots\" content=\"index, follow, max-snippet:-1, max-image-preview:large, max-video-preview:-1\" \/>\n<link rel=\"canonical\" href=\"https:\/\/www.eninter.com\/it-ch\/maria-petit-ero-partita-per-scalare-laneto-ma-tutti-mi-dicevano-che-era-impossibile-ce-lho-fatta-grazie-alla-campagna-eninterayuda\/\" \/>\n<meta property=\"og:locale\" content=\"it_IT\" \/>\n<meta property=\"og:type\" content=\"article\" \/>\n<meta property=\"og:title\" content=\"Mar\u00eda Petit: &quot;Ero partita per scalare l&#039;Aneto, ma tutti mi dicevano che era impossibile. Ce l&#039;ho fatta grazie alla campagna #EninterAyuda&quot;.\" \/>\n<meta property=\"og:description\" content=\"La scorsa settimana Roger Torras, il nostro direttore marketing, \u00e8 stato invitato a Radio Marca per spiegare la nostra campagna #EninterAyuda. Questa volta, Ricard Vicente ha voluto intervistare uno dei protagonisti della campagna, per ascoltare, in prima persona, la storia del superamento di Mar\u00eda Petit, cieca dall&#8217;et\u00e0 di 17 anni, che con l&#8217;aiuto di Eninter [&hellip;]\" \/>\n<meta property=\"og:url\" content=\"https:\/\/www.eninter.com\/it-ch\/maria-petit-ero-partita-per-scalare-laneto-ma-tutti-mi-dicevano-che-era-impossibile-ce-lho-fatta-grazie-alla-campagna-eninterayuda\/\" \/>\n<meta property=\"og:site_name\" content=\"ENINTER\" \/>\n<meta property=\"article:publisher\" content=\"https:\/\/www.facebook.com\/EninterAscensores\" \/>\n<meta property=\"article:published_time\" content=\"2020-11-17T09:25:52+00:00\" \/>\n<meta property=\"article:modified_time\" content=\"2025-01-08T12:44:57+00:00\" \/>\n<meta property=\"og:image\" content=\"https:\/\/www.eninter.com\/wp-content\/uploads\/2020\/11\/maria-petit-eninter.jpg\" \/>\n\t<meta property=\"og:image:width\" content=\"1024\" \/>\n\t<meta property=\"og:image:height\" content=\"683\" \/>\n\t<meta property=\"og:image:type\" content=\"image\/jpeg\" \/>\n<meta name=\"author\" content=\"Albert Puig\" \/>\n<meta name=\"twitter:card\" content=\"summary_large_image\" \/>\n<meta name=\"twitter:creator\" content=\"@Eninter\" \/>\n<meta name=\"twitter:site\" content=\"@Eninter\" \/>\n<meta name=\"twitter:label1\" content=\"Written by\" \/>\n\t<meta name=\"twitter:data1\" content=\"Albert Puig\" \/>\n\t<meta name=\"twitter:label2\" content=\"Est. reading time\" \/>\n\t<meta name=\"twitter:data2\" content=\"4 minutes\" \/>\n<!-- \/ Yoast SEO Premium plugin. -->","yoast_head_json":{"title":"| Eninter Ascensores","robots":{"index":"index","follow":"follow","max-snippet":"max-snippet:-1","max-image-preview":"max-image-preview:large","max-video-preview":"max-video-preview:-1"},"canonical":"https:\/\/www.eninter.com\/it-ch\/maria-petit-ero-partita-per-scalare-laneto-ma-tutti-mi-dicevano-che-era-impossibile-ce-lho-fatta-grazie-alla-campagna-eninterayuda\/","og_locale":"it_IT","og_type":"article","og_title":"Mar\u00eda Petit: \"Ero partita per scalare l'Aneto, ma tutti mi dicevano che era impossibile. Ce l'ho fatta grazie alla campagna #EninterAyuda\".","og_description":"La scorsa settimana Roger Torras, il nostro direttore marketing, \u00e8 stato invitato a Radio Marca per spiegare la nostra campagna #EninterAyuda. Questa volta, Ricard Vicente ha voluto intervistare uno dei protagonisti della campagna, per ascoltare, in prima persona, la storia del superamento di Mar\u00eda Petit, cieca dall&#8217;et\u00e0 di 17 anni, che con l&#8217;aiuto di Eninter [&hellip;]","og_url":"https:\/\/www.eninter.com\/it-ch\/maria-petit-ero-partita-per-scalare-laneto-ma-tutti-mi-dicevano-che-era-impossibile-ce-lho-fatta-grazie-alla-campagna-eninterayuda\/","og_site_name":"ENINTER","article_publisher":"https:\/\/www.facebook.com\/EninterAscensores","article_published_time":"2020-11-17T09:25:52+00:00","article_modified_time":"2025-01-08T12:44:57+00:00","og_image":[{"width":1024,"height":683,"url":"https:\/\/www.eninter.com\/wp-content\/uploads\/2020\/11\/maria-petit-eninter.jpg","type":"image\/jpeg"}],"author":"Albert Puig","twitter_card":"summary_large_image","twitter_creator":"@Eninter","twitter_site":"@Eninter","twitter_misc":{"Written by":"Albert Puig","Est. reading time":"4 minutes"},"schema":{"@context":"https:\/\/schema.org","@graph":[{"@type":"Article","@id":"https:\/\/www.eninter.com\/it-ch\/maria-petit-ero-partita-per-scalare-laneto-ma-tutti-mi-dicevano-che-era-impossibile-ce-lho-fatta-grazie-alla-campagna-eninterayuda\/#article","isPartOf":{"@id":"https:\/\/www.eninter.com\/it-ch\/maria-petit-ero-partita-per-scalare-laneto-ma-tutti-mi-dicevano-che-era-impossibile-ce-lho-fatta-grazie-alla-campagna-eninterayuda\/"},"author":{"name":"Albert Puig","@id":"https:\/\/www.eninter.com\/it-ch\/#\/schema\/person\/e6178c261ac4210884c0e0264dd59043"},"headline":"Mar\u00eda Petit: &#8220;Ero partita per scalare l&#8217;Aneto, ma tutti mi dicevano che era impossibile. Ce l&#8217;ho fatta grazie alla campagna #EninterAyuda&#8221;.","datePublished":"2020-11-17T09:25:52+00:00","dateModified":"2025-01-08T12:44:57+00:00","mainEntityOfPage":{"@id":"https:\/\/www.eninter.com\/it-ch\/maria-petit-ero-partita-per-scalare-laneto-ma-tutti-mi-dicevano-che-era-impossibile-ce-lho-fatta-grazie-alla-campagna-eninterayuda\/"},"wordCount":861,"publisher":{"@id":"https:\/\/www.eninter.com\/it-ch\/#organization"},"image":{"@id":"https:\/\/www.eninter.com\/it-ch\/maria-petit-ero-partita-per-scalare-laneto-ma-tutti-mi-dicevano-che-era-impossibile-ce-lho-fatta-grazie-alla-campagna-eninterayuda\/#primaryimage"},"thumbnailUrl":"https:\/\/www.eninter.com\/wp-content\/uploads\/2020\/11\/maria-petit-eninter.jpg","articleSection":["Informazioni su Eninter"],"inLanguage":"it-CH"},{"@type":"WebPage","@id":"https:\/\/www.eninter.com\/it-ch\/maria-petit-ero-partita-per-scalare-laneto-ma-tutti-mi-dicevano-che-era-impossibile-ce-lho-fatta-grazie-alla-campagna-eninterayuda\/","url":"https:\/\/www.eninter.com\/it-ch\/maria-petit-ero-partita-per-scalare-laneto-ma-tutti-mi-dicevano-che-era-impossibile-ce-lho-fatta-grazie-alla-campagna-eninterayuda\/","name":"| Eninter Ascensores","isPartOf":{"@id":"https:\/\/www.eninter.com\/it-ch\/#website"},"primaryImageOfPage":{"@id":"https:\/\/www.eninter.com\/it-ch\/maria-petit-ero-partita-per-scalare-laneto-ma-tutti-mi-dicevano-che-era-impossibile-ce-lho-fatta-grazie-alla-campagna-eninterayuda\/#primaryimage"},"image":{"@id":"https:\/\/www.eninter.com\/it-ch\/maria-petit-ero-partita-per-scalare-laneto-ma-tutti-mi-dicevano-che-era-impossibile-ce-lho-fatta-grazie-alla-campagna-eninterayuda\/#primaryimage"},"thumbnailUrl":"https:\/\/www.eninter.com\/wp-content\/uploads\/2020\/11\/maria-petit-eninter.jpg","datePublished":"2020-11-17T09:25:52+00:00","dateModified":"2025-01-08T12:44:57+00:00","breadcrumb":{"@id":"https:\/\/www.eninter.com\/it-ch\/maria-petit-ero-partita-per-scalare-laneto-ma-tutti-mi-dicevano-che-era-impossibile-ce-lho-fatta-grazie-alla-campagna-eninterayuda\/#breadcrumb"},"inLanguage":"it-CH","potentialAction":[{"@type":"ReadAction","target":["https:\/\/www.eninter.com\/it-ch\/maria-petit-ero-partita-per-scalare-laneto-ma-tutti-mi-dicevano-che-era-impossibile-ce-lho-fatta-grazie-alla-campagna-eninterayuda\/"]}]},{"@type":"ImageObject","inLanguage":"it-CH","@id":"https:\/\/www.eninter.com\/it-ch\/maria-petit-ero-partita-per-scalare-laneto-ma-tutti-mi-dicevano-che-era-impossibile-ce-lho-fatta-grazie-alla-campagna-eninterayuda\/#primaryimage","url":"https:\/\/www.eninter.com\/wp-content\/uploads\/2020\/11\/maria-petit-eninter.jpg","contentUrl":"https:\/\/www.eninter.com\/wp-content\/uploads\/2020\/11\/maria-petit-eninter.jpg","width":1024,"height":683},{"@type":"BreadcrumbList","@id":"https:\/\/www.eninter.com\/it-ch\/maria-petit-ero-partita-per-scalare-laneto-ma-tutti-mi-dicevano-che-era-impossibile-ce-lho-fatta-grazie-alla-campagna-eninterayuda\/#breadcrumb","itemListElement":[{"@type":"ListItem","position":1,"name":"Portada","item":"https:\/\/www.eninter.com\/it-ch\/"},{"@type":"ListItem","position":2,"name":"Mar\u00eda Petit: \u00abEro partita per scalare l&#8217;Aneto, ma tutti mi dicevano che era impossibile. Ce l&#8217;ho fatta grazie alla campagna #EninterAyuda\u00bb."}]},{"@type":"WebSite","@id":"https:\/\/www.eninter.com\/it-ch\/#website","url":"https:\/\/www.eninter.com\/it-ch\/","name":"ENINTER","description":"Mantenimiento de Ascensores Multimarca","publisher":{"@id":"https:\/\/www.eninter.com\/it-ch\/#organization"},"potentialAction":[{"@type":"SearchAction","target":{"@type":"EntryPoint","urlTemplate":"https:\/\/www.eninter.com\/it-ch\/?s={search_term_string}"},"query-input":{"@type":"PropertyValueSpecification","valueRequired":true,"valueName":"search_term_string"}}],"inLanguage":"it-CH"},{"@type":"Organization","@id":"https:\/\/www.eninter.com\/it-ch\/#organization","name":"Eniter","url":"https:\/\/www.eninter.com\/it-ch\/","logo":{"@type":"ImageObject","inLanguage":"it-CH","@id":"https:\/\/www.eninter.com\/it-ch\/#\/schema\/logo\/image\/","url":"https:\/\/www.eninter.com\/wp-content\/uploads\/2023\/08\/logo-eninter-png.png","contentUrl":"https:\/\/www.eninter.com\/wp-content\/uploads\/2023\/08\/logo-eninter-png.png","width":600,"height":340,"caption":"Eniter"},"image":{"@id":"https:\/\/www.eninter.com\/it-ch\/#\/schema\/logo\/image\/"},"sameAs":["https:\/\/www.facebook.com\/EninterAscensores","https:\/\/x.com\/Eninter","https:\/\/www.instagram.com\/eninterascensores\/","https:\/\/www.youtube.com\/user\/ascensoreseninter"]},{"@type":"Person","@id":"https:\/\/www.eninter.com\/it-ch\/#\/schema\/person\/e6178c261ac4210884c0e0264dd59043","name":"Albert Puig","image":{"@type":"ImageObject","inLanguage":"it-CH","@id":"https:\/\/secure.gravatar.com\/avatar\/583d07f3f1036f58d0e44e873586278b582179a16b27a5b3951504e9ee001c06?s=96&d=mm&r=g","url":"https:\/\/secure.gravatar.com\/avatar\/583d07f3f1036f58d0e44e873586278b582179a16b27a5b3951504e9ee001c06?s=96&d=mm&r=g","contentUrl":"https:\/\/secure.gravatar.com\/avatar\/583d07f3f1036f58d0e44e873586278b582179a16b27a5b3951504e9ee001c06?s=96&d=mm&r=g","caption":"Albert Puig"}}]}},"_links":{"self":[{"href":"https:\/\/www.eninter.com\/it-ch\/wp-json\/wp\/v2\/posts\/12776","targetHints":{"allow":["GET"]}}],"collection":[{"href":"https:\/\/www.eninter.com\/it-ch\/wp-json\/wp\/v2\/posts"}],"about":[{"href":"https:\/\/www.eninter.com\/it-ch\/wp-json\/wp\/v2\/types\/post"}],"author":[{"embeddable":true,"href":"https:\/\/www.eninter.com\/it-ch\/wp-json\/wp\/v2\/users\/3"}],"replies":[{"embeddable":true,"href":"https:\/\/www.eninter.com\/it-ch\/wp-json\/wp\/v2\/comments?post=12776"}],"version-history":[{"count":0,"href":"https:\/\/www.eninter.com\/it-ch\/wp-json\/wp\/v2\/posts\/12776\/revisions"}],"wp:featuredmedia":[{"embeddable":true,"href":"https:\/\/www.eninter.com\/it-ch\/wp-json\/wp\/v2\/media\/12777"}],"wp:attachment":[{"href":"https:\/\/www.eninter.com\/it-ch\/wp-json\/wp\/v2\/media?parent=12776"}],"wp:term":[{"taxonomy":"category","embeddable":true,"href":"https:\/\/www.eninter.com\/it-ch\/wp-json\/wp\/v2\/categories?post=12776"},{"taxonomy":"post_tag","embeddable":true,"href":"https:\/\/www.eninter.com\/it-ch\/wp-json\/wp\/v2\/tags?post=12776"}],"curies":[{"name":"wp","href":"https:\/\/api.w.org\/{rel}","templated":true}]}}