{"id":12781,"date":"2021-04-22T09:23:55","date_gmt":"2021-04-22T09:23:55","guid":{"rendered":"https:\/\/www.eninter.com\/carles-santianez-siamo-il-primo-punto-di-contatto-con-il-cliente-e-quindi-e-di-vitale-importanza-offrire-un-servizio-eccellente\/"},"modified":"2024-02-20T10:49:08","modified_gmt":"2024-02-20T10:49:08","slug":"carles-santianez-siamo-il-primo-punto-di-contatto-con-il-cliente-e-quindi-e-di-vitale-importanza-offrire-un-servizio-eccellente","status":"publish","type":"post","link":"https:\/\/www.eninter.com\/it-ch\/carles-santianez-siamo-il-primo-punto-di-contatto-con-il-cliente-e-quindi-e-di-vitale-importanza-offrire-un-servizio-eccellente\/","title":{"rendered":"Carles Santia\u00f1ez: &#8220;Siamo il primo punto di contatto con il cliente e quindi \u00e8 di vitale importanza offrire un servizio eccellente&#8221;."},"content":{"rendered":"&#13;\n<p>L&#8217;obiettivo principale di Eninter Ascensores \u00e8 quello di migliorare la qualit\u00e0 della vita dei nostri clienti. Per questo motivo, dietro a tutte le azioni che svolgiamo, c&#8217;\u00e8 un grande team professionale e qualificato, formato per offrire il miglior servizio ai nostri clienti.<\/p>&#13;\n&#13;\n<p>Per raggiungere questo grande obiettivo, due fattori sono di vitale importanza: la comunicazione e il lavoro di squadra. Per quanto ci riguarda, senza questi due fattori sarebbe impossibile funzionare. La comunicazione interna \u00e8 indispensabile per mantenere un reparto coordinato che faccia remare tutta la squadra nella stessa direzione.<\/p>&#13;\n&#13;\n<p>A poco a poco, conosceremo tutti i reparti della nostra azienda. Oggi parliamo con Carles Santia\u00f1ez, responsabile del dipartimento Conoce, il servizio clienti di Eninter Ascensores. Questo reparto funge da collegamento tra i clienti e il nostro team.<\/p>&#13;\n&#13;\n<p>\u00a0<\/p>&#13;\n&#13;\n<p><strong>Di cosa si occupa il dipartimento <em>Conoce<\/em> di Eninter Ascensores?<\/strong><\/p>&#13;\n&#13;\n<p>Il dipartimento <em>Conoce <\/em>di Eninter Ascensores \u00e8 dedicato a fornire assistenza telefonica e offline ai nostri clienti 24 ore su 24, 365 giorni all&#8217;anno. Siamo la prima voce che il cliente sente, quindi dobbiamo offrire un servizio eccellente quando si tratta di risolvere tutti i tipi di dubbi, esigenze e incidenti che possono sorgere nella vita quotidiana dei nostri clienti.<\/p>&#13;\n&#13;\n<p><strong>Quante persone lavorano nel reparto?<\/strong><\/p>&#13;\n&#13;\n<p>Nel reparto siamo 28 persone in 5 turni. Giorni feriali, cio\u00e8 dal luned\u00ec al venerd\u00ec mattina, dal luned\u00ec al venerd\u00ec pomeriggio, turni notturni e turni nel fine settimana, sia al mattino che al pomeriggio. L&#8217;intero reparto \u00e8 coinvolto nel lavoro quotidiano, poich\u00e9 il coordinamento \u00e8 fondamentale per offrire il miglior servizio.<\/p>&#13;\n&#13;\n<p><strong>Il reparto fornisce un servizio di assistenza ai clienti 24 ore su 24, il che richiede un notevole lavoro di squadra e di coordinamento. Come viene trasmessa al reparto l&#8217;importanza di questi due aspetti?<\/strong><\/p>&#13;\n&#13;\n<p>Siamo consapevoli della grande importanza del lavoro di squadra e del buon coordinamento, e questo viene trasmesso in reparto ricordando che, di norma, siamo il primo punto di contatto con il cliente, e quindi \u00e8 di vitale importanza offrire un servizio eccellente.<\/p>&#13;\n&#13;\n<p><strong>Qual \u00e8 il volume mensile approssimativo di chiamate ai clienti che gestite?<\/strong><\/p>&#13;\n&#13;\n<p>In media, riceviamo tra le 2.000 e le 2.500 chiamate al giorno. Si tratta di un volume elevato di chiamate che gestiamo quotidianamente, poich\u00e9 queste cifre significano che il volume mensile di chiamate \u00e8 compreso tra 60.000 e 75.000 chiamate.<\/p>&#13;\n&#13;\n<p><strong>Qual \u00e8 il protocollo seguito ogni volta che si riceve una chiamata?<\/strong><\/p>&#13;\n&#13;\n<p>Il protocollo da seguire ogni volta che si riceve una chiamata varia a seconda del tipo di chiamata. Tuttavia, quando si tratta di incidenti, che sono il tipo di chiamata pi\u00f9 comune, il primo passo \u00e8 individuare la struttura da cui si chiama. Una volta conosciuto l&#8217;impianto, sappiamo dove si trova, chi \u00e8 l&#8217;interlocutore o il cliente e tutta la sua storia. Il secondo passo \u00e8 conoscere il motivo della chiamata e le esigenze del cliente in questione. Infine, con le informazioni raccolte, comunichiamo l&#8217;incidente del cliente ai nostri colleghi del reparto competente.<\/p>&#13;\n&#13;\n<p><strong>Come ha influito l&#8217;attuale <a href=\"https:\/\/www.eninter.com\/blog\/el-covid-19-dentro-de-un-ascensor-como-minimizar-el-riesgo-de-contagio\/\">crisi sanitaria<\/a> in termini di volume di chiamate?<\/strong><\/p>&#13;\n&#13;\n<p>Il volume delle chiamate si \u00e8 ridotto, poich\u00e9 la crisi sanitaria ha portato a una riduzione dell&#8217;attivit\u00e0 e del movimento, e quindi l&#8217;uso degli ascensori \u00e8 stato minore, con conseguente diminuzione dei guasti. Tuttavia, abbiamo colto l&#8217;occasione per implementare una maggiore formazione per il nostro team, rivedendo i processi e i protocolli da seguire per offrire un servizio e un&#8217;attenzione migliori ai nostri clienti.<\/p>&#13;\n","protected":false},"excerpt":{"rendered":"<p>&#13; L&#8217;obiettivo principale di Eninter Ascensores \u00e8 quello di migliorare la qualit\u00e0 della vita dei nostri clienti. Per questo motivo, dietro a tutte le azioni che svolgiamo, c&#8217;\u00e8 un grande team professionale e qualificato, formato per offrire il miglior servizio ai nostri clienti. &#13; &#13; Per raggiungere questo grande obiettivo, due fattori sono di vitale [&hellip;]<\/p>\n","protected":false},"author":3,"featured_media":14011,"comment_status":"closed","ping_status":"closed","sticky":false,"template":"","format":"standard","meta":{"_acf_changed":false,"content-type":"","footnotes":""},"categories":[372],"tags":[],"class_list":["post-12781","post","type-post","status-publish","format-standard","has-post-thumbnail","hentry","category-informazioni-su-eninter-it-ch"],"acf":[],"_yoast_wpseo_focuskw":"offrire un servizio eccellente","_yoast_wpseo_metadesc":null,"yoast_head":"<!-- This site is optimized with the Yoast SEO Premium plugin v21.6 (Yoast SEO v27.2) - https:\/\/yoast.com\/product\/yoast-seo-premium-wordpress\/ -->\n<title>Carles Santia\u00f1ez: &quot;Siamo il primo punto di contatto con il cliente e quindi \u00e8 di vitale importanza offrire un servizio eccellente&quot;. - ENINTER<\/title>\n<meta name=\"robots\" content=\"index, follow, max-snippet:-1, max-image-preview:large, max-video-preview:-1\" \/>\n<link rel=\"canonical\" href=\"https:\/\/www.eninter.com\/it-ch\/carles-santianez-siamo-il-primo-punto-di-contatto-con-il-cliente-e-quindi-e-di-vitale-importanza-offrire-un-servizio-eccellente\/\" \/>\n<meta property=\"og:locale\" content=\"it_IT\" \/>\n<meta property=\"og:type\" content=\"article\" \/>\n<meta property=\"og:title\" content=\"Carles Santia\u00f1ez: &quot;Siamo il primo punto di contatto con il cliente e quindi \u00e8 di vitale importanza offrire un servizio eccellente&quot;.\" \/>\n<meta property=\"og:description\" content=\"&#013; L&#8217;obiettivo principale di Eninter Ascensores \u00e8 quello di migliorare la qualit\u00e0 della vita dei nostri clienti. Per questo motivo, dietro a tutte le azioni che svolgiamo, c&#8217;\u00e8 un grande team professionale e qualificato, formato per offrire il miglior servizio ai nostri clienti. &#013; &#013; Per raggiungere questo grande obiettivo, due fattori sono di vitale [&hellip;]\" \/>\n<meta property=\"og:url\" content=\"https:\/\/www.eninter.com\/it-ch\/carles-santianez-siamo-il-primo-punto-di-contatto-con-il-cliente-e-quindi-e-di-vitale-importanza-offrire-un-servizio-eccellente\/\" \/>\n<meta property=\"og:site_name\" content=\"ENINTER\" \/>\n<meta property=\"article:publisher\" content=\"https:\/\/www.facebook.com\/EninterAscensores\" \/>\n<meta property=\"article:published_time\" content=\"2021-04-22T09:23:55+00:00\" \/>\n<meta property=\"article:modified_time\" content=\"2024-02-20T10:49:08+00:00\" \/>\n<meta property=\"og:image\" content=\"https:\/\/www.eninter.com\/wp-content\/uploads\/2021\/04\/ofrecer-un-servicio-excelente.png\" \/>\n\t<meta property=\"og:image:width\" content=\"771\" \/>\n\t<meta property=\"og:image:height\" content=\"514\" \/>\n\t<meta property=\"og:image:type\" content=\"image\/png\" \/>\n<meta name=\"author\" content=\"Albert Puig\" \/>\n<meta name=\"twitter:card\" content=\"summary_large_image\" \/>\n<meta name=\"twitter:creator\" content=\"@Eninter\" \/>\n<meta name=\"twitter:site\" content=\"@Eninter\" \/>\n<meta name=\"twitter:label1\" content=\"Written by\" \/>\n\t<meta name=\"twitter:data1\" content=\"Albert Puig\" \/>\n\t<meta name=\"twitter:label2\" content=\"Est. reading time\" \/>\n\t<meta name=\"twitter:data2\" content=\"3 minutes\" \/>\n<!-- \/ Yoast SEO Premium plugin. -->","yoast_head_json":{"title":"Carles Santia\u00f1ez: \"Siamo il primo punto di contatto con il cliente e quindi \u00e8 di vitale importanza offrire un servizio eccellente\". - ENINTER","robots":{"index":"index","follow":"follow","max-snippet":"max-snippet:-1","max-image-preview":"max-image-preview:large","max-video-preview":"max-video-preview:-1"},"canonical":"https:\/\/www.eninter.com\/it-ch\/carles-santianez-siamo-il-primo-punto-di-contatto-con-il-cliente-e-quindi-e-di-vitale-importanza-offrire-un-servizio-eccellente\/","og_locale":"it_IT","og_type":"article","og_title":"Carles Santia\u00f1ez: \"Siamo il primo punto di contatto con il cliente e quindi \u00e8 di vitale importanza offrire un servizio eccellente\".","og_description":"&#13; L&#8217;obiettivo principale di Eninter Ascensores \u00e8 quello di migliorare la qualit\u00e0 della vita dei nostri clienti. Per questo motivo, dietro a tutte le azioni che svolgiamo, c&#8217;\u00e8 un grande team professionale e qualificato, formato per offrire il miglior servizio ai nostri clienti. &#13; &#13; Per raggiungere questo grande obiettivo, due fattori sono di vitale [&hellip;]","og_url":"https:\/\/www.eninter.com\/it-ch\/carles-santianez-siamo-il-primo-punto-di-contatto-con-il-cliente-e-quindi-e-di-vitale-importanza-offrire-un-servizio-eccellente\/","og_site_name":"ENINTER","article_publisher":"https:\/\/www.facebook.com\/EninterAscensores","article_published_time":"2021-04-22T09:23:55+00:00","article_modified_time":"2024-02-20T10:49:08+00:00","og_image":[{"width":771,"height":514,"url":"https:\/\/www.eninter.com\/wp-content\/uploads\/2021\/04\/ofrecer-un-servicio-excelente.png","type":"image\/png"}],"author":"Albert Puig","twitter_card":"summary_large_image","twitter_creator":"@Eninter","twitter_site":"@Eninter","twitter_misc":{"Written by":"Albert Puig","Est. reading time":"3 minutes"},"schema":{"@context":"https:\/\/schema.org","@graph":[{"@type":"Article","@id":"https:\/\/www.eninter.com\/it-ch\/carles-santianez-siamo-il-primo-punto-di-contatto-con-il-cliente-e-quindi-e-di-vitale-importanza-offrire-un-servizio-eccellente\/#article","isPartOf":{"@id":"https:\/\/www.eninter.com\/it-ch\/carles-santianez-siamo-il-primo-punto-di-contatto-con-il-cliente-e-quindi-e-di-vitale-importanza-offrire-un-servizio-eccellente\/"},"author":{"name":"Albert Puig","@id":"https:\/\/www.eninter.com\/it-ch\/#\/schema\/person\/e6178c261ac4210884c0e0264dd59043"},"headline":"Carles Santia\u00f1ez: &#8220;Siamo il primo punto di contatto con il cliente e quindi \u00e8 di vitale importanza offrire un servizio eccellente&#8221;.","datePublished":"2021-04-22T09:23:55+00:00","dateModified":"2024-02-20T10:49:08+00:00","mainEntityOfPage":{"@id":"https:\/\/www.eninter.com\/it-ch\/carles-santianez-siamo-il-primo-punto-di-contatto-con-il-cliente-e-quindi-e-di-vitale-importanza-offrire-un-servizio-eccellente\/"},"wordCount":572,"publisher":{"@id":"https:\/\/www.eninter.com\/it-ch\/#organization"},"image":{"@id":"https:\/\/www.eninter.com\/it-ch\/carles-santianez-siamo-il-primo-punto-di-contatto-con-il-cliente-e-quindi-e-di-vitale-importanza-offrire-un-servizio-eccellente\/#primaryimage"},"thumbnailUrl":"https:\/\/www.eninter.com\/wp-content\/uploads\/2021\/04\/ofrecer-un-servicio-excelente.png","articleSection":["Informazioni su Eninter"],"inLanguage":"it-CH"},{"@type":"WebPage","@id":"https:\/\/www.eninter.com\/it-ch\/carles-santianez-siamo-il-primo-punto-di-contatto-con-il-cliente-e-quindi-e-di-vitale-importanza-offrire-un-servizio-eccellente\/","url":"https:\/\/www.eninter.com\/it-ch\/carles-santianez-siamo-il-primo-punto-di-contatto-con-il-cliente-e-quindi-e-di-vitale-importanza-offrire-un-servizio-eccellente\/","name":"Carles Santia\u00f1ez: \"Siamo il primo punto di contatto con il cliente e quindi \u00e8 di vitale importanza offrire un servizio eccellente\". - ENINTER","isPartOf":{"@id":"https:\/\/www.eninter.com\/it-ch\/#website"},"primaryImageOfPage":{"@id":"https:\/\/www.eninter.com\/it-ch\/carles-santianez-siamo-il-primo-punto-di-contatto-con-il-cliente-e-quindi-e-di-vitale-importanza-offrire-un-servizio-eccellente\/#primaryimage"},"image":{"@id":"https:\/\/www.eninter.com\/it-ch\/carles-santianez-siamo-il-primo-punto-di-contatto-con-il-cliente-e-quindi-e-di-vitale-importanza-offrire-un-servizio-eccellente\/#primaryimage"},"thumbnailUrl":"https:\/\/www.eninter.com\/wp-content\/uploads\/2021\/04\/ofrecer-un-servicio-excelente.png","datePublished":"2021-04-22T09:23:55+00:00","dateModified":"2024-02-20T10:49:08+00:00","breadcrumb":{"@id":"https:\/\/www.eninter.com\/it-ch\/carles-santianez-siamo-il-primo-punto-di-contatto-con-il-cliente-e-quindi-e-di-vitale-importanza-offrire-un-servizio-eccellente\/#breadcrumb"},"inLanguage":"it-CH","potentialAction":[{"@type":"ReadAction","target":["https:\/\/www.eninter.com\/it-ch\/carles-santianez-siamo-il-primo-punto-di-contatto-con-il-cliente-e-quindi-e-di-vitale-importanza-offrire-un-servizio-eccellente\/"]}]},{"@type":"ImageObject","inLanguage":"it-CH","@id":"https:\/\/www.eninter.com\/it-ch\/carles-santianez-siamo-il-primo-punto-di-contatto-con-il-cliente-e-quindi-e-di-vitale-importanza-offrire-un-servizio-eccellente\/#primaryimage","url":"https:\/\/www.eninter.com\/wp-content\/uploads\/2021\/04\/ofrecer-un-servicio-excelente.png","contentUrl":"https:\/\/www.eninter.com\/wp-content\/uploads\/2021\/04\/ofrecer-un-servicio-excelente.png","width":771,"height":514},{"@type":"BreadcrumbList","@id":"https:\/\/www.eninter.com\/it-ch\/carles-santianez-siamo-il-primo-punto-di-contatto-con-il-cliente-e-quindi-e-di-vitale-importanza-offrire-un-servizio-eccellente\/#breadcrumb","itemListElement":[{"@type":"ListItem","position":1,"name":"Portada","item":"https:\/\/www.eninter.com\/it-ch\/"},{"@type":"ListItem","position":2,"name":"Carles Santia\u00f1ez: &#8220;Siamo il primo punto di contatto con il cliente e quindi \u00e8 di vitale importanza offrire un servizio eccellente&#8221;."}]},{"@type":"WebSite","@id":"https:\/\/www.eninter.com\/it-ch\/#website","url":"https:\/\/www.eninter.com\/it-ch\/","name":"ENINTER","description":"Mantenimiento de Ascensores Multimarca","publisher":{"@id":"https:\/\/www.eninter.com\/it-ch\/#organization"},"potentialAction":[{"@type":"SearchAction","target":{"@type":"EntryPoint","urlTemplate":"https:\/\/www.eninter.com\/it-ch\/?s={search_term_string}"},"query-input":{"@type":"PropertyValueSpecification","valueRequired":true,"valueName":"search_term_string"}}],"inLanguage":"it-CH"},{"@type":"Organization","@id":"https:\/\/www.eninter.com\/it-ch\/#organization","name":"Eniter","url":"https:\/\/www.eninter.com\/it-ch\/","logo":{"@type":"ImageObject","inLanguage":"it-CH","@id":"https:\/\/www.eninter.com\/it-ch\/#\/schema\/logo\/image\/","url":"https:\/\/www.eninter.com\/wp-content\/uploads\/2023\/08\/logo-eninter-png.png","contentUrl":"https:\/\/www.eninter.com\/wp-content\/uploads\/2023\/08\/logo-eninter-png.png","width":600,"height":340,"caption":"Eniter"},"image":{"@id":"https:\/\/www.eninter.com\/it-ch\/#\/schema\/logo\/image\/"},"sameAs":["https:\/\/www.facebook.com\/EninterAscensores","https:\/\/x.com\/Eninter","https:\/\/www.instagram.com\/eninterascensores\/","https:\/\/www.youtube.com\/user\/ascensoreseninter"]},{"@type":"Person","@id":"https:\/\/www.eninter.com\/it-ch\/#\/schema\/person\/e6178c261ac4210884c0e0264dd59043","name":"Albert Puig","image":{"@type":"ImageObject","inLanguage":"it-CH","@id":"https:\/\/secure.gravatar.com\/avatar\/583d07f3f1036f58d0e44e873586278b582179a16b27a5b3951504e9ee001c06?s=96&d=mm&r=g","url":"https:\/\/secure.gravatar.com\/avatar\/583d07f3f1036f58d0e44e873586278b582179a16b27a5b3951504e9ee001c06?s=96&d=mm&r=g","contentUrl":"https:\/\/secure.gravatar.com\/avatar\/583d07f3f1036f58d0e44e873586278b582179a16b27a5b3951504e9ee001c06?s=96&d=mm&r=g","caption":"Albert Puig"}}]}},"_links":{"self":[{"href":"https:\/\/www.eninter.com\/it-ch\/wp-json\/wp\/v2\/posts\/12781","targetHints":{"allow":["GET"]}}],"collection":[{"href":"https:\/\/www.eninter.com\/it-ch\/wp-json\/wp\/v2\/posts"}],"about":[{"href":"https:\/\/www.eninter.com\/it-ch\/wp-json\/wp\/v2\/types\/post"}],"author":[{"embeddable":true,"href":"https:\/\/www.eninter.com\/it-ch\/wp-json\/wp\/v2\/users\/3"}],"replies":[{"embeddable":true,"href":"https:\/\/www.eninter.com\/it-ch\/wp-json\/wp\/v2\/comments?post=12781"}],"version-history":[{"count":0,"href":"https:\/\/www.eninter.com\/it-ch\/wp-json\/wp\/v2\/posts\/12781\/revisions"}],"wp:featuredmedia":[{"embeddable":true,"href":"https:\/\/www.eninter.com\/it-ch\/wp-json\/wp\/v2\/media\/14011"}],"wp:attachment":[{"href":"https:\/\/www.eninter.com\/it-ch\/wp-json\/wp\/v2\/media?parent=12781"}],"wp:term":[{"taxonomy":"category","embeddable":true,"href":"https:\/\/www.eninter.com\/it-ch\/wp-json\/wp\/v2\/categories?post=12781"},{"taxonomy":"post_tag","embeddable":true,"href":"https:\/\/www.eninter.com\/it-ch\/wp-json\/wp\/v2\/tags?post=12781"}],"curies":[{"name":"wp","href":"https:\/\/api.w.org\/{rel}","templated":true}]}}