{"id":12786,"date":"2015-04-24T12:10:32","date_gmt":"2015-04-24T12:10:32","guid":{"rendered":"https:\/\/www.eninter.com\/devo-pagare-lascensore-se-abito-al-piano-terra-2\/"},"modified":"2015-04-24T12:10:32","modified_gmt":"2015-04-24T12:10:32","slug":"devo-pagare-lascensore-se-abito-al-piano-terra-2","status":"publish","type":"post","link":"https:\/\/www.eninter.com\/it-ch\/devo-pagare-lascensore-se-abito-al-piano-terra-2\/","title":{"rendered":"Devo pagare l&#8217;ascensore se abito al piano terra?"},"content":{"rendered":"<p>Se vivete in una comunit\u00e0 di proprietari e il vostro immobile si trova al piano terra, vi sarete chiesti se siete obbligati a pagare l&#8217;ascensore, visto che non lo utilizzate. <a href=\"https:\/\/www.eninter.com\/\">Eninter Ascensores<\/a> risponde alle vostre domande.<\/p>\n<h2>Devo pagare l&#8217;ascensore?<\/h2>\n<p>Come regola generale, i <strong>proprietari di appartamenti al piano terra e di locali commerciali sono tenuti a pagare l&#8217;ascensore in base alla parte proporzionale della quota che corrisponde loro<\/strong>. Ma&#8230;<\/p>\n<h2>Cosa dice la legge?<\/h2>\n<p>La legge stabilisce che, affinch\u00e9 l&#8217;installazione di un ascensore venga decisa, i 3\/5 del numero totale di proprietari devono essere d&#8217;accordo con la sua installazione. Se approvato, tutti i proprietari dovranno pagare per l&#8217;installazione dell&#8217;ascensore, compresi i residenti al piano terra, poich\u00e9 si ritiene che si tratti di un miglioramento del comfort e che comporti una maggiore valutazione dell&#8217;edificio in caso di vendita. Pu\u00f2 essere approvata anche a maggioranza semplice se nell&#8217;edificio \u00e8 presente una persona di oltre 70 anni o un disabile.<\/p>\n<p>I proprietari di locali al piano terra o commerciali dovrebbero<strong> pagare per questa struttura, in quanto aggiunge valore all&#8217;edificio<\/strong>, anche se l&#8217;obbligo di pagare le spese di manutenzione dipender\u00e0 dall&#8217;accordo raggiunto, in quanto non la utilizzano effettivamente.<\/p>\n<h2>I proprietari dell&#8217;appartamento al piano terra possono non pagare l&#8217;ascensore?<\/h2>\n<p>I proprietari del piano terra possono essere esentati dalle spese ordinarie dell&#8217;ascensore, quindi in molti casi non sono obbligati a pagarle, ma non possono essere esentati dalle spese straordinarie. La verit\u00e0 \u00e8 che finora ci sono stati molti conflitti su questo tema e si \u00e8 dovuto ricorrere persino alla Corte Suprema per chiarire questo aspetto e creare una giurisprudenza.<\/p>\n<p>Tuttavia, se non c&#8217;\u00e8 una clausola di esenzione, i proprietari del piano terra possono essere obbligati a partecipare alle spese dell&#8217;ascensore anche se non lo usano o non ne hanno bisogno, in quanto il mancato utilizzo di un servizio non li esonera dal rispettare gli obblighi di legge in materia. Si tratta quindi di una domanda a cui non si pu\u00f2 rispondere con assoluta certezza, perch\u00e9 ci sono casi diversi in cui la risposta pu\u00f2 essere diversa.<\/p>\n<p><strong>In generale, quindi, esistono i seguenti casi:  <\/strong><\/p>\n<h2>Se l&#8217;installazione \u00e8 approvata<\/h2>\n<p>Deve essere pagato da tutti i vicini, sia per l&#8217;installazione che per la manutenzione in caso di spese straordinarie.<\/p>\n<h2>Costi di manutenzione<\/h2>\n<p>In linea di massima, pagheranno tutti i proprietari, anche se \u00e8 possibile che venga concordato che i residenti al piano terra siano esentati dal pagamento ordinario, in quanto non utilizzano l&#8217;ascensore. Tuttavia, sono tenuti a pagare l&#8217;installazione e le eventuali spese aggiuntive legate all&#8217;ascensore.<\/p>\n","protected":false},"excerpt":{"rendered":"<p>Se vivete in una comunit\u00e0 di proprietari e il vostro immobile si trova al piano terra, vi sarete chiesti se siete obbligati a pagare l&#8217;ascensore, visto che non lo utilizzate. Eninter Ascensores risponde alle vostre domande. Devo pagare l&#8217;ascensore? Come regola generale, i proprietari di appartamenti al piano terra e di locali commerciali sono tenuti [&hellip;]<\/p>\n","protected":false},"author":3,"featured_media":12790,"comment_status":"open","ping_status":"open","sticky":false,"template":"","format":"standard","meta":{"_acf_changed":false,"content-type":"","footnotes":""},"categories":[370],"tags":[],"class_list":["post-12786","post","type-post","status-publish","format-standard","has-post-thumbnail","hentry","category-ascensori-it-ch"],"acf":[],"_yoast_wpseo_focuskw":"pagare l'ascensore","_yoast_wpseo_metadesc":"Scoprite la legislazione attuale su chi \u00e8 responsabile del pagamento dell'installazione e della manutenzione di un ascensore in un edificio.","yoast_head":"<!-- This site is optimized with the Yoast SEO Premium plugin v21.6 (Yoast SEO v27.5) - https:\/\/yoast.com\/product\/yoast-seo-premium-wordpress\/ -->\n<title>Devo pagare l&#039;ascensore se abito al piano terra?<\/title>\n<meta name=\"description\" content=\"Scoprite la legislazione attuale su chi \u00e8 responsabile del pagamento dell&#039;installazione e della manutenzione di un ascensore in un edificio.\" \/>\n<meta name=\"robots\" content=\"index, follow, max-snippet:-1, max-image-preview:large, max-video-preview:-1\" \/>\n<link rel=\"canonical\" href=\"https:\/\/www.eninter.com\/it-ch\/devo-pagare-lascensore-se-abito-al-piano-terra-2\/\" \/>\n<meta property=\"og:locale\" content=\"it_IT\" \/>\n<meta property=\"og:type\" content=\"article\" \/>\n<meta property=\"og:title\" content=\"Devo pagare l&#039;ascensore se abito al piano terra?\" \/>\n<meta property=\"og:description\" content=\"Scoprite la legislazione attuale su chi \u00e8 responsabile del pagamento dell&#039;installazione e della manutenzione di un ascensore in un edificio.\" \/>\n<meta property=\"og:url\" content=\"https:\/\/www.eninter.com\/it-ch\/devo-pagare-lascensore-se-abito-al-piano-terra-2\/\" \/>\n<meta property=\"og:site_name\" content=\"ENINTER\" \/>\n<meta property=\"article:publisher\" content=\"https:\/\/www.facebook.com\/EninterAscensores\" \/>\n<meta property=\"article:published_time\" content=\"2015-04-24T12:10:32+00:00\" \/>\n<meta property=\"og:image\" content=\"https:\/\/www.eninter.com\/wp-content\/uploads\/2022\/02\/Debo-pagar-el-ascensor-si-vivo-en-el-bajo.jpeg\" \/>\n\t<meta property=\"og:image:width\" content=\"1024\" \/>\n\t<meta property=\"og:image:height\" content=\"683\" \/>\n\t<meta property=\"og:image:type\" content=\"image\/jpeg\" \/>\n<meta name=\"author\" content=\"Albert Puig\" \/>\n<meta name=\"twitter:card\" content=\"summary_large_image\" \/>\n<meta name=\"twitter:creator\" content=\"@Eninter\" \/>\n<meta name=\"twitter:site\" content=\"@Eninter\" \/>\n<meta name=\"twitter:label1\" content=\"Written by\" \/>\n\t<meta name=\"twitter:data1\" content=\"Albert Puig\" \/>\n\t<meta name=\"twitter:label2\" content=\"Est. reading time\" \/>\n\t<meta name=\"twitter:data2\" content=\"2 minutes\" \/>\n<!-- \/ Yoast SEO Premium plugin. -->","yoast_head_json":{"title":"Devo pagare l'ascensore se abito al piano terra?","description":"Scoprite la legislazione attuale su chi \u00e8 responsabile del pagamento dell'installazione e della manutenzione di un ascensore in un edificio.","robots":{"index":"index","follow":"follow","max-snippet":"max-snippet:-1","max-image-preview":"max-image-preview:large","max-video-preview":"max-video-preview:-1"},"canonical":"https:\/\/www.eninter.com\/it-ch\/devo-pagare-lascensore-se-abito-al-piano-terra-2\/","og_locale":"it_IT","og_type":"article","og_title":"Devo pagare l'ascensore se abito al piano terra?","og_description":"Scoprite la legislazione attuale su chi \u00e8 responsabile del pagamento dell'installazione e della manutenzione di un ascensore in un edificio.","og_url":"https:\/\/www.eninter.com\/it-ch\/devo-pagare-lascensore-se-abito-al-piano-terra-2\/","og_site_name":"ENINTER","article_publisher":"https:\/\/www.facebook.com\/EninterAscensores","article_published_time":"2015-04-24T12:10:32+00:00","og_image":[{"width":1024,"height":683,"url":"https:\/\/www.eninter.com\/wp-content\/uploads\/2022\/02\/Debo-pagar-el-ascensor-si-vivo-en-el-bajo.jpeg","type":"image\/jpeg"}],"author":"Albert Puig","twitter_card":"summary_large_image","twitter_creator":"@Eninter","twitter_site":"@Eninter","twitter_misc":{"Written by":"Albert Puig","Est. reading time":"2 minutes"},"schema":{"@context":"https:\/\/schema.org","@graph":[{"@type":"Article","@id":"https:\/\/www.eninter.com\/it-ch\/devo-pagare-lascensore-se-abito-al-piano-terra-2\/#article","isPartOf":{"@id":"https:\/\/www.eninter.com\/it-ch\/devo-pagare-lascensore-se-abito-al-piano-terra-2\/"},"author":{"name":"Albert Puig","@id":"https:\/\/www.eninter.com\/it-ch\/#\/schema\/person\/e6178c261ac4210884c0e0264dd59043"},"headline":"Devo pagare l&#8217;ascensore se abito al piano terra?","datePublished":"2015-04-24T12:10:32+00:00","mainEntityOfPage":{"@id":"https:\/\/www.eninter.com\/it-ch\/devo-pagare-lascensore-se-abito-al-piano-terra-2\/"},"wordCount":439,"commentCount":0,"publisher":{"@id":"https:\/\/www.eninter.com\/it-ch\/#organization"},"image":{"@id":"https:\/\/www.eninter.com\/it-ch\/devo-pagare-lascensore-se-abito-al-piano-terra-2\/#primaryimage"},"thumbnailUrl":"https:\/\/www.eninter.com\/wp-content\/uploads\/2022\/02\/Debo-pagar-el-ascensor-si-vivo-en-el-bajo.jpeg","articleSection":["Ascensori"],"inLanguage":"it-CH","potentialAction":[{"@type":"CommentAction","name":"Comment","target":["https:\/\/www.eninter.com\/it-ch\/devo-pagare-lascensore-se-abito-al-piano-terra-2\/#respond"]}]},{"@type":"WebPage","@id":"https:\/\/www.eninter.com\/it-ch\/devo-pagare-lascensore-se-abito-al-piano-terra-2\/","url":"https:\/\/www.eninter.com\/it-ch\/devo-pagare-lascensore-se-abito-al-piano-terra-2\/","name":"Devo pagare l'ascensore se abito al piano terra?","isPartOf":{"@id":"https:\/\/www.eninter.com\/it-ch\/#website"},"primaryImageOfPage":{"@id":"https:\/\/www.eninter.com\/it-ch\/devo-pagare-lascensore-se-abito-al-piano-terra-2\/#primaryimage"},"image":{"@id":"https:\/\/www.eninter.com\/it-ch\/devo-pagare-lascensore-se-abito-al-piano-terra-2\/#primaryimage"},"thumbnailUrl":"https:\/\/www.eninter.com\/wp-content\/uploads\/2022\/02\/Debo-pagar-el-ascensor-si-vivo-en-el-bajo.jpeg","datePublished":"2015-04-24T12:10:32+00:00","description":"Scoprite la legislazione attuale su chi \u00e8 responsabile del pagamento dell'installazione e della manutenzione di un ascensore in un edificio.","breadcrumb":{"@id":"https:\/\/www.eninter.com\/it-ch\/devo-pagare-lascensore-se-abito-al-piano-terra-2\/#breadcrumb"},"inLanguage":"it-CH","potentialAction":[{"@type":"ReadAction","target":["https:\/\/www.eninter.com\/it-ch\/devo-pagare-lascensore-se-abito-al-piano-terra-2\/"]}]},{"@type":"ImageObject","inLanguage":"it-CH","@id":"https:\/\/www.eninter.com\/it-ch\/devo-pagare-lascensore-se-abito-al-piano-terra-2\/#primaryimage","url":"https:\/\/www.eninter.com\/wp-content\/uploads\/2022\/02\/Debo-pagar-el-ascensor-si-vivo-en-el-bajo.jpeg","contentUrl":"https:\/\/www.eninter.com\/wp-content\/uploads\/2022\/02\/Debo-pagar-el-ascensor-si-vivo-en-el-bajo.jpeg","width":1024,"height":683,"caption":"Devo pagare l'ascensore se abito al piano terra."},{"@type":"BreadcrumbList","@id":"https:\/\/www.eninter.com\/it-ch\/devo-pagare-lascensore-se-abito-al-piano-terra-2\/#breadcrumb","itemListElement":[{"@type":"ListItem","position":1,"name":"Portada","item":"https:\/\/www.eninter.com\/it-ch\/"},{"@type":"ListItem","position":2,"name":"Devo pagare l&#8217;ascensore se abito al piano terra?"}]},{"@type":"WebSite","@id":"https:\/\/www.eninter.com\/it-ch\/#website","url":"https:\/\/www.eninter.com\/it-ch\/","name":"ENINTER","description":"Mantenimiento de Ascensores Multimarca","publisher":{"@id":"https:\/\/www.eninter.com\/it-ch\/#organization"},"potentialAction":[{"@type":"SearchAction","target":{"@type":"EntryPoint","urlTemplate":"https:\/\/www.eninter.com\/it-ch\/?s={search_term_string}"},"query-input":{"@type":"PropertyValueSpecification","valueRequired":true,"valueName":"search_term_string"}}],"inLanguage":"it-CH"},{"@type":"Organization","@id":"https:\/\/www.eninter.com\/it-ch\/#organization","name":"Eniter","url":"https:\/\/www.eninter.com\/it-ch\/","logo":{"@type":"ImageObject","inLanguage":"it-CH","@id":"https:\/\/www.eninter.com\/it-ch\/#\/schema\/logo\/image\/","url":"https:\/\/www.eninter.com\/wp-content\/uploads\/2023\/08\/logo-eninter-png.png","contentUrl":"https:\/\/www.eninter.com\/wp-content\/uploads\/2023\/08\/logo-eninter-png.png","width":600,"height":340,"caption":"Eniter"},"image":{"@id":"https:\/\/www.eninter.com\/it-ch\/#\/schema\/logo\/image\/"},"sameAs":["https:\/\/www.facebook.com\/EninterAscensores","https:\/\/x.com\/Eninter","https:\/\/www.instagram.com\/eninterascensores\/","https:\/\/www.youtube.com\/user\/ascensoreseninter"]},{"@type":"Person","@id":"https:\/\/www.eninter.com\/it-ch\/#\/schema\/person\/e6178c261ac4210884c0e0264dd59043","name":"Albert Puig","image":{"@type":"ImageObject","inLanguage":"it-CH","@id":"https:\/\/secure.gravatar.com\/avatar\/583d07f3f1036f58d0e44e873586278b582179a16b27a5b3951504e9ee001c06?s=96&d=mm&r=g","url":"https:\/\/secure.gravatar.com\/avatar\/583d07f3f1036f58d0e44e873586278b582179a16b27a5b3951504e9ee001c06?s=96&d=mm&r=g","contentUrl":"https:\/\/secure.gravatar.com\/avatar\/583d07f3f1036f58d0e44e873586278b582179a16b27a5b3951504e9ee001c06?s=96&d=mm&r=g","caption":"Albert Puig"}}]}},"_links":{"self":[{"href":"https:\/\/www.eninter.com\/it-ch\/wp-json\/wp\/v2\/posts\/12786","targetHints":{"allow":["GET"]}}],"collection":[{"href":"https:\/\/www.eninter.com\/it-ch\/wp-json\/wp\/v2\/posts"}],"about":[{"href":"https:\/\/www.eninter.com\/it-ch\/wp-json\/wp\/v2\/types\/post"}],"author":[{"embeddable":true,"href":"https:\/\/www.eninter.com\/it-ch\/wp-json\/wp\/v2\/users\/3"}],"replies":[{"embeddable":true,"href":"https:\/\/www.eninter.com\/it-ch\/wp-json\/wp\/v2\/comments?post=12786"}],"version-history":[{"count":0,"href":"https:\/\/www.eninter.com\/it-ch\/wp-json\/wp\/v2\/posts\/12786\/revisions"}],"wp:featuredmedia":[{"embeddable":true,"href":"https:\/\/www.eninter.com\/it-ch\/wp-json\/wp\/v2\/media\/12790"}],"wp:attachment":[{"href":"https:\/\/www.eninter.com\/it-ch\/wp-json\/wp\/v2\/media?parent=12786"}],"wp:term":[{"taxonomy":"category","embeddable":true,"href":"https:\/\/www.eninter.com\/it-ch\/wp-json\/wp\/v2\/categories?post=12786"},{"taxonomy":"post_tag","embeddable":true,"href":"https:\/\/www.eninter.com\/it-ch\/wp-json\/wp\/v2\/tags?post=12786"}],"curies":[{"name":"wp","href":"https:\/\/api.w.org\/{rel}","templated":true}]}}