{"id":12788,"date":"2020-12-01T09:50:36","date_gmt":"2020-12-01T09:50:36","guid":{"rendered":"https:\/\/www.eninter.com\/lara-olvera-e-stato-molto-bello-vedere-il-suo-viso-vedere-lillusione-nello-scintillio-dei-suoi-occhi\/"},"modified":"2025-01-08T12:45:16","modified_gmt":"2025-01-08T12:45:16","slug":"lara-olvera-e-stato-molto-bello-vedere-il-suo-viso-vedere-lillusione-nello-scintillio-dei-suoi-occhi","status":"publish","type":"post","link":"https:\/\/www.eninter.com\/it-ch\/lara-olvera-e-stato-molto-bello-vedere-il-suo-viso-vedere-lillusione-nello-scintillio-dei-suoi-occhi\/","title":{"rendered":"Lara Olvera: &#8220;\u00c8 stato molto bello vedere il suo viso, vedere l&#8217;illusione nello scintillio dei suoi occhi&#8221;."},"content":{"rendered":"<p>Anche questa settimana Ricard Vicente, emittente di Radio Marca, intervista uno dei protagonisti delle nostre tre storie di superamento delle avversit\u00e0. Questa volta non ha potuto parlare con Carme, a causa della sua et\u00e0 avanzata, ma ha potuto parlare con l&#8217;assistente sociale che l&#8217;ha accompagnata durante la sua esperienza in mongolfiera.<\/p>\n<p><strong>Ricard Vicente:  <\/strong><strong>Un altro gioved\u00ec vi portiamo un&#8217;esperienza della campagna Eninter Ayuda. Gli ultimi gioved\u00ec abbiamo avuto <a href=\"https:\/\/www.eninter.com\/blog\/maria-petit-me-propuse-subir-el-aneto-pero-todo-el-mundo-me-decia-que-era-imposible-lo-he-conseguido-gracias-a-la-campana-eninterayuda\/\">Mar\u00eda Petit<\/a>, una ragazza non vedente che ha scalato l&#8217;Aneto, <a href=\"https:\/\/www.eninter.com\/blog\/dario-salcedo-alvaro-bayona-ha-sido-una-pieza-fundamental-para-conseguir-mi-reto\/\">Dario Salcedo<\/a>, un ragazzo rimasto paraplegico in seguito a un incidente e che ora, anche grazie a Eninter Ascensores, sta praticando il paddle surf&#8230; e oggi vogliamo guardare da vicino una terza esperienza. L&#8217;obiettivo di Eninter Ascensores in questa campagna \u00e8 innanzitutto quello di ringraziare i propri clienti e la societ\u00e0 in generale per la fiducia accordata in questi anni di duro lavoro e impegno professionale. In questi tempi difficili che tutti stiamo attraversando, questa campagna vuole che condividiate le vostre sfide, per quanto piccole possano sembrare, come hanno fatto Mar\u00eda e Dar\u00edo. \u00c8 possibile condividerli su www.eninter.com\/subes. Avete tempo fino al 10 dicembre per condividere la vostra esperienza.  <\/strong><\/p>\n<p><strong> <\/strong><strong>Abbiamo parlato di Mar\u00eda, abbiamo parlato di Dar\u00edo e oggi vogliamo parlarvi di Carmen Masferrer. \u00c8 una signora di 90 anni che, qualche settimana fa, \u00e8 salita per la prima volta su una mongolfiera. Parliamo con la persona che l&#8217;ha accompagnata in questa avventura. Si tratta di Lara Olvera, assistente sociale specializzata nel linguaggio dei segni e interprete per i sordomuti.  <\/strong><\/p>\n<p><strong>Ricard Vicente: <\/strong><strong>Salve, buon pomeriggio, come sta?<\/strong><\/p>\n<p><strong>Lara Olvera:<\/strong> Bene, molto bene. Qui stiamo resistendo.<\/p>\n<p><strong>Ricard Vicente: <\/strong><strong>E come sta Carme?<\/strong><\/p>\n<p><strong>Lara Olvera:<\/strong> Bene. Carme \u00e8 fantastica, molto appassionata di tutta la faccenda dei palloncini, perch\u00e9 ora \u00e8 l&#8217;artista riconosciuta. La residenza ha fatto il botto e sta davvero condividendo l&#8217;esperienza quasi quotidianamente, con i lavoratori e tutti gli altri colleghi che vivono qui nella residenza. La verit\u00e0 \u00e8 che \u00e8 molto eccitata all&#8217;idea.<\/p>\n<p><strong>Ricard Vicente:  <\/strong><strong>Lara, spiegami un po&#8217;, qual \u00e8 la genesi dell&#8217;avventura di Carme? Come si candida a salire su una mongolfiera all&#8217;et\u00e0 di 90 anni? Ne ho qualcuno in meno e non sono ancora salito su un pallone. E lo prenderei in considerazione. Come nasce questa possibilit\u00e0? Spiegare.<\/strong><\/p>\n<p><strong>Lara Olvera:<\/strong> La possibilit\u00e0 si \u00e8 presentata in modo inaspettato. Un collega della residenza ci ha detto che stavano cercando un profilo di persona anziana, con difficolt\u00e0 motorie, che vivesse in una residenza. L&#8217;ho trovato molto interessante perch\u00e9 era un&#8217;opportunit\u00e0 per collegare l&#8217;illusione e la vita. Ho pensato a Carme perch\u00e9 cognitivamente \u00e8 perfetta, anche se fisicamente ha molta artrosi e deterioramento fisico, \u00e8 autonoma. Sapeva di aver sempre amato viaggiare e, soprattutto, non vedeva l&#8217;ora di farlo. Ecco come l&#8217;abbiamo scelta.<\/p>\n<p><strong>Ricard Vicente:  <\/strong><strong>E ha insegnato a tutti noi una lezione. Ce ne parli un po&#8217;. Voi che l&#8217;avete accompagnata e avete visto come le brillavano gli occhi, come ha vissuto il momento in cui il pallone ha smesso di toccare il suolo ed \u00e8 tornato gi\u00f9?  <\/strong><\/p>\n<p><strong>Lara Olvera:<\/strong> \u00c8 stata un&#8217;esperienza molto emozionante. All&#8217;inizio era un po&#8217; spaventata e la verit\u00e0 \u00e8 che l&#8217;ha vissuta con grande aspettativa. Era molto bello vedere il suo volto, vedere l&#8217;illusione nello scintillio dei suoi occhi. Mentre iniziavamo a salire abbiamo sorvolato un albero e hanno preso un ananas e glielo hanno dato sul posto. Avreste dovuto vedere la sua faccia.<\/p>\n<p><strong>Ricard Vicente:  <\/strong><strong>L&#8217;esperienza di Carme \u00e8 un&#8217;ispirazione in questo momento. La popolazione anziana sta attraversando un periodo molto difficile di isolamento e fragilit\u00e0. Immagino che questo abbia segnato Carme. Non so se si parla ancora nella residenza. L&#8217;abbiamo vista in televisione, nella stampa scritta, \u00e8 una star.  <\/strong><\/p>\n<p><strong>Lara Olvera:<\/strong> S\u00ec, s\u00ec, s\u00ec, proprio ora. Suscita persino una certa invidia, eh? Durante la residenza si \u00e8 dovuto spiegare che era stata scelta perch\u00e9 corrispondeva al profilo e che altre persone sarebbero state scelte per progetti futuri. Ha potuto condividere questo bellissimo video che ha realizzato in Eninter con le tre esperienze, cos\u00ec ha anche contribuito a mettere un po&#8217; di luce nella residenza, in questo duro momento di pandemia che abbiamo dovuto vivere.<\/p>\n<p><strong>Ricard Vicente: <\/strong><strong>Ricordate che anche voi potete condividere la vostra esperienza di superamento delle sfide su eninter.com\/subes. <\/strong> <strong>Laura, grazie per esserti unita a noi. Un grande bacio e tanti incoraggiamenti e complimenti per tutto il lavoro che fate nella residenza.<\/strong><\/p>\n<p><strong>Lara Olvera:<\/strong> Grazie. Vorrei cogliere l&#8217;occasione per incoraggiare questo settore, attualmente molto stigmatizzato. Voglio dire che al di l\u00e0 dello stigma c&#8217;\u00e8 molto lavoro sociale e umano. Vi ringrazio per questo spazio, perch\u00e9 credo che rendere visibili campagne come queste sia importante per la societ\u00e0.<\/p>\n<p><strong>Ricard Vicente:  <\/strong><strong>Grazie mille, Lara. Un bacio. Grazie. Un abbraccio.<\/strong><\/p>\n","protected":false},"excerpt":{"rendered":"<p>Anche questa settimana Ricard Vicente, emittente di Radio Marca, intervista uno dei protagonisti delle nostre tre storie di superamento delle avversit\u00e0. Questa volta non ha potuto parlare con Carme, a causa della sua et\u00e0 avanzata, ma ha potuto parlare con l&#8217;assistente sociale che l&#8217;ha accompagnata durante la sua esperienza in mongolfiera. Ricard Vicente: Un altro [&hellip;]<\/p>\n","protected":false},"author":3,"featured_media":12789,"comment_status":"closed","ping_status":"closed","sticky":false,"template":"","format":"standard","meta":{"_acf_changed":false,"content-type":"","footnotes":""},"categories":[372],"tags":[],"class_list":["post-12788","post","type-post","status-publish","format-standard","has-post-thumbnail","hentry","category-informazioni-su-eninter-it-ch"],"acf":[],"_yoast_wpseo_focuskw":"laura-olvera-inter","_yoast_wpseo_metadesc":null,"yoast_head":"<!-- This site is optimized with the Yoast SEO Premium plugin v21.6 (Yoast SEO v27.5) - https:\/\/yoast.com\/product\/yoast-seo-premium-wordpress\/ -->\n<title>Lara Olvera: &quot;\u00c8 stato molto bello vedere il suo viso, vedere l&#039;illusione nello scintillio dei suoi occhi&quot;. - ENINTER<\/title>\n<meta name=\"robots\" content=\"index, follow, max-snippet:-1, max-image-preview:large, max-video-preview:-1\" \/>\n<link rel=\"canonical\" href=\"https:\/\/www.eninter.com\/it-ch\/lara-olvera-e-stato-molto-bello-vedere-il-suo-viso-vedere-lillusione-nello-scintillio-dei-suoi-occhi\/\" \/>\n<meta property=\"og:locale\" content=\"it_IT\" \/>\n<meta property=\"og:type\" content=\"article\" \/>\n<meta property=\"og:title\" content=\"Lara Olvera: &quot;\u00c8 stato molto bello vedere il suo viso, vedere l&#039;illusione nello scintillio dei suoi occhi&quot;.\" \/>\n<meta property=\"og:description\" content=\"Anche questa settimana Ricard Vicente, emittente di Radio Marca, intervista uno dei protagonisti delle nostre tre storie di superamento delle avversit\u00e0. Questa volta non ha potuto parlare con Carme, a causa della sua et\u00e0 avanzata, ma ha potuto parlare con l&#8217;assistente sociale che l&#8217;ha accompagnata durante la sua esperienza in mongolfiera. Ricard Vicente: Un altro [&hellip;]\" \/>\n<meta property=\"og:url\" content=\"https:\/\/www.eninter.com\/it-ch\/lara-olvera-e-stato-molto-bello-vedere-il-suo-viso-vedere-lillusione-nello-scintillio-dei-suoi-occhi\/\" \/>\n<meta property=\"og:site_name\" content=\"ENINTER\" \/>\n<meta property=\"article:publisher\" content=\"https:\/\/www.facebook.com\/EninterAscensores\" \/>\n<meta property=\"article:published_time\" content=\"2020-12-01T09:50:36+00:00\" \/>\n<meta property=\"article:modified_time\" content=\"2025-01-08T12:45:16+00:00\" \/>\n<meta property=\"og:image\" content=\"https:\/\/www.eninter.com\/wp-content\/uploads\/2020\/12\/laura-olvera-eninter.jpg\" \/>\n\t<meta property=\"og:image:width\" content=\"1024\" \/>\n\t<meta property=\"og:image:height\" content=\"683\" \/>\n\t<meta property=\"og:image:type\" content=\"image\/jpeg\" \/>\n<meta name=\"author\" content=\"Albert Puig\" \/>\n<meta name=\"twitter:card\" content=\"summary_large_image\" \/>\n<meta name=\"twitter:creator\" content=\"@Eninter\" \/>\n<meta name=\"twitter:site\" content=\"@Eninter\" \/>\n<meta name=\"twitter:label1\" content=\"Written by\" \/>\n\t<meta name=\"twitter:data1\" content=\"Albert Puig\" \/>\n\t<meta name=\"twitter:label2\" content=\"Est. reading time\" \/>\n\t<meta name=\"twitter:data2\" content=\"4 minutes\" \/>\n<!-- \/ Yoast SEO Premium plugin. -->","yoast_head_json":{"title":"Lara Olvera: \"\u00c8 stato molto bello vedere il suo viso, vedere l'illusione nello scintillio dei suoi occhi\". - ENINTER","robots":{"index":"index","follow":"follow","max-snippet":"max-snippet:-1","max-image-preview":"max-image-preview:large","max-video-preview":"max-video-preview:-1"},"canonical":"https:\/\/www.eninter.com\/it-ch\/lara-olvera-e-stato-molto-bello-vedere-il-suo-viso-vedere-lillusione-nello-scintillio-dei-suoi-occhi\/","og_locale":"it_IT","og_type":"article","og_title":"Lara Olvera: \"\u00c8 stato molto bello vedere il suo viso, vedere l'illusione nello scintillio dei suoi occhi\".","og_description":"Anche questa settimana Ricard Vicente, emittente di Radio Marca, intervista uno dei protagonisti delle nostre tre storie di superamento delle avversit\u00e0. Questa volta non ha potuto parlare con Carme, a causa della sua et\u00e0 avanzata, ma ha potuto parlare con l&#8217;assistente sociale che l&#8217;ha accompagnata durante la sua esperienza in mongolfiera. Ricard Vicente: Un altro [&hellip;]","og_url":"https:\/\/www.eninter.com\/it-ch\/lara-olvera-e-stato-molto-bello-vedere-il-suo-viso-vedere-lillusione-nello-scintillio-dei-suoi-occhi\/","og_site_name":"ENINTER","article_publisher":"https:\/\/www.facebook.com\/EninterAscensores","article_published_time":"2020-12-01T09:50:36+00:00","article_modified_time":"2025-01-08T12:45:16+00:00","og_image":[{"width":1024,"height":683,"url":"https:\/\/www.eninter.com\/wp-content\/uploads\/2020\/12\/laura-olvera-eninter.jpg","type":"image\/jpeg"}],"author":"Albert Puig","twitter_card":"summary_large_image","twitter_creator":"@Eninter","twitter_site":"@Eninter","twitter_misc":{"Written by":"Albert Puig","Est. reading time":"4 minutes"},"schema":{"@context":"https:\/\/schema.org","@graph":[{"@type":"Article","@id":"https:\/\/www.eninter.com\/it-ch\/lara-olvera-e-stato-molto-bello-vedere-il-suo-viso-vedere-lillusione-nello-scintillio-dei-suoi-occhi\/#article","isPartOf":{"@id":"https:\/\/www.eninter.com\/it-ch\/lara-olvera-e-stato-molto-bello-vedere-il-suo-viso-vedere-lillusione-nello-scintillio-dei-suoi-occhi\/"},"author":{"name":"Albert Puig","@id":"https:\/\/www.eninter.com\/it-ch\/#\/schema\/person\/e6178c261ac4210884c0e0264dd59043"},"headline":"Lara Olvera: &#8220;\u00c8 stato molto bello vedere il suo viso, vedere l&#8217;illusione nello scintillio dei suoi occhi&#8221;.","datePublished":"2020-12-01T09:50:36+00:00","dateModified":"2025-01-08T12:45:16+00:00","mainEntityOfPage":{"@id":"https:\/\/www.eninter.com\/it-ch\/lara-olvera-e-stato-molto-bello-vedere-il-suo-viso-vedere-lillusione-nello-scintillio-dei-suoi-occhi\/"},"wordCount":807,"publisher":{"@id":"https:\/\/www.eninter.com\/it-ch\/#organization"},"image":{"@id":"https:\/\/www.eninter.com\/it-ch\/lara-olvera-e-stato-molto-bello-vedere-il-suo-viso-vedere-lillusione-nello-scintillio-dei-suoi-occhi\/#primaryimage"},"thumbnailUrl":"https:\/\/www.eninter.com\/wp-content\/uploads\/2020\/12\/laura-olvera-eninter.jpg","articleSection":["Informazioni su Eninter"],"inLanguage":"it-CH"},{"@type":"WebPage","@id":"https:\/\/www.eninter.com\/it-ch\/lara-olvera-e-stato-molto-bello-vedere-il-suo-viso-vedere-lillusione-nello-scintillio-dei-suoi-occhi\/","url":"https:\/\/www.eninter.com\/it-ch\/lara-olvera-e-stato-molto-bello-vedere-il-suo-viso-vedere-lillusione-nello-scintillio-dei-suoi-occhi\/","name":"Lara Olvera: \"\u00c8 stato molto bello vedere il suo viso, vedere l'illusione nello scintillio dei suoi occhi\". - ENINTER","isPartOf":{"@id":"https:\/\/www.eninter.com\/it-ch\/#website"},"primaryImageOfPage":{"@id":"https:\/\/www.eninter.com\/it-ch\/lara-olvera-e-stato-molto-bello-vedere-il-suo-viso-vedere-lillusione-nello-scintillio-dei-suoi-occhi\/#primaryimage"},"image":{"@id":"https:\/\/www.eninter.com\/it-ch\/lara-olvera-e-stato-molto-bello-vedere-il-suo-viso-vedere-lillusione-nello-scintillio-dei-suoi-occhi\/#primaryimage"},"thumbnailUrl":"https:\/\/www.eninter.com\/wp-content\/uploads\/2020\/12\/laura-olvera-eninter.jpg","datePublished":"2020-12-01T09:50:36+00:00","dateModified":"2025-01-08T12:45:16+00:00","breadcrumb":{"@id":"https:\/\/www.eninter.com\/it-ch\/lara-olvera-e-stato-molto-bello-vedere-il-suo-viso-vedere-lillusione-nello-scintillio-dei-suoi-occhi\/#breadcrumb"},"inLanguage":"it-CH","potentialAction":[{"@type":"ReadAction","target":["https:\/\/www.eninter.com\/it-ch\/lara-olvera-e-stato-molto-bello-vedere-il-suo-viso-vedere-lillusione-nello-scintillio-dei-suoi-occhi\/"]}]},{"@type":"ImageObject","inLanguage":"it-CH","@id":"https:\/\/www.eninter.com\/it-ch\/lara-olvera-e-stato-molto-bello-vedere-il-suo-viso-vedere-lillusione-nello-scintillio-dei-suoi-occhi\/#primaryimage","url":"https:\/\/www.eninter.com\/wp-content\/uploads\/2020\/12\/laura-olvera-eninter.jpg","contentUrl":"https:\/\/www.eninter.com\/wp-content\/uploads\/2020\/12\/laura-olvera-eninter.jpg","width":1024,"height":683},{"@type":"BreadcrumbList","@id":"https:\/\/www.eninter.com\/it-ch\/lara-olvera-e-stato-molto-bello-vedere-il-suo-viso-vedere-lillusione-nello-scintillio-dei-suoi-occhi\/#breadcrumb","itemListElement":[{"@type":"ListItem","position":1,"name":"Portada","item":"https:\/\/www.eninter.com\/it-ch\/"},{"@type":"ListItem","position":2,"name":"Lara Olvera: \u00ab\u00c8 stato molto bello vedere il suo viso, vedere l&#8217;illusione nello scintillio dei suoi occhi\u00bb."}]},{"@type":"WebSite","@id":"https:\/\/www.eninter.com\/it-ch\/#website","url":"https:\/\/www.eninter.com\/it-ch\/","name":"ENINTER","description":"Mantenimiento de Ascensores Multimarca","publisher":{"@id":"https:\/\/www.eninter.com\/it-ch\/#organization"},"potentialAction":[{"@type":"SearchAction","target":{"@type":"EntryPoint","urlTemplate":"https:\/\/www.eninter.com\/it-ch\/?s={search_term_string}"},"query-input":{"@type":"PropertyValueSpecification","valueRequired":true,"valueName":"search_term_string"}}],"inLanguage":"it-CH"},{"@type":"Organization","@id":"https:\/\/www.eninter.com\/it-ch\/#organization","name":"Eniter","url":"https:\/\/www.eninter.com\/it-ch\/","logo":{"@type":"ImageObject","inLanguage":"it-CH","@id":"https:\/\/www.eninter.com\/it-ch\/#\/schema\/logo\/image\/","url":"https:\/\/www.eninter.com\/wp-content\/uploads\/2023\/08\/logo-eninter-png.png","contentUrl":"https:\/\/www.eninter.com\/wp-content\/uploads\/2023\/08\/logo-eninter-png.png","width":600,"height":340,"caption":"Eniter"},"image":{"@id":"https:\/\/www.eninter.com\/it-ch\/#\/schema\/logo\/image\/"},"sameAs":["https:\/\/www.facebook.com\/EninterAscensores","https:\/\/x.com\/Eninter","https:\/\/www.instagram.com\/eninterascensores\/","https:\/\/www.youtube.com\/user\/ascensoreseninter"]},{"@type":"Person","@id":"https:\/\/www.eninter.com\/it-ch\/#\/schema\/person\/e6178c261ac4210884c0e0264dd59043","name":"Albert Puig","image":{"@type":"ImageObject","inLanguage":"it-CH","@id":"https:\/\/secure.gravatar.com\/avatar\/583d07f3f1036f58d0e44e873586278b582179a16b27a5b3951504e9ee001c06?s=96&d=mm&r=g","url":"https:\/\/secure.gravatar.com\/avatar\/583d07f3f1036f58d0e44e873586278b582179a16b27a5b3951504e9ee001c06?s=96&d=mm&r=g","contentUrl":"https:\/\/secure.gravatar.com\/avatar\/583d07f3f1036f58d0e44e873586278b582179a16b27a5b3951504e9ee001c06?s=96&d=mm&r=g","caption":"Albert Puig"}}]}},"_links":{"self":[{"href":"https:\/\/www.eninter.com\/it-ch\/wp-json\/wp\/v2\/posts\/12788","targetHints":{"allow":["GET"]}}],"collection":[{"href":"https:\/\/www.eninter.com\/it-ch\/wp-json\/wp\/v2\/posts"}],"about":[{"href":"https:\/\/www.eninter.com\/it-ch\/wp-json\/wp\/v2\/types\/post"}],"author":[{"embeddable":true,"href":"https:\/\/www.eninter.com\/it-ch\/wp-json\/wp\/v2\/users\/3"}],"replies":[{"embeddable":true,"href":"https:\/\/www.eninter.com\/it-ch\/wp-json\/wp\/v2\/comments?post=12788"}],"version-history":[{"count":0,"href":"https:\/\/www.eninter.com\/it-ch\/wp-json\/wp\/v2\/posts\/12788\/revisions"}],"wp:featuredmedia":[{"embeddable":true,"href":"https:\/\/www.eninter.com\/it-ch\/wp-json\/wp\/v2\/media\/12789"}],"wp:attachment":[{"href":"https:\/\/www.eninter.com\/it-ch\/wp-json\/wp\/v2\/media?parent=12788"}],"wp:term":[{"taxonomy":"category","embeddable":true,"href":"https:\/\/www.eninter.com\/it-ch\/wp-json\/wp\/v2\/categories?post=12788"},{"taxonomy":"post_tag","embeddable":true,"href":"https:\/\/www.eninter.com\/it-ch\/wp-json\/wp\/v2\/tags?post=12788"}],"curies":[{"name":"wp","href":"https:\/\/api.w.org\/{rel}","templated":true}]}}