{"id":12791,"date":"2021-05-19T10:26:14","date_gmt":"2021-05-19T10:26:14","guid":{"rendered":"https:\/\/www.eninter.com\/marco-galvez-ho-avuto-la-fortuna-di-crescere-nelleninter-ascensores-con-valori-come-il-lavoro-di-squadra-e-limpegno\/"},"modified":"2024-02-20T10:49:08","modified_gmt":"2024-02-20T10:49:08","slug":"marco-galvez-ho-avuto-la-fortuna-di-crescere-nelleninter-ascensores-con-valori-come-il-lavoro-di-squadra-e-limpegno","status":"publish","type":"post","link":"https:\/\/www.eninter.com\/it-ch\/marco-galvez-ho-avuto-la-fortuna-di-crescere-nelleninter-ascensores-con-valori-come-il-lavoro-di-squadra-e-limpegno\/","title":{"rendered":"Marco G\u00e1lvez: &#8220;Ho avuto la fortuna di crescere nell&#8217;Eninter Ascensores con valori come il lavoro di squadra e l&#8217;impegno&#8221;."},"content":{"rendered":"&#13;\n<p>L&#8217;obiettivo principale di #EninterAscensores \u00e8 quello di migliorare la qualit\u00e0 della vita dei nostri clienti, indipendentemente dalla loro et\u00e0. Questa volta abbiamo deciso di concentrarci sul pubblico pi\u00f9 giovane, poich\u00e9 in Eninter Ascensores siamo impegnati nell&#8217;educazione, perch\u00e9 siamo consapevoli che il futuro del nostro pianeta e della nostra societ\u00e0 \u00e8 nelle loro mani.<\/p>&#13;\n&#13;\n<p>Questo pubblico, abituato a frequentare le lezioni, pur vivendo in una situazione eccezionale causata dalla crisi sanitaria, ha potuto vivere un&#8217;esperienza diversa. Gli studenti della quinta classe della scuola Marjal de les Cases di Tarragona hanno avuto come progetto quello di realizzare un lavoro sul mondo dell&#8217;impresa e per questo hanno avuto la testimonianza di Marco G\u00e1lvez, rappresentante di Eninter Ascensores, che ha illustrato alcune delle sue esperienze e vissuti nel corso della sua carriera professionale.<\/p>&#13;\n&#13;\n<p>Per Marco questa esperienza \u00e8 stata arricchente e non poteva mancare la sua testimonianza nel blog di Eninter.<\/p>&#13;\n&#13;\n<p><strong>Cosa hanno trovato di pi\u00f9 interessante gli studenti nella sua storia personale?<br\/><\/strong>Credo che fossero interessati soprattutto alla mia lunga carriera nell&#8217;azienda, visto che sono in azienda da 33 anni dei 49 che festegger\u00f2 questo mese. Sono stati anche molto colpiti dal fatto che sono nato a Siviglia e che i miei genitori sono emigrati a Cornell\u00e0, ma da 15 anni sono a Tortosa a dirigere la filiale Eninter Ascensores della zona. Lavoro da molti anni, ma ancora oggi ho la stessa voglia di continuare a crescere e scoprire nuovi progetti.<\/p>&#13;\n&#13;\n<p><strong>Quali consigli ha dato a questi giovani studenti che in futuro inizieranno il loro percorso nel mondo del lavoro?<\/strong><br\/>Ho consigliato loro di ricevere pi\u00f9 istruzione possibile, ora a scuola, e per il futuro, alle superiori e all&#8217;universit\u00e0. Ho raccomandato loro di fissare un obiettivo nella vita e di circondarsi di persone che possano fornire loro le risorse e gli strumenti necessari per raggiungerlo. Ho sottolineato l&#8217;importanza di affrontare le sfide con un buon atteggiamento nei confronti della vita, perch\u00e9 questo, unito alle conoscenze e all&#8217;impegno necessario, permetter\u00e0 loro di ottenere grandi risultati.<\/p>&#13;\n&#13;\n<p><strong>Come ha descritto la sua esperienza in Eninter Ascensores e come \u00e8 arrivato a far parte della nostra azienda?<br\/><\/strong>\u00c8 un senso di appartenenza difficile da spiegare, un sentimento che ci \u00e8 stato instillato dal fondatore, D\u00e1maso Mart\u00ednez, fin dal primo giorno in cui sono entrato in ufficio. Era il 1988, stavo andando in biblioteca quando decisi di entrare nella sede di via Costa Brava, a Cornell\u00e0, per chiedere un lavoro come apprendista. Da allora ho continuato a lavorare per l&#8217;azienda fino ad oggi.<\/p>&#13;\n&#13;\n<p>Ho anche evidenziato un giorno che ricordo come se fosse ieri. Pochi mesi dopo essere entrato in azienda, viaggiava in auto con D\u00e1maso e la sua famiglia. Sua moglie, Rosa, chiese chi fossi e D\u00e1maso rispose: &#8220;\u00e8 il futuro manager! Quel momento mi \u00e8 rimasto impresso. In quel momento ho capito l&#8217;importanza dei piccoli gesti e oggi cerco di tenere a mente questi dettagli quando motiva e forma il mio team di 10 persone.<\/p>&#13;\n&#13;\n<p><strong>Pensa che la sua esperienza in Eninter Ascensores abbia aiutato questi studenti a capire come funziona un&#8217;azienda?<br\/><\/strong>S\u00ec. Lo hanno capito con l&#8217;esempio della mia crescita durante il periodo trascorso in azienda. Ho iniziato come apprendista, sono passato a operatore, supervisore, manager e delegato, e questo fa parte dell&#8217;organigramma di molte aziende. Hanno inoltre compreso la responsabilit\u00e0 che deriva da ogni posizione e che, come in ogni famiglia, anche la crescita dei valori all&#8217;interno dell&#8217;azienda \u00e8 fondamentale. Ho avuto la fortuna di crescere a Eninter con valori come il lavoro di squadra, l&#8217;impegno, la responsabilit\u00e0 e la sincerit\u00e0.<\/p>&#13;\n&#13;\n<p><strong>Qual \u00e8 stata la cosa pi\u00f9 interessante nel trattare con studenti cos\u00ec giovani?<br\/><\/strong>Per me la cosa pi\u00f9 interessante \u00e8 stato l&#8217;interesse e il desiderio di imparare che hanno dimostrato, prendendo appunti su tutto ci\u00f2 che ho spiegato loro. \u00c8 stata anche una sfida rispondere a domande difficili e dirette, poste con la naturalezza di qualsiasi giovane desideroso di imparare.<\/p>&#13;\n&#13;\n<p><strong>Come descriverebbe questa esperienza?<br\/><\/strong>Ritengo che sia stata un&#8217;ottima iniziativa da parte della Escola Marjal de les Cases D&#8217;Alcanar, in quanto \u00e8 stata un&#8217;attivit\u00e0 diversa per gli alunni e un passo avanti nella loro formazione. Per me \u00e8 stata un&#8217;esperienza indimenticabile e un contrasto di emozioni che mi ha fatto rivivere i momenti belli e brutti vissuti in Eninter Ascensores negli ultimi 33 anni, che alla fine mi hanno reso quello che sono oggi. Ne sono felice e orgoglioso.<\/p>&#13;\n","protected":false},"excerpt":{"rendered":"<p>&#13; L&#8217;obiettivo principale di #EninterAscensores \u00e8 quello di migliorare la qualit\u00e0 della vita dei nostri clienti, indipendentemente dalla loro et\u00e0. Questa volta abbiamo deciso di concentrarci sul pubblico pi\u00f9 giovane, poich\u00e9 in Eninter Ascensores siamo impegnati nell&#8217;educazione, perch\u00e9 siamo consapevoli che il futuro del nostro pianeta e della nostra societ\u00e0 \u00e8 nelle loro mani. &#13; [&hellip;]<\/p>\n","protected":false},"author":3,"featured_media":14016,"comment_status":"closed","ping_status":"closed","sticky":false,"template":"","format":"standard","meta":{"_acf_changed":false,"content-type":"","footnotes":""},"categories":[372],"tags":[],"class_list":["post-12791","post","type-post","status-publish","format-standard","has-post-thumbnail","hentry","category-informazioni-su-eninter-it-ch"],"acf":[],"_yoast_wpseo_focuskw":"crescita degli impianti di risalita eninter","_yoast_wpseo_metadesc":null,"yoast_head":"<!-- This site is optimized with the Yoast SEO Premium plugin v21.6 (Yoast SEO v27.2) - https:\/\/yoast.com\/product\/yoast-seo-premium-wordpress\/ -->\n<title>Marco G\u00e1lvez: &quot;Ho avuto la fortuna di crescere nell&#039;Eninter Ascensores con valori come il lavoro di squadra e l&#039;impegno&quot;. - ENINTER<\/title>\n<meta name=\"robots\" content=\"index, follow, max-snippet:-1, max-image-preview:large, max-video-preview:-1\" \/>\n<link rel=\"canonical\" href=\"https:\/\/www.eninter.com\/it-ch\/marco-galvez-ho-avuto-la-fortuna-di-crescere-nelleninter-ascensores-con-valori-come-il-lavoro-di-squadra-e-limpegno\/\" \/>\n<meta property=\"og:locale\" content=\"it_IT\" \/>\n<meta property=\"og:type\" content=\"article\" \/>\n<meta property=\"og:title\" content=\"Marco G\u00e1lvez: &quot;Ho avuto la fortuna di crescere nell&#039;Eninter Ascensores con valori come il lavoro di squadra e l&#039;impegno&quot;.\" \/>\n<meta property=\"og:description\" content=\"&#013; L&#8217;obiettivo principale di #EninterAscensores \u00e8 quello di migliorare la qualit\u00e0 della vita dei nostri clienti, indipendentemente dalla loro et\u00e0. Questa volta abbiamo deciso di concentrarci sul pubblico pi\u00f9 giovane, poich\u00e9 in Eninter Ascensores siamo impegnati nell&#8217;educazione, perch\u00e9 siamo consapevoli che il futuro del nostro pianeta e della nostra societ\u00e0 \u00e8 nelle loro mani. &#013; [&hellip;]\" \/>\n<meta property=\"og:url\" content=\"https:\/\/www.eninter.com\/it-ch\/marco-galvez-ho-avuto-la-fortuna-di-crescere-nelleninter-ascensores-con-valori-come-il-lavoro-di-squadra-e-limpegno\/\" \/>\n<meta property=\"og:site_name\" content=\"ENINTER\" \/>\n<meta property=\"article:publisher\" content=\"https:\/\/www.facebook.com\/EninterAscensores\" \/>\n<meta property=\"article:published_time\" content=\"2021-05-19T10:26:14+00:00\" \/>\n<meta property=\"article:modified_time\" content=\"2024-02-20T10:49:08+00:00\" \/>\n<meta property=\"og:image\" content=\"https:\/\/www.eninter.com\/wp-content\/uploads\/2021\/05\/Entrevsita-a-Marco770514.png\" \/>\n\t<meta property=\"og:image:width\" content=\"770\" \/>\n\t<meta property=\"og:image:height\" content=\"514\" \/>\n\t<meta property=\"og:image:type\" content=\"image\/png\" \/>\n<meta name=\"author\" content=\"Albert Puig\" \/>\n<meta name=\"twitter:card\" content=\"summary_large_image\" \/>\n<meta name=\"twitter:creator\" content=\"@Eninter\" \/>\n<meta name=\"twitter:site\" content=\"@Eninter\" \/>\n<meta name=\"twitter:label1\" content=\"Written by\" \/>\n\t<meta name=\"twitter:data1\" content=\"Albert Puig\" \/>\n\t<meta name=\"twitter:label2\" content=\"Est. reading time\" \/>\n\t<meta name=\"twitter:data2\" content=\"4 minutes\" \/>\n<!-- \/ Yoast SEO Premium plugin. -->","yoast_head_json":{"title":"Marco G\u00e1lvez: \"Ho avuto la fortuna di crescere nell'Eninter Ascensores con valori come il lavoro di squadra e l'impegno\". - ENINTER","robots":{"index":"index","follow":"follow","max-snippet":"max-snippet:-1","max-image-preview":"max-image-preview:large","max-video-preview":"max-video-preview:-1"},"canonical":"https:\/\/www.eninter.com\/it-ch\/marco-galvez-ho-avuto-la-fortuna-di-crescere-nelleninter-ascensores-con-valori-come-il-lavoro-di-squadra-e-limpegno\/","og_locale":"it_IT","og_type":"article","og_title":"Marco G\u00e1lvez: \"Ho avuto la fortuna di crescere nell'Eninter Ascensores con valori come il lavoro di squadra e l'impegno\".","og_description":"&#13; L&#8217;obiettivo principale di #EninterAscensores \u00e8 quello di migliorare la qualit\u00e0 della vita dei nostri clienti, indipendentemente dalla loro et\u00e0. Questa volta abbiamo deciso di concentrarci sul pubblico pi\u00f9 giovane, poich\u00e9 in Eninter Ascensores siamo impegnati nell&#8217;educazione, perch\u00e9 siamo consapevoli che il futuro del nostro pianeta e della nostra societ\u00e0 \u00e8 nelle loro mani. &#13; [&hellip;]","og_url":"https:\/\/www.eninter.com\/it-ch\/marco-galvez-ho-avuto-la-fortuna-di-crescere-nelleninter-ascensores-con-valori-come-il-lavoro-di-squadra-e-limpegno\/","og_site_name":"ENINTER","article_publisher":"https:\/\/www.facebook.com\/EninterAscensores","article_published_time":"2021-05-19T10:26:14+00:00","article_modified_time":"2024-02-20T10:49:08+00:00","og_image":[{"width":770,"height":514,"url":"https:\/\/www.eninter.com\/wp-content\/uploads\/2021\/05\/Entrevsita-a-Marco770514.png","type":"image\/png"}],"author":"Albert Puig","twitter_card":"summary_large_image","twitter_creator":"@Eninter","twitter_site":"@Eninter","twitter_misc":{"Written by":"Albert Puig","Est. reading time":"4 minutes"},"schema":{"@context":"https:\/\/schema.org","@graph":[{"@type":"Article","@id":"https:\/\/www.eninter.com\/it-ch\/marco-galvez-ho-avuto-la-fortuna-di-crescere-nelleninter-ascensores-con-valori-come-il-lavoro-di-squadra-e-limpegno\/#article","isPartOf":{"@id":"https:\/\/www.eninter.com\/it-ch\/marco-galvez-ho-avuto-la-fortuna-di-crescere-nelleninter-ascensores-con-valori-come-il-lavoro-di-squadra-e-limpegno\/"},"author":{"name":"Albert Puig","@id":"https:\/\/www.eninter.com\/it-ch\/#\/schema\/person\/e6178c261ac4210884c0e0264dd59043"},"headline":"Marco G\u00e1lvez: &#8220;Ho avuto la fortuna di crescere nell&#8217;Eninter Ascensores con valori come il lavoro di squadra e l&#8217;impegno&#8221;.","datePublished":"2021-05-19T10:26:14+00:00","dateModified":"2024-02-20T10:49:08+00:00","mainEntityOfPage":{"@id":"https:\/\/www.eninter.com\/it-ch\/marco-galvez-ho-avuto-la-fortuna-di-crescere-nelleninter-ascensores-con-valori-come-il-lavoro-di-squadra-e-limpegno\/"},"wordCount":754,"publisher":{"@id":"https:\/\/www.eninter.com\/it-ch\/#organization"},"image":{"@id":"https:\/\/www.eninter.com\/it-ch\/marco-galvez-ho-avuto-la-fortuna-di-crescere-nelleninter-ascensores-con-valori-come-il-lavoro-di-squadra-e-limpegno\/#primaryimage"},"thumbnailUrl":"https:\/\/www.eninter.com\/wp-content\/uploads\/2021\/05\/Entrevsita-a-Marco770514.png","articleSection":["Informazioni su Eninter"],"inLanguage":"it-CH"},{"@type":"WebPage","@id":"https:\/\/www.eninter.com\/it-ch\/marco-galvez-ho-avuto-la-fortuna-di-crescere-nelleninter-ascensores-con-valori-come-il-lavoro-di-squadra-e-limpegno\/","url":"https:\/\/www.eninter.com\/it-ch\/marco-galvez-ho-avuto-la-fortuna-di-crescere-nelleninter-ascensores-con-valori-come-il-lavoro-di-squadra-e-limpegno\/","name":"Marco G\u00e1lvez: \"Ho avuto la fortuna di crescere nell'Eninter Ascensores con valori come il lavoro di squadra e l'impegno\". - ENINTER","isPartOf":{"@id":"https:\/\/www.eninter.com\/it-ch\/#website"},"primaryImageOfPage":{"@id":"https:\/\/www.eninter.com\/it-ch\/marco-galvez-ho-avuto-la-fortuna-di-crescere-nelleninter-ascensores-con-valori-come-il-lavoro-di-squadra-e-limpegno\/#primaryimage"},"image":{"@id":"https:\/\/www.eninter.com\/it-ch\/marco-galvez-ho-avuto-la-fortuna-di-crescere-nelleninter-ascensores-con-valori-come-il-lavoro-di-squadra-e-limpegno\/#primaryimage"},"thumbnailUrl":"https:\/\/www.eninter.com\/wp-content\/uploads\/2021\/05\/Entrevsita-a-Marco770514.png","datePublished":"2021-05-19T10:26:14+00:00","dateModified":"2024-02-20T10:49:08+00:00","breadcrumb":{"@id":"https:\/\/www.eninter.com\/it-ch\/marco-galvez-ho-avuto-la-fortuna-di-crescere-nelleninter-ascensores-con-valori-come-il-lavoro-di-squadra-e-limpegno\/#breadcrumb"},"inLanguage":"it-CH","potentialAction":[{"@type":"ReadAction","target":["https:\/\/www.eninter.com\/it-ch\/marco-galvez-ho-avuto-la-fortuna-di-crescere-nelleninter-ascensores-con-valori-come-il-lavoro-di-squadra-e-limpegno\/"]}]},{"@type":"ImageObject","inLanguage":"it-CH","@id":"https:\/\/www.eninter.com\/it-ch\/marco-galvez-ho-avuto-la-fortuna-di-crescere-nelleninter-ascensores-con-valori-come-il-lavoro-di-squadra-e-limpegno\/#primaryimage","url":"https:\/\/www.eninter.com\/wp-content\/uploads\/2021\/05\/Entrevsita-a-Marco770514.png","contentUrl":"https:\/\/www.eninter.com\/wp-content\/uploads\/2021\/05\/Entrevsita-a-Marco770514.png","width":770,"height":514,"caption":"crecer en eninter ascensores"},{"@type":"BreadcrumbList","@id":"https:\/\/www.eninter.com\/it-ch\/marco-galvez-ho-avuto-la-fortuna-di-crescere-nelleninter-ascensores-con-valori-come-il-lavoro-di-squadra-e-limpegno\/#breadcrumb","itemListElement":[{"@type":"ListItem","position":1,"name":"Portada","item":"https:\/\/www.eninter.com\/it-ch\/"},{"@type":"ListItem","position":2,"name":"Marco G\u00e1lvez: \u00abHo avuto la fortuna di crescere nell&#8217;Eninter Ascensores con valori come il lavoro di squadra e l&#8217;impegno\u00bb."}]},{"@type":"WebSite","@id":"https:\/\/www.eninter.com\/it-ch\/#website","url":"https:\/\/www.eninter.com\/it-ch\/","name":"ENINTER","description":"Mantenimiento de Ascensores Multimarca","publisher":{"@id":"https:\/\/www.eninter.com\/it-ch\/#organization"},"potentialAction":[{"@type":"SearchAction","target":{"@type":"EntryPoint","urlTemplate":"https:\/\/www.eninter.com\/it-ch\/?s={search_term_string}"},"query-input":{"@type":"PropertyValueSpecification","valueRequired":true,"valueName":"search_term_string"}}],"inLanguage":"it-CH"},{"@type":"Organization","@id":"https:\/\/www.eninter.com\/it-ch\/#organization","name":"Eniter","url":"https:\/\/www.eninter.com\/it-ch\/","logo":{"@type":"ImageObject","inLanguage":"it-CH","@id":"https:\/\/www.eninter.com\/it-ch\/#\/schema\/logo\/image\/","url":"https:\/\/www.eninter.com\/wp-content\/uploads\/2023\/08\/logo-eninter-png.png","contentUrl":"https:\/\/www.eninter.com\/wp-content\/uploads\/2023\/08\/logo-eninter-png.png","width":600,"height":340,"caption":"Eniter"},"image":{"@id":"https:\/\/www.eninter.com\/it-ch\/#\/schema\/logo\/image\/"},"sameAs":["https:\/\/www.facebook.com\/EninterAscensores","https:\/\/x.com\/Eninter","https:\/\/www.instagram.com\/eninterascensores\/","https:\/\/www.youtube.com\/user\/ascensoreseninter"]},{"@type":"Person","@id":"https:\/\/www.eninter.com\/it-ch\/#\/schema\/person\/e6178c261ac4210884c0e0264dd59043","name":"Albert Puig","image":{"@type":"ImageObject","inLanguage":"it-CH","@id":"https:\/\/secure.gravatar.com\/avatar\/583d07f3f1036f58d0e44e873586278b582179a16b27a5b3951504e9ee001c06?s=96&d=mm&r=g","url":"https:\/\/secure.gravatar.com\/avatar\/583d07f3f1036f58d0e44e873586278b582179a16b27a5b3951504e9ee001c06?s=96&d=mm&r=g","contentUrl":"https:\/\/secure.gravatar.com\/avatar\/583d07f3f1036f58d0e44e873586278b582179a16b27a5b3951504e9ee001c06?s=96&d=mm&r=g","caption":"Albert Puig"}}]}},"_links":{"self":[{"href":"https:\/\/www.eninter.com\/it-ch\/wp-json\/wp\/v2\/posts\/12791","targetHints":{"allow":["GET"]}}],"collection":[{"href":"https:\/\/www.eninter.com\/it-ch\/wp-json\/wp\/v2\/posts"}],"about":[{"href":"https:\/\/www.eninter.com\/it-ch\/wp-json\/wp\/v2\/types\/post"}],"author":[{"embeddable":true,"href":"https:\/\/www.eninter.com\/it-ch\/wp-json\/wp\/v2\/users\/3"}],"replies":[{"embeddable":true,"href":"https:\/\/www.eninter.com\/it-ch\/wp-json\/wp\/v2\/comments?post=12791"}],"version-history":[{"count":0,"href":"https:\/\/www.eninter.com\/it-ch\/wp-json\/wp\/v2\/posts\/12791\/revisions"}],"wp:featuredmedia":[{"embeddable":true,"href":"https:\/\/www.eninter.com\/it-ch\/wp-json\/wp\/v2\/media\/14016"}],"wp:attachment":[{"href":"https:\/\/www.eninter.com\/it-ch\/wp-json\/wp\/v2\/media?parent=12791"}],"wp:term":[{"taxonomy":"category","embeddable":true,"href":"https:\/\/www.eninter.com\/it-ch\/wp-json\/wp\/v2\/categories?post=12791"},{"taxonomy":"post_tag","embeddable":true,"href":"https:\/\/www.eninter.com\/it-ch\/wp-json\/wp\/v2\/tags?post=12791"}],"curies":[{"name":"wp","href":"https:\/\/api.w.org\/{rel}","templated":true}]}}