{"id":12797,"date":"2022-01-17T10:14:17","date_gmt":"2022-01-17T10:14:17","guid":{"rendered":"https:\/\/www.eninter.com\/la-cabina-un-ulteriore-elemento-di-decorazione-da-integrare-nelledificio\/"},"modified":"2022-01-17T10:14:17","modified_gmt":"2022-01-17T10:14:17","slug":"la-cabina-un-ulteriore-elemento-di-decorazione-da-integrare-nelledificio","status":"publish","type":"post","link":"https:\/\/www.eninter.com\/it-ch\/la-cabina-un-ulteriore-elemento-di-decorazione-da-integrare-nelledificio\/","title":{"rendered":"La cabina, un ulteriore elemento di decorazione da integrare nell&#8217;edificio."},"content":{"rendered":"<p>Se avete viaggiato in un ascensore e siete andati via con una sensazione sgradevole, molto probabilmente \u00e8 perch\u00e9 la macchina non era di vostro gradimento o non era ben curata.<\/p>\n<p>La cabina \u00e8 lo spazio dell&#8217;ascensore in cui viaggiano gli utenti. \u00c8 molto importante avere una cabina di buona qualit\u00e0 che si adatti alle esigenze dell&#8217;edificio e, soprattutto nel caso di persone a mobilit\u00e0 ridotta, \u00e8 essenziale che la cabina sia dotata di strutture di accesso per loro.<\/p>\n<p>Le finiture interne della vettura sono fondamentali per trasmettere determinate sensazioni all&#8217;interno dell&#8217;ascensore. Una cabina color crema e ben illuminata pu\u00f2 trasmettere al viaggiatore un senso di pace e tranquillit\u00e0, che pu\u00f2 essere ideale in un centro relax, ma che potrebbe non essere appropriato, ad esempio, in un centro tecnologico. La cabina \u00e8 un elemento dell&#8217;ascensore che deve essere integrato nell&#8217;edificio, ma deve essere intesa come un altro elemento di decorazione, capace di trasmettere all&#8217;utente la sensazione desiderata.<\/p>\n<p>Eninter Ascensores dispone di una<a href=\"https:\/\/www.eninter.com\/cabinas-ascensores.php\"> variet\u00e0 di modelli<\/a>, ognuno dei quali \u00e8 stato concepito per trasportare il viaggiatore in una sensazione diversa. Di seguito sono illustrati i dettagli:<\/p>\n<p>Il nostro <strong>modello zen<\/strong> combina eleganza e leggerezza. Il design, come suggerisce il nome, \u00e8 stato progettato per rendere la cabina uno spazio di pace e tranquillit\u00e0. L&#8217;interno della cabina Zen \u00e8 ideale per chi non vuole complicazioni. \u00c8 il modello pi\u00f9 sobrio della gamma. <a href=\"http:\/\/eninter.com\"><br \/>\n  <strong>Ascensori Eninter<\/strong><br \/>\n<\/a>. Si caratterizza per la sua semplicit\u00e0 e praticit\u00e0. Se cercate un&#8217;opzione pratica, semplice ed economica, questa \u00e8 la scelta migliore.<\/p>\n<p>Il <strong>modello Joy<\/strong> \u00e8 moderno e disponibile in diversi colori. Se volete uscire dai sentieri battuti e volete che gli interni della vostra cabina siano colorati, non esitate pi\u00f9. Questa \u00e8 la vostra opzione. Basta scegliere uno dei colori del nostro catalogo o semplicemente dire il vostro colore preferito, e noi lo dipingeremo per voi; cos\u00ec, senza ulteriori complicazioni.<\/p>\n<p>La nostra <strong>cabina Wild<\/strong> \u00e8 un modello funzionale e pratico, pur rimanendo elegante. \u00c8 la prima cabina modulare sul mercato e la pi\u00f9 economica da mantenere. Il suo esclusivo sistema di montaggio consente di sostituire i pannelli senza dover smontare l&#8217;intera cabina. In questo modo, potrete avere sempre la vostra cabina in perfette condizioni o addirittura rinnovarla a costi molto bassi. Se volete versatilit\u00e0, praticit\u00e0 e la libert\u00e0 di mantenere la vostra cabina in buone condizioni, non esitate e scegliete WILD.<\/p>\n<p>Il <strong>modello dell&#8217;anima<\/strong> \u00e8 tanto flessibile quanto spettacolare. \u00c8 l&#8217;opzione in cui creativit\u00e0 e libert\u00e0 si fondono per trasportare i viaggiatori in un&#8217;altra dimensione: paesaggi spettacolari, citt\u00e0 emblematiche, tutto \u00e8 possibile. Liberate la vostra immaginazione e scoprite fin dove pu\u00f2 arrivare. Non lasciate che il convenzionale segni la vostra vita quotidiana. Combinate immagini, scegliete i colori e create qualcosa di unico che si integri perfettamente con il vostro edificio e con ci\u00f2 che volete che gli utenti dell&#8217;ascensore sentano durante il viaggio.<\/p>\n<p>Il <strong>Compact Lift \u00e8 il sollevatore<\/strong> pi\u00f9 personale di Eninter. Pensato e progettato per coesistere in case unifamiliari o bifamiliari. Se la vostra cabina \u00e8 un modello lento e modulare, questa cabina \u00e8 quella che fa al caso vostro. \u00c8 ideale per spazi piccoli e ristretti con poco traffico pedonale. Se avete un ascensore all&#8217;interno della vostra abitazione privata, avete bisogno di uno di questi nuovi modelli. Non rinunciate allo stile anche se non uscite di casa.<\/p>\n<p>La nostra <strong>cabina panoramica<\/strong> \u00e8 l&#8217;ideale per chi non vuole sentirsi chiuso in casa e sceglie di continuare a guardare il paesaggio esterno e la vista spettacolare della citt\u00e0 mentre viaggia in ascensore.<\/p>\n<p>Per Eninter Ascensores, l&#8217;ascensore non \u00e8 solo un apparecchio che ci permette di migliorare la qualit\u00e0 della vita, ma la cabina \u00e8 anche un elemento di decorazione che deve essere integrato in uno stile specifico. Per ottenere questo risultato, una buona scelta della cabina \u00e8 fondamentale per creare l&#8217;ambiente desiderato.<\/p>\n","protected":false},"excerpt":{"rendered":"<p>Se avete viaggiato in un ascensore e siete andati via con una sensazione sgradevole, molto probabilmente \u00e8 perch\u00e9 la macchina non era di vostro gradimento o non era ben curata. La cabina \u00e8 lo spazio dell&#8217;ascensore in cui viaggiano gli utenti. \u00c8 molto importante avere una cabina di buona qualit\u00e0 che si adatti alle esigenze [&hellip;]<\/p>\n","protected":false},"author":3,"featured_media":12801,"comment_status":"open","ping_status":"open","sticky":false,"template":"","format":"standard","meta":{"_acf_changed":false,"content-type":"","footnotes":""},"categories":[370],"tags":[],"class_list":["post-12797","post","type-post","status-publish","format-standard","has-post-thumbnail","hentry","category-ascensori-it-ch"],"acf":[],"_yoast_wpseo_focuskw":"La cabina come elemento decorativo","_yoast_wpseo_metadesc":"La cabina \u00e8 lo spazio dell'ascensore in cui viaggiano gli utenti. \u00c8 molto importante che la cabina sia adattata alle esigenze dell'edificio.","yoast_head":"<!-- This site is optimized with the Yoast SEO Premium plugin v21.6 (Yoast SEO v27.2) - https:\/\/yoast.com\/product\/yoast-seo-premium-wordpress\/ -->\n<title>%<\/title>\n<meta name=\"description\" content=\"La cabina \u00e8 lo spazio dell&#039;ascensore in cui viaggiano gli utenti. \u00c8 molto importante che la cabina sia adattata alle esigenze dell&#039;edificio.\" \/>\n<meta name=\"robots\" content=\"index, follow, max-snippet:-1, max-image-preview:large, max-video-preview:-1\" \/>\n<link rel=\"canonical\" href=\"https:\/\/www.eninter.com\/it-ch\/la-cabina-un-ulteriore-elemento-di-decorazione-da-integrare-nelledificio\/\" \/>\n<meta property=\"og:locale\" content=\"it_IT\" \/>\n<meta property=\"og:type\" content=\"article\" \/>\n<meta property=\"og:title\" content=\"La cabina, un ulteriore elemento di decorazione da integrare nell&#039;edificio.\" \/>\n<meta property=\"og:description\" content=\"La cabina \u00e8 lo spazio dell&#039;ascensore in cui viaggiano gli utenti. \u00c8 molto importante che la cabina sia adattata alle esigenze dell&#039;edificio.\" \/>\n<meta property=\"og:url\" content=\"https:\/\/www.eninter.com\/it-ch\/la-cabina-un-ulteriore-elemento-di-decorazione-da-integrare-nelledificio\/\" \/>\n<meta property=\"og:site_name\" content=\"ENINTER\" \/>\n<meta property=\"article:publisher\" content=\"https:\/\/www.facebook.com\/EninterAscensores\" \/>\n<meta property=\"article:published_time\" content=\"2022-01-17T10:14:17+00:00\" \/>\n<meta property=\"og:image\" content=\"https:\/\/www.eninter.com\/wp-content\/uploads\/2022\/01\/La-cabina-elemento-de-decoracion.jpeg\" \/>\n\t<meta property=\"og:image:width\" content=\"790\" \/>\n\t<meta property=\"og:image:height\" content=\"444\" \/>\n\t<meta property=\"og:image:type\" content=\"image\/jpeg\" \/>\n<meta name=\"author\" content=\"Albert Puig\" \/>\n<meta name=\"twitter:card\" content=\"summary_large_image\" \/>\n<meta name=\"twitter:creator\" content=\"@Eninter\" \/>\n<meta name=\"twitter:site\" content=\"@Eninter\" \/>\n<meta name=\"twitter:label1\" content=\"Written by\" \/>\n\t<meta name=\"twitter:data1\" content=\"Albert Puig\" \/>\n\t<meta name=\"twitter:label2\" content=\"Est. reading time\" \/>\n\t<meta name=\"twitter:data2\" content=\"3 minutes\" \/>\n<!-- \/ Yoast SEO Premium plugin. -->","yoast_head_json":{"title":"%","description":"La cabina \u00e8 lo spazio dell'ascensore in cui viaggiano gli utenti. \u00c8 molto importante che la cabina sia adattata alle esigenze dell'edificio.","robots":{"index":"index","follow":"follow","max-snippet":"max-snippet:-1","max-image-preview":"max-image-preview:large","max-video-preview":"max-video-preview:-1"},"canonical":"https:\/\/www.eninter.com\/it-ch\/la-cabina-un-ulteriore-elemento-di-decorazione-da-integrare-nelledificio\/","og_locale":"it_IT","og_type":"article","og_title":"La cabina, un ulteriore elemento di decorazione da integrare nell'edificio.","og_description":"La cabina \u00e8 lo spazio dell'ascensore in cui viaggiano gli utenti. \u00c8 molto importante che la cabina sia adattata alle esigenze dell'edificio.","og_url":"https:\/\/www.eninter.com\/it-ch\/la-cabina-un-ulteriore-elemento-di-decorazione-da-integrare-nelledificio\/","og_site_name":"ENINTER","article_publisher":"https:\/\/www.facebook.com\/EninterAscensores","article_published_time":"2022-01-17T10:14:17+00:00","og_image":[{"width":790,"height":444,"url":"https:\/\/www.eninter.com\/wp-content\/uploads\/2022\/01\/La-cabina-elemento-de-decoracion.jpeg","type":"image\/jpeg"}],"author":"Albert Puig","twitter_card":"summary_large_image","twitter_creator":"@Eninter","twitter_site":"@Eninter","twitter_misc":{"Written by":"Albert Puig","Est. reading time":"3 minutes"},"schema":{"@context":"https:\/\/schema.org","@graph":[{"@type":"Article","@id":"https:\/\/www.eninter.com\/it-ch\/la-cabina-un-ulteriore-elemento-di-decorazione-da-integrare-nelledificio\/#article","isPartOf":{"@id":"https:\/\/www.eninter.com\/it-ch\/la-cabina-un-ulteriore-elemento-di-decorazione-da-integrare-nelledificio\/"},"author":{"name":"Albert Puig","@id":"https:\/\/www.eninter.com\/it-ch\/#\/schema\/person\/e6178c261ac4210884c0e0264dd59043"},"headline":"La cabina, un ulteriore elemento di decorazione da integrare nell&#8217;edificio.","datePublished":"2022-01-17T10:14:17+00:00","mainEntityOfPage":{"@id":"https:\/\/www.eninter.com\/it-ch\/la-cabina-un-ulteriore-elemento-di-decorazione-da-integrare-nelledificio\/"},"wordCount":637,"commentCount":0,"publisher":{"@id":"https:\/\/www.eninter.com\/it-ch\/#organization"},"image":{"@id":"https:\/\/www.eninter.com\/it-ch\/la-cabina-un-ulteriore-elemento-di-decorazione-da-integrare-nelledificio\/#primaryimage"},"thumbnailUrl":"https:\/\/www.eninter.com\/wp-content\/uploads\/2022\/01\/La-cabina-elemento-de-decoracion.jpeg","articleSection":["Ascensori"],"inLanguage":"it-CH","potentialAction":[{"@type":"CommentAction","name":"Comment","target":["https:\/\/www.eninter.com\/it-ch\/la-cabina-un-ulteriore-elemento-di-decorazione-da-integrare-nelledificio\/#respond"]}]},{"@type":"WebPage","@id":"https:\/\/www.eninter.com\/it-ch\/la-cabina-un-ulteriore-elemento-di-decorazione-da-integrare-nelledificio\/","url":"https:\/\/www.eninter.com\/it-ch\/la-cabina-un-ulteriore-elemento-di-decorazione-da-integrare-nelledificio\/","name":"%","isPartOf":{"@id":"https:\/\/www.eninter.com\/it-ch\/#website"},"primaryImageOfPage":{"@id":"https:\/\/www.eninter.com\/it-ch\/la-cabina-un-ulteriore-elemento-di-decorazione-da-integrare-nelledificio\/#primaryimage"},"image":{"@id":"https:\/\/www.eninter.com\/it-ch\/la-cabina-un-ulteriore-elemento-di-decorazione-da-integrare-nelledificio\/#primaryimage"},"thumbnailUrl":"https:\/\/www.eninter.com\/wp-content\/uploads\/2022\/01\/La-cabina-elemento-de-decoracion.jpeg","datePublished":"2022-01-17T10:14:17+00:00","description":"La cabina \u00e8 lo spazio dell'ascensore in cui viaggiano gli utenti. \u00c8 molto importante che la cabina sia adattata alle esigenze dell'edificio.","breadcrumb":{"@id":"https:\/\/www.eninter.com\/it-ch\/la-cabina-un-ulteriore-elemento-di-decorazione-da-integrare-nelledificio\/#breadcrumb"},"inLanguage":"it-CH","potentialAction":[{"@type":"ReadAction","target":["https:\/\/www.eninter.com\/it-ch\/la-cabina-un-ulteriore-elemento-di-decorazione-da-integrare-nelledificio\/"]}]},{"@type":"ImageObject","inLanguage":"it-CH","@id":"https:\/\/www.eninter.com\/it-ch\/la-cabina-un-ulteriore-elemento-di-decorazione-da-integrare-nelledificio\/#primaryimage","url":"https:\/\/www.eninter.com\/wp-content\/uploads\/2022\/01\/La-cabina-elemento-de-decoracion.jpeg","contentUrl":"https:\/\/www.eninter.com\/wp-content\/uploads\/2022\/01\/La-cabina-elemento-de-decoracion.jpeg","width":790,"height":444,"caption":"La cabina elemento de decoracio\u0301n"},{"@type":"BreadcrumbList","@id":"https:\/\/www.eninter.com\/it-ch\/la-cabina-un-ulteriore-elemento-di-decorazione-da-integrare-nelledificio\/#breadcrumb","itemListElement":[{"@type":"ListItem","position":1,"name":"Portada","item":"https:\/\/www.eninter.com\/it-ch\/"},{"@type":"ListItem","position":2,"name":"La cabina, un ulteriore elemento di decorazione da integrare nell&#8217;edificio."}]},{"@type":"WebSite","@id":"https:\/\/www.eninter.com\/it-ch\/#website","url":"https:\/\/www.eninter.com\/it-ch\/","name":"ENINTER","description":"Mantenimiento de Ascensores Multimarca","publisher":{"@id":"https:\/\/www.eninter.com\/it-ch\/#organization"},"potentialAction":[{"@type":"SearchAction","target":{"@type":"EntryPoint","urlTemplate":"https:\/\/www.eninter.com\/it-ch\/?s={search_term_string}"},"query-input":{"@type":"PropertyValueSpecification","valueRequired":true,"valueName":"search_term_string"}}],"inLanguage":"it-CH"},{"@type":"Organization","@id":"https:\/\/www.eninter.com\/it-ch\/#organization","name":"Eniter","url":"https:\/\/www.eninter.com\/it-ch\/","logo":{"@type":"ImageObject","inLanguage":"it-CH","@id":"https:\/\/www.eninter.com\/it-ch\/#\/schema\/logo\/image\/","url":"https:\/\/www.eninter.com\/wp-content\/uploads\/2023\/08\/logo-eninter-png.png","contentUrl":"https:\/\/www.eninter.com\/wp-content\/uploads\/2023\/08\/logo-eninter-png.png","width":600,"height":340,"caption":"Eniter"},"image":{"@id":"https:\/\/www.eninter.com\/it-ch\/#\/schema\/logo\/image\/"},"sameAs":["https:\/\/www.facebook.com\/EninterAscensores","https:\/\/x.com\/Eninter","https:\/\/www.instagram.com\/eninterascensores\/","https:\/\/www.youtube.com\/user\/ascensoreseninter"]},{"@type":"Person","@id":"https:\/\/www.eninter.com\/it-ch\/#\/schema\/person\/e6178c261ac4210884c0e0264dd59043","name":"Albert Puig","image":{"@type":"ImageObject","inLanguage":"it-CH","@id":"https:\/\/secure.gravatar.com\/avatar\/583d07f3f1036f58d0e44e873586278b582179a16b27a5b3951504e9ee001c06?s=96&d=mm&r=g","url":"https:\/\/secure.gravatar.com\/avatar\/583d07f3f1036f58d0e44e873586278b582179a16b27a5b3951504e9ee001c06?s=96&d=mm&r=g","contentUrl":"https:\/\/secure.gravatar.com\/avatar\/583d07f3f1036f58d0e44e873586278b582179a16b27a5b3951504e9ee001c06?s=96&d=mm&r=g","caption":"Albert Puig"}}]}},"_links":{"self":[{"href":"https:\/\/www.eninter.com\/it-ch\/wp-json\/wp\/v2\/posts\/12797","targetHints":{"allow":["GET"]}}],"collection":[{"href":"https:\/\/www.eninter.com\/it-ch\/wp-json\/wp\/v2\/posts"}],"about":[{"href":"https:\/\/www.eninter.com\/it-ch\/wp-json\/wp\/v2\/types\/post"}],"author":[{"embeddable":true,"href":"https:\/\/www.eninter.com\/it-ch\/wp-json\/wp\/v2\/users\/3"}],"replies":[{"embeddable":true,"href":"https:\/\/www.eninter.com\/it-ch\/wp-json\/wp\/v2\/comments?post=12797"}],"version-history":[{"count":0,"href":"https:\/\/www.eninter.com\/it-ch\/wp-json\/wp\/v2\/posts\/12797\/revisions"}],"wp:featuredmedia":[{"embeddable":true,"href":"https:\/\/www.eninter.com\/it-ch\/wp-json\/wp\/v2\/media\/12801"}],"wp:attachment":[{"href":"https:\/\/www.eninter.com\/it-ch\/wp-json\/wp\/v2\/media?parent=12797"}],"wp:term":[{"taxonomy":"category","embeddable":true,"href":"https:\/\/www.eninter.com\/it-ch\/wp-json\/wp\/v2\/categories?post=12797"},{"taxonomy":"post_tag","embeddable":true,"href":"https:\/\/www.eninter.com\/it-ch\/wp-json\/wp\/v2\/tags?post=12797"}],"curies":[{"name":"wp","href":"https:\/\/api.w.org\/{rel}","templated":true}]}}