{"id":12799,"date":"2021-10-25T11:39:11","date_gmt":"2021-10-25T10:39:11","guid":{"rendered":"https:\/\/www.eninter.com\/eninter-ascensores-partecipa-alla-ricostruzione-di-un-edificio-distrutto-da-un-incendio\/"},"modified":"2021-10-25T11:39:11","modified_gmt":"2021-10-25T11:39:11","slug":"eninter-ascensores-partecipa-alla-ricostruzione-di-un-edificio-distrutto-da-un-incendio","status":"publish","type":"post","link":"https:\/\/www.eninter.com\/it-ch\/eninter-ascensores-partecipa-alla-ricostruzione-di-un-edificio-distrutto-da-un-incendio\/","title":{"rendered":"Eninter Ascensores partecipa alla ricostruzione di un edificio distrutto da un incendio"},"content":{"rendered":"<p>Nel novembre 2017, le fiamme hanno avvolto un edificio nel quartiere Pepri della citt\u00e0 vecchia di A Coru\u00f1a. Oggi, quattro anni dopo, l&#8217;edificio bruciato, che risale al 1850 ed \u00e8 considerato un bene di interesse culturale all&#8217;interno del complesso storico, sembra nuovo.<\/p>\n<p>Attualmente l&#8217;edificio \u00e8 una casa unifamiliare di 156 metri quadrati con un piano terra, due piani superiori, una mansarda e, naturalmente, un ascensore. Per <strong>Eninter Ascensores<\/strong> \u00e8 stato un onore poter partecipare alla sfida di questa ristrutturazione realizzata da <a href=\"http:\/\/enreforma.net\/\">Enreforma<\/a>.<\/p>\n<p>Per quanto riguarda la nostra partecipazione alla ristrutturazione, tenendo conto di aspetti quali la velocit\u00e0 ideale, il carico da sollevare, lo spazio disponibile e le caratteristiche specifiche dell&#8217;edificio, si \u00e8 deciso di installare un <strong>ascensore<\/strong> idraulico.<\/p>\n<p>Ci\u00f2 che caratterizza questo tipo di <a href=\"https:\/\/www.eninter.com\/blog\/ascensores\/\">ascensore<\/a> \u00e8 che \u00e8 azionato da una pompa accoppiata a un motore elettrico. La cabina sale grazie all&#8217;iniezione di olio pressurizzato attraverso un blocco valvole e la discesa \u00e8 possibile grazie alla forza di gravit\u00e0, poich\u00e9 \u00e8 il peso della cabina stessa a provocarla. Qualche anno fa, questi sollevatori erano meno rumorosi e molto pi\u00f9 scorrevoli da trasportare, ma la verit\u00e0 \u00e8 che oggi i progressi dei <strong>sollevatori elettrici<\/strong> sono riusciti a ridurre completamente queste differenze.<\/p>\n<p>Un&#8217;altra caratteristica essenziale di questo tipo di <strong>ascensore<\/strong> \u00e8 la capacit\u00e0 di adattarsi a spazi ridotti. Per questo motivo, tenendo conto della superficie disponibile e delle esigenze della casa, \u00e8 stato scelto questo tipo di apparecchio per la ristrutturazione a A Coru\u00f1a. L&#8217;ascensore dell&#8217;edificio galiziano \u00e8 stato progettato per un uso familiare moderato e quindi occupa poco spazio. Ha tre fermate ed \u00e8 considerato un ascensore lento, che raggiunge 0,15 metri al secondo. La velocit\u00e0 non era una considerazione primaria in una propriet\u00e0 familiare, ma lo era l&#8217;estetica, dato che si tratta di un edificio storico in cui l&#8217;apparecchio doveva essere integrato in un particolare stile di arredamento. Una <a href=\"https:\/\/www.eninter.com\/blog\/por-que-las-botoneras-de-eninter-ascensores-son-triangulares\/\">pulsantiera<\/a> orizzontale, un mezzo specchio nell&#8217;abitacolo per creare un senso di spazio e un corrimano sul retro sono alcuni degli elementi che hanno conferito l&#8217;eleganza necessaria affinch\u00e9 il dispositivo non stoni con l&#8217;ambiente. Come sottolinea l&#8217;architetto di <strong>Eninter Ascensores<\/strong>, &#8220;le finiture scelte si adattano perfettamente all&#8217;estetica dell&#8217;edificio&#8221;.<\/p>\n<p>La sfida di mescolare design, modernit\u00e0 e tradizione che l&#8217;installazione dell&#8217;ascensore rappresentava \u00e8 stata vinta con un risultato pi\u00f9 che soddisfacente: un dispositivo di design contemporaneo che si integra nella modernit\u00e0 della ristrutturazione senza per\u00f2 tralasciare la tradizione e gli elementi pi\u00f9 classici e naturali come il legno.<\/p>\n<p>La Voz de Galicia ha fatto eco alla riforma in questo ampio articolo, consultabile <a href=\"https:\/\/www.lavozdegalicia.es\/noticia\/coruna\/2021\/09\/30\/historia-casa-salvada-llamas-rescato-inmueble-coruna\/00031632996852879521722.htm?utm_source=whatsapp&amp;utm_medium=referral&amp;utm_campaign=share&amp;utm_content=00031632996852879521722\">qui<\/a>.<\/p>\n","protected":false},"excerpt":{"rendered":"<p>Nel novembre 2017, le fiamme hanno avvolto un edificio nel quartiere Pepri della citt\u00e0 vecchia di A Coru\u00f1a. Oggi, quattro anni dopo, l&#8217;edificio bruciato, che risale al 1850 ed \u00e8 considerato un bene di interesse culturale all&#8217;interno del complesso storico, sembra nuovo. Attualmente l&#8217;edificio \u00e8 una casa unifamiliare di 156 metri quadrati con un piano [&hellip;]<\/p>\n","protected":false},"author":3,"featured_media":12708,"comment_status":"closed","ping_status":"closed","sticky":false,"template":"","format":"standard","meta":{"_acf_changed":false,"content-type":"","footnotes":""},"categories":[370],"tags":[],"class_list":["post-12799","post","type-post","status-publish","format-standard","has-post-thumbnail","hentry","category-ascensori-it-ch"],"acf":[],"_yoast_wpseo_focuskw":"ricostruzione di un edificio distrutto da un incendio","_yoast_wpseo_metadesc":"La sfida di mescolare design, modernit\u00e0 e tradizione che l'installazione dell'ascensore rappresentava \u00e8 stata vinta con un risultato pi\u00f9 che soddisfacente: un dispositivo di design contemporaneo che si integra nella modernit\u00e0 della ristrutturazione senza per\u00f2 tralasciare la tradizione e gli elementi pi\u00f9 classici e naturali come il legno.","yoast_head":"<!-- This site is optimized with the Yoast SEO Premium plugin v21.6 (Yoast SEO v27.2) - https:\/\/yoast.com\/product\/yoast-seo-premium-wordpress\/ -->\n<title>| Eninter Ascensores<\/title>\n<meta name=\"description\" content=\"La sfida di mescolare design, modernit\u00e0 e tradizione che l&#039;installazione dell&#039;ascensore rappresentava \u00e8 stata vinta con un risultato pi\u00f9 che soddisfacente: un dispositivo di design contemporaneo che si integra nella modernit\u00e0 della ristrutturazione senza per\u00f2 tralasciare la tradizione e gli elementi pi\u00f9 classici e naturali come il legno.\" \/>\n<meta name=\"robots\" content=\"index, follow, max-snippet:-1, max-image-preview:large, max-video-preview:-1\" \/>\n<link rel=\"canonical\" href=\"https:\/\/www.eninter.com\/it-ch\/eninter-ascensores-partecipa-alla-ricostruzione-di-un-edificio-distrutto-da-un-incendio\/\" \/>\n<meta property=\"og:locale\" content=\"it_IT\" \/>\n<meta property=\"og:type\" content=\"article\" \/>\n<meta property=\"og:title\" content=\"Eninter Ascensores partecipa alla ricostruzione di un edificio distrutto da un incendio\" \/>\n<meta property=\"og:description\" content=\"La sfida di mescolare design, modernit\u00e0 e tradizione che l&#039;installazione dell&#039;ascensore rappresentava \u00e8 stata vinta con un risultato pi\u00f9 che soddisfacente: un dispositivo di design contemporaneo che si integra nella modernit\u00e0 della ristrutturazione senza per\u00f2 tralasciare la tradizione e gli elementi pi\u00f9 classici e naturali come il legno.\" \/>\n<meta property=\"og:url\" content=\"https:\/\/www.eninter.com\/it-ch\/eninter-ascensores-partecipa-alla-ricostruzione-di-un-edificio-distrutto-da-un-incendio\/\" \/>\n<meta property=\"og:site_name\" content=\"ENINTER\" \/>\n<meta property=\"article:publisher\" content=\"https:\/\/www.facebook.com\/EninterAscensores\" \/>\n<meta property=\"article:published_time\" content=\"2021-10-25T10:39:11+00:00\" \/>\n<meta property=\"article:modified_time\" content=\"2021-10-25T11:39:11+00:00\" \/>\n<meta property=\"og:image\" content=\"https:\/\/www.eninter.com\/wp-content\/uploads\/2021\/10\/reconstruccion-de-un-inmueble-destruido-por-la-llamas.jpeg\" \/>\n\t<meta property=\"og:image:width\" content=\"790\" \/>\n\t<meta property=\"og:image:height\" content=\"444\" \/>\n\t<meta property=\"og:image:type\" content=\"image\/jpeg\" \/>\n<meta name=\"author\" content=\"Albert Puig\" \/>\n<meta name=\"twitter:card\" content=\"summary_large_image\" \/>\n<meta name=\"twitter:creator\" content=\"@Eninter\" \/>\n<meta name=\"twitter:site\" content=\"@Eninter\" \/>\n<meta name=\"twitter:label1\" content=\"Written by\" \/>\n\t<meta name=\"twitter:data1\" content=\"Albert Puig\" \/>\n\t<meta name=\"twitter:label2\" content=\"Est. reading time\" \/>\n\t<meta name=\"twitter:data2\" content=\"2 minutes\" \/>\n<!-- \/ Yoast SEO Premium plugin. -->","yoast_head_json":{"title":"| Eninter Ascensores","description":"La sfida di mescolare design, modernit\u00e0 e tradizione che l'installazione dell'ascensore rappresentava \u00e8 stata vinta con un risultato pi\u00f9 che soddisfacente: un dispositivo di design contemporaneo che si integra nella modernit\u00e0 della ristrutturazione senza per\u00f2 tralasciare la tradizione e gli elementi pi\u00f9 classici e naturali come il legno.","robots":{"index":"index","follow":"follow","max-snippet":"max-snippet:-1","max-image-preview":"max-image-preview:large","max-video-preview":"max-video-preview:-1"},"canonical":"https:\/\/www.eninter.com\/it-ch\/eninter-ascensores-partecipa-alla-ricostruzione-di-un-edificio-distrutto-da-un-incendio\/","og_locale":"it_IT","og_type":"article","og_title":"Eninter Ascensores partecipa alla ricostruzione di un edificio distrutto da un incendio","og_description":"La sfida di mescolare design, modernit\u00e0 e tradizione che l'installazione dell'ascensore rappresentava \u00e8 stata vinta con un risultato pi\u00f9 che soddisfacente: un dispositivo di design contemporaneo che si integra nella modernit\u00e0 della ristrutturazione senza per\u00f2 tralasciare la tradizione e gli elementi pi\u00f9 classici e naturali come il legno.","og_url":"https:\/\/www.eninter.com\/it-ch\/eninter-ascensores-partecipa-alla-ricostruzione-di-un-edificio-distrutto-da-un-incendio\/","og_site_name":"ENINTER","article_publisher":"https:\/\/www.facebook.com\/EninterAscensores","article_published_time":"2021-10-25T10:39:11+00:00","article_modified_time":"2021-10-25T11:39:11+00:00","og_image":[{"width":790,"height":444,"url":"https:\/\/www.eninter.com\/wp-content\/uploads\/2021\/10\/reconstruccion-de-un-inmueble-destruido-por-la-llamas.jpeg","type":"image\/jpeg"}],"author":"Albert Puig","twitter_card":"summary_large_image","twitter_creator":"@Eninter","twitter_site":"@Eninter","twitter_misc":{"Written by":"Albert Puig","Est. reading time":"2 minutes"},"schema":{"@context":"https:\/\/schema.org","@graph":[{"@type":"Article","@id":"https:\/\/www.eninter.com\/it-ch\/eninter-ascensores-partecipa-alla-ricostruzione-di-un-edificio-distrutto-da-un-incendio\/#article","isPartOf":{"@id":"https:\/\/www.eninter.com\/it-ch\/eninter-ascensores-partecipa-alla-ricostruzione-di-un-edificio-distrutto-da-un-incendio\/"},"author":{"name":"Albert Puig","@id":"https:\/\/www.eninter.com\/it-ch\/#\/schema\/person\/e6178c261ac4210884c0e0264dd59043"},"headline":"Eninter Ascensores partecipa alla ricostruzione di un edificio distrutto da un incendio","datePublished":"2021-10-25T10:39:11+00:00","dateModified":"2021-10-25T11:39:11+00:00","mainEntityOfPage":{"@id":"https:\/\/www.eninter.com\/it-ch\/eninter-ascensores-partecipa-alla-ricostruzione-di-un-edificio-distrutto-da-un-incendio\/"},"wordCount":433,"publisher":{"@id":"https:\/\/www.eninter.com\/it-ch\/#organization"},"image":{"@id":"https:\/\/www.eninter.com\/it-ch\/eninter-ascensores-partecipa-alla-ricostruzione-di-un-edificio-distrutto-da-un-incendio\/#primaryimage"},"thumbnailUrl":"https:\/\/www.eninter.com\/wp-content\/uploads\/2021\/10\/reconstruccion-de-un-inmueble-destruido-por-la-llamas.jpeg","articleSection":["Ascensori"],"inLanguage":"it-CH"},{"@type":"WebPage","@id":"https:\/\/www.eninter.com\/it-ch\/eninter-ascensores-partecipa-alla-ricostruzione-di-un-edificio-distrutto-da-un-incendio\/","url":"https:\/\/www.eninter.com\/it-ch\/eninter-ascensores-partecipa-alla-ricostruzione-di-un-edificio-distrutto-da-un-incendio\/","name":"| Eninter Ascensores","isPartOf":{"@id":"https:\/\/www.eninter.com\/it-ch\/#website"},"primaryImageOfPage":{"@id":"https:\/\/www.eninter.com\/it-ch\/eninter-ascensores-partecipa-alla-ricostruzione-di-un-edificio-distrutto-da-un-incendio\/#primaryimage"},"image":{"@id":"https:\/\/www.eninter.com\/it-ch\/eninter-ascensores-partecipa-alla-ricostruzione-di-un-edificio-distrutto-da-un-incendio\/#primaryimage"},"thumbnailUrl":"https:\/\/www.eninter.com\/wp-content\/uploads\/2021\/10\/reconstruccion-de-un-inmueble-destruido-por-la-llamas.jpeg","datePublished":"2021-10-25T10:39:11+00:00","dateModified":"2021-10-25T11:39:11+00:00","description":"La sfida di mescolare design, modernit\u00e0 e tradizione che l'installazione dell'ascensore rappresentava \u00e8 stata vinta con un risultato pi\u00f9 che soddisfacente: un dispositivo di design contemporaneo che si integra nella modernit\u00e0 della ristrutturazione senza per\u00f2 tralasciare la tradizione e gli elementi pi\u00f9 classici e naturali come il legno.","breadcrumb":{"@id":"https:\/\/www.eninter.com\/it-ch\/eninter-ascensores-partecipa-alla-ricostruzione-di-un-edificio-distrutto-da-un-incendio\/#breadcrumb"},"inLanguage":"it-CH","potentialAction":[{"@type":"ReadAction","target":["https:\/\/www.eninter.com\/it-ch\/eninter-ascensores-partecipa-alla-ricostruzione-di-un-edificio-distrutto-da-un-incendio\/"]}]},{"@type":"ImageObject","inLanguage":"it-CH","@id":"https:\/\/www.eninter.com\/it-ch\/eninter-ascensores-partecipa-alla-ricostruzione-di-un-edificio-distrutto-da-un-incendio\/#primaryimage","url":"https:\/\/www.eninter.com\/wp-content\/uploads\/2021\/10\/reconstruccion-de-un-inmueble-destruido-por-la-llamas.jpeg","contentUrl":"https:\/\/www.eninter.com\/wp-content\/uploads\/2021\/10\/reconstruccion-de-un-inmueble-destruido-por-la-llamas.jpeg","width":790,"height":444},{"@type":"BreadcrumbList","@id":"https:\/\/www.eninter.com\/it-ch\/eninter-ascensores-partecipa-alla-ricostruzione-di-un-edificio-distrutto-da-un-incendio\/#breadcrumb","itemListElement":[{"@type":"ListItem","position":1,"name":"Portada","item":"https:\/\/www.eninter.com\/it-ch\/"},{"@type":"ListItem","position":2,"name":"Eninter Ascensores partecipa alla ricostruzione di un edificio distrutto da un incendio"}]},{"@type":"WebSite","@id":"https:\/\/www.eninter.com\/it-ch\/#website","url":"https:\/\/www.eninter.com\/it-ch\/","name":"ENINTER","description":"Mantenimiento de Ascensores Multimarca","publisher":{"@id":"https:\/\/www.eninter.com\/it-ch\/#organization"},"potentialAction":[{"@type":"SearchAction","target":{"@type":"EntryPoint","urlTemplate":"https:\/\/www.eninter.com\/it-ch\/?s={search_term_string}"},"query-input":{"@type":"PropertyValueSpecification","valueRequired":true,"valueName":"search_term_string"}}],"inLanguage":"it-CH"},{"@type":"Organization","@id":"https:\/\/www.eninter.com\/it-ch\/#organization","name":"Eniter","url":"https:\/\/www.eninter.com\/it-ch\/","logo":{"@type":"ImageObject","inLanguage":"it-CH","@id":"https:\/\/www.eninter.com\/it-ch\/#\/schema\/logo\/image\/","url":"https:\/\/www.eninter.com\/wp-content\/uploads\/2023\/08\/logo-eninter-png.png","contentUrl":"https:\/\/www.eninter.com\/wp-content\/uploads\/2023\/08\/logo-eninter-png.png","width":600,"height":340,"caption":"Eniter"},"image":{"@id":"https:\/\/www.eninter.com\/it-ch\/#\/schema\/logo\/image\/"},"sameAs":["https:\/\/www.facebook.com\/EninterAscensores","https:\/\/x.com\/Eninter","https:\/\/www.instagram.com\/eninterascensores\/","https:\/\/www.youtube.com\/user\/ascensoreseninter"]},{"@type":"Person","@id":"https:\/\/www.eninter.com\/it-ch\/#\/schema\/person\/e6178c261ac4210884c0e0264dd59043","name":"Albert Puig","image":{"@type":"ImageObject","inLanguage":"it-CH","@id":"https:\/\/secure.gravatar.com\/avatar\/583d07f3f1036f58d0e44e873586278b582179a16b27a5b3951504e9ee001c06?s=96&d=mm&r=g","url":"https:\/\/secure.gravatar.com\/avatar\/583d07f3f1036f58d0e44e873586278b582179a16b27a5b3951504e9ee001c06?s=96&d=mm&r=g","contentUrl":"https:\/\/secure.gravatar.com\/avatar\/583d07f3f1036f58d0e44e873586278b582179a16b27a5b3951504e9ee001c06?s=96&d=mm&r=g","caption":"Albert Puig"}}]}},"_links":{"self":[{"href":"https:\/\/www.eninter.com\/it-ch\/wp-json\/wp\/v2\/posts\/12799","targetHints":{"allow":["GET"]}}],"collection":[{"href":"https:\/\/www.eninter.com\/it-ch\/wp-json\/wp\/v2\/posts"}],"about":[{"href":"https:\/\/www.eninter.com\/it-ch\/wp-json\/wp\/v2\/types\/post"}],"author":[{"embeddable":true,"href":"https:\/\/www.eninter.com\/it-ch\/wp-json\/wp\/v2\/users\/3"}],"replies":[{"embeddable":true,"href":"https:\/\/www.eninter.com\/it-ch\/wp-json\/wp\/v2\/comments?post=12799"}],"version-history":[{"count":0,"href":"https:\/\/www.eninter.com\/it-ch\/wp-json\/wp\/v2\/posts\/12799\/revisions"}],"wp:featuredmedia":[{"embeddable":true,"href":"https:\/\/www.eninter.com\/it-ch\/wp-json\/wp\/v2\/media\/12708"}],"wp:attachment":[{"href":"https:\/\/www.eninter.com\/it-ch\/wp-json\/wp\/v2\/media?parent=12799"}],"wp:term":[{"taxonomy":"category","embeddable":true,"href":"https:\/\/www.eninter.com\/it-ch\/wp-json\/wp\/v2\/categories?post=12799"},{"taxonomy":"post_tag","embeddable":true,"href":"https:\/\/www.eninter.com\/it-ch\/wp-json\/wp\/v2\/tags?post=12799"}],"curies":[{"name":"wp","href":"https:\/\/api.w.org\/{rel}","templated":true}]}}