{"id":12807,"date":"2021-07-01T12:01:44","date_gmt":"2021-07-01T12:01:44","guid":{"rendered":"https:\/\/www.eninter.com\/itc-per-ascensori-laggiornamento-essenziale\/"},"modified":"2021-07-01T12:01:44","modified_gmt":"2021-07-01T12:01:44","slug":"itc-per-ascensori-laggiornamento-essenziale","status":"publish","type":"post","link":"https:\/\/www.eninter.com\/it-ch\/itc-per-ascensori-laggiornamento-essenziale\/","title":{"rendered":"ITC per ascensori: l&#8217;aggiornamento essenziale"},"content":{"rendered":"<p style=\"text-align: justify;\">Alla fine del 2022 entrer\u00e0 in vigore la nuova Istruzione Tecnica Supplementare (ITC) per gli ascensori, che comporter\u00e0, tra l&#8217;altro, alcune modifiche in materia di sicurezza, obblighi del proprietario e revisioni tecniche. Rafa Rubio, Standard-Setting Manager del nostro ufficio tecnico, spiega in questa intervista in cosa consisteranno questi cambiamenti. Non mancate!<\/p>\n<p style=\"text-align: justify;\"><strong>Su quali aspetti specifici influisce la modifica dei regolamenti?<\/strong><\/p>\n<p style=\"text-align: justify;\">Sono diversi gli aspetti che hanno spinto all&#8217;aggiornamento della normativa. Una di queste \u00e8 la modifica della revisione degli ascensori dovuta alle nuove condizioni di utilizzo. L&#8217;integrazione di ascensori con nuovi progressi tecnologici, l&#8217;ampliamento delle informazioni per i proprietari e l&#8217;ammodernamento dei vecchi ascensori, dato che si stima che il 40% degli ascensori abbia pi\u00f9 di 30 anni, sono alcuni dei motivi per cui \u00e8 stato necessario rivedere la normativa.<\/p>\n<p style=\"text-align: justify;\">I nuovi regolamenti mirano a migliorare la manutenzione di ogni ascensore attraverso la realizzazione di piani specifici per ogni ascensore, e le nuove modifiche contribuiranno anche a regolare meglio le risorse umane e le loro competenze in materia di manutenzione. Le normative hanno dovuto essere adattate ai nuovi tempi, tenendo conto dei progressi tecnologici, e per quanto riguarda i vecchi ascensori, \u00e8 stato necessario implementare nuove misure per migliorare la sicurezza.<\/p>\n<p style=\"text-align: justify;\"><strong>Quando entrer\u00e0 in vigore questo nuovo regolamento?<\/strong><\/p>\n<p style=\"text-align: justify;\">Attualmente sono in fase di studio le accuse al progetto di Decreto Reale, che \u00e8 stato messo in consultazione pubblica dal Ministero dell&#8217;Industria nel dicembre 2020, e che sono state presentate prima del 29 gennaio 2021.<\/p>\n<p style=\"text-align: justify;\">Secondo la <em>seconda disposizione finale<\/em> di questa bozza, l&#8217;entrata in vigore \u00e8 prevista per la fine del 2022, ma bisogna tenere presente che si tratta solo di una bozza che probabilmente subir\u00e0 ancora diverse modifiche prima di entrare in vigore.<\/p>\n<p style=\"text-align: justify;\"><strong>Questo nuovo regolamento comporta dei cambiamenti per quanto riguarda le misure di sicurezza negli ascensori?<\/strong><\/p>\n<p style=\"text-align: justify;\">S\u00ec, l&#8217;obiettivo \u00e8 quello di aggiornare la sicurezza dell&#8217;attuale parco ascensori e di adeguare le misure a quelli che ne sono privi, che sono attualmente in fase di implementazione negli ascensori di nuova installazione, la cui normativa \u00e8 cambiata nel 2016 (RD 203\/2016). L&#8217;ultima volta che \u00e8 stato fatto qualcosa di simile \u00e8 stato 16 anni fa, con il Regio Decreto 57\/2005, con l&#8217;attuazione di 16 misure di sicurezza che tutti gli ascensori esistenti devono avere.<\/p>\n<p style=\"text-align: justify;\"><strong>Il nuovo regolamento prevede nuove frequenze nelle ispezioni periodiche obbligatorie, quali sarebbero queste nuove frequenze?<\/strong><\/p>\n<p style=\"text-align: justify;\">Per cominciare, la bozza attuale prevede che la frequenza delle ispezioni dipenda dal traffico e dall&#8217;uso dell&#8217;ascensore. Prevede un aumento della frequenza per gli impianti pi\u00f9 vecchi, anche se questo dovr\u00e0 essere ulteriormente specificato, perch\u00e9, a mio parere, se tutti gli ascensori esistenti vengono aggiornati con misure di sicurezza in linea con gli standard attuali, finiranno per trovarsi in condizioni simili a quelle dei nuovi ascensori, che non saranno rappresentative della loro et\u00e0.<\/p>\n<p style=\"text-align: justify;\"><strong>Come influisce questo cambiamento sul reparto tecnico?<\/strong><\/p>\n<p style=\"text-align: justify;\">Questi cambiamenti comporteranno una maggiore formazione per i tecnici, che aumenteranno le loro qualifiche per svolgere il loro lavoro. \u00c8 previsto anche un forte investimento nella digitalizzazione delle aziende per fornire agli operatori tutte le informazioni relative al loro impianto.<\/p>\n<p style=\"text-align: justify;\">D&#8217;altra parte, i miglioramenti della sicurezza da attuare richiederanno uno studio individuale di ogni ascensore per definire gli elementi da implementare, il che richieder\u00e0 la piena dedizione dei nostri tecnici e anche un possibile aumento del personale.<\/p>\n<p style=\"text-align: justify;\">Nel complesso, si prevede un investimento significativo da parte delle aziende in mezzi tecnici a causa dell&#8217;ITC degli ascensori.<\/p>\n<p style=\"text-align: justify;\"><strong>Quali saranno gli effetti di questa nuova normativa per l&#8217;utente comune degli ascensori?<\/strong><\/p>\n<p style=\"text-align: justify;\">Nel complesso, l&#8217;aggiornamento dell&#8217;ITC per l&#8217;intera flotta di ascensori comporter\u00e0 una maggiore sicurezza per gli utenti e miglioramenti operativi che porteranno a un maggiore comfort di viaggio. A ci\u00f2 si aggiunge una conoscenza pi\u00f9 dettagliata delle condizioni dell&#8217;ascensore da parte del proprietario, nonch\u00e9 l&#8217;investimento economico, a seconda delle modifiche da apportare all&#8217;ascensore.<\/p>\n","protected":false},"excerpt":{"rendered":"<p>Alla fine del 2022 entrer\u00e0 in vigore la nuova Istruzione Tecnica Supplementare (ITC) per gli ascensori, che comporter\u00e0, tra l&#8217;altro, alcune modifiche in materia di sicurezza, obblighi del proprietario e revisioni tecniche. Rafa Rubio, Standard-Setting Manager del nostro ufficio tecnico, spiega in questa intervista in cosa consisteranno questi cambiamenti. Non mancate! Su quali aspetti specifici [&hellip;]<\/p>\n","protected":false},"author":3,"featured_media":0,"comment_status":"open","ping_status":"open","sticky":false,"template":"","format":"standard","meta":{"_acf_changed":false,"content-type":"","footnotes":""},"categories":[372],"tags":[],"class_list":["post-12807","post","type-post","status-publish","format-standard","hentry","category-informazioni-su-eninter-it-ch"],"acf":[],"_yoast_wpseo_focuskw":"Sollevare ITC","_yoast_wpseo_metadesc":"Nuovo ascensore ITC nel 2022: aggiornamento della sicurezza e della manutenzione, adeguamento alla tecnologia e potenziamento degli ascensori pi\u00f9 vecchi.","yoast_head":"<!-- This site is optimized with the Yoast SEO Premium plugin v21.6 (Yoast SEO v27.2) - https:\/\/yoast.com\/product\/yoast-seo-premium-wordpress\/ -->\n<title>%<\/title>\n<meta name=\"description\" content=\"Nuovo ascensore ITC nel 2022: aggiornamento della sicurezza e della manutenzione, adeguamento alla tecnologia e potenziamento degli ascensori pi\u00f9 vecchi.\" \/>\n<meta name=\"robots\" content=\"index, follow, max-snippet:-1, max-image-preview:large, max-video-preview:-1\" \/>\n<link rel=\"canonical\" href=\"https:\/\/www.eninter.com\/it-ch\/itc-per-ascensori-laggiornamento-essenziale\/\" \/>\n<meta property=\"og:locale\" content=\"it_IT\" \/>\n<meta property=\"og:type\" content=\"article\" \/>\n<meta property=\"og:title\" content=\"ITC per ascensori: l&#039;aggiornamento essenziale\" \/>\n<meta property=\"og:description\" content=\"Nuovo ascensore ITC nel 2022: aggiornamento della sicurezza e della manutenzione, adeguamento alla tecnologia e potenziamento degli ascensori pi\u00f9 vecchi.\" \/>\n<meta property=\"og:url\" content=\"https:\/\/www.eninter.com\/it-ch\/itc-per-ascensori-laggiornamento-essenziale\/\" \/>\n<meta property=\"og:site_name\" content=\"ENINTER\" \/>\n<meta property=\"article:publisher\" content=\"https:\/\/www.facebook.com\/EninterAscensores\" \/>\n<meta property=\"article:published_time\" content=\"2021-07-01T12:01:44+00:00\" \/>\n<meta name=\"author\" content=\"Albert Puig\" \/>\n<meta name=\"twitter:card\" content=\"summary_large_image\" \/>\n<meta name=\"twitter:creator\" content=\"@Eninter\" \/>\n<meta name=\"twitter:site\" content=\"@Eninter\" \/>\n<meta name=\"twitter:label1\" content=\"Written by\" \/>\n\t<meta name=\"twitter:data1\" content=\"Albert Puig\" \/>\n\t<meta name=\"twitter:label2\" content=\"Est. reading time\" \/>\n\t<meta name=\"twitter:data2\" content=\"3 minutes\" \/>\n<!-- \/ Yoast SEO Premium plugin. -->","yoast_head_json":{"title":"%","description":"Nuovo ascensore ITC nel 2022: aggiornamento della sicurezza e della manutenzione, adeguamento alla tecnologia e potenziamento degli ascensori pi\u00f9 vecchi.","robots":{"index":"index","follow":"follow","max-snippet":"max-snippet:-1","max-image-preview":"max-image-preview:large","max-video-preview":"max-video-preview:-1"},"canonical":"https:\/\/www.eninter.com\/it-ch\/itc-per-ascensori-laggiornamento-essenziale\/","og_locale":"it_IT","og_type":"article","og_title":"ITC per ascensori: l'aggiornamento essenziale","og_description":"Nuovo ascensore ITC nel 2022: aggiornamento della sicurezza e della manutenzione, adeguamento alla tecnologia e potenziamento degli ascensori pi\u00f9 vecchi.","og_url":"https:\/\/www.eninter.com\/it-ch\/itc-per-ascensori-laggiornamento-essenziale\/","og_site_name":"ENINTER","article_publisher":"https:\/\/www.facebook.com\/EninterAscensores","article_published_time":"2021-07-01T12:01:44+00:00","author":"Albert Puig","twitter_card":"summary_large_image","twitter_creator":"@Eninter","twitter_site":"@Eninter","twitter_misc":{"Written by":"Albert Puig","Est. reading time":"3 minutes"},"schema":{"@context":"https:\/\/schema.org","@graph":[{"@type":"Article","@id":"https:\/\/www.eninter.com\/it-ch\/itc-per-ascensori-laggiornamento-essenziale\/#article","isPartOf":{"@id":"https:\/\/www.eninter.com\/it-ch\/itc-per-ascensori-laggiornamento-essenziale\/"},"author":{"name":"Albert Puig","@id":"https:\/\/www.eninter.com\/it-ch\/#\/schema\/person\/e6178c261ac4210884c0e0264dd59043"},"headline":"ITC per ascensori: l&#8217;aggiornamento essenziale","datePublished":"2021-07-01T12:01:44+00:00","mainEntityOfPage":{"@id":"https:\/\/www.eninter.com\/it-ch\/itc-per-ascensori-laggiornamento-essenziale\/"},"wordCount":637,"commentCount":0,"publisher":{"@id":"https:\/\/www.eninter.com\/it-ch\/#organization"},"articleSection":["Informazioni su Eninter"],"inLanguage":"it-CH","potentialAction":[{"@type":"CommentAction","name":"Comment","target":["https:\/\/www.eninter.com\/it-ch\/itc-per-ascensori-laggiornamento-essenziale\/#respond"]}]},{"@type":"WebPage","@id":"https:\/\/www.eninter.com\/it-ch\/itc-per-ascensori-laggiornamento-essenziale\/","url":"https:\/\/www.eninter.com\/it-ch\/itc-per-ascensori-laggiornamento-essenziale\/","name":"%","isPartOf":{"@id":"https:\/\/www.eninter.com\/it-ch\/#website"},"datePublished":"2021-07-01T12:01:44+00:00","description":"Nuovo ascensore ITC nel 2022: aggiornamento della sicurezza e della manutenzione, adeguamento alla tecnologia e potenziamento degli ascensori pi\u00f9 vecchi.","breadcrumb":{"@id":"https:\/\/www.eninter.com\/it-ch\/itc-per-ascensori-laggiornamento-essenziale\/#breadcrumb"},"inLanguage":"it-CH","potentialAction":[{"@type":"ReadAction","target":["https:\/\/www.eninter.com\/it-ch\/itc-per-ascensori-laggiornamento-essenziale\/"]}]},{"@type":"BreadcrumbList","@id":"https:\/\/www.eninter.com\/it-ch\/itc-per-ascensori-laggiornamento-essenziale\/#breadcrumb","itemListElement":[{"@type":"ListItem","position":1,"name":"Portada","item":"https:\/\/www.eninter.com\/it-ch\/"},{"@type":"ListItem","position":2,"name":"ITC per ascensori: l&#8217;aggiornamento essenziale"}]},{"@type":"WebSite","@id":"https:\/\/www.eninter.com\/it-ch\/#website","url":"https:\/\/www.eninter.com\/it-ch\/","name":"ENINTER","description":"Mantenimiento de Ascensores Multimarca","publisher":{"@id":"https:\/\/www.eninter.com\/it-ch\/#organization"},"potentialAction":[{"@type":"SearchAction","target":{"@type":"EntryPoint","urlTemplate":"https:\/\/www.eninter.com\/it-ch\/?s={search_term_string}"},"query-input":{"@type":"PropertyValueSpecification","valueRequired":true,"valueName":"search_term_string"}}],"inLanguage":"it-CH"},{"@type":"Organization","@id":"https:\/\/www.eninter.com\/it-ch\/#organization","name":"Eniter","url":"https:\/\/www.eninter.com\/it-ch\/","logo":{"@type":"ImageObject","inLanguage":"it-CH","@id":"https:\/\/www.eninter.com\/it-ch\/#\/schema\/logo\/image\/","url":"https:\/\/www.eninter.com\/wp-content\/uploads\/2023\/08\/logo-eninter-png.png","contentUrl":"https:\/\/www.eninter.com\/wp-content\/uploads\/2023\/08\/logo-eninter-png.png","width":600,"height":340,"caption":"Eniter"},"image":{"@id":"https:\/\/www.eninter.com\/it-ch\/#\/schema\/logo\/image\/"},"sameAs":["https:\/\/www.facebook.com\/EninterAscensores","https:\/\/x.com\/Eninter","https:\/\/www.instagram.com\/eninterascensores\/","https:\/\/www.youtube.com\/user\/ascensoreseninter"]},{"@type":"Person","@id":"https:\/\/www.eninter.com\/it-ch\/#\/schema\/person\/e6178c261ac4210884c0e0264dd59043","name":"Albert Puig","image":{"@type":"ImageObject","inLanguage":"it-CH","@id":"https:\/\/secure.gravatar.com\/avatar\/583d07f3f1036f58d0e44e873586278b582179a16b27a5b3951504e9ee001c06?s=96&d=mm&r=g","url":"https:\/\/secure.gravatar.com\/avatar\/583d07f3f1036f58d0e44e873586278b582179a16b27a5b3951504e9ee001c06?s=96&d=mm&r=g","contentUrl":"https:\/\/secure.gravatar.com\/avatar\/583d07f3f1036f58d0e44e873586278b582179a16b27a5b3951504e9ee001c06?s=96&d=mm&r=g","caption":"Albert Puig"}}]}},"_links":{"self":[{"href":"https:\/\/www.eninter.com\/it-ch\/wp-json\/wp\/v2\/posts\/12807","targetHints":{"allow":["GET"]}}],"collection":[{"href":"https:\/\/www.eninter.com\/it-ch\/wp-json\/wp\/v2\/posts"}],"about":[{"href":"https:\/\/www.eninter.com\/it-ch\/wp-json\/wp\/v2\/types\/post"}],"author":[{"embeddable":true,"href":"https:\/\/www.eninter.com\/it-ch\/wp-json\/wp\/v2\/users\/3"}],"replies":[{"embeddable":true,"href":"https:\/\/www.eninter.com\/it-ch\/wp-json\/wp\/v2\/comments?post=12807"}],"version-history":[{"count":0,"href":"https:\/\/www.eninter.com\/it-ch\/wp-json\/wp\/v2\/posts\/12807\/revisions"}],"wp:attachment":[{"href":"https:\/\/www.eninter.com\/it-ch\/wp-json\/wp\/v2\/media?parent=12807"}],"wp:term":[{"taxonomy":"category","embeddable":true,"href":"https:\/\/www.eninter.com\/it-ch\/wp-json\/wp\/v2\/categories?post=12807"},{"taxonomy":"post_tag","embeddable":true,"href":"https:\/\/www.eninter.com\/it-ch\/wp-json\/wp\/v2\/tags?post=12807"}],"curies":[{"name":"wp","href":"https:\/\/api.w.org\/{rel}","templated":true}]}}