{"id":12811,"date":"2022-01-24T10:52:59","date_gmt":"2022-01-24T10:52:59","guid":{"rendered":"https:\/\/www.eninter.com\/cabina-wild-larte-di-combinare-elementi-e-colori\/"},"modified":"2025-01-08T12:40:56","modified_gmt":"2025-01-08T12:40:56","slug":"cabina-wild-larte-di-combinare-elementi-e-colori","status":"publish","type":"post","link":"https:\/\/www.eninter.com\/it-ch\/cabina-wild-larte-di-combinare-elementi-e-colori\/","title":{"rendered":"Cabina Wild, l&#8217;arte di combinare elementi e colori"},"content":{"rendered":"<p>Abbiamo gi\u00e0 visto l&#8217;importanza di scegliere la cabina giusta per il vostro ascensore, tenendo conto delle caratteristiche dell&#8217;edificio e dell&#8217;ambiente in cui l&#8217;ascensore deve essere integrato, quindi \u00e8 essenziale conoscere i vantaggi e gli svantaggi di <a href=\"https:\/\/www.eninter.com\/blog\/la-cabina-del-ascensor-un-elemento-mas-de-decoracion\/\">ciascuno dei modelli di cabina disponibili<\/a>. Oggi ci concentreremo sulle caratteristiche e sui vantaggi della scelta del nostro modello di <strong>cabina Wild<\/strong>.<\/p>\n<p>Questa cabina di sollevamento \u00e8 la nostra grande novit\u00e0. \u00c8 la prima cabina modulare sul mercato e la pi\u00f9 economica da mantenere. Il suo esclusivo sistema di montaggio consente di sostituire i pannelli senza dover smontare l&#8217;intera cabina. In questo modo, potrete avere sempre la vostra cabina in perfette condizioni o addirittura rinnovarla a un costo molto basso.<\/p>\n<p>I pannelli possono essere scelti in diversi colori: legno, se si vuole trasmettere un&#8217;atmosfera pi\u00f9 calda e familiare, acciaio inox, se si cerca un&#8217;atmosfera pi\u00f9 futuristica o tecnologica, o crema, se si preferisce ottenere una maggiore chiarezza nell&#8217;abitacolo. Inoltre, \u00e8 disponibile l&#8217;opzione rovere invecchiato, che combina l&#8217;aspetto del legno con la neutralit\u00e0 del grigio.<\/p>\n<p>\u00c8 inoltre possibile scegliere l&#8217;aspetto del pavimento: cemento, legno o pietra. Il soffitto pu\u00f2 anche avere un design diverso a seconda della forma e della distribuzione delle luci LED: quadrato, rotondo, a disegno, ecc&#8230;. scegliete voi! Il colore della pulsantiera, pi\u00f9 scuro o pi\u00f9 chiaro, per meglio adattarsi al resto degli elementi.<\/p>\n<p>Il corrimano in acciaio inox e specchio \u00e8 opzionale su tutte le opzioni del modello Wild.<\/p>\n<p>Quindi, ora lo sapete, se quello che volete \u00e8 versatilit\u00e0, praticit\u00e0 e libert\u00e0 di combinare elementi diversi mantenendo la vostra cabina sempre in buone condizioni, non pensateci due volte, il vostro modello di cabina ideale si chiama Wild.<\/p>\n<p><a href=\"https:\/\/www.eninter.com\/cabinas\/\">Qui potete consultare il nostro catalogo.<\/a><\/p>\n<p>&nbsp;<\/p>\n<p>&nbsp;<\/p>\n","protected":false},"excerpt":{"rendered":"<p>Abbiamo gi\u00e0 visto l&#8217;importanza di scegliere la cabina giusta per il vostro ascensore, tenendo conto delle caratteristiche dell&#8217;edificio e dell&#8217;ambiente in cui l&#8217;ascensore deve essere integrato, quindi \u00e8 essenziale conoscere i vantaggi e gli svantaggi di ciascuno dei modelli di cabina disponibili. Oggi ci concentreremo sulle caratteristiche e sui vantaggi della scelta del nostro modello [&hellip;]<\/p>\n","protected":false},"author":3,"featured_media":13752,"comment_status":"closed","ping_status":"closed","sticky":false,"template":"","format":"standard","meta":{"_acf_changed":false,"content-type":"","footnotes":""},"categories":[370],"tags":[],"class_list":["post-12811","post","type-post","status-publish","format-standard","has-post-thumbnail","hentry","category-ascensori-it-ch"],"acf":[],"_yoast_wpseo_focuskw":"Cabina selvaggia","_yoast_wpseo_metadesc":"Questa cabina di sollevamento \u00e8 la nostra grande novit\u00e0. \u00c8 la prima cabina modulare sul mercato e la pi\u00f9 economica da mantenere.","yoast_head":"<!-- This site is optimized with the Yoast SEO Premium plugin v21.6 (Yoast SEO v27.2) - https:\/\/yoast.com\/product\/yoast-seo-premium-wordpress\/ -->\n<title>| Eninter Ascensores<\/title>\n<meta name=\"description\" content=\"Questa cabina di sollevamento \u00e8 la nostra grande novit\u00e0. \u00c8 la prima cabina modulare sul mercato e la pi\u00f9 economica da mantenere.\" \/>\n<meta name=\"robots\" content=\"index, follow, max-snippet:-1, max-image-preview:large, max-video-preview:-1\" \/>\n<link rel=\"canonical\" href=\"https:\/\/www.eninter.com\/it-ch\/cabina-wild-larte-di-combinare-elementi-e-colori\/\" \/>\n<meta property=\"og:locale\" content=\"it_IT\" \/>\n<meta property=\"og:type\" content=\"article\" \/>\n<meta property=\"og:title\" content=\"Cabina Wild, l&#039;arte di combinare elementi e colori\" \/>\n<meta property=\"og:description\" content=\"Questa cabina di sollevamento \u00e8 la nostra grande novit\u00e0. \u00c8 la prima cabina modulare sul mercato e la pi\u00f9 economica da mantenere.\" \/>\n<meta property=\"og:url\" content=\"https:\/\/www.eninter.com\/it-ch\/cabina-wild-larte-di-combinare-elementi-e-colori\/\" \/>\n<meta property=\"og:site_name\" content=\"ENINTER\" \/>\n<meta property=\"article:publisher\" content=\"https:\/\/www.facebook.com\/EninterAscensores\" \/>\n<meta property=\"article:published_time\" content=\"2022-01-24T10:52:59+00:00\" \/>\n<meta property=\"article:modified_time\" content=\"2025-01-08T12:40:56+00:00\" \/>\n<meta property=\"og:image\" content=\"https:\/\/www.eninter.com\/wp-content\/uploads\/2022\/01\/Cabina-Wild.jpeg\" \/>\n\t<meta property=\"og:image:width\" content=\"790\" \/>\n\t<meta property=\"og:image:height\" content=\"444\" \/>\n\t<meta property=\"og:image:type\" content=\"image\/jpeg\" \/>\n<meta name=\"author\" content=\"Albert Puig\" \/>\n<meta name=\"twitter:card\" content=\"summary_large_image\" \/>\n<meta name=\"twitter:creator\" content=\"@Eninter\" \/>\n<meta name=\"twitter:site\" content=\"@Eninter\" \/>\n<meta name=\"twitter:label1\" content=\"Written by\" \/>\n\t<meta name=\"twitter:data1\" content=\"Albert Puig\" \/>\n\t<meta name=\"twitter:label2\" content=\"Est. reading time\" \/>\n\t<meta name=\"twitter:data2\" content=\"1 minute\" \/>\n<!-- \/ Yoast SEO Premium plugin. -->","yoast_head_json":{"title":"| Eninter Ascensores","description":"Questa cabina di sollevamento \u00e8 la nostra grande novit\u00e0. \u00c8 la prima cabina modulare sul mercato e la pi\u00f9 economica da mantenere.","robots":{"index":"index","follow":"follow","max-snippet":"max-snippet:-1","max-image-preview":"max-image-preview:large","max-video-preview":"max-video-preview:-1"},"canonical":"https:\/\/www.eninter.com\/it-ch\/cabina-wild-larte-di-combinare-elementi-e-colori\/","og_locale":"it_IT","og_type":"article","og_title":"Cabina Wild, l'arte di combinare elementi e colori","og_description":"Questa cabina di sollevamento \u00e8 la nostra grande novit\u00e0. \u00c8 la prima cabina modulare sul mercato e la pi\u00f9 economica da mantenere.","og_url":"https:\/\/www.eninter.com\/it-ch\/cabina-wild-larte-di-combinare-elementi-e-colori\/","og_site_name":"ENINTER","article_publisher":"https:\/\/www.facebook.com\/EninterAscensores","article_published_time":"2022-01-24T10:52:59+00:00","article_modified_time":"2025-01-08T12:40:56+00:00","og_image":[{"width":790,"height":444,"url":"https:\/\/www.eninter.com\/wp-content\/uploads\/2022\/01\/Cabina-Wild.jpeg","type":"image\/jpeg"}],"author":"Albert Puig","twitter_card":"summary_large_image","twitter_creator":"@Eninter","twitter_site":"@Eninter","twitter_misc":{"Written by":"Albert Puig","Est. reading time":"1 minute"},"schema":{"@context":"https:\/\/schema.org","@graph":[{"@type":"Article","@id":"https:\/\/www.eninter.com\/it-ch\/cabina-wild-larte-di-combinare-elementi-e-colori\/#article","isPartOf":{"@id":"https:\/\/www.eninter.com\/it-ch\/cabina-wild-larte-di-combinare-elementi-e-colori\/"},"author":{"name":"Albert Puig","@id":"https:\/\/www.eninter.com\/it-ch\/#\/schema\/person\/e6178c261ac4210884c0e0264dd59043"},"headline":"Cabina Wild, l&#8217;arte di combinare elementi e colori","datePublished":"2022-01-24T10:52:59+00:00","dateModified":"2025-01-08T12:40:56+00:00","mainEntityOfPage":{"@id":"https:\/\/www.eninter.com\/it-ch\/cabina-wild-larte-di-combinare-elementi-e-colori\/"},"wordCount":297,"publisher":{"@id":"https:\/\/www.eninter.com\/it-ch\/#organization"},"image":{"@id":"https:\/\/www.eninter.com\/it-ch\/cabina-wild-larte-di-combinare-elementi-e-colori\/#primaryimage"},"thumbnailUrl":"https:\/\/www.eninter.com\/wp-content\/uploads\/2022\/01\/Cabina-Wild.jpeg","articleSection":["Ascensori"],"inLanguage":"it-CH"},{"@type":"WebPage","@id":"https:\/\/www.eninter.com\/it-ch\/cabina-wild-larte-di-combinare-elementi-e-colori\/","url":"https:\/\/www.eninter.com\/it-ch\/cabina-wild-larte-di-combinare-elementi-e-colori\/","name":"| Eninter Ascensores","isPartOf":{"@id":"https:\/\/www.eninter.com\/it-ch\/#website"},"primaryImageOfPage":{"@id":"https:\/\/www.eninter.com\/it-ch\/cabina-wild-larte-di-combinare-elementi-e-colori\/#primaryimage"},"image":{"@id":"https:\/\/www.eninter.com\/it-ch\/cabina-wild-larte-di-combinare-elementi-e-colori\/#primaryimage"},"thumbnailUrl":"https:\/\/www.eninter.com\/wp-content\/uploads\/2022\/01\/Cabina-Wild.jpeg","datePublished":"2022-01-24T10:52:59+00:00","dateModified":"2025-01-08T12:40:56+00:00","description":"Questa cabina di sollevamento \u00e8 la nostra grande novit\u00e0. \u00c8 la prima cabina modulare sul mercato e la pi\u00f9 economica da mantenere.","breadcrumb":{"@id":"https:\/\/www.eninter.com\/it-ch\/cabina-wild-larte-di-combinare-elementi-e-colori\/#breadcrumb"},"inLanguage":"it-CH","potentialAction":[{"@type":"ReadAction","target":["https:\/\/www.eninter.com\/it-ch\/cabina-wild-larte-di-combinare-elementi-e-colori\/"]}]},{"@type":"ImageObject","inLanguage":"it-CH","@id":"https:\/\/www.eninter.com\/it-ch\/cabina-wild-larte-di-combinare-elementi-e-colori\/#primaryimage","url":"https:\/\/www.eninter.com\/wp-content\/uploads\/2022\/01\/Cabina-Wild.jpeg","contentUrl":"https:\/\/www.eninter.com\/wp-content\/uploads\/2022\/01\/Cabina-Wild.jpeg","width":790,"height":444,"caption":"subvenciones para ascensores"},{"@type":"BreadcrumbList","@id":"https:\/\/www.eninter.com\/it-ch\/cabina-wild-larte-di-combinare-elementi-e-colori\/#breadcrumb","itemListElement":[{"@type":"ListItem","position":1,"name":"Portada","item":"https:\/\/www.eninter.com\/it-ch\/"},{"@type":"ListItem","position":2,"name":"Cabina Wild, l&#8217;arte di combinare elementi e colori"}]},{"@type":"WebSite","@id":"https:\/\/www.eninter.com\/it-ch\/#website","url":"https:\/\/www.eninter.com\/it-ch\/","name":"ENINTER","description":"Mantenimiento de Ascensores Multimarca","publisher":{"@id":"https:\/\/www.eninter.com\/it-ch\/#organization"},"potentialAction":[{"@type":"SearchAction","target":{"@type":"EntryPoint","urlTemplate":"https:\/\/www.eninter.com\/it-ch\/?s={search_term_string}"},"query-input":{"@type":"PropertyValueSpecification","valueRequired":true,"valueName":"search_term_string"}}],"inLanguage":"it-CH"},{"@type":"Organization","@id":"https:\/\/www.eninter.com\/it-ch\/#organization","name":"Eniter","url":"https:\/\/www.eninter.com\/it-ch\/","logo":{"@type":"ImageObject","inLanguage":"it-CH","@id":"https:\/\/www.eninter.com\/it-ch\/#\/schema\/logo\/image\/","url":"https:\/\/www.eninter.com\/wp-content\/uploads\/2023\/08\/logo-eninter-png.png","contentUrl":"https:\/\/www.eninter.com\/wp-content\/uploads\/2023\/08\/logo-eninter-png.png","width":600,"height":340,"caption":"Eniter"},"image":{"@id":"https:\/\/www.eninter.com\/it-ch\/#\/schema\/logo\/image\/"},"sameAs":["https:\/\/www.facebook.com\/EninterAscensores","https:\/\/x.com\/Eninter","https:\/\/www.instagram.com\/eninterascensores\/","https:\/\/www.youtube.com\/user\/ascensoreseninter"]},{"@type":"Person","@id":"https:\/\/www.eninter.com\/it-ch\/#\/schema\/person\/e6178c261ac4210884c0e0264dd59043","name":"Albert Puig","image":{"@type":"ImageObject","inLanguage":"it-CH","@id":"https:\/\/secure.gravatar.com\/avatar\/583d07f3f1036f58d0e44e873586278b582179a16b27a5b3951504e9ee001c06?s=96&d=mm&r=g","url":"https:\/\/secure.gravatar.com\/avatar\/583d07f3f1036f58d0e44e873586278b582179a16b27a5b3951504e9ee001c06?s=96&d=mm&r=g","contentUrl":"https:\/\/secure.gravatar.com\/avatar\/583d07f3f1036f58d0e44e873586278b582179a16b27a5b3951504e9ee001c06?s=96&d=mm&r=g","caption":"Albert Puig"}}]}},"_links":{"self":[{"href":"https:\/\/www.eninter.com\/it-ch\/wp-json\/wp\/v2\/posts\/12811","targetHints":{"allow":["GET"]}}],"collection":[{"href":"https:\/\/www.eninter.com\/it-ch\/wp-json\/wp\/v2\/posts"}],"about":[{"href":"https:\/\/www.eninter.com\/it-ch\/wp-json\/wp\/v2\/types\/post"}],"author":[{"embeddable":true,"href":"https:\/\/www.eninter.com\/it-ch\/wp-json\/wp\/v2\/users\/3"}],"replies":[{"embeddable":true,"href":"https:\/\/www.eninter.com\/it-ch\/wp-json\/wp\/v2\/comments?post=12811"}],"version-history":[{"count":0,"href":"https:\/\/www.eninter.com\/it-ch\/wp-json\/wp\/v2\/posts\/12811\/revisions"}],"wp:featuredmedia":[{"embeddable":true,"href":"https:\/\/www.eninter.com\/it-ch\/wp-json\/wp\/v2\/media\/13752"}],"wp:attachment":[{"href":"https:\/\/www.eninter.com\/it-ch\/wp-json\/wp\/v2\/media?parent=12811"}],"wp:term":[{"taxonomy":"category","embeddable":true,"href":"https:\/\/www.eninter.com\/it-ch\/wp-json\/wp\/v2\/categories?post=12811"},{"taxonomy":"post_tag","embeddable":true,"href":"https:\/\/www.eninter.com\/it-ch\/wp-json\/wp\/v2\/tags?post=12811"}],"curies":[{"name":"wp","href":"https:\/\/api.w.org\/{rel}","templated":true}]}}