{"id":12817,"date":"2021-11-11T12:55:42","date_gmt":"2021-11-11T12:55:42","guid":{"rendered":"https:\/\/www.eninter.com\/daniel-fernandez-queste-azioni-rendono-le-aziende-piu-grandi-e-i-loro-dipendenti-piu-felici\/"},"modified":"2021-11-11T12:55:42","modified_gmt":"2021-11-11T12:55:42","slug":"daniel-fernandez-queste-azioni-rendono-le-aziende-piu-grandi-e-i-loro-dipendenti-piu-felici","status":"publish","type":"post","link":"https:\/\/www.eninter.com\/it-ch\/daniel-fernandez-queste-azioni-rendono-le-aziende-piu-grandi-e-i-loro-dipendenti-piu-felici\/","title":{"rendered":"Daniel Fern\u00e1ndez: &#8220;Queste azioni rendono le aziende pi\u00f9 grandi e i loro dipendenti pi\u00f9 felici&#8221;."},"content":{"rendered":"<p>Daniel Fern\u00e1ndez, venditore <strong>Eninter Ascensores<\/strong>Aveva solo visto alcuni membri dell&#8217;Associazione pedalare per la sua citt\u00e0 e la verit\u00e0 \u00e8 che avevano attirato la sua attenzione, ma il destino ha voluto che fosse lui a consegnare il premio della campagna Eninter Ayuda a Isabel Mora, una delle utenti dell&#8217;Associazione Discamino. Da l\u00ec ha deciso di fare la sua parte per il progetto. Anche Eninter Ascensores si \u00e8 unita alla causa. Egli stesso spiega la sua esperienza.<\/p>\n<h2><strong>Isabel Mora, membro di Discamino, \u00e8 stata una delle vincitrici della campagna EninterAyuda 2020, ma conosce altre storie impressionanti come la sua di altri membri dell&#8217;associazione?<\/strong><\/h2>\n<p>S\u00ec, nel periodo in cui ho lavorato con loro, mi sono imbattuto in diverse storie, una pi\u00f9 scioccante dell&#8217;altra. Uno dei casi che ha attirato la mia attenzione \u00e8 quello di un ragazzo affetto da una malattia muscolare degenerativa. Dobbiamo mettere degli elastici per aiutarlo a sollevare il piede dopo aver spinto il pedale, poich\u00e9 non \u00e8 in grado di spingere verso l&#8217;alto. Tuttavia, con questi pneumatici siamo riusciti a fargli apprezzare l&#8217;allenamento. Accompagniamo anche un bambino che, essendo cos\u00ec piccolo, non riesce a raggiungere i pedali, ma grazie a dei blocchi di legno riesce a pedalare e si diverte molto.<\/p>\n<h2><strong>Attualmente, #EninterAscensores ha un contratto di collaborazione con l&#8217;associazione che lei stesso ha promosso. Come e perch\u00e9 \u00e8 nata l&#8217;idea di questa collaborazione?<br \/>\n<\/strong><\/h2>\n<p>Mi sono reso conto che, al di l\u00e0 del mio contributo individuale nel tempo libero, questo collettivo aveva bisogno di tutto l&#8217;aiuto possibile. \u00c8 stato quando l&#8217;ho proposto alla mia azienda che hanno immediatamente aderito alla causa.<\/p>\n<h2><strong>In cosa consiste questo contratto di partnership?<br \/>\n<\/strong><\/h2>\n<p>Il contratto prevede un contributo finanziario da parte di Eninter Ascensores per coprire i costi di acquisto dei materiali. Inoltre, abbiamo firmato un accordo che consiste nel dare un contributo all&#8217;associazione per ogni cliente segnalato da Discamino.<\/p>\n<h2><strong>Come vi sentite a far parte di un&#8217;azienda che promuove questo lato umano con azioni come questa?<\/strong><strong>azioni come questa?<br \/>\n<\/strong><\/h2>\n<p>Personalmente, ritengo di essere molto fortunato a far parte di questa azienda e di questo particolare progetto. Credo che queste azioni rendano le aziende pi\u00f9 grandi e i loro dipendenti pi\u00f9 felici.<\/p>\n<h2><strong>Inoltre, collaborate personalmente con l&#8217;associazione. Come si fa?<br \/>\n<\/strong><\/h2>\n<p>Accompagno gli utenti con difficolt\u00e0 nella formazione. Io sono il pilota che guida la bicicletta e sia io che loro pedaliamo, in questo modo i ragazzi si preparano al Cammino di Santiago. Molti di loro sono persone che si trovano in istituti speciali e per loro la giornata di formazione \u00e8 il giorno pi\u00f9 atteso della settimana.<\/p>\n<h2><strong>Quali motivazioni personali l&#8217;hanno spinta a scegliere questa associazione e non un&#8217;altra?<br \/>\n<\/strong><\/h2>\n<p>Li ho visti allenati per molto tempo e hanno sempre attirato la mia attenzione. Per me \u00e8 stato un lavoro molto bello e divertente, e anche il mio amore per lo sport mi ha aiutato. Ho pensato che cosa ci fosse di meglio che fare sport e aiutare gli altri.<\/p>\n<p><strong>Di tutto quello che ha vissuto collaborando con i Discamino, ha qualche aneddoto da ricordare?<br \/>\n<\/strong><\/p>\n<p>Ho preso un ragazzo sordo e cieco. Ho imparato alcuni segni e scrivendo sul palmo della mano riuscivo a capirlo. L&#8217;aneddoto \u00e8 che dopo un po&#8217; di tempo ho preso con me un altro ragazzo sordo e cieco, con il quale ho trovato molto difficile comunicare. Quando l&#8217;ho fatto, mi ha detto che il suo partner gli aveva gi\u00e0 detto che mi conosceva e che non vedeva l&#8217;ora di fare un&#8217;altra uscita con me. I due condividono la stessa residenza. Quest&#8217;ultimo ragazzo non riesco a immaginare come pedala, ha un&#8217;energia cruda, anche se non andiamo ad un buon ritmo si arrabbia con me.<br \/>\nPotrei raccontarvi altri aneddoti, ma credo che la cosa migliore sia viverli. Perci\u00f2 incoraggio tutti voi a cercare un&#8217;associazione nella vostra citt\u00e0 per collaborare, perch\u00e9 per noi \u00e8 un piccolo sforzo e per loro pu\u00f2 significare il mondo.<\/p>\n","protected":false},"excerpt":{"rendered":"<p>Daniel Fern\u00e1ndez, venditore Eninter AscensoresAveva solo visto alcuni membri dell&#8217;Associazione pedalare per la sua citt\u00e0 e la verit\u00e0 \u00e8 che avevano attirato la sua attenzione, ma il destino ha voluto che fosse lui a consegnare il premio della campagna Eninter Ayuda a Isabel Mora, una delle utenti dell&#8217;Associazione Discamino. Da l\u00ec ha deciso di fare [&hellip;]<\/p>\n","protected":false},"author":3,"featured_media":0,"comment_status":"closed","ping_status":"closed","sticky":false,"template":"","format":"standard","meta":{"_acf_changed":false,"content-type":"","footnotes":""},"categories":[372],"tags":[],"class_list":["post-12817","post","type-post","status-publish","format-standard","hentry","category-informazioni-su-eninter-it-ch"],"acf":[],"_yoast_wpseo_focuskw":"Eninter Ascensores collabora con Discamino","_yoast_wpseo_metadesc":"Eninter Ascensores collabora con l'Associazione Discamino. Daniel Fern\u00e1ndez, responsabile delle vendite, spiega come \u00e8 nata questa collaborazione.","yoast_head":"<!-- This site is optimized with the Yoast SEO Premium plugin v21.6 (Yoast SEO v27.2) - https:\/\/yoast.com\/product\/yoast-seo-premium-wordpress\/ -->\n<title>Eninter Ascensores collabora con l&#039;Associazione Discamino<\/title>\n<meta name=\"description\" content=\"Eninter Ascensores collabora con l&#039;Associazione Discamino. Daniel Fern\u00e1ndez, responsabile delle vendite, spiega come \u00e8 nata questa collaborazione.\" \/>\n<meta name=\"robots\" content=\"index, follow, max-snippet:-1, max-image-preview:large, max-video-preview:-1\" \/>\n<link rel=\"canonical\" href=\"https:\/\/www.eninter.com\/it-ch\/daniel-fernandez-queste-azioni-rendono-le-aziende-piu-grandi-e-i-loro-dipendenti-piu-felici\/\" \/>\n<meta property=\"og:locale\" content=\"it_IT\" \/>\n<meta property=\"og:type\" content=\"article\" \/>\n<meta property=\"og:title\" content=\"Daniel Fern\u00e1ndez: &quot;Queste azioni rendono le aziende pi\u00f9 grandi e i loro dipendenti pi\u00f9 felici&quot;.\" \/>\n<meta property=\"og:description\" content=\"Eninter Ascensores collabora con l&#039;Associazione Discamino. Daniel Fern\u00e1ndez, responsabile delle vendite, spiega come \u00e8 nata questa collaborazione.\" \/>\n<meta property=\"og:url\" content=\"https:\/\/www.eninter.com\/it-ch\/daniel-fernandez-queste-azioni-rendono-le-aziende-piu-grandi-e-i-loro-dipendenti-piu-felici\/\" \/>\n<meta property=\"og:site_name\" content=\"ENINTER\" \/>\n<meta property=\"article:publisher\" content=\"https:\/\/www.facebook.com\/EninterAscensores\" \/>\n<meta property=\"article:published_time\" content=\"2021-11-11T12:55:42+00:00\" \/>\n<meta name=\"author\" content=\"Albert Puig\" \/>\n<meta name=\"twitter:card\" content=\"summary_large_image\" \/>\n<meta name=\"twitter:creator\" content=\"@Eninter\" \/>\n<meta name=\"twitter:site\" content=\"@Eninter\" \/>\n<meta name=\"twitter:label1\" content=\"Written by\" \/>\n\t<meta name=\"twitter:data1\" content=\"Albert Puig\" \/>\n\t<meta name=\"twitter:label2\" content=\"Est. reading time\" \/>\n\t<meta name=\"twitter:data2\" content=\"3 minutes\" \/>\n<!-- \/ Yoast SEO Premium plugin. -->","yoast_head_json":{"title":"Eninter Ascensores collabora con l'Associazione Discamino","description":"Eninter Ascensores collabora con l'Associazione Discamino. Daniel Fern\u00e1ndez, responsabile delle vendite, spiega come \u00e8 nata questa collaborazione.","robots":{"index":"index","follow":"follow","max-snippet":"max-snippet:-1","max-image-preview":"max-image-preview:large","max-video-preview":"max-video-preview:-1"},"canonical":"https:\/\/www.eninter.com\/it-ch\/daniel-fernandez-queste-azioni-rendono-le-aziende-piu-grandi-e-i-loro-dipendenti-piu-felici\/","og_locale":"it_IT","og_type":"article","og_title":"Daniel Fern\u00e1ndez: \"Queste azioni rendono le aziende pi\u00f9 grandi e i loro dipendenti pi\u00f9 felici\".","og_description":"Eninter Ascensores collabora con l'Associazione Discamino. Daniel Fern\u00e1ndez, responsabile delle vendite, spiega come \u00e8 nata questa collaborazione.","og_url":"https:\/\/www.eninter.com\/it-ch\/daniel-fernandez-queste-azioni-rendono-le-aziende-piu-grandi-e-i-loro-dipendenti-piu-felici\/","og_site_name":"ENINTER","article_publisher":"https:\/\/www.facebook.com\/EninterAscensores","article_published_time":"2021-11-11T12:55:42+00:00","author":"Albert Puig","twitter_card":"summary_large_image","twitter_creator":"@Eninter","twitter_site":"@Eninter","twitter_misc":{"Written by":"Albert Puig","Est. reading time":"3 minutes"},"schema":{"@context":"https:\/\/schema.org","@graph":[{"@type":"Article","@id":"https:\/\/www.eninter.com\/it-ch\/daniel-fernandez-queste-azioni-rendono-le-aziende-piu-grandi-e-i-loro-dipendenti-piu-felici\/#article","isPartOf":{"@id":"https:\/\/www.eninter.com\/it-ch\/daniel-fernandez-queste-azioni-rendono-le-aziende-piu-grandi-e-i-loro-dipendenti-piu-felici\/"},"author":{"name":"Albert Puig","@id":"https:\/\/www.eninter.com\/it-ch\/#\/schema\/person\/e6178c261ac4210884c0e0264dd59043"},"headline":"Daniel Fern\u00e1ndez: &#8220;Queste azioni rendono le aziende pi\u00f9 grandi e i loro dipendenti pi\u00f9 felici&#8221;.","datePublished":"2021-11-11T12:55:42+00:00","mainEntityOfPage":{"@id":"https:\/\/www.eninter.com\/it-ch\/daniel-fernandez-queste-azioni-rendono-le-aziende-piu-grandi-e-i-loro-dipendenti-piu-felici\/"},"wordCount":668,"publisher":{"@id":"https:\/\/www.eninter.com\/it-ch\/#organization"},"articleSection":["Informazioni su Eninter"],"inLanguage":"it-CH"},{"@type":"WebPage","@id":"https:\/\/www.eninter.com\/it-ch\/daniel-fernandez-queste-azioni-rendono-le-aziende-piu-grandi-e-i-loro-dipendenti-piu-felici\/","url":"https:\/\/www.eninter.com\/it-ch\/daniel-fernandez-queste-azioni-rendono-le-aziende-piu-grandi-e-i-loro-dipendenti-piu-felici\/","name":"Eninter Ascensores collabora con l'Associazione Discamino","isPartOf":{"@id":"https:\/\/www.eninter.com\/it-ch\/#website"},"datePublished":"2021-11-11T12:55:42+00:00","description":"Eninter Ascensores collabora con l'Associazione Discamino. Daniel Fern\u00e1ndez, responsabile delle vendite, spiega come \u00e8 nata questa collaborazione.","breadcrumb":{"@id":"https:\/\/www.eninter.com\/it-ch\/daniel-fernandez-queste-azioni-rendono-le-aziende-piu-grandi-e-i-loro-dipendenti-piu-felici\/#breadcrumb"},"inLanguage":"it-CH","potentialAction":[{"@type":"ReadAction","target":["https:\/\/www.eninter.com\/it-ch\/daniel-fernandez-queste-azioni-rendono-le-aziende-piu-grandi-e-i-loro-dipendenti-piu-felici\/"]}]},{"@type":"BreadcrumbList","@id":"https:\/\/www.eninter.com\/it-ch\/daniel-fernandez-queste-azioni-rendono-le-aziende-piu-grandi-e-i-loro-dipendenti-piu-felici\/#breadcrumb","itemListElement":[{"@type":"ListItem","position":1,"name":"Portada","item":"https:\/\/www.eninter.com\/it-ch\/"},{"@type":"ListItem","position":2,"name":"Daniel Fern\u00e1ndez: \u00abQueste azioni rendono le aziende pi\u00f9 grandi e i loro dipendenti pi\u00f9 felici\u00bb."}]},{"@type":"WebSite","@id":"https:\/\/www.eninter.com\/it-ch\/#website","url":"https:\/\/www.eninter.com\/it-ch\/","name":"ENINTER","description":"Mantenimiento de Ascensores Multimarca","publisher":{"@id":"https:\/\/www.eninter.com\/it-ch\/#organization"},"potentialAction":[{"@type":"SearchAction","target":{"@type":"EntryPoint","urlTemplate":"https:\/\/www.eninter.com\/it-ch\/?s={search_term_string}"},"query-input":{"@type":"PropertyValueSpecification","valueRequired":true,"valueName":"search_term_string"}}],"inLanguage":"it-CH"},{"@type":"Organization","@id":"https:\/\/www.eninter.com\/it-ch\/#organization","name":"Eniter","url":"https:\/\/www.eninter.com\/it-ch\/","logo":{"@type":"ImageObject","inLanguage":"it-CH","@id":"https:\/\/www.eninter.com\/it-ch\/#\/schema\/logo\/image\/","url":"https:\/\/www.eninter.com\/wp-content\/uploads\/2023\/08\/logo-eninter-png.png","contentUrl":"https:\/\/www.eninter.com\/wp-content\/uploads\/2023\/08\/logo-eninter-png.png","width":600,"height":340,"caption":"Eniter"},"image":{"@id":"https:\/\/www.eninter.com\/it-ch\/#\/schema\/logo\/image\/"},"sameAs":["https:\/\/www.facebook.com\/EninterAscensores","https:\/\/x.com\/Eninter","https:\/\/www.instagram.com\/eninterascensores\/","https:\/\/www.youtube.com\/user\/ascensoreseninter"]},{"@type":"Person","@id":"https:\/\/www.eninter.com\/it-ch\/#\/schema\/person\/e6178c261ac4210884c0e0264dd59043","name":"Albert Puig","image":{"@type":"ImageObject","inLanguage":"it-CH","@id":"https:\/\/secure.gravatar.com\/avatar\/583d07f3f1036f58d0e44e873586278b582179a16b27a5b3951504e9ee001c06?s=96&d=mm&r=g","url":"https:\/\/secure.gravatar.com\/avatar\/583d07f3f1036f58d0e44e873586278b582179a16b27a5b3951504e9ee001c06?s=96&d=mm&r=g","contentUrl":"https:\/\/secure.gravatar.com\/avatar\/583d07f3f1036f58d0e44e873586278b582179a16b27a5b3951504e9ee001c06?s=96&d=mm&r=g","caption":"Albert Puig"}}]}},"_links":{"self":[{"href":"https:\/\/www.eninter.com\/it-ch\/wp-json\/wp\/v2\/posts\/12817","targetHints":{"allow":["GET"]}}],"collection":[{"href":"https:\/\/www.eninter.com\/it-ch\/wp-json\/wp\/v2\/posts"}],"about":[{"href":"https:\/\/www.eninter.com\/it-ch\/wp-json\/wp\/v2\/types\/post"}],"author":[{"embeddable":true,"href":"https:\/\/www.eninter.com\/it-ch\/wp-json\/wp\/v2\/users\/3"}],"replies":[{"embeddable":true,"href":"https:\/\/www.eninter.com\/it-ch\/wp-json\/wp\/v2\/comments?post=12817"}],"version-history":[{"count":0,"href":"https:\/\/www.eninter.com\/it-ch\/wp-json\/wp\/v2\/posts\/12817\/revisions"}],"wp:attachment":[{"href":"https:\/\/www.eninter.com\/it-ch\/wp-json\/wp\/v2\/media?parent=12817"}],"wp:term":[{"taxonomy":"category","embeddable":true,"href":"https:\/\/www.eninter.com\/it-ch\/wp-json\/wp\/v2\/categories?post=12817"},{"taxonomy":"post_tag","embeddable":true,"href":"https:\/\/www.eninter.com\/it-ch\/wp-json\/wp\/v2\/tags?post=12817"}],"curies":[{"name":"wp","href":"https:\/\/api.w.org\/{rel}","templated":true}]}}