{"id":12836,"date":"2022-09-05T14:04:39","date_gmt":"2022-09-05T14:04:39","guid":{"rendered":"https:\/\/www.eninter.com\/limpegno-di-eninter-continua-a-migliorare-la-vita-delle-persone-in-india\/"},"modified":"2025-01-08T12:45:56","modified_gmt":"2025-01-08T12:45:56","slug":"limpegno-di-eninter-continua-a-migliorare-la-vita-delle-persone-in-india","status":"publish","type":"post","link":"https:\/\/www.eninter.com\/it-ch\/limpegno-di-eninter-continua-a-migliorare-la-vita-delle-persone-in-india\/","title":{"rendered":"L&#8217;impegno di ENINTER continua a migliorare la vita delle persone in India."},"content":{"rendered":"<h4><strong>L&#8217;impegno di ENINTER continua a collaborare per migliorare la vita delle persone in India: ENINTER collabora con la Fondazione Vicente Ferrer alla costruzione del primo centro ortopedico e di riabilitazione a Doranala.<\/strong><\/h4>\n<p>Migliorare la qualit\u00e0 della vita delle persone, questo \u00e8 il nostro obiettivo principale e non lo limitiamo solo ai nostri confini creando campagne come <a href=\"https:\/\/www.eninter.com\/blog\/laura-olvera-fue-muy-bonito-verle-la-cara-ver-la-ilusion-en-el-brillo-de-sus-ojos\/\">#EninterAyuda,<\/a> ma lo estendiamo anche ad altri Paesi che hanno bisogno di ogni possibile collaborazione. Per questo motivo, da anni facciamo parte della rete di aziende che partecipano ai progetti pi\u00f9 simbolici realizzati dalla <a href=\"https:\/\/fundacionvicenteferrer.org\/\">Fondazione Vicente Ferrer<\/a> nel suo lavoro in India. Uno degli ultimi progetti \u00e8 stata la costruzione di un centro ortopedico a Dornala, un villaggio a un&#8217;ora di cammino dalla sede della Fondazione Vicente Ferrer ad <a href=\"https:\/\/www.eninter.com\/blog\/contribuimos-a-la-mejora-de-la-calidad-de-vida-de-las-personas\/\">Anantapur<\/a>, in India.<\/p>\n<h5><strong>Il primo centro di riabilitazione, ortopedia e recupero della zona.<\/strong><\/h5>\n<p>La popolazione indiana dell&#8217;area soffre di un&#8217;alta incidenza di disabilit\u00e0 dovuta a casi di poliomielite, malformazioni congenite, paralisi cerebrale, incidenti sul lavoro e stradali. La costruzione di questo centro ortopedico e di riabilitazione \u00e8 fondamentale per migliorare la qualit\u00e0 della vita e l&#8217;integrazione sociale delle persone con disabilit\u00e0 fisiche o mobilit\u00e0 ridotta, perch\u00e9 consentir\u00e0 di individuare e intervenire precocemente, cosa essenziale per il trattamento di queste patologie.<\/p>\n<p>La costruzione di questo centro garantir\u00e0 alla popolazione della zona, che finora non disponeva di una struttura di questo tipo, l&#8217;accesso a servizi terapeutici e di riabilitazione, nonch\u00e9 un&#8217;assistenza sanitaria di qualit\u00e0 nelle specialit\u00e0 di ortopedia e traumatologia.<\/p>\n<p>L&#8217;obiettivo finale \u00e8 quello di migliorare la mobilit\u00e0 delle persone con disabilit\u00e0 locomotorie per aumentarne l&#8217;autonomia in vari ambiti, dai compiti pi\u00f9 semplici della vita quotidiana alle azioni che favoriscono il loro sviluppo personale, come l&#8217;istruzione o le attivit\u00e0 lavorative.<\/p>\n<h5><strong>Un progetto nato due anni fa<\/strong><\/h5>\n<p>Il progetto per il centro di riabilitazione e ortopedia di Dornala \u00e8 iniziato nel novembre 2020, quando \u00e8 stato affrontato il bisogno urgente di un centro di riabilitazione. Da allora, lo staff organizzativo della Fondazione Vicente Ferrer si \u00e8 dedicato al follow-up e allo sviluppo di tutte le attivit\u00e0 necessarie per la realizzazione del progetto. I lavori di costruzione dovrebbero durare al massimo 18 mesi, pi\u00f9 4 mesi per arredare e attrezzare l&#8217;officina ortopedica con tutte le risorse necessarie.<\/p>\n<p>L&#8217;edificio di 315 m\u00b2 avr\u00e0 un ufficio, una sala d&#8217;attesa, sale per la riabilitazione, una sala per la fisioterapia, servizi igienici, una sala di stampaggio, una sala di montaggio, una sala forni per la fabbricazione di protesi e un magazzino per i materiali. I servizi comprendono: progettazione, fabbricazione, riparazione e distribuzione di protesi personalizzate. Fornitura di ausili per la mobilit\u00e0 (sedie a rotelle, stampelle, tricicli), fisioterapia e consulenza per i pazienti e le famiglie, nonch\u00e9 sensibilizzazione sui diritti, l&#8217;inclusione e l&#8217;integrazione delle persone con disabilit\u00e0.<\/p>\n<h5><strong>#CommitmentEninter: la collaborazione con la Fondazione Vicente Ferrer, motivo di orgoglio per l&#8217;intero team Eninter<\/strong><\/h5>\n<p>&#8220;Non esiste un modo pi\u00f9 semplice per fare qualcosa di difficile. Il segreto \u00e8 iniziare in piccolo&#8221;, citiamo Anna Ferrer, presidente della Fondazione, per dimostrare che in Eninter Ascensores crediamo nel lavoro di squadra ed \u00e8 per questo che non smetteremo mai di fare la nostra parte per costruire un mondo pi\u00f9 giusto ed egualitario. Se tutti noi facciamo la nostra parte, per quanto piccolo possa sembrare il nostro contributo, saremo in grado di costruire una montagna, questa volta sotto forma di centro di riabilitazione.<\/p>\n","protected":false},"excerpt":{"rendered":"<p>L&#8217;impegno di ENINTER continua a collaborare per migliorare la vita delle persone in India: ENINTER collabora con la Fondazione Vicente Ferrer alla costruzione del primo centro ortopedico e di riabilitazione a Doranala. Migliorare la qualit\u00e0 della vita delle persone, questo \u00e8 il nostro obiettivo principale e non lo limitiamo solo ai nostri confini creando campagne [&hellip;]<\/p>\n","protected":false},"author":3,"featured_media":12838,"comment_status":"closed","ping_status":"closed","sticky":false,"template":"","format":"standard","meta":{"_acf_changed":false,"content-type":"","footnotes":""},"categories":[372],"tags":[],"class_list":["post-12836","post","type-post","status-publish","format-standard","has-post-thumbnail","hentry","category-informazioni-su-eninter-it-ch"],"acf":[],"_yoast_wpseo_focuskw":"Impegno di ENINTER","_yoast_wpseo_metadesc":"Eninter collabora con la Fondazione Vicente Ferrer nella costruzione di un centro di riabilitazione in India","yoast_head":"<!-- This site is optimized with the Yoast SEO Premium plugin v21.6 (Yoast SEO v27.2) - https:\/\/yoast.com\/product\/yoast-seo-premium-wordpress\/ -->\n<title>Impegno di Eninter<\/title>\n<meta name=\"description\" content=\"Eninter collabora con la Fondazione Vicente Ferrer nella costruzione di un centro di riabilitazione in India\" \/>\n<meta name=\"robots\" content=\"index, follow, max-snippet:-1, max-image-preview:large, max-video-preview:-1\" \/>\n<link rel=\"canonical\" href=\"https:\/\/www.eninter.com\/it-ch\/limpegno-di-eninter-continua-a-migliorare-la-vita-delle-persone-in-india\/\" \/>\n<meta property=\"og:locale\" content=\"it_IT\" \/>\n<meta property=\"og:type\" content=\"article\" \/>\n<meta property=\"og:title\" content=\"L&#039;impegno di ENINTER continua a migliorare la vita delle persone in India.\" \/>\n<meta property=\"og:description\" content=\"Eninter collabora con la Fondazione Vicente Ferrer nella costruzione di un centro di riabilitazione in India\" \/>\n<meta property=\"og:url\" content=\"https:\/\/www.eninter.com\/it-ch\/limpegno-di-eninter-continua-a-migliorare-la-vita-delle-persone-in-india\/\" \/>\n<meta property=\"og:site_name\" content=\"ENINTER\" \/>\n<meta property=\"article:publisher\" content=\"https:\/\/www.facebook.com\/EninterAscensores\" \/>\n<meta property=\"article:published_time\" content=\"2022-09-05T14:04:39+00:00\" \/>\n<meta property=\"article:modified_time\" content=\"2025-01-08T12:45:56+00:00\" \/>\n<meta property=\"og:image\" content=\"https:\/\/www.eninter.com\/wp-content\/uploads\/2022\/09\/compromiso-ENINTER.jpeg\" \/>\n\t<meta property=\"og:image:width\" content=\"1200\" \/>\n\t<meta property=\"og:image:height\" content=\"675\" \/>\n\t<meta property=\"og:image:type\" content=\"image\/jpeg\" \/>\n<meta name=\"author\" content=\"Albert Puig\" \/>\n<meta name=\"twitter:card\" content=\"summary_large_image\" \/>\n<meta name=\"twitter:creator\" content=\"@Eninter\" \/>\n<meta name=\"twitter:site\" content=\"@Eninter\" \/>\n<meta name=\"twitter:label1\" content=\"Written by\" \/>\n\t<meta name=\"twitter:data1\" content=\"Albert Puig\" \/>\n\t<meta name=\"twitter:label2\" content=\"Est. reading time\" \/>\n\t<meta name=\"twitter:data2\" content=\"3 minutes\" \/>\n<!-- \/ Yoast SEO Premium plugin. -->","yoast_head_json":{"title":"Impegno di Eninter","description":"Eninter collabora con la Fondazione Vicente Ferrer nella costruzione di un centro di riabilitazione in India","robots":{"index":"index","follow":"follow","max-snippet":"max-snippet:-1","max-image-preview":"max-image-preview:large","max-video-preview":"max-video-preview:-1"},"canonical":"https:\/\/www.eninter.com\/it-ch\/limpegno-di-eninter-continua-a-migliorare-la-vita-delle-persone-in-india\/","og_locale":"it_IT","og_type":"article","og_title":"L'impegno di ENINTER continua a migliorare la vita delle persone in India.","og_description":"Eninter collabora con la Fondazione Vicente Ferrer nella costruzione di un centro di riabilitazione in India","og_url":"https:\/\/www.eninter.com\/it-ch\/limpegno-di-eninter-continua-a-migliorare-la-vita-delle-persone-in-india\/","og_site_name":"ENINTER","article_publisher":"https:\/\/www.facebook.com\/EninterAscensores","article_published_time":"2022-09-05T14:04:39+00:00","article_modified_time":"2025-01-08T12:45:56+00:00","og_image":[{"width":1200,"height":675,"url":"https:\/\/www.eninter.com\/wp-content\/uploads\/2022\/09\/compromiso-ENINTER.jpeg","type":"image\/jpeg"}],"author":"Albert Puig","twitter_card":"summary_large_image","twitter_creator":"@Eninter","twitter_site":"@Eninter","twitter_misc":{"Written by":"Albert Puig","Est. reading time":"3 minutes"},"schema":{"@context":"https:\/\/schema.org","@graph":[{"@type":"Article","@id":"https:\/\/www.eninter.com\/it-ch\/limpegno-di-eninter-continua-a-migliorare-la-vita-delle-persone-in-india\/#article","isPartOf":{"@id":"https:\/\/www.eninter.com\/it-ch\/limpegno-di-eninter-continua-a-migliorare-la-vita-delle-persone-in-india\/"},"author":{"name":"Albert Puig","@id":"https:\/\/www.eninter.com\/it-ch\/#\/schema\/person\/e6178c261ac4210884c0e0264dd59043"},"headline":"L&#8217;impegno di ENINTER continua a migliorare la vita delle persone in India.","datePublished":"2022-09-05T14:04:39+00:00","dateModified":"2025-01-08T12:45:56+00:00","mainEntityOfPage":{"@id":"https:\/\/www.eninter.com\/it-ch\/limpegno-di-eninter-continua-a-migliorare-la-vita-delle-persone-in-india\/"},"wordCount":569,"publisher":{"@id":"https:\/\/www.eninter.com\/it-ch\/#organization"},"image":{"@id":"https:\/\/www.eninter.com\/it-ch\/limpegno-di-eninter-continua-a-migliorare-la-vita-delle-persone-in-india\/#primaryimage"},"thumbnailUrl":"https:\/\/www.eninter.com\/wp-content\/uploads\/2022\/09\/compromiso-ENINTER.jpeg","articleSection":["Informazioni su Eninter"],"inLanguage":"it-CH"},{"@type":"WebPage","@id":"https:\/\/www.eninter.com\/it-ch\/limpegno-di-eninter-continua-a-migliorare-la-vita-delle-persone-in-india\/","url":"https:\/\/www.eninter.com\/it-ch\/limpegno-di-eninter-continua-a-migliorare-la-vita-delle-persone-in-india\/","name":"Impegno di Eninter","isPartOf":{"@id":"https:\/\/www.eninter.com\/it-ch\/#website"},"primaryImageOfPage":{"@id":"https:\/\/www.eninter.com\/it-ch\/limpegno-di-eninter-continua-a-migliorare-la-vita-delle-persone-in-india\/#primaryimage"},"image":{"@id":"https:\/\/www.eninter.com\/it-ch\/limpegno-di-eninter-continua-a-migliorare-la-vita-delle-persone-in-india\/#primaryimage"},"thumbnailUrl":"https:\/\/www.eninter.com\/wp-content\/uploads\/2022\/09\/compromiso-ENINTER.jpeg","datePublished":"2022-09-05T14:04:39+00:00","dateModified":"2025-01-08T12:45:56+00:00","description":"Eninter collabora con la Fondazione Vicente Ferrer nella costruzione di un centro di riabilitazione in India","breadcrumb":{"@id":"https:\/\/www.eninter.com\/it-ch\/limpegno-di-eninter-continua-a-migliorare-la-vita-delle-persone-in-india\/#breadcrumb"},"inLanguage":"it-CH","potentialAction":[{"@type":"ReadAction","target":["https:\/\/www.eninter.com\/it-ch\/limpegno-di-eninter-continua-a-migliorare-la-vita-delle-persone-in-india\/"]}]},{"@type":"ImageObject","inLanguage":"it-CH","@id":"https:\/\/www.eninter.com\/it-ch\/limpegno-di-eninter-continua-a-migliorare-la-vita-delle-persone-in-india\/#primaryimage","url":"https:\/\/www.eninter.com\/wp-content\/uploads\/2022\/09\/compromiso-ENINTER.jpeg","contentUrl":"https:\/\/www.eninter.com\/wp-content\/uploads\/2022\/09\/compromiso-ENINTER.jpeg","width":1200,"height":675},{"@type":"BreadcrumbList","@id":"https:\/\/www.eninter.com\/it-ch\/limpegno-di-eninter-continua-a-migliorare-la-vita-delle-persone-in-india\/#breadcrumb","itemListElement":[{"@type":"ListItem","position":1,"name":"Portada","item":"https:\/\/www.eninter.com\/it-ch\/"},{"@type":"ListItem","position":2,"name":"L&#8217;impegno di ENINTER continua a migliorare la vita delle persone in India."}]},{"@type":"WebSite","@id":"https:\/\/www.eninter.com\/it-ch\/#website","url":"https:\/\/www.eninter.com\/it-ch\/","name":"ENINTER","description":"Mantenimiento de Ascensores Multimarca","publisher":{"@id":"https:\/\/www.eninter.com\/it-ch\/#organization"},"potentialAction":[{"@type":"SearchAction","target":{"@type":"EntryPoint","urlTemplate":"https:\/\/www.eninter.com\/it-ch\/?s={search_term_string}"},"query-input":{"@type":"PropertyValueSpecification","valueRequired":true,"valueName":"search_term_string"}}],"inLanguage":"it-CH"},{"@type":"Organization","@id":"https:\/\/www.eninter.com\/it-ch\/#organization","name":"Eniter","url":"https:\/\/www.eninter.com\/it-ch\/","logo":{"@type":"ImageObject","inLanguage":"it-CH","@id":"https:\/\/www.eninter.com\/it-ch\/#\/schema\/logo\/image\/","url":"https:\/\/www.eninter.com\/wp-content\/uploads\/2023\/08\/logo-eninter-png.png","contentUrl":"https:\/\/www.eninter.com\/wp-content\/uploads\/2023\/08\/logo-eninter-png.png","width":600,"height":340,"caption":"Eniter"},"image":{"@id":"https:\/\/www.eninter.com\/it-ch\/#\/schema\/logo\/image\/"},"sameAs":["https:\/\/www.facebook.com\/EninterAscensores","https:\/\/x.com\/Eninter","https:\/\/www.instagram.com\/eninterascensores\/","https:\/\/www.youtube.com\/user\/ascensoreseninter"]},{"@type":"Person","@id":"https:\/\/www.eninter.com\/it-ch\/#\/schema\/person\/e6178c261ac4210884c0e0264dd59043","name":"Albert Puig","image":{"@type":"ImageObject","inLanguage":"it-CH","@id":"https:\/\/secure.gravatar.com\/avatar\/583d07f3f1036f58d0e44e873586278b582179a16b27a5b3951504e9ee001c06?s=96&d=mm&r=g","url":"https:\/\/secure.gravatar.com\/avatar\/583d07f3f1036f58d0e44e873586278b582179a16b27a5b3951504e9ee001c06?s=96&d=mm&r=g","contentUrl":"https:\/\/secure.gravatar.com\/avatar\/583d07f3f1036f58d0e44e873586278b582179a16b27a5b3951504e9ee001c06?s=96&d=mm&r=g","caption":"Albert Puig"}}]}},"_links":{"self":[{"href":"https:\/\/www.eninter.com\/it-ch\/wp-json\/wp\/v2\/posts\/12836","targetHints":{"allow":["GET"]}}],"collection":[{"href":"https:\/\/www.eninter.com\/it-ch\/wp-json\/wp\/v2\/posts"}],"about":[{"href":"https:\/\/www.eninter.com\/it-ch\/wp-json\/wp\/v2\/types\/post"}],"author":[{"embeddable":true,"href":"https:\/\/www.eninter.com\/it-ch\/wp-json\/wp\/v2\/users\/3"}],"replies":[{"embeddable":true,"href":"https:\/\/www.eninter.com\/it-ch\/wp-json\/wp\/v2\/comments?post=12836"}],"version-history":[{"count":0,"href":"https:\/\/www.eninter.com\/it-ch\/wp-json\/wp\/v2\/posts\/12836\/revisions"}],"wp:featuredmedia":[{"embeddable":true,"href":"https:\/\/www.eninter.com\/it-ch\/wp-json\/wp\/v2\/media\/12838"}],"wp:attachment":[{"href":"https:\/\/www.eninter.com\/it-ch\/wp-json\/wp\/v2\/media?parent=12836"}],"wp:term":[{"taxonomy":"category","embeddable":true,"href":"https:\/\/www.eninter.com\/it-ch\/wp-json\/wp\/v2\/categories?post=12836"},{"taxonomy":"post_tag","embeddable":true,"href":"https:\/\/www.eninter.com\/it-ch\/wp-json\/wp\/v2\/tags?post=12836"}],"curies":[{"name":"wp","href":"https:\/\/api.w.org\/{rel}","templated":true}]}}