{"id":12875,"date":"2022-01-03T16:23:53","date_gmt":"2022-01-03T16:23:53","guid":{"rendered":"https:\/\/www.eninter.com\/jordi-salvatella-la-comunicazione-tra-larea-commerciale-e-quella-tecnica-e-fondamentale\/"},"modified":"2022-01-03T16:23:53","modified_gmt":"2022-01-03T16:23:53","slug":"jordi-salvatella-la-comunicazione-tra-larea-commerciale-e-quella-tecnica-e-fondamentale","status":"publish","type":"post","link":"https:\/\/www.eninter.com\/it-ch\/jordi-salvatella-la-comunicazione-tra-larea-commerciale-e-quella-tecnica-e-fondamentale\/","title":{"rendered":"Jordi Salvatella: &#8220;La comunicazione tra l&#8217;area commerciale e quella tecnica \u00e8 fondamentale&#8221;."},"content":{"rendered":"<p>Jordi Salvatella \u00e8 un membro del team di Eninter Ascensores e dirige l&#8217;Ufficio vendite e assistenza, noto anche come OCS. Ma cosa fa questo ufficio? Perch\u00e9 \u00e8 fondamentale essere in grado di offrire un servizio di altissima qualit\u00e0? In questa interessante intervista, \u00e8 lui stesso a spiegare in cosa consiste il suo lavoro quotidiano e quello del suo team.<\/p>\n<p>&nbsp;<\/p>\n<p><strong>Qual \u00e8 il nome del reparto che dirige in Eninter Ascensores?<br \/>\n<\/strong>Ufficio e servizio commerciale, noto anche come OCS.<\/p>\n<p>&nbsp;<\/p>\n<p><strong>Di cosa si occupa questo dipartimento?<br \/>\n<\/strong>La nostra missione \u00e8 servire tutti i rappresentanti di vendita, i manager e gli operatori in tutte le loro esigenze. Monitoriamo il vostro lavoro e verifichiamo il corretto raggiungimento degli obiettivi. Per raggiungere questo obiettivo, cerchiamo di essere un supporto in tutte le procedure in cui agiscono: dalla visita a un cliente o dalla creazione di un preventivo, fino alla chiusura del lavoro svolto in loco.<\/p>\n<p>&nbsp;<\/p>\n<p><strong>Perch\u00e9 questo mix di lavoro commerciale e tecnico \u00e8 cos\u00ec importante?<br \/>\n<\/strong>In Eninter Ascensores siamo convinti che l&#8217;intesa tra il reparto commerciale e quello tecnico sia fondamentale, perch\u00e9 entrambi hanno bisogno l&#8217;uno dell&#8217;altro. Un venditore non potr\u00e0 ripetere una vendita a un cliente che non \u00e8 stato soddisfatto del nostro servizio tecnico e il servizio tecnico non avrebbe lavoro senza le vendite del reparto vendite. Se questi due reparti si comprendono a vicenda e rispettano uno dei valori di  <a href=\"https:\/\/www.eninter.com\/fabricacion-instalacion-mantenimiento-ascensores.php\">Ascensori Eninter<\/a>Lavorando in squadra, saranno in grado di essere pi\u00f9 efficienti e quindi di raggiungere l&#8217;obiettivo primario: la soddisfazione del cliente.<\/p>\n<p>&nbsp;<\/p>\n<p><strong>Quando viene rilevato un gran numero di guasti dello stesso tipo, ad esempio, come si procede?<br \/>\n<\/strong>Dipende da molti fattori. Si deve considerare se la causa del guasto \u00e8 legata a un componente prodotto internamente o da un fornitore. Una delle soluzioni pi\u00f9 comuni per evitare che ci\u00f2 accada \u00e8 la creazione di piani di manutenzione personalizzati. I piani <a href=\"https:\/\/www.eninter.com\/mantenimiento-ascensores.php\">di manutenzione<\/a> personalizzati ci permettono, tramite un&#8217;applicazione mobile, di indicare all&#8217;operatore quale elemento o area specifica deve essere controllata. Abbiamo progetti per ascensori elettrici, ascensori idraulici, ascensori per porte di garage, ascensori a piattaforma, ecc. In questo modo, oltre a eseguire la manutenzione secondo le norme, disponiamo di una serie di variabili aggiuntive che ci offrono un migliore servizio di prevenzione e ci permettono di fornire un servizio migliore.<\/p>\n<p>&nbsp;<\/p>\n<p><strong>Come interviene il dipartimento OCS nei bilanci?<br \/>\n<\/strong>Una delle nostre maggiori sfide \u00e8 quella di rendere i processi sempre pi\u00f9 agili e semplici. Pertanto, in questo aspetto, aiutiamo ad aggiornare il design dei bilanci e valutiamo e creiamo la descrizione delle nuove voci che compaiono. Inoltre, siamo in costante contatto con l&#8217;intera rete commerciale, tecnica e amministrativa a livello nazionale, per risolvere qualsiasi problema. Infine, monitoriamo l&#8217;applicazione e il controllo delle politiche commerciali stabilite all&#8217;inizio dell&#8217;anno, nonch\u00e9 l&#8217;elaborazione delle autorizzazioni eventualmente necessarie.<\/p>\n<p>&nbsp;<\/p>\n<p><strong>Qual \u00e8 l&#8217;importanza dell&#8217;esistenza del dipartimento OCS?<br \/>\n<\/strong>All&#8217;inizio del 2019 eravamo <strong>CO: Ufficio Commerciale<\/strong>. Quando abbiamo aggiunto la &#8220;S&#8221; di &#8220;Service&#8221; \u00e8 stato caricato di responsabilit\u00e0. Da allora, siamo l&#8217;anello di congiunzione tra i due dipartimenti e garantiamo un&#8217;eccellente comunicazione tra i due per assicurare che tutte le procedure siano eseguite in modo rigoroso. Per Eninter Ascensores, la comprensione tra l&#8217;aspetto commerciale e quello tecnico \u00e8 un requisito essenziale per raggiungere l&#8217;eccellenza che perseguiamo.<\/p>\n<p>&nbsp;<\/p>\n","protected":false},"excerpt":{"rendered":"<p>Jordi Salvatella \u00e8 un membro del team di Eninter Ascensores e dirige l&#8217;Ufficio vendite e assistenza, noto anche come OCS. Ma cosa fa questo ufficio? Perch\u00e9 \u00e8 fondamentale essere in grado di offrire un servizio di altissima qualit\u00e0? In questa interessante intervista, \u00e8 lui stesso a spiegare in cosa consiste il suo lavoro quotidiano e [&hellip;]<\/p>\n","protected":false},"author":3,"featured_media":0,"comment_status":"open","ping_status":"open","sticky":false,"template":"","format":"standard","meta":{"_acf_changed":false,"content-type":"","footnotes":""},"categories":[372],"tags":[],"class_list":["post-12875","post","type-post","status-publish","format-standard","hentry","category-informazioni-su-eninter-it-ch"],"acf":[],"_yoast_wpseo_focuskw":"Jordi Salvatella","_yoast_wpseo_metadesc":"Jordi Salvatella: La comunicazione tra l'area commerciale e quella tecnica \u00e8 fondamentale per offrire un servizio di qualit\u00e0.","yoast_head":"<!-- This site is optimized with the Yoast SEO Premium plugin v21.6 (Yoast SEO v27.2) - https:\/\/yoast.com\/product\/yoast-seo-premium-wordpress\/ -->\n<title>| Eninter Ascensores<\/title>\n<meta name=\"description\" content=\"Jordi Salvatella: La comunicazione tra l&#039;area commerciale e quella tecnica \u00e8 fondamentale per offrire un servizio di qualit\u00e0.\" \/>\n<meta name=\"robots\" content=\"index, follow, max-snippet:-1, max-image-preview:large, max-video-preview:-1\" \/>\n<link rel=\"canonical\" href=\"https:\/\/www.eninter.com\/it-ch\/jordi-salvatella-la-comunicazione-tra-larea-commerciale-e-quella-tecnica-e-fondamentale\/\" \/>\n<meta property=\"og:locale\" content=\"it_IT\" \/>\n<meta property=\"og:type\" content=\"article\" \/>\n<meta property=\"og:title\" content=\"Jordi Salvatella: &quot;La comunicazione tra l&#039;area commerciale e quella tecnica \u00e8 fondamentale&quot;.\" \/>\n<meta property=\"og:description\" content=\"Jordi Salvatella: La comunicazione tra l&#039;area commerciale e quella tecnica \u00e8 fondamentale per offrire un servizio di qualit\u00e0.\" \/>\n<meta property=\"og:url\" content=\"https:\/\/www.eninter.com\/it-ch\/jordi-salvatella-la-comunicazione-tra-larea-commerciale-e-quella-tecnica-e-fondamentale\/\" \/>\n<meta property=\"og:site_name\" content=\"ENINTER\" \/>\n<meta property=\"article:publisher\" content=\"https:\/\/www.facebook.com\/EninterAscensores\" \/>\n<meta property=\"article:published_time\" content=\"2022-01-03T16:23:53+00:00\" \/>\n<meta name=\"author\" content=\"Albert Puig\" \/>\n<meta name=\"twitter:card\" content=\"summary_large_image\" \/>\n<meta name=\"twitter:creator\" content=\"@Eninter\" \/>\n<meta name=\"twitter:site\" content=\"@Eninter\" \/>\n<meta name=\"twitter:label1\" content=\"Written by\" \/>\n\t<meta name=\"twitter:data1\" content=\"Albert Puig\" \/>\n\t<meta name=\"twitter:label2\" content=\"Est. reading time\" \/>\n\t<meta name=\"twitter:data2\" content=\"3 minutes\" \/>\n<!-- \/ Yoast SEO Premium plugin. -->","yoast_head_json":{"title":"| Eninter Ascensores","description":"Jordi Salvatella: La comunicazione tra l'area commerciale e quella tecnica \u00e8 fondamentale per offrire un servizio di qualit\u00e0.","robots":{"index":"index","follow":"follow","max-snippet":"max-snippet:-1","max-image-preview":"max-image-preview:large","max-video-preview":"max-video-preview:-1"},"canonical":"https:\/\/www.eninter.com\/it-ch\/jordi-salvatella-la-comunicazione-tra-larea-commerciale-e-quella-tecnica-e-fondamentale\/","og_locale":"it_IT","og_type":"article","og_title":"Jordi Salvatella: \"La comunicazione tra l'area commerciale e quella tecnica \u00e8 fondamentale\".","og_description":"Jordi Salvatella: La comunicazione tra l'area commerciale e quella tecnica \u00e8 fondamentale per offrire un servizio di qualit\u00e0.","og_url":"https:\/\/www.eninter.com\/it-ch\/jordi-salvatella-la-comunicazione-tra-larea-commerciale-e-quella-tecnica-e-fondamentale\/","og_site_name":"ENINTER","article_publisher":"https:\/\/www.facebook.com\/EninterAscensores","article_published_time":"2022-01-03T16:23:53+00:00","author":"Albert Puig","twitter_card":"summary_large_image","twitter_creator":"@Eninter","twitter_site":"@Eninter","twitter_misc":{"Written by":"Albert Puig","Est. reading time":"3 minutes"},"schema":{"@context":"https:\/\/schema.org","@graph":[{"@type":"Article","@id":"https:\/\/www.eninter.com\/it-ch\/jordi-salvatella-la-comunicazione-tra-larea-commerciale-e-quella-tecnica-e-fondamentale\/#article","isPartOf":{"@id":"https:\/\/www.eninter.com\/it-ch\/jordi-salvatella-la-comunicazione-tra-larea-commerciale-e-quella-tecnica-e-fondamentale\/"},"author":{"name":"Albert Puig","@id":"https:\/\/www.eninter.com\/it-ch\/#\/schema\/person\/e6178c261ac4210884c0e0264dd59043"},"headline":"Jordi Salvatella: &#8220;La comunicazione tra l&#8217;area commerciale e quella tecnica \u00e8 fondamentale&#8221;.","datePublished":"2022-01-03T16:23:53+00:00","mainEntityOfPage":{"@id":"https:\/\/www.eninter.com\/it-ch\/jordi-salvatella-la-comunicazione-tra-larea-commerciale-e-quella-tecnica-e-fondamentale\/"},"wordCount":558,"commentCount":0,"publisher":{"@id":"https:\/\/www.eninter.com\/it-ch\/#organization"},"articleSection":["Informazioni su Eninter"],"inLanguage":"it-CH","potentialAction":[{"@type":"CommentAction","name":"Comment","target":["https:\/\/www.eninter.com\/it-ch\/jordi-salvatella-la-comunicazione-tra-larea-commerciale-e-quella-tecnica-e-fondamentale\/#respond"]}]},{"@type":"WebPage","@id":"https:\/\/www.eninter.com\/it-ch\/jordi-salvatella-la-comunicazione-tra-larea-commerciale-e-quella-tecnica-e-fondamentale\/","url":"https:\/\/www.eninter.com\/it-ch\/jordi-salvatella-la-comunicazione-tra-larea-commerciale-e-quella-tecnica-e-fondamentale\/","name":"| Eninter Ascensores","isPartOf":{"@id":"https:\/\/www.eninter.com\/it-ch\/#website"},"datePublished":"2022-01-03T16:23:53+00:00","description":"Jordi Salvatella: La comunicazione tra l'area commerciale e quella tecnica \u00e8 fondamentale per offrire un servizio di qualit\u00e0.","breadcrumb":{"@id":"https:\/\/www.eninter.com\/it-ch\/jordi-salvatella-la-comunicazione-tra-larea-commerciale-e-quella-tecnica-e-fondamentale\/#breadcrumb"},"inLanguage":"it-CH","potentialAction":[{"@type":"ReadAction","target":["https:\/\/www.eninter.com\/it-ch\/jordi-salvatella-la-comunicazione-tra-larea-commerciale-e-quella-tecnica-e-fondamentale\/"]}]},{"@type":"BreadcrumbList","@id":"https:\/\/www.eninter.com\/it-ch\/jordi-salvatella-la-comunicazione-tra-larea-commerciale-e-quella-tecnica-e-fondamentale\/#breadcrumb","itemListElement":[{"@type":"ListItem","position":1,"name":"Portada","item":"https:\/\/www.eninter.com\/it-ch\/"},{"@type":"ListItem","position":2,"name":"Jordi Salvatella: \u00abLa comunicazione tra l&#8217;area commerciale e quella tecnica \u00e8 fondamentale\u00bb."}]},{"@type":"WebSite","@id":"https:\/\/www.eninter.com\/it-ch\/#website","url":"https:\/\/www.eninter.com\/it-ch\/","name":"ENINTER","description":"Mantenimiento de Ascensores Multimarca","publisher":{"@id":"https:\/\/www.eninter.com\/it-ch\/#organization"},"potentialAction":[{"@type":"SearchAction","target":{"@type":"EntryPoint","urlTemplate":"https:\/\/www.eninter.com\/it-ch\/?s={search_term_string}"},"query-input":{"@type":"PropertyValueSpecification","valueRequired":true,"valueName":"search_term_string"}}],"inLanguage":"it-CH"},{"@type":"Organization","@id":"https:\/\/www.eninter.com\/it-ch\/#organization","name":"Eniter","url":"https:\/\/www.eninter.com\/it-ch\/","logo":{"@type":"ImageObject","inLanguage":"it-CH","@id":"https:\/\/www.eninter.com\/it-ch\/#\/schema\/logo\/image\/","url":"https:\/\/www.eninter.com\/wp-content\/uploads\/2023\/08\/logo-eninter-png.png","contentUrl":"https:\/\/www.eninter.com\/wp-content\/uploads\/2023\/08\/logo-eninter-png.png","width":600,"height":340,"caption":"Eniter"},"image":{"@id":"https:\/\/www.eninter.com\/it-ch\/#\/schema\/logo\/image\/"},"sameAs":["https:\/\/www.facebook.com\/EninterAscensores","https:\/\/x.com\/Eninter","https:\/\/www.instagram.com\/eninterascensores\/","https:\/\/www.youtube.com\/user\/ascensoreseninter"]},{"@type":"Person","@id":"https:\/\/www.eninter.com\/it-ch\/#\/schema\/person\/e6178c261ac4210884c0e0264dd59043","name":"Albert Puig","image":{"@type":"ImageObject","inLanguage":"it-CH","@id":"https:\/\/secure.gravatar.com\/avatar\/583d07f3f1036f58d0e44e873586278b582179a16b27a5b3951504e9ee001c06?s=96&d=mm&r=g","url":"https:\/\/secure.gravatar.com\/avatar\/583d07f3f1036f58d0e44e873586278b582179a16b27a5b3951504e9ee001c06?s=96&d=mm&r=g","contentUrl":"https:\/\/secure.gravatar.com\/avatar\/583d07f3f1036f58d0e44e873586278b582179a16b27a5b3951504e9ee001c06?s=96&d=mm&r=g","caption":"Albert Puig"}}]}},"_links":{"self":[{"href":"https:\/\/www.eninter.com\/it-ch\/wp-json\/wp\/v2\/posts\/12875","targetHints":{"allow":["GET"]}}],"collection":[{"href":"https:\/\/www.eninter.com\/it-ch\/wp-json\/wp\/v2\/posts"}],"about":[{"href":"https:\/\/www.eninter.com\/it-ch\/wp-json\/wp\/v2\/types\/post"}],"author":[{"embeddable":true,"href":"https:\/\/www.eninter.com\/it-ch\/wp-json\/wp\/v2\/users\/3"}],"replies":[{"embeddable":true,"href":"https:\/\/www.eninter.com\/it-ch\/wp-json\/wp\/v2\/comments?post=12875"}],"version-history":[{"count":0,"href":"https:\/\/www.eninter.com\/it-ch\/wp-json\/wp\/v2\/posts\/12875\/revisions"}],"wp:attachment":[{"href":"https:\/\/www.eninter.com\/it-ch\/wp-json\/wp\/v2\/media?parent=12875"}],"wp:term":[{"taxonomy":"category","embeddable":true,"href":"https:\/\/www.eninter.com\/it-ch\/wp-json\/wp\/v2\/categories?post=12875"},{"taxonomy":"post_tag","embeddable":true,"href":"https:\/\/www.eninter.com\/it-ch\/wp-json\/wp\/v2\/tags?post=12875"}],"curies":[{"name":"wp","href":"https:\/\/api.w.org\/{rel}","templated":true}]}}