{"id":11263,"date":"2023-12-21T09:37:26","date_gmt":"2023-12-21T08:37:26","guid":{"rendered":"https:\/\/www.eninter.com\/preso-num-elevador-da-emergencia-a-calma-em-menos-de-2-horas-com-a-eninter\/"},"modified":"2024-01-11T08:33:20","modified_gmt":"2024-01-11T08:33:20","slug":"preso-num-elevador-da-emergencia-a-calma-em-menos-de-2-horas-com-a-eninter","status":"publish","type":"post","link":"https:\/\/www.eninter.com\/pt-pt\/preso-num-elevador-da-emergencia-a-calma-em-menos-de-2-horas-com-a-eninter\/","title":{"rendered":"Preso num elevador: da emerg\u00eancia \u00e0 calma em menos de 30 minutos com a Eninter"},"content":{"rendered":"<p><span style=\"font-weight: 400;\">Em situa\u00e7\u00f5es de emerg\u00eancia de elevadores, todos os minutos contam. Somos confrontados com a inevit\u00e1vel quest\u00e3o: o que acontece quando ficamos presos num elevador? Compreendemos as complexidades t\u00e9cnicas e apreciamos a urg\u00eancia destas circunst\u00e2ncias. Este artigo explora a forma como transformamos situa\u00e7\u00f5es cr\u00edticas em experi\u00eancias calmas e seguras, garantindo sempre uma resposta r\u00e1pida \u00e0 sua chamada.<\/span><\/p>\n<h2><b>Garantimos uma resposta r\u00e1pida \u00e0 sua chamada.<\/b><\/h2>\n<p><span style=\"font-weight: 400;\">O nosso compromisso com o servi\u00e7o ao cliente \u00e9 sublinhado pela rapidez com que respondemos a situa\u00e7\u00f5es de emerg\u00eancia.<\/span><b>  O servi\u00e7o Call Centre est\u00e1 ativo 24 horas por dia.<\/b><span style=\"font-weight: 400;\">O servi\u00e7o d\u00e1 prioridade \u00e0s chamadas de emerg\u00eancia e oferece um servi\u00e7o personalizado. Utilizamos o  <\/span><b>tecnologia GSM <\/b><span style=\"font-weight: 400;\">para manter o seu elevador permanentemente ligado ao nosso centro de atendimento, mesmo durante cortes de energia.<\/span><\/p>\n<p>&nbsp;<\/p>\n<h2><b>Mais do que uma repara\u00e7\u00e3o t\u00e9cnica: uma experi\u00eancia calma e segura<\/b><\/h2>\n<p><span style=\"font-weight: 400;\">Oferecemos um atendimento personalizado 24 horas por dia, combinando os nossos conhecimentos t\u00e9cnicos com empatia e proximidade. A nossa rapidez significa restabelecer a normalidade e minimizar o desconforto associado.<\/span><\/p>\n<p>&nbsp;<\/p>\n<h2><b>A sua chamada, a nossa prioridade<\/b><\/h2>\n<p><span style=\"font-weight: 400;\">Desde avarias comuns a salvamentos dif\u00edceis, respondemos rapidamente. Com uma rede de profissionais estrategicamente distribu\u00eddos, podemos contactar o t\u00e9cnico mais pr\u00f3ximo,  <\/span><span style=\"font-weight: 400;\">assegurando uma assist\u00eancia urgente ap\u00f3s a sua chamada. Na Eninter, comprometemo-nos a efetuar o salvamento em menos de 30 minutos, embora a m\u00e9dia real seja que estamos a chegar \u00e0s armadilhas em menos de 21 minutos.  <\/span><span style=\"font-weight: 400;\">Transformamos momentos complicados em experi\u00eancias tranquilas, prestando um servi\u00e7o eficiente e de qualidade ao cliente.<\/span><\/p>\n<p>&nbsp;<\/p>\n<h2><b>Compromisso com a sua seguran\u00e7a a n\u00edvel nacional<\/b><\/h2>\n<p><span style=\"font-weight: 400;\">Dispomos de 46 ag\u00eancias em todo o pa\u00eds, situadas a menos de duas horas dos nossos entrepostos log\u00edsticos. Isto permite-nos reduzir os tempos de espera em caso de problemas t\u00e9cnicos com o seu elevador ou quando fica preso num deles. Al\u00e9m disso, o nosso servi\u00e7o de apoio ao cliente \u00e9 apoiado por 465 oficinas m\u00f3veis em toda a Espanha, com pe\u00e7as sobresselentes para resolver rapidamente as avarias mais comuns.<\/span><\/p>\n<p>&nbsp;<\/p>\n<h2><b>Manuten\u00e7\u00e3o multimarca: ADN Eninter<\/b><\/h2>\n<p><span style=\"font-weight: 400;\">A manuten\u00e7\u00e3o multimarcas da Eninter garante o desempenho \u00f3timo dos nossos elevadores. A nossa capacidade de prestar assist\u00eancia a elevadores de v\u00e1rias marcas e modelos \u00e9 crucial. A versatilidade e a experi\u00eancia dos nossos t\u00e9cnicos, apoiados por uma forte equipa de Assist\u00eancia T\u00e9cnica (SAT), s\u00e3o fundamentais para o desenvolvimento cont\u00ednuo dos nossos produtos e para a forma\u00e7\u00e3o interna dos nossos colaboradores.<\/span><\/p>\n<p>&nbsp;<\/p>\n<h2><b>Desenvolvimento interno de produtos: inova\u00e7\u00e3o constante para o m\u00e1ximo desempenho<\/b><\/h2>\n<p><span style=\"font-weight: 400;\">O SAT da Eninter n\u00e3o s\u00f3 fornece apoio t\u00e9cnico, como tamb\u00e9m contribui ativamente para o desenvolvimento do nosso pr\u00f3prio produto. Esta abordagem permite-nos inovar constantemente, melhorando a efici\u00eancia e a seguran\u00e7a dos nossos elevadores.<\/span><\/p>\n<p>&nbsp;<\/p>\n<h2><b>Forma\u00e7\u00e3o interna: refor\u00e7ar os conhecimentos para um servi\u00e7o de qualidade<\/b><\/h2>\n<p><span style=\"font-weight: 400;\">A forma\u00e7\u00e3o interna \u00e9 a chave para a diferen\u00e7a que o SAT da Eninter faz. O nosso compromisso com a excel\u00eancia reflecte-se na forma\u00e7\u00e3o cont\u00ednua do nosso pessoal, dotando-o das ferramentas e conhecimentos necess\u00e1rios para enfrentar os desafios t\u00e9cnicos.<\/span><\/p>\n<p>&nbsp;<\/p>\n<p><span style=\"font-weight: 400;\">Em suma, a equipa de Suporte <a href=\"https:\/\/www.eninter.com\/\">Eninter<\/a> n\u00e3o \u00e9 apenas a espinha dorsal da nossa abordagem de manuten\u00e7\u00e3o multimarca, mas tamb\u00e9m impulsiona a inova\u00e7\u00e3o e refor\u00e7a a qualidade dos nossos servi\u00e7os. Este compromisso abrangente posiciona-nos como l\u00edderes na manuten\u00e7\u00e3o de elevadores, proporcionando aos nossos clientes a tranquilidade de ter um servi\u00e7o t\u00e9cnico altamente treinado e orientado para a excel\u00eancia que responde em caso de emerg\u00eancia.<\/span><\/p>\n","protected":false},"excerpt":{"rendered":"<p>Em situa\u00e7\u00f5es de emerg\u00eancia de elevadores, todos os minutos contam. Somos confrontados com a inevit\u00e1vel quest\u00e3o: o que acontece quando ficamos presos num elevador? Compreendemos as complexidades t\u00e9cnicas e apreciamos a urg\u00eancia destas circunst\u00e2ncias. Este artigo explora a forma como transformamos situa\u00e7\u00f5es cr\u00edticas em experi\u00eancias calmas e seguras, garantindo sempre uma resposta r\u00e1pida \u00e0 sua [&hellip;]<\/p>\n","protected":false},"author":3,"featured_media":11482,"comment_status":"closed","ping_status":"closed","sticky":false,"template":"","format":"standard","meta":{"_acf_changed":false,"content-type":"","footnotes":""},"categories":[215,205],"tags":[360],"class_list":["post-11263","post","type-post","status-publish","format-standard","has-post-thumbnail","hentry","category-elevadores","category-sem-categoria","tag-montse-sanchez-pt-pt"],"acf":[],"_yoast_wpseo_focuskw":"Preso num elevador","_yoast_wpseo_metadesc":"J\u00e1 alguma vez ficou preso num elevador? Na Eninter, a nossa prioridade \u00e9 transmitir tranquilidade e seguran\u00e7a aos nossos clientes.","yoast_head":"<!-- This site is optimized with the Yoast SEO Premium plugin v21.6 (Yoast SEO v27.2) - https:\/\/yoast.com\/product\/yoast-seo-premium-wordpress\/ -->\n<title>Preso num elevador: da emerg\u00eancia \u00e0 calma em menos de 30 minutos com a Eninter - ENINTER<\/title>\n<meta name=\"description\" content=\"J\u00e1 alguma vez ficou preso num elevador? Na Eninter, a nossa prioridade \u00e9 transmitir tranquilidade e seguran\u00e7a aos nossos clientes.\" \/>\n<meta name=\"robots\" content=\"index, follow, max-snippet:-1, max-image-preview:large, max-video-preview:-1\" \/>\n<link rel=\"canonical\" href=\"https:\/\/www.eninter.com\/pt-pt\/preso-num-elevador-da-emergencia-a-calma-em-menos-de-2-horas-com-a-eninter\/\" \/>\n<meta property=\"og:locale\" content=\"pt_PT\" \/>\n<meta property=\"og:type\" content=\"article\" \/>\n<meta property=\"og:title\" content=\"Preso num elevador: da emerg\u00eancia \u00e0 calma em menos de 30 minutos com a Eninter\" \/>\n<meta property=\"og:description\" content=\"J\u00e1 alguma vez ficou preso num elevador? Na Eninter, a nossa prioridade \u00e9 transmitir tranquilidade e seguran\u00e7a aos nossos clientes.\" \/>\n<meta property=\"og:url\" content=\"https:\/\/www.eninter.com\/pt-pt\/preso-num-elevador-da-emergencia-a-calma-em-menos-de-2-horas-com-a-eninter\/\" \/>\n<meta property=\"og:site_name\" content=\"ENINTER\" \/>\n<meta property=\"article:publisher\" content=\"https:\/\/www.facebook.com\/EninterAscensores\" \/>\n<meta property=\"article:published_time\" content=\"2023-12-21T08:37:26+00:00\" \/>\n<meta property=\"article:modified_time\" content=\"2024-01-11T08:33:20+00:00\" \/>\n<meta property=\"og:image\" content=\"https:\/\/www.eninter.com\/wp-content\/uploads\/2025\/10\/URGENCIA_PRT-scaled.webp\" \/>\n\t<meta property=\"og:image:width\" content=\"2560\" \/>\n\t<meta property=\"og:image:height\" content=\"2560\" \/>\n\t<meta property=\"og:image:type\" content=\"image\/webp\" \/>\n<meta name=\"author\" content=\"Albert Puig\" \/>\n<meta name=\"twitter:card\" content=\"summary_large_image\" \/>\n<meta name=\"twitter:creator\" content=\"@Eninter\" \/>\n<meta name=\"twitter:site\" content=\"@Eninter\" \/>\n<meta name=\"twitter:label1\" content=\"Escrito por\" \/>\n\t<meta name=\"twitter:data1\" content=\"Albert Puig\" \/>\n\t<meta name=\"twitter:label2\" content=\"Tempo estimado de leitura\" \/>\n\t<meta name=\"twitter:data2\" content=\"3 minutos\" \/>\n<!-- \/ Yoast SEO Premium plugin. -->","yoast_head_json":{"title":"Preso num elevador: da emerg\u00eancia \u00e0 calma em menos de 30 minutos com a Eninter - ENINTER","description":"J\u00e1 alguma vez ficou preso num elevador? Na Eninter, a nossa prioridade \u00e9 transmitir tranquilidade e seguran\u00e7a aos nossos clientes.","robots":{"index":"index","follow":"follow","max-snippet":"max-snippet:-1","max-image-preview":"max-image-preview:large","max-video-preview":"max-video-preview:-1"},"canonical":"https:\/\/www.eninter.com\/pt-pt\/preso-num-elevador-da-emergencia-a-calma-em-menos-de-2-horas-com-a-eninter\/","og_locale":"pt_PT","og_type":"article","og_title":"Preso num elevador: da emerg\u00eancia \u00e0 calma em menos de 30 minutos com a Eninter","og_description":"J\u00e1 alguma vez ficou preso num elevador? Na Eninter, a nossa prioridade \u00e9 transmitir tranquilidade e seguran\u00e7a aos nossos clientes.","og_url":"https:\/\/www.eninter.com\/pt-pt\/preso-num-elevador-da-emergencia-a-calma-em-menos-de-2-horas-com-a-eninter\/","og_site_name":"ENINTER","article_publisher":"https:\/\/www.facebook.com\/EninterAscensores","article_published_time":"2023-12-21T08:37:26+00:00","article_modified_time":"2024-01-11T08:33:20+00:00","og_image":[{"width":2560,"height":2560,"url":"https:\/\/www.eninter.com\/wp-content\/uploads\/2025\/10\/URGENCIA_PRT-scaled.webp","type":"image\/webp"}],"author":"Albert Puig","twitter_card":"summary_large_image","twitter_creator":"@Eninter","twitter_site":"@Eninter","twitter_misc":{"Escrito por":"Albert Puig","Tempo estimado de leitura":"3 minutos"},"schema":{"@context":"https:\/\/schema.org","@graph":[{"@type":"Article","@id":"https:\/\/www.eninter.com\/pt-pt\/preso-num-elevador-da-emergencia-a-calma-em-menos-de-2-horas-com-a-eninter\/#article","isPartOf":{"@id":"https:\/\/www.eninter.com\/pt-pt\/preso-num-elevador-da-emergencia-a-calma-em-menos-de-2-horas-com-a-eninter\/"},"author":{"name":"Albert Puig","@id":"https:\/\/www.eninter.com\/pt-pt\/#\/schema\/person\/e6178c261ac4210884c0e0264dd59043"},"headline":"Preso num elevador: da emerg\u00eancia \u00e0 calma em menos de 30 minutos com a Eninter","datePublished":"2023-12-21T08:37:26+00:00","dateModified":"2024-01-11T08:33:20+00:00","mainEntityOfPage":{"@id":"https:\/\/www.eninter.com\/pt-pt\/preso-num-elevador-da-emergencia-a-calma-em-menos-de-2-horas-com-a-eninter\/"},"wordCount":635,"publisher":{"@id":"https:\/\/www.eninter.com\/pt-pt\/#organization"},"image":{"@id":"https:\/\/www.eninter.com\/pt-pt\/preso-num-elevador-da-emergencia-a-calma-em-menos-de-2-horas-com-a-eninter\/#primaryimage"},"thumbnailUrl":"https:\/\/www.eninter.com\/wp-content\/uploads\/2025\/10\/URGENCIA_PRT-scaled.webp","keywords":["Montse S\u00e1nchez"],"articleSection":["Elevadores"],"inLanguage":"pt-PT"},{"@type":"WebPage","@id":"https:\/\/www.eninter.com\/pt-pt\/preso-num-elevador-da-emergencia-a-calma-em-menos-de-2-horas-com-a-eninter\/","url":"https:\/\/www.eninter.com\/pt-pt\/preso-num-elevador-da-emergencia-a-calma-em-menos-de-2-horas-com-a-eninter\/","name":"Preso num elevador: da emerg\u00eancia \u00e0 calma em menos de 30 minutos com a Eninter - ENINTER","isPartOf":{"@id":"https:\/\/www.eninter.com\/pt-pt\/#website"},"primaryImageOfPage":{"@id":"https:\/\/www.eninter.com\/pt-pt\/preso-num-elevador-da-emergencia-a-calma-em-menos-de-2-horas-com-a-eninter\/#primaryimage"},"image":{"@id":"https:\/\/www.eninter.com\/pt-pt\/preso-num-elevador-da-emergencia-a-calma-em-menos-de-2-horas-com-a-eninter\/#primaryimage"},"thumbnailUrl":"https:\/\/www.eninter.com\/wp-content\/uploads\/2025\/10\/URGENCIA_PRT-scaled.webp","datePublished":"2023-12-21T08:37:26+00:00","dateModified":"2024-01-11T08:33:20+00:00","description":"J\u00e1 alguma vez ficou preso num elevador? Na Eninter, a nossa prioridade \u00e9 transmitir tranquilidade e seguran\u00e7a aos nossos clientes.","breadcrumb":{"@id":"https:\/\/www.eninter.com\/pt-pt\/preso-num-elevador-da-emergencia-a-calma-em-menos-de-2-horas-com-a-eninter\/#breadcrumb"},"inLanguage":"pt-PT","potentialAction":[{"@type":"ReadAction","target":["https:\/\/www.eninter.com\/pt-pt\/preso-num-elevador-da-emergencia-a-calma-em-menos-de-2-horas-com-a-eninter\/"]}]},{"@type":"ImageObject","inLanguage":"pt-PT","@id":"https:\/\/www.eninter.com\/pt-pt\/preso-num-elevador-da-emergencia-a-calma-em-menos-de-2-horas-com-a-eninter\/#primaryimage","url":"https:\/\/www.eninter.com\/wp-content\/uploads\/2025\/10\/URGENCIA_PRT-scaled.webp","contentUrl":"https:\/\/www.eninter.com\/wp-content\/uploads\/2025\/10\/URGENCIA_PRT-scaled.webp","width":2560,"height":2560},{"@type":"BreadcrumbList","@id":"https:\/\/www.eninter.com\/pt-pt\/preso-num-elevador-da-emergencia-a-calma-em-menos-de-2-horas-com-a-eninter\/#breadcrumb","itemListElement":[{"@type":"ListItem","position":1,"name":"Portada","item":"https:\/\/www.eninter.com\/pt-pt\/"},{"@type":"ListItem","position":2,"name":"Preso num elevador: da emerg\u00eancia \u00e0 calma em menos de 30 minutos com a Eninter"}]},{"@type":"WebSite","@id":"https:\/\/www.eninter.com\/pt-pt\/#website","url":"https:\/\/www.eninter.com\/pt-pt\/","name":"ENINTER","description":"Mantenimiento de Ascensores Multimarca","publisher":{"@id":"https:\/\/www.eninter.com\/pt-pt\/#organization"},"potentialAction":[{"@type":"SearchAction","target":{"@type":"EntryPoint","urlTemplate":"https:\/\/www.eninter.com\/pt-pt\/?s={search_term_string}"},"query-input":{"@type":"PropertyValueSpecification","valueRequired":true,"valueName":"search_term_string"}}],"inLanguage":"pt-PT"},{"@type":"Organization","@id":"https:\/\/www.eninter.com\/pt-pt\/#organization","name":"Eniter","url":"https:\/\/www.eninter.com\/pt-pt\/","logo":{"@type":"ImageObject","inLanguage":"pt-PT","@id":"https:\/\/www.eninter.com\/pt-pt\/#\/schema\/logo\/image\/","url":"https:\/\/www.eninter.com\/wp-content\/uploads\/2023\/08\/logo-eninter-png.png","contentUrl":"https:\/\/www.eninter.com\/wp-content\/uploads\/2023\/08\/logo-eninter-png.png","width":600,"height":340,"caption":"Eniter"},"image":{"@id":"https:\/\/www.eninter.com\/pt-pt\/#\/schema\/logo\/image\/"},"sameAs":["https:\/\/www.facebook.com\/EninterAscensores","https:\/\/x.com\/Eninter","https:\/\/www.instagram.com\/eninterascensores\/","https:\/\/www.youtube.com\/user\/ascensoreseninter"]},{"@type":"Person","@id":"https:\/\/www.eninter.com\/pt-pt\/#\/schema\/person\/e6178c261ac4210884c0e0264dd59043","name":"Albert Puig","image":{"@type":"ImageObject","inLanguage":"pt-PT","@id":"https:\/\/secure.gravatar.com\/avatar\/583d07f3f1036f58d0e44e873586278b582179a16b27a5b3951504e9ee001c06?s=96&d=mm&r=g","url":"https:\/\/secure.gravatar.com\/avatar\/583d07f3f1036f58d0e44e873586278b582179a16b27a5b3951504e9ee001c06?s=96&d=mm&r=g","contentUrl":"https:\/\/secure.gravatar.com\/avatar\/583d07f3f1036f58d0e44e873586278b582179a16b27a5b3951504e9ee001c06?s=96&d=mm&r=g","caption":"Albert Puig"}}]}},"_links":{"self":[{"href":"https:\/\/www.eninter.com\/pt-pt\/wp-json\/wp\/v2\/posts\/11263","targetHints":{"allow":["GET"]}}],"collection":[{"href":"https:\/\/www.eninter.com\/pt-pt\/wp-json\/wp\/v2\/posts"}],"about":[{"href":"https:\/\/www.eninter.com\/pt-pt\/wp-json\/wp\/v2\/types\/post"}],"author":[{"embeddable":true,"href":"https:\/\/www.eninter.com\/pt-pt\/wp-json\/wp\/v2\/users\/3"}],"replies":[{"embeddable":true,"href":"https:\/\/www.eninter.com\/pt-pt\/wp-json\/wp\/v2\/comments?post=11263"}],"version-history":[{"count":0,"href":"https:\/\/www.eninter.com\/pt-pt\/wp-json\/wp\/v2\/posts\/11263\/revisions"}],"wp:featuredmedia":[{"embeddable":true,"href":"https:\/\/www.eninter.com\/pt-pt\/wp-json\/wp\/v2\/media\/11482"}],"wp:attachment":[{"href":"https:\/\/www.eninter.com\/pt-pt\/wp-json\/wp\/v2\/media?parent=11263"}],"wp:term":[{"taxonomy":"category","embeddable":true,"href":"https:\/\/www.eninter.com\/pt-pt\/wp-json\/wp\/v2\/categories?post=11263"},{"taxonomy":"post_tag","embeddable":true,"href":"https:\/\/www.eninter.com\/pt-pt\/wp-json\/wp\/v2\/tags?post=11263"}],"curies":[{"name":"wp","href":"https:\/\/api.w.org\/{rel}","templated":true}]}}