{"id":8373,"date":"2023-06-29T18:22:15","date_gmt":"2023-06-29T18:22:15","guid":{"rendered":"https:\/\/www.eninter.com\/zero-e-mais-dalvier-premiado-por-5-anos-sem-acidentes-de-trabalho-pela-companhia-de-seguros-mutua-mc\/"},"modified":"2023-09-19T08:03:52","modified_gmt":"2023-09-19T08:03:52","slug":"zero-e-mais-dalvier-premiado-por-5-anos-sem-acidentes-de-trabalho-pela-companhia-de-seguros-mutua-mc","status":"publish","type":"post","link":"https:\/\/www.eninter.com\/pt-pt\/zero-e-mais-dalvier-premiado-por-5-anos-sem-acidentes-de-trabalho-pela-companhia-de-seguros-mutua-mc\/","title":{"rendered":"Zero \u00e9 mais! Dalvier premiado por 5 anos sem acidentes de trabalho pela Companhia de Seguros M\u00fatua (MC)"},"content":{"rendered":"&#13;\n<p>Temos o prazer de anunciar que a Dalvier recebeu o prestigioso pr\u00e9mio &#8220;Zero \u00e9 mais&#8221; da Mutual (MC), em reconhecimento da sua not\u00e1vel trajet\u00f3ria de mais de 5 anos sem acidentes de trabalho. Esta conquista \u00e9 a prova do empenho e dedica\u00e7\u00e3o da Dalvier \u00e0 seguran\u00e7a e bem-estar da sua valiosa equipa.<\/p>&#13;\n&#13;\n<p><strong>Com um efetivo de mais de 40 pessoas<\/strong>, cujos riscos profissionais est\u00e3o relacionados com o trabalho de escrit\u00f3rio, a Dalvier demonstrou um historial impec\u00e1vel em termos de acidentes de trabalho. Este marco \u00e9 ainda mais significativo se considerarmos os desafios inerentes a um ambiente de escrit\u00f3rio. A aten\u00e7\u00e3o meticulosa e a concentra\u00e7\u00e3o na preven\u00e7\u00e3o de riscos t\u00eam sido fundamentais para garantir a seguran\u00e7a do seu equipamento.<\/p>&#13;\n&#13;\n<p>Na <strong>Dalvier<\/strong>, a seguran\u00e7a e o bem-estar dos trabalhadores s\u00e3o uma prioridade incontest\u00e1vel. Esta conquista n\u00e3o teria sido poss\u00edvel sem o empenho e o trabalho de equipa de todos os membros do pessoal. A sua aten\u00e7\u00e3o constante aos protocolos de seguran\u00e7a e a responsabilidade partilhada t\u00eam sido fundamentais para manter um ambiente de trabalho seguro e saud\u00e1vel.<\/p>&#13;\n&#13;\n<h2 class=\"wp-block-heading has-medium-font-size\">Empenho na excel\u00eancia dos servi\u00e7os<\/h2>&#13;\n&#13;\n<p>Na Eninter, partilhamos e promovemos a import\u00e2ncia da seguran\u00e7a no trabalho. Como parte do nosso compromisso com a excel\u00eancia do servi\u00e7o, o nosso departamento de apoio ao cliente est\u00e1 dispon\u00edvel 24 horas por dia, 365 dias por ano, para prestar assist\u00eancia e resolver quaisquer quest\u00f5es ou incidentes relacionados com os nossos elevadores. A nossa equipa de apoio ao cliente orgulha-se de prestar um servi\u00e7o r\u00e1pido e totalmente personalizado a todos os nossos clientes.<\/p>&#13;\n&#13;\n<p>Na Dalvier, como empresa do Grupo Eninter, encontramos uma equipa empenhada que partilha os nossos valores de seguran\u00e7a e de excel\u00eancia de servi\u00e7o. O <a href=\"https:\/\/www.eninter.com\/call-center-24horas-ascensores.php\" target=\"_blank\" rel=\"noreferrer noopener\">Call Center da Eninter<\/a> oferece <strong>assist\u00eancia telef\u00f3nica gratuita 24 horas por<\/strong> dia, <strong>365 dias por ano<\/strong>, atrav\u00e9s de uma equipa altamente qualificada. A personaliza\u00e7\u00e3o do seu servi\u00e7o \u00e9 uma carater\u00edstica not\u00e1vel, uma vez que se adaptam totalmente \u00e0s necessidades individuais de cada cliente.<\/p>&#13;\n&#13;\n<p>Para al\u00e9m disso, a prioriza\u00e7\u00e3o das chamadas de emerg\u00eancia das cabinas garante uma aten\u00e7\u00e3o imediata em situa\u00e7\u00f5es cr\u00edticas, mesmo em caso de falhas de energia, assegurando uma comunica\u00e7\u00e3o ininterrupta em qualquer altura.<\/p>&#13;\n&#13;\n<p>No Grupo Eninter, orgulhamo-nos de contar com empresas como a Dalvier, que se esfor\u00e7am por manter ambientes de trabalho seguros e saud\u00e1veis e que est\u00e3o h\u00e1 mais de 5 anos sem acidentes!<\/p>&#13;\n","protected":false},"excerpt":{"rendered":"<p>&#13; Temos o prazer de anunciar que a Dalvier recebeu o prestigioso pr\u00e9mio &#8220;Zero \u00e9 mais&#8221; da Mutual (MC), em reconhecimento da sua not\u00e1vel trajet\u00f3ria de mais de 5 anos sem acidentes de trabalho. Esta conquista \u00e9 a prova do empenho e dedica\u00e7\u00e3o da Dalvier \u00e0 seguran\u00e7a e bem-estar da sua valiosa equipa. &#13; &#13; [&hellip;]<\/p>\n","protected":false},"author":3,"featured_media":7610,"comment_status":"open","ping_status":"open","sticky":false,"template":"","format":"standard","meta":{"_acf_changed":false,"content-type":"","footnotes":""},"categories":[215,216],"tags":[],"class_list":["post-8373","post","type-post","status-publish","format-standard","has-post-thumbnail","hentry","category-elevadores","category-sobre-o-eninter"],"acf":[],"_yoast_wpseo_focuskw":"Dalvier sem acidentes de trabalho","_yoast_wpseo_metadesc":null,"yoast_head":"<!-- This site is optimized with the Yoast SEO Premium plugin v21.6 (Yoast SEO v27.2) - https:\/\/yoast.com\/product\/yoast-seo-premium-wordpress\/ -->\n<title>Zero \u00e9 mais! Dalvier premiado por 5 anos sem acidentes de trabalho pela Companhia de Seguros M\u00fatua (MC) - ENINTER<\/title>\n<meta name=\"robots\" content=\"index, follow, max-snippet:-1, max-image-preview:large, max-video-preview:-1\" \/>\n<link rel=\"canonical\" href=\"https:\/\/www.eninter.com\/pt-pt\/zero-e-mais-dalvier-premiado-por-5-anos-sem-acidentes-de-trabalho-pela-companhia-de-seguros-mutua-mc\/\" \/>\n<meta property=\"og:locale\" content=\"pt_PT\" \/>\n<meta property=\"og:type\" content=\"article\" \/>\n<meta property=\"og:title\" content=\"Zero \u00e9 mais! Dalvier premiado por 5 anos sem acidentes de trabalho pela Companhia de Seguros M\u00fatua (MC)\" \/>\n<meta property=\"og:description\" content=\"&#013; Temos o prazer de anunciar que a Dalvier recebeu o prestigioso pr\u00e9mio &#8220;Zero \u00e9 mais&#8221; da Mutual (MC), em reconhecimento da sua not\u00e1vel trajet\u00f3ria de mais de 5 anos sem acidentes de trabalho. Esta conquista \u00e9 a prova do empenho e dedica\u00e7\u00e3o da Dalvier \u00e0 seguran\u00e7a e bem-estar da sua valiosa equipa. &#013; &#013; [&hellip;]\" \/>\n<meta property=\"og:url\" content=\"https:\/\/www.eninter.com\/pt-pt\/zero-e-mais-dalvier-premiado-por-5-anos-sem-acidentes-de-trabalho-pela-companhia-de-seguros-mutua-mc\/\" \/>\n<meta property=\"og:site_name\" content=\"ENINTER\" \/>\n<meta property=\"article:publisher\" content=\"https:\/\/www.facebook.com\/EninterAscensores\" \/>\n<meta property=\"article:published_time\" content=\"2023-06-29T18:22:15+00:00\" \/>\n<meta property=\"article:modified_time\" content=\"2023-09-19T08:03:52+00:00\" \/>\n<meta property=\"og:image\" content=\"https:\/\/www.eninter.com\/wp-content\/uploads\/2023\/06\/Dalvier-sin-accidentes-laborales.jpeg\" \/>\n\t<meta property=\"og:image:width\" content=\"1200\" \/>\n\t<meta property=\"og:image:height\" content=\"675\" \/>\n\t<meta property=\"og:image:type\" content=\"image\/jpeg\" \/>\n<meta name=\"author\" content=\"Albert Puig\" \/>\n<meta name=\"twitter:card\" content=\"summary_large_image\" \/>\n<meta name=\"twitter:creator\" content=\"@Eninter\" \/>\n<meta name=\"twitter:site\" content=\"@Eninter\" \/>\n<meta name=\"twitter:label1\" content=\"Escrito por\" \/>\n\t<meta name=\"twitter:data1\" content=\"Albert Puig\" \/>\n\t<meta name=\"twitter:label2\" content=\"Tempo estimado de leitura\" \/>\n\t<meta name=\"twitter:data2\" content=\"2 minutos\" \/>\n<!-- \/ Yoast SEO Premium plugin. -->","yoast_head_json":{"title":"Zero \u00e9 mais! Dalvier premiado por 5 anos sem acidentes de trabalho pela Companhia de Seguros M\u00fatua (MC) - ENINTER","robots":{"index":"index","follow":"follow","max-snippet":"max-snippet:-1","max-image-preview":"max-image-preview:large","max-video-preview":"max-video-preview:-1"},"canonical":"https:\/\/www.eninter.com\/pt-pt\/zero-e-mais-dalvier-premiado-por-5-anos-sem-acidentes-de-trabalho-pela-companhia-de-seguros-mutua-mc\/","og_locale":"pt_PT","og_type":"article","og_title":"Zero \u00e9 mais! Dalvier premiado por 5 anos sem acidentes de trabalho pela Companhia de Seguros M\u00fatua (MC)","og_description":"&#13; Temos o prazer de anunciar que a Dalvier recebeu o prestigioso pr\u00e9mio &#8220;Zero \u00e9 mais&#8221; da Mutual (MC), em reconhecimento da sua not\u00e1vel trajet\u00f3ria de mais de 5 anos sem acidentes de trabalho. Esta conquista \u00e9 a prova do empenho e dedica\u00e7\u00e3o da Dalvier \u00e0 seguran\u00e7a e bem-estar da sua valiosa equipa. &#13; &#13; [&hellip;]","og_url":"https:\/\/www.eninter.com\/pt-pt\/zero-e-mais-dalvier-premiado-por-5-anos-sem-acidentes-de-trabalho-pela-companhia-de-seguros-mutua-mc\/","og_site_name":"ENINTER","article_publisher":"https:\/\/www.facebook.com\/EninterAscensores","article_published_time":"2023-06-29T18:22:15+00:00","article_modified_time":"2023-09-19T08:03:52+00:00","og_image":[{"width":1200,"height":675,"url":"https:\/\/www.eninter.com\/wp-content\/uploads\/2023\/06\/Dalvier-sin-accidentes-laborales.jpeg","type":"image\/jpeg"}],"author":"Albert Puig","twitter_card":"summary_large_image","twitter_creator":"@Eninter","twitter_site":"@Eninter","twitter_misc":{"Escrito por":"Albert Puig","Tempo estimado de leitura":"2 minutos"},"schema":{"@context":"https:\/\/schema.org","@graph":[{"@type":"Article","@id":"https:\/\/www.eninter.com\/pt-pt\/zero-e-mais-dalvier-premiado-por-5-anos-sem-acidentes-de-trabalho-pela-companhia-de-seguros-mutua-mc\/#article","isPartOf":{"@id":"https:\/\/www.eninter.com\/pt-pt\/zero-e-mais-dalvier-premiado-por-5-anos-sem-acidentes-de-trabalho-pela-companhia-de-seguros-mutua-mc\/"},"author":{"name":"Albert Puig","@id":"https:\/\/www.eninter.com\/pt-pt\/#\/schema\/person\/e6178c261ac4210884c0e0264dd59043"},"headline":"Zero \u00e9 mais! Dalvier premiado por 5 anos sem acidentes de trabalho pela Companhia de Seguros M\u00fatua (MC)","datePublished":"2023-06-29T18:22:15+00:00","dateModified":"2023-09-19T08:03:52+00:00","mainEntityOfPage":{"@id":"https:\/\/www.eninter.com\/pt-pt\/zero-e-mais-dalvier-premiado-por-5-anos-sem-acidentes-de-trabalho-pela-companhia-de-seguros-mutua-mc\/"},"wordCount":443,"commentCount":0,"publisher":{"@id":"https:\/\/www.eninter.com\/pt-pt\/#organization"},"image":{"@id":"https:\/\/www.eninter.com\/pt-pt\/zero-e-mais-dalvier-premiado-por-5-anos-sem-acidentes-de-trabalho-pela-companhia-de-seguros-mutua-mc\/#primaryimage"},"thumbnailUrl":"https:\/\/www.eninter.com\/wp-content\/uploads\/2023\/06\/Dalvier-sin-accidentes-laborales.jpeg","articleSection":["Elevadores","Sobre o Eninter"],"inLanguage":"pt-PT","potentialAction":[{"@type":"CommentAction","name":"Comment","target":["https:\/\/www.eninter.com\/pt-pt\/zero-e-mais-dalvier-premiado-por-5-anos-sem-acidentes-de-trabalho-pela-companhia-de-seguros-mutua-mc\/#respond"]}]},{"@type":"WebPage","@id":"https:\/\/www.eninter.com\/pt-pt\/zero-e-mais-dalvier-premiado-por-5-anos-sem-acidentes-de-trabalho-pela-companhia-de-seguros-mutua-mc\/","url":"https:\/\/www.eninter.com\/pt-pt\/zero-e-mais-dalvier-premiado-por-5-anos-sem-acidentes-de-trabalho-pela-companhia-de-seguros-mutua-mc\/","name":"Zero \u00e9 mais! Dalvier premiado por 5 anos sem acidentes de trabalho pela Companhia de Seguros M\u00fatua (MC) - ENINTER","isPartOf":{"@id":"https:\/\/www.eninter.com\/pt-pt\/#website"},"primaryImageOfPage":{"@id":"https:\/\/www.eninter.com\/pt-pt\/zero-e-mais-dalvier-premiado-por-5-anos-sem-acidentes-de-trabalho-pela-companhia-de-seguros-mutua-mc\/#primaryimage"},"image":{"@id":"https:\/\/www.eninter.com\/pt-pt\/zero-e-mais-dalvier-premiado-por-5-anos-sem-acidentes-de-trabalho-pela-companhia-de-seguros-mutua-mc\/#primaryimage"},"thumbnailUrl":"https:\/\/www.eninter.com\/wp-content\/uploads\/2023\/06\/Dalvier-sin-accidentes-laborales.jpeg","datePublished":"2023-06-29T18:22:15+00:00","dateModified":"2023-09-19T08:03:52+00:00","breadcrumb":{"@id":"https:\/\/www.eninter.com\/pt-pt\/zero-e-mais-dalvier-premiado-por-5-anos-sem-acidentes-de-trabalho-pela-companhia-de-seguros-mutua-mc\/#breadcrumb"},"inLanguage":"pt-PT","potentialAction":[{"@type":"ReadAction","target":["https:\/\/www.eninter.com\/pt-pt\/zero-e-mais-dalvier-premiado-por-5-anos-sem-acidentes-de-trabalho-pela-companhia-de-seguros-mutua-mc\/"]}]},{"@type":"ImageObject","inLanguage":"pt-PT","@id":"https:\/\/www.eninter.com\/pt-pt\/zero-e-mais-dalvier-premiado-por-5-anos-sem-acidentes-de-trabalho-pela-companhia-de-seguros-mutua-mc\/#primaryimage","url":"https:\/\/www.eninter.com\/wp-content\/uploads\/2023\/06\/Dalvier-sin-accidentes-laborales.jpeg","contentUrl":"https:\/\/www.eninter.com\/wp-content\/uploads\/2023\/06\/Dalvier-sin-accidentes-laborales.jpeg","width":1200,"height":675},{"@type":"BreadcrumbList","@id":"https:\/\/www.eninter.com\/pt-pt\/zero-e-mais-dalvier-premiado-por-5-anos-sem-acidentes-de-trabalho-pela-companhia-de-seguros-mutua-mc\/#breadcrumb","itemListElement":[{"@type":"ListItem","position":1,"name":"Portada","item":"https:\/\/www.eninter.com\/pt-pt\/"},{"@type":"ListItem","position":2,"name":"Zero \u00e9 mais! Dalvier premiado por 5 anos sem acidentes de trabalho pela Companhia de Seguros M\u00fatua (MC)"}]},{"@type":"WebSite","@id":"https:\/\/www.eninter.com\/pt-pt\/#website","url":"https:\/\/www.eninter.com\/pt-pt\/","name":"ENINTER","description":"Mantenimiento de Ascensores Multimarca","publisher":{"@id":"https:\/\/www.eninter.com\/pt-pt\/#organization"},"potentialAction":[{"@type":"SearchAction","target":{"@type":"EntryPoint","urlTemplate":"https:\/\/www.eninter.com\/pt-pt\/?s={search_term_string}"},"query-input":{"@type":"PropertyValueSpecification","valueRequired":true,"valueName":"search_term_string"}}],"inLanguage":"pt-PT"},{"@type":"Organization","@id":"https:\/\/www.eninter.com\/pt-pt\/#organization","name":"Eniter","url":"https:\/\/www.eninter.com\/pt-pt\/","logo":{"@type":"ImageObject","inLanguage":"pt-PT","@id":"https:\/\/www.eninter.com\/pt-pt\/#\/schema\/logo\/image\/","url":"https:\/\/www.eninter.com\/wp-content\/uploads\/2023\/08\/logo-eninter-png.png","contentUrl":"https:\/\/www.eninter.com\/wp-content\/uploads\/2023\/08\/logo-eninter-png.png","width":600,"height":340,"caption":"Eniter"},"image":{"@id":"https:\/\/www.eninter.com\/pt-pt\/#\/schema\/logo\/image\/"},"sameAs":["https:\/\/www.facebook.com\/EninterAscensores","https:\/\/x.com\/Eninter","https:\/\/www.instagram.com\/eninterascensores\/","https:\/\/www.youtube.com\/user\/ascensoreseninter"]},{"@type":"Person","@id":"https:\/\/www.eninter.com\/pt-pt\/#\/schema\/person\/e6178c261ac4210884c0e0264dd59043","name":"Albert Puig","image":{"@type":"ImageObject","inLanguage":"pt-PT","@id":"https:\/\/secure.gravatar.com\/avatar\/583d07f3f1036f58d0e44e873586278b582179a16b27a5b3951504e9ee001c06?s=96&d=mm&r=g","url":"https:\/\/secure.gravatar.com\/avatar\/583d07f3f1036f58d0e44e873586278b582179a16b27a5b3951504e9ee001c06?s=96&d=mm&r=g","contentUrl":"https:\/\/secure.gravatar.com\/avatar\/583d07f3f1036f58d0e44e873586278b582179a16b27a5b3951504e9ee001c06?s=96&d=mm&r=g","caption":"Albert Puig"}}]}},"_links":{"self":[{"href":"https:\/\/www.eninter.com\/pt-pt\/wp-json\/wp\/v2\/posts\/8373","targetHints":{"allow":["GET"]}}],"collection":[{"href":"https:\/\/www.eninter.com\/pt-pt\/wp-json\/wp\/v2\/posts"}],"about":[{"href":"https:\/\/www.eninter.com\/pt-pt\/wp-json\/wp\/v2\/types\/post"}],"author":[{"embeddable":true,"href":"https:\/\/www.eninter.com\/pt-pt\/wp-json\/wp\/v2\/users\/3"}],"replies":[{"embeddable":true,"href":"https:\/\/www.eninter.com\/pt-pt\/wp-json\/wp\/v2\/comments?post=8373"}],"version-history":[{"count":0,"href":"https:\/\/www.eninter.com\/pt-pt\/wp-json\/wp\/v2\/posts\/8373\/revisions"}],"wp:featuredmedia":[{"embeddable":true,"href":"https:\/\/www.eninter.com\/pt-pt\/wp-json\/wp\/v2\/media\/7610"}],"wp:attachment":[{"href":"https:\/\/www.eninter.com\/pt-pt\/wp-json\/wp\/v2\/media?parent=8373"}],"wp:term":[{"taxonomy":"category","embeddable":true,"href":"https:\/\/www.eninter.com\/pt-pt\/wp-json\/wp\/v2\/categories?post=8373"},{"taxonomy":"post_tag","embeddable":true,"href":"https:\/\/www.eninter.com\/pt-pt\/wp-json\/wp\/v2\/tags?post=8373"}],"curies":[{"name":"wp","href":"https:\/\/api.w.org\/{rel}","templated":true}]}}