{"id":8400,"date":"2023-06-13T18:03:06","date_gmt":"2023-06-13T18:03:06","guid":{"rendered":"https:\/\/www.eninter.com\/eninter-50-anos-de-sucesso-e-dedicacao-unidos-como-uma-grande-familia\/"},"modified":"2025-01-08T12:45:58","modified_gmt":"2025-01-08T12:45:58","slug":"eninter-50-anos-de-sucesso-e-dedicacao-unidos-como-uma-grande-familia","status":"publish","type":"post","link":"https:\/\/www.eninter.com\/pt-pt\/eninter-50-anos-de-sucesso-e-dedicacao-unidos-como-uma-grande-familia\/","title":{"rendered":"ENINTER: 50 anos de sucesso e dedica\u00e7\u00e3o, unidos como uma grande fam\u00edlia"},"content":{"rendered":"&#13;\n<p>\u00c9 com muita alegria e gratid\u00e3o que celebramos <strong>o 50\u00ba Anivers\u00e1rio do ENINTER<\/strong>, onde comemoramos 50 anos de conquistas e dedica\u00e7\u00e3o! Gostar\u00edamos de expressar a nossa profunda gratid\u00e3o a todos aqueles que tornaram poss\u00edvel esta celebra\u00e7\u00e3o inesquec\u00edvel. Foi uma noite cheia de recorda\u00e7\u00f5es, risos e um sentimento de perten\u00e7a que s\u00f3 se pode encontrar numa grande fam\u00edlia.<\/p>&#13;\n&#13;\n<p>Neste momento especial, gostar\u00edamos de prestar uma homenagem sincera aos nossos fundadores, <strong>D\u00e1maso <\/strong>e<strong> Rosa Mari<\/strong>. O seu esp\u00edrito vision\u00e1rio e a sua lideran\u00e7a excecional lan\u00e7aram as bases sobre as quais a ENINTER foi constru\u00edda. A sua paix\u00e3o e dedica\u00e7\u00e3o inspiraram-nos a todos e, sem eles, este marco n\u00e3o seria poss\u00edvel.<\/p>&#13;\n&#13;\n<p>Gostar\u00edamos tamb\u00e9m de reconhecer e agradecer aos nossos actuais l\u00edderes, <strong>Xavi Mart\u00ednez<\/strong> e <strong><strong>Albert <\/strong>Mart\u00ednez<\/strong>, que continuaram a guiar o Eninter com o mesmo compromisso e valores familiares que os seus pais lhes incutiram e que nos levaram ao sucesso nos \u00faltimos anos. A sua lideran\u00e7a exemplar permitiu que a nossa empresa atingisse novos patamares e inspirou-nos a seguir em frente.<\/p>&#13;\n&#13;\n<p class=\"has-medium-font-size\"><strong>ESP\u00cdRITO <mark class=\"has-inline-color has-vivid-green-cyan-color\" style=\"background-color: rgba(0, 0, 0, 0);\">INFERIOR<\/mark><\/strong><\/p>&#13;\n&#13;\n<p>A Celebra\u00e7\u00e3o do 50\u00ba Anivers\u00e1rio n\u00e3o foi apenas uma ocasi\u00e3o para celebrar as nossas conquistas, mas tamb\u00e9m para real\u00e7ar o esp\u00edrito de equipa e o sentido de perten\u00e7a que nos caracteriza na ENINTER. Foi emocionante ver as gera\u00e7\u00f5es passadas e presentes juntarem-se numa demonstra\u00e7\u00e3o de unidade, partilhando hist\u00f3rias e mem\u00f3rias do nosso percurso coletivo.<\/p>&#13;\n&#13;\n<p>ENINTER, uma empresa dedicada h\u00e1 mais de quatro d\u00e9cadas ao fabrico, instala\u00e7\u00e3o e manuten\u00e7\u00e3o de elevadores. \u00c9 o que \u00e9 hoje gra\u00e7as ao apoio inabal\u00e1vel e \u00e0 confian\u00e7a dos nossos estimados clientes, parceiros e colaboradores. A cada um de v\u00f3s, os nossos sinceros agradecimentos por fazerem parte da nossa fam\u00edlia ENINTER e por confiarem em n\u00f3s para melhorar a vossa qualidade de vida.<\/p>&#13;\n&#13;\n<p>Estamos entusiasmados com o que o futuro nos reserva e com o facto de continuarmos a fazer parte desta grande fam\u00edlia ENINTER.<\/p>&#13;\n&#13;\n<p><strong><a href=\"https:\/\/www.eninter.com\/pt-pt\/\">O imposs\u00edvel custa apenas um pouco mais!<\/a><\/strong><\/p>&#13;\n","protected":false},"excerpt":{"rendered":"<p>&#13; \u00c9 com muita alegria e gratid\u00e3o que celebramos o 50\u00ba Anivers\u00e1rio do ENINTER, onde comemoramos 50 anos de conquistas e dedica\u00e7\u00e3o! Gostar\u00edamos de expressar a nossa profunda gratid\u00e3o a todos aqueles que tornaram poss\u00edvel esta celebra\u00e7\u00e3o inesquec\u00edvel. Foi uma noite cheia de recorda\u00e7\u00f5es, risos e um sentimento de perten\u00e7a que s\u00f3 se pode encontrar [&hellip;]<\/p>\n","protected":false},"author":3,"featured_media":7612,"comment_status":"closed","ping_status":"closed","sticky":false,"template":"","format":"standard","meta":{"_acf_changed":false,"content-type":"","footnotes":""},"categories":[215,216],"tags":[],"class_list":["post-8400","post","type-post","status-publish","format-standard","has-post-thumbnail","hentry","category-elevadores","category-sobre-o-eninter"],"acf":[],"_yoast_wpseo_focuskw":"50\u00ba Anivers\u00e1rio ENINTER","_yoast_wpseo_metadesc":null,"yoast_head":"<!-- This site is optimized with the Yoast SEO Premium plugin v21.6 (Yoast SEO v27.2) - https:\/\/yoast.com\/product\/yoast-seo-premium-wordpress\/ -->\n<title>ENINTER: 50 anos de sucesso e dedica\u00e7\u00e3o, unidos como uma grande fam\u00edlia - ENINTER<\/title>\n<meta name=\"robots\" content=\"index, follow, max-snippet:-1, max-image-preview:large, max-video-preview:-1\" \/>\n<link rel=\"canonical\" href=\"https:\/\/www.eninter.com\/pt-pt\/eninter-50-anos-de-sucesso-e-dedicacao-unidos-como-uma-grande-familia\/\" \/>\n<meta property=\"og:locale\" content=\"pt_PT\" \/>\n<meta property=\"og:type\" content=\"article\" \/>\n<meta property=\"og:title\" content=\"ENINTER: 50 anos de sucesso e dedica\u00e7\u00e3o, unidos como uma grande fam\u00edlia\" \/>\n<meta property=\"og:description\" content=\"&#013; \u00c9 com muita alegria e gratid\u00e3o que celebramos o 50\u00ba Anivers\u00e1rio do ENINTER, onde comemoramos 50 anos de conquistas e dedica\u00e7\u00e3o! Gostar\u00edamos de expressar a nossa profunda gratid\u00e3o a todos aqueles que tornaram poss\u00edvel esta celebra\u00e7\u00e3o inesquec\u00edvel. Foi uma noite cheia de recorda\u00e7\u00f5es, risos e um sentimento de perten\u00e7a que s\u00f3 se pode encontrar [&hellip;]\" \/>\n<meta property=\"og:url\" content=\"https:\/\/www.eninter.com\/pt-pt\/eninter-50-anos-de-sucesso-e-dedicacao-unidos-como-uma-grande-familia\/\" \/>\n<meta property=\"og:site_name\" content=\"ENINTER\" \/>\n<meta property=\"article:publisher\" content=\"https:\/\/www.facebook.com\/EninterAscensores\" \/>\n<meta property=\"article:published_time\" content=\"2023-06-13T18:03:06+00:00\" \/>\n<meta property=\"article:modified_time\" content=\"2025-01-08T12:45:58+00:00\" \/>\n<meta property=\"og:image\" content=\"https:\/\/www.eninter.com\/wp-content\/uploads\/2023\/06\/50-Aniversario-ENINTER.png\" \/>\n\t<meta property=\"og:image:width\" content=\"940\" \/>\n\t<meta property=\"og:image:height\" content=\"675\" \/>\n\t<meta property=\"og:image:type\" content=\"image\/png\" \/>\n<meta name=\"author\" content=\"Albert Puig\" \/>\n<meta name=\"twitter:card\" content=\"summary_large_image\" \/>\n<meta name=\"twitter:creator\" content=\"@Eninter\" \/>\n<meta name=\"twitter:site\" content=\"@Eninter\" \/>\n<meta name=\"twitter:label1\" content=\"Escrito por\" \/>\n\t<meta name=\"twitter:data1\" content=\"Albert Puig\" \/>\n\t<meta name=\"twitter:label2\" content=\"Tempo estimado de leitura\" \/>\n\t<meta name=\"twitter:data2\" content=\"2 minutos\" \/>\n<!-- \/ Yoast SEO Premium plugin. -->","yoast_head_json":{"title":"ENINTER: 50 anos de sucesso e dedica\u00e7\u00e3o, unidos como uma grande fam\u00edlia - ENINTER","robots":{"index":"index","follow":"follow","max-snippet":"max-snippet:-1","max-image-preview":"max-image-preview:large","max-video-preview":"max-video-preview:-1"},"canonical":"https:\/\/www.eninter.com\/pt-pt\/eninter-50-anos-de-sucesso-e-dedicacao-unidos-como-uma-grande-familia\/","og_locale":"pt_PT","og_type":"article","og_title":"ENINTER: 50 anos de sucesso e dedica\u00e7\u00e3o, unidos como uma grande fam\u00edlia","og_description":"&#13; \u00c9 com muita alegria e gratid\u00e3o que celebramos o 50\u00ba Anivers\u00e1rio do ENINTER, onde comemoramos 50 anos de conquistas e dedica\u00e7\u00e3o! Gostar\u00edamos de expressar a nossa profunda gratid\u00e3o a todos aqueles que tornaram poss\u00edvel esta celebra\u00e7\u00e3o inesquec\u00edvel. Foi uma noite cheia de recorda\u00e7\u00f5es, risos e um sentimento de perten\u00e7a que s\u00f3 se pode encontrar [&hellip;]","og_url":"https:\/\/www.eninter.com\/pt-pt\/eninter-50-anos-de-sucesso-e-dedicacao-unidos-como-uma-grande-familia\/","og_site_name":"ENINTER","article_publisher":"https:\/\/www.facebook.com\/EninterAscensores","article_published_time":"2023-06-13T18:03:06+00:00","article_modified_time":"2025-01-08T12:45:58+00:00","og_image":[{"width":940,"height":675,"url":"https:\/\/www.eninter.com\/wp-content\/uploads\/2023\/06\/50-Aniversario-ENINTER.png","type":"image\/png"}],"author":"Albert Puig","twitter_card":"summary_large_image","twitter_creator":"@Eninter","twitter_site":"@Eninter","twitter_misc":{"Escrito por":"Albert Puig","Tempo estimado de leitura":"2 minutos"},"schema":{"@context":"https:\/\/schema.org","@graph":[{"@type":"Article","@id":"https:\/\/www.eninter.com\/pt-pt\/eninter-50-anos-de-sucesso-e-dedicacao-unidos-como-uma-grande-familia\/#article","isPartOf":{"@id":"https:\/\/www.eninter.com\/pt-pt\/eninter-50-anos-de-sucesso-e-dedicacao-unidos-como-uma-grande-familia\/"},"author":{"name":"Albert Puig","@id":"https:\/\/www.eninter.com\/pt-pt\/#\/schema\/person\/e6178c261ac4210884c0e0264dd59043"},"headline":"ENINTER: 50 anos de sucesso e dedica\u00e7\u00e3o, unidos como uma grande fam\u00edlia","datePublished":"2023-06-13T18:03:06+00:00","dateModified":"2025-01-08T12:45:58+00:00","mainEntityOfPage":{"@id":"https:\/\/www.eninter.com\/pt-pt\/eninter-50-anos-de-sucesso-e-dedicacao-unidos-como-uma-grande-familia\/"},"wordCount":375,"publisher":{"@id":"https:\/\/www.eninter.com\/pt-pt\/#organization"},"image":{"@id":"https:\/\/www.eninter.com\/pt-pt\/eninter-50-anos-de-sucesso-e-dedicacao-unidos-como-uma-grande-familia\/#primaryimage"},"thumbnailUrl":"https:\/\/www.eninter.com\/wp-content\/uploads\/2023\/06\/50-Aniversario-ENINTER.png","articleSection":["Elevadores","Sobre o Eninter"],"inLanguage":"pt-PT"},{"@type":"WebPage","@id":"https:\/\/www.eninter.com\/pt-pt\/eninter-50-anos-de-sucesso-e-dedicacao-unidos-como-uma-grande-familia\/","url":"https:\/\/www.eninter.com\/pt-pt\/eninter-50-anos-de-sucesso-e-dedicacao-unidos-como-uma-grande-familia\/","name":"ENINTER: 50 anos de sucesso e dedica\u00e7\u00e3o, unidos como uma grande fam\u00edlia - ENINTER","isPartOf":{"@id":"https:\/\/www.eninter.com\/pt-pt\/#website"},"primaryImageOfPage":{"@id":"https:\/\/www.eninter.com\/pt-pt\/eninter-50-anos-de-sucesso-e-dedicacao-unidos-como-uma-grande-familia\/#primaryimage"},"image":{"@id":"https:\/\/www.eninter.com\/pt-pt\/eninter-50-anos-de-sucesso-e-dedicacao-unidos-como-uma-grande-familia\/#primaryimage"},"thumbnailUrl":"https:\/\/www.eninter.com\/wp-content\/uploads\/2023\/06\/50-Aniversario-ENINTER.png","datePublished":"2023-06-13T18:03:06+00:00","dateModified":"2025-01-08T12:45:58+00:00","breadcrumb":{"@id":"https:\/\/www.eninter.com\/pt-pt\/eninter-50-anos-de-sucesso-e-dedicacao-unidos-como-uma-grande-familia\/#breadcrumb"},"inLanguage":"pt-PT","potentialAction":[{"@type":"ReadAction","target":["https:\/\/www.eninter.com\/pt-pt\/eninter-50-anos-de-sucesso-e-dedicacao-unidos-como-uma-grande-familia\/"]}]},{"@type":"ImageObject","inLanguage":"pt-PT","@id":"https:\/\/www.eninter.com\/pt-pt\/eninter-50-anos-de-sucesso-e-dedicacao-unidos-como-uma-grande-familia\/#primaryimage","url":"https:\/\/www.eninter.com\/wp-content\/uploads\/2023\/06\/50-Aniversario-ENINTER.png","contentUrl":"https:\/\/www.eninter.com\/wp-content\/uploads\/2023\/06\/50-Aniversario-ENINTER.png","width":940,"height":675},{"@type":"BreadcrumbList","@id":"https:\/\/www.eninter.com\/pt-pt\/eninter-50-anos-de-sucesso-e-dedicacao-unidos-como-uma-grande-familia\/#breadcrumb","itemListElement":[{"@type":"ListItem","position":1,"name":"Portada","item":"https:\/\/www.eninter.com\/pt-pt\/"},{"@type":"ListItem","position":2,"name":"ENINTER: 50 anos de sucesso e dedica\u00e7\u00e3o, unidos como uma grande fam\u00edlia"}]},{"@type":"WebSite","@id":"https:\/\/www.eninter.com\/pt-pt\/#website","url":"https:\/\/www.eninter.com\/pt-pt\/","name":"ENINTER","description":"Mantenimiento de Ascensores Multimarca","publisher":{"@id":"https:\/\/www.eninter.com\/pt-pt\/#organization"},"potentialAction":[{"@type":"SearchAction","target":{"@type":"EntryPoint","urlTemplate":"https:\/\/www.eninter.com\/pt-pt\/?s={search_term_string}"},"query-input":{"@type":"PropertyValueSpecification","valueRequired":true,"valueName":"search_term_string"}}],"inLanguage":"pt-PT"},{"@type":"Organization","@id":"https:\/\/www.eninter.com\/pt-pt\/#organization","name":"Eniter","url":"https:\/\/www.eninter.com\/pt-pt\/","logo":{"@type":"ImageObject","inLanguage":"pt-PT","@id":"https:\/\/www.eninter.com\/pt-pt\/#\/schema\/logo\/image\/","url":"https:\/\/www.eninter.com\/wp-content\/uploads\/2023\/08\/logo-eninter-png.png","contentUrl":"https:\/\/www.eninter.com\/wp-content\/uploads\/2023\/08\/logo-eninter-png.png","width":600,"height":340,"caption":"Eniter"},"image":{"@id":"https:\/\/www.eninter.com\/pt-pt\/#\/schema\/logo\/image\/"},"sameAs":["https:\/\/www.facebook.com\/EninterAscensores","https:\/\/x.com\/Eninter","https:\/\/www.instagram.com\/eninterascensores\/","https:\/\/www.youtube.com\/user\/ascensoreseninter"]},{"@type":"Person","@id":"https:\/\/www.eninter.com\/pt-pt\/#\/schema\/person\/e6178c261ac4210884c0e0264dd59043","name":"Albert Puig","image":{"@type":"ImageObject","inLanguage":"pt-PT","@id":"https:\/\/secure.gravatar.com\/avatar\/583d07f3f1036f58d0e44e873586278b582179a16b27a5b3951504e9ee001c06?s=96&d=mm&r=g","url":"https:\/\/secure.gravatar.com\/avatar\/583d07f3f1036f58d0e44e873586278b582179a16b27a5b3951504e9ee001c06?s=96&d=mm&r=g","contentUrl":"https:\/\/secure.gravatar.com\/avatar\/583d07f3f1036f58d0e44e873586278b582179a16b27a5b3951504e9ee001c06?s=96&d=mm&r=g","caption":"Albert Puig"}}]}},"_links":{"self":[{"href":"https:\/\/www.eninter.com\/pt-pt\/wp-json\/wp\/v2\/posts\/8400","targetHints":{"allow":["GET"]}}],"collection":[{"href":"https:\/\/www.eninter.com\/pt-pt\/wp-json\/wp\/v2\/posts"}],"about":[{"href":"https:\/\/www.eninter.com\/pt-pt\/wp-json\/wp\/v2\/types\/post"}],"author":[{"embeddable":true,"href":"https:\/\/www.eninter.com\/pt-pt\/wp-json\/wp\/v2\/users\/3"}],"replies":[{"embeddable":true,"href":"https:\/\/www.eninter.com\/pt-pt\/wp-json\/wp\/v2\/comments?post=8400"}],"version-history":[{"count":0,"href":"https:\/\/www.eninter.com\/pt-pt\/wp-json\/wp\/v2\/posts\/8400\/revisions"}],"wp:featuredmedia":[{"embeddable":true,"href":"https:\/\/www.eninter.com\/pt-pt\/wp-json\/wp\/v2\/media\/7612"}],"wp:attachment":[{"href":"https:\/\/www.eninter.com\/pt-pt\/wp-json\/wp\/v2\/media?parent=8400"}],"wp:term":[{"taxonomy":"category","embeddable":true,"href":"https:\/\/www.eninter.com\/pt-pt\/wp-json\/wp\/v2\/categories?post=8400"},{"taxonomy":"post_tag","embeddable":true,"href":"https:\/\/www.eninter.com\/pt-pt\/wp-json\/wp\/v2\/tags?post=8400"}],"curies":[{"name":"wp","href":"https:\/\/api.w.org\/{rel}","templated":true}]}}