{"id":8408,"date":"2022-03-17T10:30:00","date_gmt":"2022-03-17T09:30:00","guid":{"rendered":"https:\/\/www.eninter.com\/rosa-mari-pioneira-do-poder-feminino-na-eninter-ascensores\/"},"modified":"2022-03-17T10:30:00","modified_gmt":"2022-03-17T10:30:00","slug":"rosa-mari-pioneira-do-poder-feminino-na-eninter-ascensores","status":"publish","type":"post","link":"https:\/\/www.eninter.com\/pt-pt\/rosa-mari-pioneira-do-poder-feminino-na-eninter-ascensores\/","title":{"rendered":"Rosa Mari, pioneira do poder feminino na Eninter Ascensores"},"content":{"rendered":"<p>H\u00e1 49 anos, Rosa Mari e <a href=\"https:\/\/www.eninter.com\/blog\/damaso-martinez-tengo-buen-ojo-para-los-fichajes-una-empresa-como-eninter-ascensores-si-no-fuera-por-el-conjunto-de-las-personas-que-la-forman-no-seria-lo-que-es\/\">D\u00e1maso<\/a> fundaram a Eninter Ascensores, uma empresa dedicada \u00e0 manuten\u00e7\u00e3o de elevadores multimarca. Desde ent\u00e3o, o trabalho em equipa, o empenho e a atitude de ambos levaram-nos a construir uma das empresas mais importantes de Espanha no sector do transporte vertical.<\/p>\n<p>No m\u00eas em que se celebra o Dia Internacional da Mulher, queremos fazer uma men\u00e7\u00e3o especial \u00e0 co-fundadora da <a href=\"http:\/\/eninter.com\">Eninter Ascensores<\/a>, Rosa Mari Ramo, esposa de D\u00e1maso Mart\u00ednez e sua companheira de viagem, n\u00e3o s\u00f3 na vida, mas tamb\u00e9m na aventura que come\u00e7ou em 1973.<\/p>\n<p>Rosa Mari \u00e9 o primeiro exemplo do poder feminino no mundo dos neg\u00f3cios. &#8220;Sem ela, a Eninter n\u00e3o teria chegado at\u00e9 aqui. A sua presen\u00e7a \u00e9 fundamental para explicar o sucesso empresarial da Eninter&#8221;, afirma um membro da equipa da empresa.<\/p>\n<p>M\u00e3e de dois filhos e av\u00f3 de quatro netos, a Eninter Ascensores descreve-a como uma mulher profissional e inteligente que sempre foi a for\u00e7a vital da empresa. Destacam-se a sua perseveran\u00e7a e o seu esp\u00edrito de auto-aperfei\u00e7oamento, bem como a sua capacidade de trabalho e a sua tenacidade. Gra\u00e7as aos seus elevados padr\u00f5es, \u00e9 capaz de prestar aten\u00e7\u00e3o aos mais pequenos pormenores, mas sempre com um aspeto discreto e elegante.<\/p>\n<p>A sua proximidade com as pessoas, e especialmente com os mais desfavorecidos, levou-a a ver com os seus pr\u00f3prios olhos o trabalho da Funda\u00e7\u00e3o Vicente Ferrer na \u00cdndia.<\/p>\n<p>Todos os anos, a Eninter Ascensores contribui com o seu gr\u00e3o de areia para a organiza\u00e7\u00e3o, com o objetivo de melhorar a qualidade de vida das pessoas, n\u00e3o s\u00f3 aqui, mas tamb\u00e9m nos pa\u00edses menos desenvolvidos.<\/p>\n<p>Lutadora e trabalhadora incans\u00e1vel, Rosa Mari converteu-se numa refer\u00eancia para todo o sector feminino da Eninter Ascensores, que quis prestar-lhe esta pequena homenagem porque &#8220;todas as mulheres da empresa sentem uma afinidade especial com a sua fundadora, uma mulher pioneira que lhes deixa a grande responsabilidade de poder seguir as suas pegadas&#8221;.<\/p>\n","protected":false},"excerpt":{"rendered":"<p>H\u00e1 49 anos, Rosa Mari e D\u00e1maso fundaram a Eninter Ascensores, uma empresa dedicada \u00e0 manuten\u00e7\u00e3o de elevadores multimarca. Desde ent\u00e3o, o trabalho em equipa, o empenho e a atitude de ambos levaram-nos a construir uma das empresas mais importantes de Espanha no sector do transporte vertical. No m\u00eas em que se celebra o Dia [&hellip;]<\/p>\n","protected":false},"author":3,"featured_media":7622,"comment_status":"closed","ping_status":"closed","sticky":false,"template":"","format":"standard","meta":{"_acf_changed":false,"content-type":"","footnotes":""},"categories":[216],"tags":[],"class_list":["post-8408","post","type-post","status-publish","format-standard","has-post-thumbnail","hentry","category-sobre-o-eninter"],"acf":[],"_yoast_wpseo_focuskw":"Rosa Mari","_yoast_wpseo_metadesc":"No blogue da Eninter: \"%%title%%%\". Rosa Mari, pioneira do poder feminino na Eninter Ascensores","yoast_head":"<!-- This site is optimized with the Yoast SEO Premium plugin v21.6 (Yoast SEO v27.2) - https:\/\/yoast.com\/product\/yoast-seo-premium-wordpress\/ -->\n<title>Rosa Mari, pioneira do poder feminino na Eninter Ascensores% | Eninter Ascensores<\/title>\n<meta name=\"description\" content=\"No blogue da Eninter: &quot;Rosa Mari, pioneira do poder feminino na Eninter Ascensores%&quot;. Rosa Mari, pioneira do poder feminino na Eninter Ascensores\" \/>\n<meta name=\"robots\" content=\"index, follow, max-snippet:-1, max-image-preview:large, max-video-preview:-1\" \/>\n<link rel=\"canonical\" href=\"https:\/\/www.eninter.com\/pt-pt\/rosa-mari-pioneira-do-poder-feminino-na-eninter-ascensores\/\" \/>\n<meta property=\"og:locale\" content=\"pt_PT\" \/>\n<meta property=\"og:type\" content=\"article\" \/>\n<meta property=\"og:title\" content=\"Rosa Mari, pioneira do poder feminino na Eninter Ascensores\" \/>\n<meta property=\"og:description\" content=\"No blogue da Eninter: &quot;Rosa Mari, pioneira do poder feminino na Eninter Ascensores%&quot;. Rosa Mari, pioneira do poder feminino na Eninter Ascensores\" \/>\n<meta property=\"og:url\" content=\"https:\/\/www.eninter.com\/pt-pt\/rosa-mari-pioneira-do-poder-feminino-na-eninter-ascensores\/\" \/>\n<meta property=\"og:site_name\" content=\"ENINTER\" \/>\n<meta property=\"article:publisher\" content=\"https:\/\/www.facebook.com\/EninterAscensores\" \/>\n<meta property=\"article:published_time\" content=\"2022-03-17T09:30:00+00:00\" \/>\n<meta property=\"article:modified_time\" content=\"2022-03-17T10:30:00+00:00\" \/>\n<meta property=\"og:image\" content=\"https:\/\/www.eninter.com\/wp-content\/uploads\/2022\/03\/Rosa-Mari.jpeg\" \/>\n\t<meta property=\"og:image:width\" content=\"1200\" \/>\n\t<meta property=\"og:image:height\" content=\"675\" \/>\n\t<meta property=\"og:image:type\" content=\"image\/jpeg\" \/>\n<meta name=\"author\" content=\"Albert Puig\" \/>\n<meta name=\"twitter:card\" content=\"summary_large_image\" \/>\n<meta name=\"twitter:creator\" content=\"@Eninter\" \/>\n<meta name=\"twitter:site\" content=\"@Eninter\" \/>\n<meta name=\"twitter:label1\" content=\"Escrito por\" \/>\n\t<meta name=\"twitter:data1\" content=\"Albert Puig\" \/>\n\t<meta name=\"twitter:label2\" content=\"Tempo estimado de leitura\" \/>\n\t<meta name=\"twitter:data2\" content=\"2 minutos\" \/>\n<!-- \/ Yoast SEO Premium plugin. -->","yoast_head_json":{"title":"Rosa Mari, pioneira do poder feminino na Eninter Ascensores% | Eninter Ascensores","description":"No blogue da Eninter: \"Rosa Mari, pioneira do poder feminino na Eninter Ascensores%\". Rosa Mari, pioneira do poder feminino na Eninter Ascensores","robots":{"index":"index","follow":"follow","max-snippet":"max-snippet:-1","max-image-preview":"max-image-preview:large","max-video-preview":"max-video-preview:-1"},"canonical":"https:\/\/www.eninter.com\/pt-pt\/rosa-mari-pioneira-do-poder-feminino-na-eninter-ascensores\/","og_locale":"pt_PT","og_type":"article","og_title":"Rosa Mari, pioneira do poder feminino na Eninter Ascensores","og_description":"No blogue da Eninter: \"Rosa Mari, pioneira do poder feminino na Eninter Ascensores%\". Rosa Mari, pioneira do poder feminino na Eninter Ascensores","og_url":"https:\/\/www.eninter.com\/pt-pt\/rosa-mari-pioneira-do-poder-feminino-na-eninter-ascensores\/","og_site_name":"ENINTER","article_publisher":"https:\/\/www.facebook.com\/EninterAscensores","article_published_time":"2022-03-17T09:30:00+00:00","article_modified_time":"2022-03-17T10:30:00+00:00","og_image":[{"width":1200,"height":675,"url":"https:\/\/www.eninter.com\/wp-content\/uploads\/2022\/03\/Rosa-Mari.jpeg","type":"image\/jpeg"}],"author":"Albert Puig","twitter_card":"summary_large_image","twitter_creator":"@Eninter","twitter_site":"@Eninter","twitter_misc":{"Escrito por":"Albert Puig","Tempo estimado de leitura":"2 minutos"},"schema":{"@context":"https:\/\/schema.org","@graph":[{"@type":"Article","@id":"https:\/\/www.eninter.com\/pt-pt\/rosa-mari-pioneira-do-poder-feminino-na-eninter-ascensores\/#article","isPartOf":{"@id":"https:\/\/www.eninter.com\/pt-pt\/rosa-mari-pioneira-do-poder-feminino-na-eninter-ascensores\/"},"author":{"name":"Albert Puig","@id":"https:\/\/www.eninter.com\/pt-pt\/#\/schema\/person\/e6178c261ac4210884c0e0264dd59043"},"headline":"Rosa Mari, pioneira do poder feminino na Eninter Ascensores","datePublished":"2022-03-17T09:30:00+00:00","dateModified":"2022-03-17T10:30:00+00:00","mainEntityOfPage":{"@id":"https:\/\/www.eninter.com\/pt-pt\/rosa-mari-pioneira-do-poder-feminino-na-eninter-ascensores\/"},"wordCount":351,"publisher":{"@id":"https:\/\/www.eninter.com\/pt-pt\/#organization"},"image":{"@id":"https:\/\/www.eninter.com\/pt-pt\/rosa-mari-pioneira-do-poder-feminino-na-eninter-ascensores\/#primaryimage"},"thumbnailUrl":"https:\/\/www.eninter.com\/wp-content\/uploads\/2022\/03\/Rosa-Mari.jpeg","articleSection":["Sobre o Eninter"],"inLanguage":"pt-PT"},{"@type":"WebPage","@id":"https:\/\/www.eninter.com\/pt-pt\/rosa-mari-pioneira-do-poder-feminino-na-eninter-ascensores\/","url":"https:\/\/www.eninter.com\/pt-pt\/rosa-mari-pioneira-do-poder-feminino-na-eninter-ascensores\/","name":"Rosa Mari, pioneira do poder feminino na Eninter Ascensores% | Eninter Ascensores","isPartOf":{"@id":"https:\/\/www.eninter.com\/pt-pt\/#website"},"primaryImageOfPage":{"@id":"https:\/\/www.eninter.com\/pt-pt\/rosa-mari-pioneira-do-poder-feminino-na-eninter-ascensores\/#primaryimage"},"image":{"@id":"https:\/\/www.eninter.com\/pt-pt\/rosa-mari-pioneira-do-poder-feminino-na-eninter-ascensores\/#primaryimage"},"thumbnailUrl":"https:\/\/www.eninter.com\/wp-content\/uploads\/2022\/03\/Rosa-Mari.jpeg","datePublished":"2022-03-17T09:30:00+00:00","dateModified":"2022-03-17T10:30:00+00:00","description":"No blogue da Eninter: \"Rosa Mari, pioneira do poder feminino na Eninter Ascensores%\". Rosa Mari, pioneira do poder feminino na Eninter Ascensores","breadcrumb":{"@id":"https:\/\/www.eninter.com\/pt-pt\/rosa-mari-pioneira-do-poder-feminino-na-eninter-ascensores\/#breadcrumb"},"inLanguage":"pt-PT","potentialAction":[{"@type":"ReadAction","target":["https:\/\/www.eninter.com\/pt-pt\/rosa-mari-pioneira-do-poder-feminino-na-eninter-ascensores\/"]}]},{"@type":"ImageObject","inLanguage":"pt-PT","@id":"https:\/\/www.eninter.com\/pt-pt\/rosa-mari-pioneira-do-poder-feminino-na-eninter-ascensores\/#primaryimage","url":"https:\/\/www.eninter.com\/wp-content\/uploads\/2022\/03\/Rosa-Mari.jpeg","contentUrl":"https:\/\/www.eninter.com\/wp-content\/uploads\/2022\/03\/Rosa-Mari.jpeg","width":1200,"height":675,"caption":"Rosa Mari"},{"@type":"BreadcrumbList","@id":"https:\/\/www.eninter.com\/pt-pt\/rosa-mari-pioneira-do-poder-feminino-na-eninter-ascensores\/#breadcrumb","itemListElement":[{"@type":"ListItem","position":1,"name":"Portada","item":"https:\/\/www.eninter.com\/pt-pt\/"},{"@type":"ListItem","position":2,"name":"Rosa Mari, pioneira do poder feminino na Eninter Ascensores"}]},{"@type":"WebSite","@id":"https:\/\/www.eninter.com\/pt-pt\/#website","url":"https:\/\/www.eninter.com\/pt-pt\/","name":"ENINTER","description":"Mantenimiento de Ascensores Multimarca","publisher":{"@id":"https:\/\/www.eninter.com\/pt-pt\/#organization"},"potentialAction":[{"@type":"SearchAction","target":{"@type":"EntryPoint","urlTemplate":"https:\/\/www.eninter.com\/pt-pt\/?s={search_term_string}"},"query-input":{"@type":"PropertyValueSpecification","valueRequired":true,"valueName":"search_term_string"}}],"inLanguage":"pt-PT"},{"@type":"Organization","@id":"https:\/\/www.eninter.com\/pt-pt\/#organization","name":"Eniter","url":"https:\/\/www.eninter.com\/pt-pt\/","logo":{"@type":"ImageObject","inLanguage":"pt-PT","@id":"https:\/\/www.eninter.com\/pt-pt\/#\/schema\/logo\/image\/","url":"https:\/\/www.eninter.com\/wp-content\/uploads\/2023\/08\/logo-eninter-png.png","contentUrl":"https:\/\/www.eninter.com\/wp-content\/uploads\/2023\/08\/logo-eninter-png.png","width":600,"height":340,"caption":"Eniter"},"image":{"@id":"https:\/\/www.eninter.com\/pt-pt\/#\/schema\/logo\/image\/"},"sameAs":["https:\/\/www.facebook.com\/EninterAscensores","https:\/\/x.com\/Eninter","https:\/\/www.instagram.com\/eninterascensores\/","https:\/\/www.youtube.com\/user\/ascensoreseninter"]},{"@type":"Person","@id":"https:\/\/www.eninter.com\/pt-pt\/#\/schema\/person\/e6178c261ac4210884c0e0264dd59043","name":"Albert Puig","image":{"@type":"ImageObject","inLanguage":"pt-PT","@id":"https:\/\/secure.gravatar.com\/avatar\/583d07f3f1036f58d0e44e873586278b582179a16b27a5b3951504e9ee001c06?s=96&d=mm&r=g","url":"https:\/\/secure.gravatar.com\/avatar\/583d07f3f1036f58d0e44e873586278b582179a16b27a5b3951504e9ee001c06?s=96&d=mm&r=g","contentUrl":"https:\/\/secure.gravatar.com\/avatar\/583d07f3f1036f58d0e44e873586278b582179a16b27a5b3951504e9ee001c06?s=96&d=mm&r=g","caption":"Albert Puig"}}]}},"_links":{"self":[{"href":"https:\/\/www.eninter.com\/pt-pt\/wp-json\/wp\/v2\/posts\/8408","targetHints":{"allow":["GET"]}}],"collection":[{"href":"https:\/\/www.eninter.com\/pt-pt\/wp-json\/wp\/v2\/posts"}],"about":[{"href":"https:\/\/www.eninter.com\/pt-pt\/wp-json\/wp\/v2\/types\/post"}],"author":[{"embeddable":true,"href":"https:\/\/www.eninter.com\/pt-pt\/wp-json\/wp\/v2\/users\/3"}],"replies":[{"embeddable":true,"href":"https:\/\/www.eninter.com\/pt-pt\/wp-json\/wp\/v2\/comments?post=8408"}],"version-history":[{"count":0,"href":"https:\/\/www.eninter.com\/pt-pt\/wp-json\/wp\/v2\/posts\/8408\/revisions"}],"wp:featuredmedia":[{"embeddable":true,"href":"https:\/\/www.eninter.com\/pt-pt\/wp-json\/wp\/v2\/media\/7622"}],"wp:attachment":[{"href":"https:\/\/www.eninter.com\/pt-pt\/wp-json\/wp\/v2\/media?parent=8408"}],"wp:term":[{"taxonomy":"category","embeddable":true,"href":"https:\/\/www.eninter.com\/pt-pt\/wp-json\/wp\/v2\/categories?post=8408"},{"taxonomy":"post_tag","embeddable":true,"href":"https:\/\/www.eninter.com\/pt-pt\/wp-json\/wp\/v2\/tags?post=8408"}],"curies":[{"name":"wp","href":"https:\/\/api.w.org\/{rel}","templated":true}]}}