{"id":8415,"date":"2021-11-11T12:55:42","date_gmt":"2021-11-11T12:55:42","guid":{"rendered":"https:\/\/www.eninter.com\/daniel-fernandez-estas-accoes-tornam-as-empresas-maiores-e-os-seus-empregados-mais-felizes\/"},"modified":"2024-02-20T10:49:17","modified_gmt":"2024-02-20T10:49:17","slug":"daniel-fernandez-estas-accoes-tornam-as-empresas-maiores-e-os-seus-empregados-mais-felizes","status":"publish","type":"post","link":"https:\/\/www.eninter.com\/pt-pt\/daniel-fernandez-estas-accoes-tornam-as-empresas-maiores-e-os-seus-empregados-mais-felizes\/","title":{"rendered":"Daniel Fern\u00e1ndez: &#8220;Estas ac\u00e7\u00f5es tornam as empresas maiores e os seus empregados mais felizes&#8221;."},"content":{"rendered":"<p>Daniel Fern\u00e1ndez, Diretor Comercial da <strong>Eninter Ascensores<\/strong>Apenas tinha visto alguns membros da Associa\u00e7\u00e3o a pedalar pela sua cidade e a verdade \u00e9 que lhe chamaram a aten\u00e7\u00e3o, mas, por obra do destino, foi ele o encarregado de entregar o pr\u00e9mio da campanha Eninter Ayuda a Isabel Mora, uma das utentes da Associa\u00e7\u00e3o Discamino. A partir da\u00ed, decidiu dar o seu contributo para o projeto. A Eninter Ascensores juntou-se agora tamb\u00e9m a esta causa. Ele pr\u00f3prio explica a sua experi\u00eancia.<\/p>\n<h2><strong>Isabel Mora, membro da Discamino, foi uma das vencedoras da campanha EninterAyuda 2020, mas conhece outras hist\u00f3rias impressionantes como a dela de outros membros da associa\u00e7\u00e3o?<\/strong><\/h2>\n<p>Sim, durante o tempo em que trabalhei com eles, deparei-me com v\u00e1rias hist\u00f3rias, cada uma mais chocante do que a anterior. Um dos que me chamou a aten\u00e7\u00e3o foi o de um rapaz com uma doen\u00e7a muscular degenerativa. Temos de colocar el\u00e1sticos para o ajudar a levantar o p\u00e9 depois de carregar no pedal, uma vez que ele n\u00e3o \u00e9 capaz de empurrar para cima. No entanto, com estes pneus, conseguimos que ele gostasse de treinar. Tamb\u00e9m acompanhamos uma crian\u00e7a que, por ser t\u00e3o pequena, n\u00e3o consegue alcan\u00e7ar os pedais, mas gra\u00e7as a alguns blocos de madeira consegue pedalar e gosta muito da atividade.<\/p>\n<h2><strong>Atualmente, o #EninterAscensores tem um contrato de colabora\u00e7\u00e3o com a associa\u00e7\u00e3o que o pr\u00f3prio promoveu. Como e porqu\u00ea surgiu a ideia desta colabora\u00e7\u00e3o?<br \/>\n<\/strong><\/h2>\n<p>Apercebi-me de que, para al\u00e9m do que eu contribu\u00eda individualmente no meu tempo livre, este coletivo precisava de toda a ajuda poss\u00edvel. Foi quando o propus \u00e0 minha empresa que eles aderiram imediatamente \u00e0 causa.<\/p>\n<h2><strong>Em que consiste este contrato de parceria?<br \/>\n<\/strong><\/h2>\n<p>O contrato consiste numa contribui\u00e7\u00e3o financeira da Eninter Ascensores para cobrir os custos de aquisi\u00e7\u00e3o dos materiais. Al\u00e9m disso, assin\u00e1mos um acordo que consiste em fazer uma contribui\u00e7\u00e3o para a associa\u00e7\u00e3o por cada cliente referenciado pela Discamino.<\/p>\n<h2><strong>Como se sente ao fazer parte de uma empresa que promove este lado humano com ac\u00e7\u00f5es como esta?<\/strong><strong>ac\u00e7\u00f5es como esta?<br \/>\n<\/strong><\/h2>\n<p>Pessoalmente, acho que tenho muita sorte em fazer parte desta empresa e deste projeto em particular. Acredito que estas ac\u00e7\u00f5es tornam as empresas maiores e os seus empregados mais felizes.<\/p>\n<h2><strong>Para al\u00e9m disso, tamb\u00e9m colabora pessoalmente com a associa\u00e7\u00e3o. Como \u00e9 que se faz?<br \/>\n<\/strong><\/h2>\n<p>Acompanho utilizadores com dificuldades na forma\u00e7\u00e3o. Eu sou o piloto que conduz a bicicleta e tanto eles como eu pedalamos, desta forma as crian\u00e7as preparam-se para o Caminho de Santiago. Muitos deles s\u00e3o pessoas que est\u00e3o em institui\u00e7\u00f5es especiais e para eles o dia de forma\u00e7\u00e3o \u00e9 o dia mais esperado da semana.<\/p>\n<h2><strong>Que motiva\u00e7\u00f5es pessoais o levaram a escolher esta associa\u00e7\u00e3o e n\u00e3o outra?<br \/>\n<\/strong><\/h2>\n<p>J\u00e1 os tinha visto treinar h\u00e1 muito tempo e sempre me chamaram a aten\u00e7\u00e3o. Achei que era um trabalho muito agrad\u00e1vel e divertido e o meu gosto pelo desporto tamb\u00e9m me ajudou. Pensei que n\u00e3o havia nada melhor do que praticar desporto e ajudar os outros.<\/p>\n<p><strong>De tudo o que viveste ao colaborar com a Discamino, tens alguma anedota que valha a pena recordar?<br \/>\n<\/strong><\/p>\n<p>Eu peguei num rapaz surdo e cego. Aprendi alguns sinais e, escrevendo na palma da minha m\u00e3o, conseguia compreend\u00ea-lo. A anedota \u00e9 que, passado algum tempo, levei comigo outro rapaz surdo e cego, com quem tinha muita dificuldade em comunicar. Quando o fiz, disse-me que o seu parceiro j\u00e1 lhe tinha dito que me conhecia e que estava ansioso por sair comigo outra vez. Os dois partilham a mesma resid\u00eancia. Este \u00faltimo n\u00e3o consegue imaginar como pedala, tem uma energia bruta, mesmo que n\u00e3o andemos a um bom ritmo, fica zangado comigo.<br \/>\nPoderia contar mais anedotas, mas penso que o melhor a fazer \u00e9 viv\u00ea-las. Por isso, encorajo-vos a procurar uma associa\u00e7\u00e3o na vossa cidade para colaborar, porque para n\u00f3s \u00e9 um pequeno esfor\u00e7o e para eles pode significar o mundo.<\/p>\n","protected":false},"excerpt":{"rendered":"<p>Daniel Fern\u00e1ndez, Diretor Comercial da Eninter AscensoresApenas tinha visto alguns membros da Associa\u00e7\u00e3o a pedalar pela sua cidade e a verdade \u00e9 que lhe chamaram a aten\u00e7\u00e3o, mas, por obra do destino, foi ele o encarregado de entregar o pr\u00e9mio da campanha Eninter Ayuda a Isabel Mora, uma das utentes da Associa\u00e7\u00e3o Discamino. A partir [&hellip;]<\/p>\n","protected":false},"author":3,"featured_media":7654,"comment_status":"closed","ping_status":"closed","sticky":false,"template":"","format":"standard","meta":{"_acf_changed":false,"content-type":"","footnotes":""},"categories":[216],"tags":[],"class_list":["post-8415","post","type-post","status-publish","format-standard","has-post-thumbnail","hentry","category-sobre-o-eninter"],"acf":[],"_yoast_wpseo_focuskw":"A Eninter Ascensores colabora com a Discamino","_yoast_wpseo_metadesc":"A Eninter Ascensores colabora com a Associa\u00e7\u00e3o Discamino. Daniel Fern\u00e1ndez, representante comercial, explica como surgiu esta colabora\u00e7\u00e3o.","yoast_head":"<!-- This site is optimized with the Yoast SEO Premium plugin v21.6 (Yoast SEO v27.2) - https:\/\/yoast.com\/product\/yoast-seo-premium-wordpress\/ -->\n<title>A Eninter Ascensores colabora com a Associa\u00e7\u00e3o Discamino<\/title>\n<meta name=\"description\" content=\"A Eninter Ascensores colabora com a Associa\u00e7\u00e3o Discamino. Daniel Fern\u00e1ndez, representante comercial, explica como surgiu esta colabora\u00e7\u00e3o.\" \/>\n<meta name=\"robots\" content=\"index, follow, max-snippet:-1, max-image-preview:large, max-video-preview:-1\" \/>\n<link rel=\"canonical\" href=\"https:\/\/www.eninter.com\/pt-pt\/daniel-fernandez-estas-accoes-tornam-as-empresas-maiores-e-os-seus-empregados-mais-felizes\/\" \/>\n<meta property=\"og:locale\" content=\"pt_PT\" \/>\n<meta property=\"og:type\" content=\"article\" \/>\n<meta property=\"og:title\" content=\"Daniel Fern\u00e1ndez: &quot;Estas ac\u00e7\u00f5es tornam as empresas maiores e os seus empregados mais felizes&quot;.\" \/>\n<meta property=\"og:description\" content=\"A Eninter Ascensores colabora com a Associa\u00e7\u00e3o Discamino. Daniel Fern\u00e1ndez, representante comercial, explica como surgiu esta colabora\u00e7\u00e3o.\" \/>\n<meta property=\"og:url\" content=\"https:\/\/www.eninter.com\/pt-pt\/daniel-fernandez-estas-accoes-tornam-as-empresas-maiores-e-os-seus-empregados-mais-felizes\/\" \/>\n<meta property=\"og:site_name\" content=\"ENINTER\" \/>\n<meta property=\"article:publisher\" content=\"https:\/\/www.facebook.com\/EninterAscensores\" \/>\n<meta property=\"article:published_time\" content=\"2021-11-11T12:55:42+00:00\" \/>\n<meta property=\"article:modified_time\" content=\"2024-02-20T10:49:17+00:00\" \/>\n<meta property=\"og:image\" content=\"https:\/\/www.eninter.com\/wp-content\/uploads\/2021\/11\/Eninter-Ascensores-colabora-con-la-Asociacion-Discamino.jpg\" \/>\n\t<meta property=\"og:image:width\" content=\"790\" \/>\n\t<meta property=\"og:image:height\" content=\"444\" \/>\n\t<meta property=\"og:image:type\" content=\"image\/jpeg\" \/>\n<meta name=\"author\" content=\"Albert Puig\" \/>\n<meta name=\"twitter:card\" content=\"summary_large_image\" \/>\n<meta name=\"twitter:creator\" content=\"@Eninter\" \/>\n<meta name=\"twitter:site\" content=\"@Eninter\" \/>\n<meta name=\"twitter:label1\" content=\"Escrito por\" \/>\n\t<meta name=\"twitter:data1\" content=\"Albert Puig\" \/>\n\t<meta name=\"twitter:label2\" content=\"Tempo estimado de leitura\" \/>\n\t<meta name=\"twitter:data2\" content=\"3 minutos\" \/>\n<!-- \/ Yoast SEO Premium plugin. -->","yoast_head_json":{"title":"A Eninter Ascensores colabora com a Associa\u00e7\u00e3o Discamino","description":"A Eninter Ascensores colabora com a Associa\u00e7\u00e3o Discamino. Daniel Fern\u00e1ndez, representante comercial, explica como surgiu esta colabora\u00e7\u00e3o.","robots":{"index":"index","follow":"follow","max-snippet":"max-snippet:-1","max-image-preview":"max-image-preview:large","max-video-preview":"max-video-preview:-1"},"canonical":"https:\/\/www.eninter.com\/pt-pt\/daniel-fernandez-estas-accoes-tornam-as-empresas-maiores-e-os-seus-empregados-mais-felizes\/","og_locale":"pt_PT","og_type":"article","og_title":"Daniel Fern\u00e1ndez: \"Estas ac\u00e7\u00f5es tornam as empresas maiores e os seus empregados mais felizes\".","og_description":"A Eninter Ascensores colabora com a Associa\u00e7\u00e3o Discamino. Daniel Fern\u00e1ndez, representante comercial, explica como surgiu esta colabora\u00e7\u00e3o.","og_url":"https:\/\/www.eninter.com\/pt-pt\/daniel-fernandez-estas-accoes-tornam-as-empresas-maiores-e-os-seus-empregados-mais-felizes\/","og_site_name":"ENINTER","article_publisher":"https:\/\/www.facebook.com\/EninterAscensores","article_published_time":"2021-11-11T12:55:42+00:00","article_modified_time":"2024-02-20T10:49:17+00:00","og_image":[{"width":790,"height":444,"url":"https:\/\/www.eninter.com\/wp-content\/uploads\/2021\/11\/Eninter-Ascensores-colabora-con-la-Asociacion-Discamino.jpg","type":"image\/jpeg"}],"author":"Albert Puig","twitter_card":"summary_large_image","twitter_creator":"@Eninter","twitter_site":"@Eninter","twitter_misc":{"Escrito por":"Albert Puig","Tempo estimado de leitura":"3 minutos"},"schema":{"@context":"https:\/\/schema.org","@graph":[{"@type":"Article","@id":"https:\/\/www.eninter.com\/pt-pt\/daniel-fernandez-estas-accoes-tornam-as-empresas-maiores-e-os-seus-empregados-mais-felizes\/#article","isPartOf":{"@id":"https:\/\/www.eninter.com\/pt-pt\/daniel-fernandez-estas-accoes-tornam-as-empresas-maiores-e-os-seus-empregados-mais-felizes\/"},"author":{"name":"Albert Puig","@id":"https:\/\/www.eninter.com\/pt-pt\/#\/schema\/person\/e6178c261ac4210884c0e0264dd59043"},"headline":"Daniel Fern\u00e1ndez: &#8220;Estas ac\u00e7\u00f5es tornam as empresas maiores e os seus empregados mais felizes&#8221;.","datePublished":"2021-11-11T12:55:42+00:00","dateModified":"2024-02-20T10:49:17+00:00","mainEntityOfPage":{"@id":"https:\/\/www.eninter.com\/pt-pt\/daniel-fernandez-estas-accoes-tornam-as-empresas-maiores-e-os-seus-empregados-mais-felizes\/"},"wordCount":705,"publisher":{"@id":"https:\/\/www.eninter.com\/pt-pt\/#organization"},"image":{"@id":"https:\/\/www.eninter.com\/pt-pt\/daniel-fernandez-estas-accoes-tornam-as-empresas-maiores-e-os-seus-empregados-mais-felizes\/#primaryimage"},"thumbnailUrl":"https:\/\/www.eninter.com\/wp-content\/uploads\/2021\/11\/Eninter-Ascensores-colabora-con-la-Asociacion-Discamino.jpg","articleSection":["Sobre o Eninter"],"inLanguage":"pt-PT"},{"@type":"WebPage","@id":"https:\/\/www.eninter.com\/pt-pt\/daniel-fernandez-estas-accoes-tornam-as-empresas-maiores-e-os-seus-empregados-mais-felizes\/","url":"https:\/\/www.eninter.com\/pt-pt\/daniel-fernandez-estas-accoes-tornam-as-empresas-maiores-e-os-seus-empregados-mais-felizes\/","name":"A Eninter Ascensores colabora com a Associa\u00e7\u00e3o Discamino","isPartOf":{"@id":"https:\/\/www.eninter.com\/pt-pt\/#website"},"primaryImageOfPage":{"@id":"https:\/\/www.eninter.com\/pt-pt\/daniel-fernandez-estas-accoes-tornam-as-empresas-maiores-e-os-seus-empregados-mais-felizes\/#primaryimage"},"image":{"@id":"https:\/\/www.eninter.com\/pt-pt\/daniel-fernandez-estas-accoes-tornam-as-empresas-maiores-e-os-seus-empregados-mais-felizes\/#primaryimage"},"thumbnailUrl":"https:\/\/www.eninter.com\/wp-content\/uploads\/2021\/11\/Eninter-Ascensores-colabora-con-la-Asociacion-Discamino.jpg","datePublished":"2021-11-11T12:55:42+00:00","dateModified":"2024-02-20T10:49:17+00:00","description":"A Eninter Ascensores colabora com a Associa\u00e7\u00e3o Discamino. Daniel Fern\u00e1ndez, representante comercial, explica como surgiu esta colabora\u00e7\u00e3o.","breadcrumb":{"@id":"https:\/\/www.eninter.com\/pt-pt\/daniel-fernandez-estas-accoes-tornam-as-empresas-maiores-e-os-seus-empregados-mais-felizes\/#breadcrumb"},"inLanguage":"pt-PT","potentialAction":[{"@type":"ReadAction","target":["https:\/\/www.eninter.com\/pt-pt\/daniel-fernandez-estas-accoes-tornam-as-empresas-maiores-e-os-seus-empregados-mais-felizes\/"]}]},{"@type":"ImageObject","inLanguage":"pt-PT","@id":"https:\/\/www.eninter.com\/pt-pt\/daniel-fernandez-estas-accoes-tornam-as-empresas-maiores-e-os-seus-empregados-mais-felizes\/#primaryimage","url":"https:\/\/www.eninter.com\/wp-content\/uploads\/2021\/11\/Eninter-Ascensores-colabora-con-la-Asociacion-Discamino.jpg","contentUrl":"https:\/\/www.eninter.com\/wp-content\/uploads\/2021\/11\/Eninter-Ascensores-colabora-con-la-Asociacion-Discamino.jpg","width":790,"height":444},{"@type":"BreadcrumbList","@id":"https:\/\/www.eninter.com\/pt-pt\/daniel-fernandez-estas-accoes-tornam-as-empresas-maiores-e-os-seus-empregados-mais-felizes\/#breadcrumb","itemListElement":[{"@type":"ListItem","position":1,"name":"Portada","item":"https:\/\/www.eninter.com\/pt-pt\/"},{"@type":"ListItem","position":2,"name":"Daniel Fern\u00e1ndez: &#8220;Estas ac\u00e7\u00f5es tornam as empresas maiores e os seus empregados mais felizes&#8221;."}]},{"@type":"WebSite","@id":"https:\/\/www.eninter.com\/pt-pt\/#website","url":"https:\/\/www.eninter.com\/pt-pt\/","name":"ENINTER","description":"Mantenimiento de Ascensores Multimarca","publisher":{"@id":"https:\/\/www.eninter.com\/pt-pt\/#organization"},"potentialAction":[{"@type":"SearchAction","target":{"@type":"EntryPoint","urlTemplate":"https:\/\/www.eninter.com\/pt-pt\/?s={search_term_string}"},"query-input":{"@type":"PropertyValueSpecification","valueRequired":true,"valueName":"search_term_string"}}],"inLanguage":"pt-PT"},{"@type":"Organization","@id":"https:\/\/www.eninter.com\/pt-pt\/#organization","name":"Eniter","url":"https:\/\/www.eninter.com\/pt-pt\/","logo":{"@type":"ImageObject","inLanguage":"pt-PT","@id":"https:\/\/www.eninter.com\/pt-pt\/#\/schema\/logo\/image\/","url":"https:\/\/www.eninter.com\/wp-content\/uploads\/2023\/08\/logo-eninter-png.png","contentUrl":"https:\/\/www.eninter.com\/wp-content\/uploads\/2023\/08\/logo-eninter-png.png","width":600,"height":340,"caption":"Eniter"},"image":{"@id":"https:\/\/www.eninter.com\/pt-pt\/#\/schema\/logo\/image\/"},"sameAs":["https:\/\/www.facebook.com\/EninterAscensores","https:\/\/x.com\/Eninter","https:\/\/www.instagram.com\/eninterascensores\/","https:\/\/www.youtube.com\/user\/ascensoreseninter"]},{"@type":"Person","@id":"https:\/\/www.eninter.com\/pt-pt\/#\/schema\/person\/e6178c261ac4210884c0e0264dd59043","name":"Albert Puig","image":{"@type":"ImageObject","inLanguage":"pt-PT","@id":"https:\/\/secure.gravatar.com\/avatar\/583d07f3f1036f58d0e44e873586278b582179a16b27a5b3951504e9ee001c06?s=96&d=mm&r=g","url":"https:\/\/secure.gravatar.com\/avatar\/583d07f3f1036f58d0e44e873586278b582179a16b27a5b3951504e9ee001c06?s=96&d=mm&r=g","contentUrl":"https:\/\/secure.gravatar.com\/avatar\/583d07f3f1036f58d0e44e873586278b582179a16b27a5b3951504e9ee001c06?s=96&d=mm&r=g","caption":"Albert Puig"}}]}},"_links":{"self":[{"href":"https:\/\/www.eninter.com\/pt-pt\/wp-json\/wp\/v2\/posts\/8415","targetHints":{"allow":["GET"]}}],"collection":[{"href":"https:\/\/www.eninter.com\/pt-pt\/wp-json\/wp\/v2\/posts"}],"about":[{"href":"https:\/\/www.eninter.com\/pt-pt\/wp-json\/wp\/v2\/types\/post"}],"author":[{"embeddable":true,"href":"https:\/\/www.eninter.com\/pt-pt\/wp-json\/wp\/v2\/users\/3"}],"replies":[{"embeddable":true,"href":"https:\/\/www.eninter.com\/pt-pt\/wp-json\/wp\/v2\/comments?post=8415"}],"version-history":[{"count":0,"href":"https:\/\/www.eninter.com\/pt-pt\/wp-json\/wp\/v2\/posts\/8415\/revisions"}],"wp:featuredmedia":[{"embeddable":true,"href":"https:\/\/www.eninter.com\/pt-pt\/wp-json\/wp\/v2\/media\/7654"}],"wp:attachment":[{"href":"https:\/\/www.eninter.com\/pt-pt\/wp-json\/wp\/v2\/media?parent=8415"}],"wp:term":[{"taxonomy":"category","embeddable":true,"href":"https:\/\/www.eninter.com\/pt-pt\/wp-json\/wp\/v2\/categories?post=8415"},{"taxonomy":"post_tag","embeddable":true,"href":"https:\/\/www.eninter.com\/pt-pt\/wp-json\/wp\/v2\/tags?post=8415"}],"curies":[{"name":"wp","href":"https:\/\/api.w.org\/{rel}","templated":true}]}}