{"id":8419,"date":"2021-07-21T09:14:22","date_gmt":"2021-07-21T09:14:22","guid":{"rendered":"https:\/\/www.eninter.com\/nova-instrucao-tecnica-complementar-para-os-ascensores-itc-apresentamos-lhe-todos-os-pontos-essenciais\/"},"modified":"2025-02-19T10:42:45","modified_gmt":"2025-02-19T10:42:45","slug":"nova-instrucao-tecnica-complementar-para-os-ascensores-itc-apresentamos-lhe-todos-os-pontos-essenciais","status":"publish","type":"post","link":"https:\/\/www.eninter.com\/pt-pt\/nova-instrucao-tecnica-complementar-para-os-ascensores-itc-apresentamos-lhe-todos-os-pontos-essenciais\/","title":{"rendered":"Nova Instru\u00e7\u00e3o T\u00e9cnica Complementar para Ascensores (ITC)"},"content":{"rendered":"<h2><strong>\u00bf<\/strong><strong>Uma nova norma para os ascensores <\/strong><strong>ITC para ascensores? <\/strong><\/h2>\n<p>SIM, est\u00e1 a ser estudado<\/p>\n<h2 style=\"text-align: justify;\"><strong data-wp-editing=\"1\">\u00bf<\/strong><strong>O que h\u00e1 de novo?<\/strong><\/h2>\n<p style=\"text-align: justify;\">A ITC ou <span style=\"color: #2ed43a;\"><br \/>\n<strong>A Instru\u00e7\u00e3o T\u00e9cnica Complementar AEM 1 &#8220;Elevadores&#8221;, atualmente em vigor, est\u00e1 a ser modificada por um novo Decreto Real para os aparelhos de eleva\u00e7\u00e3o, que afecta a sua manuten\u00e7\u00e3o e modifica\u00e7\u00f5es.<\/strong><br \/>\n<\/span> \u00e9 modificada por um novo Decreto Real para os aparelhos de eleva\u00e7\u00e3o, que afecta a sua manuten\u00e7\u00e3o e modifica\u00e7\u00f5es, e que se encontra atualmente em fase de projeto (estudo), antes da sua entrada em vigor prevista para julho de 2022. O novo decreto real prev\u00ea medidas de inspe\u00e7\u00e3o e manuten\u00e7\u00e3o actualizadas, bem como a seguran\u00e7a dos elevadores existentes, mas o que h\u00e1 de novo? N\u00f3s explicamos.<\/p>\n<p style=\"text-align: justify;\">A nova Instru\u00e7\u00e3o T\u00e9cnica Suplementar AEM 1 prev\u00ea, no seu projeto atual, altera\u00e7\u00f5es no que respeita aos seguintes aspectos:<\/p>\n<ul>\n<li>\n<hr \/>\n<p><span style=\"color: #2ed43a;\"><strong>Coloca\u00e7\u00e3o em servi\u00e7o dos ascensores <\/strong><strong>(arranque)<\/strong>: <\/span>A partir da entrada em vigor desta nova ITC, deve ser apresentada uma s\u00e9rie de documenta\u00e7\u00e3o ao organismo competente da Comunidade Aut\u00f3noma, incluindo <strong>manual de instru\u00e7\u00f5es do ascensor e um certificado<\/strong> <strong>inspe\u00e7\u00e3o inicial favor\u00e1vel<\/strong> como elementos novos. O certificado de controlo, baseado na norma de controlo espanhola UNE 192008-1, deve ser efectuado antes da primeira entrada em servi\u00e7o do ascensor e o seu resultado deve ser favor\u00e1vel, sem defeitos.<\/li>\n<li>\n<hr \/>\n<p><span style=\"color: #2ed43a;\"><strong>Frequ\u00eancia das inspec\u00e7\u00f5es:<\/strong> <\/span>Est\u00e1 prevista uma altera\u00e7\u00e3o do <strong>calend\u00e1rio das<\/strong><strong> inspec\u00e7\u00f5es<\/strong>:<\/p>\n<ul>\n<li>Os edif\u00edcios com mais de vinte fogos, ou com mais de quatro andares, devem ser inspeccionados de 4 em 4 anos.<\/li>\n<li>Ascensores instalados em edif\u00edcios para uso industrial, locais de aflu\u00eancia de p\u00fablico, de dois em dois anos.<\/li>\n<li>Os ascensores n\u00e3o inclu\u00eddos nos casos anteriores, de seis em seis anos.<\/li>\n<\/ul>\n<\/li>\n<\/ul>\n<p style=\"padding-left: 40px;\"><em>Se o ascensor tiver mais de 24 anos, os per\u00edodos de controlo ser\u00e3o reduzidos para metade.<\/em><\/p>\n<ul style=\"text-align: justify;\">\n<li>\n<hr \/>\n<p><strong><span style=\"color: #2ed43a;\">Obriga\u00e7\u00f5es do propriet\u00e1rio:<\/span> o propriet\u00e1rio do ascensor alarga as suas obriga\u00e7\u00f5es no que diz respeito ao <\/strong>bom estado, ao funcionamento, \u00e0 repara\u00e7\u00e3o e \u00e0 manuten\u00e7\u00e3o do equipamento. As mais significativas s\u00e3o:<\/li>\n<\/ul>\n<ul>\n<li style=\"list-style-type: none;\">\n<ul style=\"text-align: justify;\">\n<li>Permitir a utiliza\u00e7\u00e3o do elevador apenas durante o per\u00edodo em que tenha sido contratado um servi\u00e7o de manuten\u00e7\u00e3o para assegurar o seu bom funcionamento.<\/li>\n<li>Solicitar \u00e0 empresa de manuten\u00e7\u00e3o, de forma fi\u00e1vel, a coloca\u00e7\u00e3o fora de servi\u00e7o do ascensor, se este n\u00e3o respeitar as garantias de seguran\u00e7a devidas, a pedido da empresa de manuten\u00e7\u00e3o ou de um organismo competente da Administra\u00e7\u00e3o P\u00fablica.<\/li>\n<li>Se a empresa de manuten\u00e7\u00e3o detetar elementos no ascensor que devam ser reparados ou corrigidos, por considerar que n\u00e3o satisfazem as condi\u00e7\u00f5es de seguran\u00e7a exigidas, deve proceder como indicado pela empresa de manuten\u00e7\u00e3o.<\/li>\n<li>Conservar os originais ou c\u00f3pias da documenta\u00e7\u00e3o relativa ao ascensor, referidos no ponto 8 do artigo 4.<\/li>\n<\/ul>\n<\/li>\n<\/ul>\n<ul style=\"text-align: justify;\">\n<li>\n<hr \/>\n<p><span style=\"color: #2ed43a;\"><br \/>\n<strong>Obriga\u00e7\u00f5es das empresas conservadoras: <\/strong><br \/>\n<\/span>destaca:<\/li>\n<\/ul>\n<ul>\n<li style=\"list-style-type: none;\">\n<ul style=\"text-align: justify;\">\n<li>Seguro de responsabilidade civil com uma cobertura m\u00ednima de 600 000 euros por sinistro.<\/li>\n<li>Assegurar, durante um per\u00edodo de dois anos, a corre\u00e7\u00e3o das defici\u00eancias atribu\u00eddas, bem como das consequ\u00eancias da\u00ed resultantes.<\/li>\n<li>Elaborar um plano de manuten\u00e7\u00e3o para cada ascensor, segundo o tipo, de acordo com a norma UNE 58720:2020.<\/li>\n<\/ul>\n<\/li>\n<\/ul>\n<ul style=\"text-align: justify;\">\n<li>\n<hr \/>\n<p><strong><span style=\"color: #2ed43a;\">Medidas m\u00ednimas de seguran\u00e7a para os ascensores existentes:<\/span> Foi definido separadamente um ANEXO VI para indicar as medidas m\u00ednimas de seguran\u00e7a a aplicar nos <\/strong>ascensores existentes, que detalhamos nos pontos seguintes:<\/li>\n<\/ul>\n<ul>\n<li style=\"list-style-type: none;\">\n<ul style=\"text-align: justify;\">\n<li>Nivelamento deficiente. Seguran\u00e7a e acessibilidade.<\/li>\n<li>Prote\u00e7\u00e3o do utilizador contra o fecho das portas durante a entrada ou sa\u00edda do autom\u00f3vel com a instala\u00e7\u00e3o de uma barreira fotoel\u00e9ctrica.<\/li>\n<li>Prote\u00e7\u00e3o do utilizador contra movimentos ascendentes n\u00e3o controlados da cabina e movimentos n\u00e3o controlados da cabina em repouso e com as portas abertas.<\/li>\n<li>Comunica\u00e7\u00e3o bidirecional no cockpit.<\/li>\n<li>Dispositivos de controlo da carga.<\/li>\n<li>Substitui\u00e7\u00e3o das guias que n\u00e3o est\u00e3o em conformidade com a nova regulamenta\u00e7\u00e3o.<\/li>\n<li>Substitui\u00e7\u00e3o do contrapeso<\/li>\n<li>Medidas de refor\u00e7o da seguran\u00e7a decorrentes de legisla\u00e7\u00e3o anterior com cumprimento obrigat\u00f3rio.<\/li>\n<\/ul>\n<\/li>\n<\/ul>\n<hr \/>\n<p style=\"text-align: justify;\">Estas medidas ainda se encontram em fase de projeto, tal como os restantes pontos acima indicados, o que, a confirmar-se, significar\u00e1 uma importante altera\u00e7\u00e3o da legisla\u00e7\u00e3o, aumentando a seguran\u00e7a dos utilizadores, especialmente nas instala\u00e7\u00f5es mais antigas, o que implicar\u00e1 tamb\u00e9m um investimento por parte do propriet\u00e1rio na adapta\u00e7\u00e3o das instala\u00e7\u00f5es \u00e0s normas mais recentes.<\/p>\n<p>Descarregar o quadro em pdf<\/p>\n","protected":false},"excerpt":{"rendered":"<p>\u00bfUma nova norma para os ascensores ITC para ascensores? SIM, est\u00e1 a ser estudado \u00bfO que h\u00e1 de novo? A ITC ou A Instru\u00e7\u00e3o T\u00e9cnica Complementar AEM 1 &#8220;Elevadores&#8221;, atualmente em vigor, est\u00e1 a ser modificada por um novo Decreto Real para os aparelhos de eleva\u00e7\u00e3o, que afecta a sua manuten\u00e7\u00e3o e modifica\u00e7\u00f5es. \u00e9 modificada [&hellip;]<\/p>\n","protected":false},"author":3,"featured_media":7640,"comment_status":"closed","ping_status":"closed","sticky":false,"template":"","format":"standard","meta":{"_acf_changed":false,"content-type":"","footnotes":""},"categories":[215],"tags":[],"class_list":["post-8419","post","type-post","status-publish","format-standard","has-post-thumbnail","hentry","category-elevadores"],"acf":[],"_yoast_wpseo_focuskw":"Nova Instru\u00e7\u00e3o T\u00e9cnica Complementar para ascensores","_yoast_wpseo_metadesc":"A nova Instru\u00e7\u00e3o T\u00e9cnica Complementar para elevadores aumenta a seguran\u00e7a e entra em vigor em julho de 2022.","yoast_head":"<!-- This site is optimized with the Yoast SEO Premium plugin v21.6 (Yoast SEO v27.2) - https:\/\/yoast.com\/product\/yoast-seo-premium-wordpress\/ -->\n<title>Nova Instru\u00e7\u00e3o T\u00e9cnica Complementar para Ascensores (ITC) - ENINTER<\/title>\n<meta name=\"description\" content=\"A nova Instru\u00e7\u00e3o T\u00e9cnica Complementar para elevadores aumenta a seguran\u00e7a e entra em vigor em julho de 2022.\" \/>\n<meta name=\"robots\" content=\"index, follow, max-snippet:-1, max-image-preview:large, max-video-preview:-1\" \/>\n<link rel=\"canonical\" href=\"https:\/\/www.eninter.com\/pt-pt\/nova-instrucao-tecnica-complementar-para-os-ascensores-itc-apresentamos-lhe-todos-os-pontos-essenciais\/\" \/>\n<meta property=\"og:locale\" content=\"pt_PT\" \/>\n<meta property=\"og:type\" content=\"article\" \/>\n<meta property=\"og:title\" content=\"Nova Instru\u00e7\u00e3o T\u00e9cnica Complementar para Ascensores (ITC)\" \/>\n<meta property=\"og:description\" content=\"A nova Instru\u00e7\u00e3o T\u00e9cnica Complementar para elevadores aumenta a seguran\u00e7a e entra em vigor em julho de 2022.\" \/>\n<meta property=\"og:url\" content=\"https:\/\/www.eninter.com\/pt-pt\/nova-instrucao-tecnica-complementar-para-os-ascensores-itc-apresentamos-lhe-todos-os-pontos-essenciais\/\" \/>\n<meta property=\"og:site_name\" content=\"ENINTER\" \/>\n<meta property=\"article:publisher\" content=\"https:\/\/www.facebook.com\/EninterAscensores\" \/>\n<meta property=\"article:published_time\" content=\"2021-07-21T09:14:22+00:00\" \/>\n<meta property=\"article:modified_time\" content=\"2025-02-19T10:42:45+00:00\" \/>\n<meta property=\"og:image\" content=\"https:\/\/www.eninter.com\/wp-content\/uploads\/2021\/07\/Nueva-Instruccion-Tecnica-Complementaria-para-ascensores-ITC.jpeg\" \/>\n\t<meta property=\"og:image:width\" content=\"1200\" \/>\n\t<meta property=\"og:image:height\" content=\"675\" \/>\n\t<meta property=\"og:image:type\" content=\"image\/jpeg\" \/>\n<meta name=\"author\" content=\"Albert Puig\" \/>\n<meta name=\"twitter:card\" content=\"summary_large_image\" \/>\n<meta name=\"twitter:creator\" content=\"@Eninter\" \/>\n<meta name=\"twitter:site\" content=\"@Eninter\" \/>\n<meta name=\"twitter:label1\" content=\"Escrito por\" \/>\n\t<meta name=\"twitter:data1\" content=\"Albert Puig\" \/>\n\t<meta name=\"twitter:label2\" content=\"Tempo estimado de leitura\" \/>\n\t<meta name=\"twitter:data2\" content=\"4 minutos\" \/>\n<!-- \/ Yoast SEO Premium plugin. -->","yoast_head_json":{"title":"Nova Instru\u00e7\u00e3o T\u00e9cnica Complementar para Ascensores (ITC) - ENINTER","description":"A nova Instru\u00e7\u00e3o T\u00e9cnica Complementar para elevadores aumenta a seguran\u00e7a e entra em vigor em julho de 2022.","robots":{"index":"index","follow":"follow","max-snippet":"max-snippet:-1","max-image-preview":"max-image-preview:large","max-video-preview":"max-video-preview:-1"},"canonical":"https:\/\/www.eninter.com\/pt-pt\/nova-instrucao-tecnica-complementar-para-os-ascensores-itc-apresentamos-lhe-todos-os-pontos-essenciais\/","og_locale":"pt_PT","og_type":"article","og_title":"Nova Instru\u00e7\u00e3o T\u00e9cnica Complementar para Ascensores (ITC)","og_description":"A nova Instru\u00e7\u00e3o T\u00e9cnica Complementar para elevadores aumenta a seguran\u00e7a e entra em vigor em julho de 2022.","og_url":"https:\/\/www.eninter.com\/pt-pt\/nova-instrucao-tecnica-complementar-para-os-ascensores-itc-apresentamos-lhe-todos-os-pontos-essenciais\/","og_site_name":"ENINTER","article_publisher":"https:\/\/www.facebook.com\/EninterAscensores","article_published_time":"2021-07-21T09:14:22+00:00","article_modified_time":"2025-02-19T10:42:45+00:00","og_image":[{"width":1200,"height":675,"url":"https:\/\/www.eninter.com\/wp-content\/uploads\/2021\/07\/Nueva-Instruccion-Tecnica-Complementaria-para-ascensores-ITC.jpeg","type":"image\/jpeg"}],"author":"Albert Puig","twitter_card":"summary_large_image","twitter_creator":"@Eninter","twitter_site":"@Eninter","twitter_misc":{"Escrito por":"Albert Puig","Tempo estimado de leitura":"4 minutos"},"schema":{"@context":"https:\/\/schema.org","@graph":[{"@type":"Article","@id":"https:\/\/www.eninter.com\/pt-pt\/nova-instrucao-tecnica-complementar-para-os-ascensores-itc-apresentamos-lhe-todos-os-pontos-essenciais\/#article","isPartOf":{"@id":"https:\/\/www.eninter.com\/pt-pt\/nova-instrucao-tecnica-complementar-para-os-ascensores-itc-apresentamos-lhe-todos-os-pontos-essenciais\/"},"author":{"name":"Albert Puig","@id":"https:\/\/www.eninter.com\/pt-pt\/#\/schema\/person\/e6178c261ac4210884c0e0264dd59043"},"headline":"Nova Instru\u00e7\u00e3o T\u00e9cnica Complementar para Ascensores (ITC)","datePublished":"2021-07-21T09:14:22+00:00","dateModified":"2025-02-19T10:42:45+00:00","mainEntityOfPage":{"@id":"https:\/\/www.eninter.com\/pt-pt\/nova-instrucao-tecnica-complementar-para-os-ascensores-itc-apresentamos-lhe-todos-os-pontos-essenciais\/"},"wordCount":762,"publisher":{"@id":"https:\/\/www.eninter.com\/pt-pt\/#organization"},"image":{"@id":"https:\/\/www.eninter.com\/pt-pt\/nova-instrucao-tecnica-complementar-para-os-ascensores-itc-apresentamos-lhe-todos-os-pontos-essenciais\/#primaryimage"},"thumbnailUrl":"https:\/\/www.eninter.com\/wp-content\/uploads\/2021\/07\/Nueva-Instruccion-Tecnica-Complementaria-para-ascensores-ITC.jpeg","articleSection":["Elevadores"],"inLanguage":"pt-PT"},{"@type":"WebPage","@id":"https:\/\/www.eninter.com\/pt-pt\/nova-instrucao-tecnica-complementar-para-os-ascensores-itc-apresentamos-lhe-todos-os-pontos-essenciais\/","url":"https:\/\/www.eninter.com\/pt-pt\/nova-instrucao-tecnica-complementar-para-os-ascensores-itc-apresentamos-lhe-todos-os-pontos-essenciais\/","name":"Nova Instru\u00e7\u00e3o T\u00e9cnica Complementar para Ascensores (ITC) - ENINTER","isPartOf":{"@id":"https:\/\/www.eninter.com\/pt-pt\/#website"},"primaryImageOfPage":{"@id":"https:\/\/www.eninter.com\/pt-pt\/nova-instrucao-tecnica-complementar-para-os-ascensores-itc-apresentamos-lhe-todos-os-pontos-essenciais\/#primaryimage"},"image":{"@id":"https:\/\/www.eninter.com\/pt-pt\/nova-instrucao-tecnica-complementar-para-os-ascensores-itc-apresentamos-lhe-todos-os-pontos-essenciais\/#primaryimage"},"thumbnailUrl":"https:\/\/www.eninter.com\/wp-content\/uploads\/2021\/07\/Nueva-Instruccion-Tecnica-Complementaria-para-ascensores-ITC.jpeg","datePublished":"2021-07-21T09:14:22+00:00","dateModified":"2025-02-19T10:42:45+00:00","description":"A nova Instru\u00e7\u00e3o T\u00e9cnica Complementar para elevadores aumenta a seguran\u00e7a e entra em vigor em julho de 2022.","breadcrumb":{"@id":"https:\/\/www.eninter.com\/pt-pt\/nova-instrucao-tecnica-complementar-para-os-ascensores-itc-apresentamos-lhe-todos-os-pontos-essenciais\/#breadcrumb"},"inLanguage":"pt-PT","potentialAction":[{"@type":"ReadAction","target":["https:\/\/www.eninter.com\/pt-pt\/nova-instrucao-tecnica-complementar-para-os-ascensores-itc-apresentamos-lhe-todos-os-pontos-essenciais\/"]}]},{"@type":"ImageObject","inLanguage":"pt-PT","@id":"https:\/\/www.eninter.com\/pt-pt\/nova-instrucao-tecnica-complementar-para-os-ascensores-itc-apresentamos-lhe-todos-os-pontos-essenciais\/#primaryimage","url":"https:\/\/www.eninter.com\/wp-content\/uploads\/2021\/07\/Nueva-Instruccion-Tecnica-Complementaria-para-ascensores-ITC.jpeg","contentUrl":"https:\/\/www.eninter.com\/wp-content\/uploads\/2021\/07\/Nueva-Instruccion-Tecnica-Complementaria-para-ascensores-ITC.jpeg","width":1200,"height":675},{"@type":"BreadcrumbList","@id":"https:\/\/www.eninter.com\/pt-pt\/nova-instrucao-tecnica-complementar-para-os-ascensores-itc-apresentamos-lhe-todos-os-pontos-essenciais\/#breadcrumb","itemListElement":[{"@type":"ListItem","position":1,"name":"Portada","item":"https:\/\/www.eninter.com\/pt-pt\/"},{"@type":"ListItem","position":2,"name":"Nova Instru\u00e7\u00e3o T\u00e9cnica Complementar para Ascensores (ITC)"}]},{"@type":"WebSite","@id":"https:\/\/www.eninter.com\/pt-pt\/#website","url":"https:\/\/www.eninter.com\/pt-pt\/","name":"ENINTER","description":"Mantenimiento de Ascensores Multimarca","publisher":{"@id":"https:\/\/www.eninter.com\/pt-pt\/#organization"},"potentialAction":[{"@type":"SearchAction","target":{"@type":"EntryPoint","urlTemplate":"https:\/\/www.eninter.com\/pt-pt\/?s={search_term_string}"},"query-input":{"@type":"PropertyValueSpecification","valueRequired":true,"valueName":"search_term_string"}}],"inLanguage":"pt-PT"},{"@type":"Organization","@id":"https:\/\/www.eninter.com\/pt-pt\/#organization","name":"Eniter","url":"https:\/\/www.eninter.com\/pt-pt\/","logo":{"@type":"ImageObject","inLanguage":"pt-PT","@id":"https:\/\/www.eninter.com\/pt-pt\/#\/schema\/logo\/image\/","url":"https:\/\/www.eninter.com\/wp-content\/uploads\/2023\/08\/logo-eninter-png.png","contentUrl":"https:\/\/www.eninter.com\/wp-content\/uploads\/2023\/08\/logo-eninter-png.png","width":600,"height":340,"caption":"Eniter"},"image":{"@id":"https:\/\/www.eninter.com\/pt-pt\/#\/schema\/logo\/image\/"},"sameAs":["https:\/\/www.facebook.com\/EninterAscensores","https:\/\/x.com\/Eninter","https:\/\/www.instagram.com\/eninterascensores\/","https:\/\/www.youtube.com\/user\/ascensoreseninter"]},{"@type":"Person","@id":"https:\/\/www.eninter.com\/pt-pt\/#\/schema\/person\/e6178c261ac4210884c0e0264dd59043","name":"Albert Puig","image":{"@type":"ImageObject","inLanguage":"pt-PT","@id":"https:\/\/secure.gravatar.com\/avatar\/583d07f3f1036f58d0e44e873586278b582179a16b27a5b3951504e9ee001c06?s=96&d=mm&r=g","url":"https:\/\/secure.gravatar.com\/avatar\/583d07f3f1036f58d0e44e873586278b582179a16b27a5b3951504e9ee001c06?s=96&d=mm&r=g","contentUrl":"https:\/\/secure.gravatar.com\/avatar\/583d07f3f1036f58d0e44e873586278b582179a16b27a5b3951504e9ee001c06?s=96&d=mm&r=g","caption":"Albert Puig"}}]}},"_links":{"self":[{"href":"https:\/\/www.eninter.com\/pt-pt\/wp-json\/wp\/v2\/posts\/8419","targetHints":{"allow":["GET"]}}],"collection":[{"href":"https:\/\/www.eninter.com\/pt-pt\/wp-json\/wp\/v2\/posts"}],"about":[{"href":"https:\/\/www.eninter.com\/pt-pt\/wp-json\/wp\/v2\/types\/post"}],"author":[{"embeddable":true,"href":"https:\/\/www.eninter.com\/pt-pt\/wp-json\/wp\/v2\/users\/3"}],"replies":[{"embeddable":true,"href":"https:\/\/www.eninter.com\/pt-pt\/wp-json\/wp\/v2\/comments?post=8419"}],"version-history":[{"count":0,"href":"https:\/\/www.eninter.com\/pt-pt\/wp-json\/wp\/v2\/posts\/8419\/revisions"}],"wp:featuredmedia":[{"embeddable":true,"href":"https:\/\/www.eninter.com\/pt-pt\/wp-json\/wp\/v2\/media\/7640"}],"wp:attachment":[{"href":"https:\/\/www.eninter.com\/pt-pt\/wp-json\/wp\/v2\/media?parent=8419"}],"wp:term":[{"taxonomy":"category","embeddable":true,"href":"https:\/\/www.eninter.com\/pt-pt\/wp-json\/wp\/v2\/categories?post=8419"},{"taxonomy":"post_tag","embeddable":true,"href":"https:\/\/www.eninter.com\/pt-pt\/wp-json\/wp\/v2\/tags?post=8419"}],"curies":[{"name":"wp","href":"https:\/\/api.w.org\/{rel}","templated":true}]}}