{"id":8422,"date":"2021-07-01T12:01:44","date_gmt":"2021-07-01T12:01:44","guid":{"rendered":"https:\/\/www.eninter.com\/rafa-a-atualizacao-do-itc-para-os-ascensores-e-necessaria-para-que-o-regulamento-se-adapte-aos-novos-tempos\/"},"modified":"2024-02-20T10:49:15","modified_gmt":"2024-02-20T10:49:15","slug":"rafa-a-atualizacao-do-itc-para-os-ascensores-e-necessaria-para-que-o-regulamento-se-adapte-aos-novos-tempos","status":"publish","type":"post","link":"https:\/\/www.eninter.com\/pt-pt\/rafa-a-atualizacao-do-itc-para-os-ascensores-e-necessaria-para-que-o-regulamento-se-adapte-aos-novos-tempos\/","title":{"rendered":"ITC para ascensores: a atualiza\u00e7\u00e3o essencial"},"content":{"rendered":"<p style=\"text-align: justify;\">No final de 2022, entrar\u00e1 em vigor a nova Instru\u00e7\u00e3o T\u00e9cnica Complementar (ITC) para os ascensores, que implicar\u00e1 algumas altera\u00e7\u00f5es em mat\u00e9ria de seguran\u00e7a, obriga\u00e7\u00f5es do propriet\u00e1rio e revis\u00f5es t\u00e9cnicas, entre outros aspectos. Rafa Rubio, Diretor de Normaliza\u00e7\u00e3o do nosso gabinete t\u00e9cnico, explica nesta entrevista em que consistir\u00e3o estas altera\u00e7\u00f5es. N\u00e3o perca!<\/p>\n<p style=\"text-align: justify;\"><strong>Em que aspectos espec\u00edficos \u00e9 que a altera\u00e7\u00e3o da regulamenta\u00e7\u00e3o afecta?<\/strong><\/p>\n<p style=\"text-align: justify;\">S\u00e3o v\u00e1rios os aspectos que motivaram a atualiza\u00e7\u00e3o dos regulamentos. Uma delas \u00e9 a altera\u00e7\u00e3o da revis\u00e3o dos elevadores devido \u00e0s suas novas condi\u00e7\u00f5es de utiliza\u00e7\u00e3o. A incorpora\u00e7\u00e3o de ascensores com novos avan\u00e7os tecnol\u00f3gicos, a extens\u00e3o da informa\u00e7\u00e3o aos propriet\u00e1rios e a moderniza\u00e7\u00e3o dos ascensores antigos, uma vez que se estima que 40% dos ascensores t\u00eam mais de 30 anos, s\u00e3o algumas das raz\u00f5es pelas quais a regulamenta\u00e7\u00e3o teve de ser revista.<\/p>\n<p style=\"text-align: justify;\">A nova regulamenta\u00e7\u00e3o visa melhorar a manuten\u00e7\u00e3o de cada ascensor atrav\u00e9s da realiza\u00e7\u00e3o de planos espec\u00edficos para cada ascensor, e as novas altera\u00e7\u00f5es contribuir\u00e3o tamb\u00e9m para regular melhor os recursos humanos e as suas compet\u00eancias em mat\u00e9ria de manuten\u00e7\u00e3o. A regulamenta\u00e7\u00e3o teve de ser adaptada aos novos tempos, tendo em conta os progressos tecnol\u00f3gicos e, no que respeita aos antigos elevadores, foi tamb\u00e9m necess\u00e1rio aplicar novas medidas para melhorar a seguran\u00e7a.<\/p>\n<p style=\"text-align: justify;\"><strong>Quando entrar\u00e1 em vigor este novo regulamento?<\/strong><\/p>\n<p style=\"text-align: justify;\">Atualmente, est\u00e3o a ser estudadas as alega\u00e7\u00f5es ao projeto de Decreto Real, que foi colocado em consulta p\u00fablica pelo Minist\u00e9rio da Ind\u00fastria em dezembro de 2020, e que foram apresentadas antes de 29 de janeiro de 2021.<\/p>\n<p style=\"text-align: justify;\">De acordo com a <em>segunda disposi\u00e7\u00e3o final<\/em> deste projeto, a entrada em vigor est\u00e1 prevista para o final de 2022, mas devemos ter em conta que se trata apenas de um projeto que provavelmente sofrer\u00e1 v\u00e1rias altera\u00e7\u00f5es antes de entrar em vigor.<\/p>\n<p style=\"text-align: justify;\"><strong>Este novo regulamento traz alguma altera\u00e7\u00e3o no que respeita \u00e0s medidas de seguran\u00e7a nos elevadores?<\/strong><\/p>\n<p style=\"text-align: justify;\">Sim, o objetivo \u00e9 atualizar a seguran\u00e7a da atual frota de elevadores e adaptar medidas aos que delas carecem, que est\u00e3o atualmente a ser implementadas nos elevadores recentemente instalados, cuja regulamenta\u00e7\u00e3o foi alterada em 2016 (RD 203\/2016). A \u00faltima vez que algo deste g\u00e9nero foi feito foi h\u00e1 16 anos, pelo Decreto Real 57\/2005, com a implementa\u00e7\u00e3o de 16 medidas de seguran\u00e7a que todos os elevadores existentes devem ter.<\/p>\n<p style=\"text-align: justify;\"><strong>O novo regulamento prev\u00ea novas frequ\u00eancias para as inspec\u00e7\u00f5es peri\u00f3dicas obrigat\u00f3rias. Quais seriam essas novas frequ\u00eancias?<\/strong><\/p>\n<p style=\"text-align: justify;\">Em primeiro lugar, o projeto atual prev\u00ea que a frequ\u00eancia das inspec\u00e7\u00f5es dependa do tr\u00e1fego e da utiliza\u00e7\u00e3o do ascensor. Prev\u00ea um aumento da frequ\u00eancia para as instala\u00e7\u00f5es mais antigas, embora isso tenha de ser mais especificado, porque, na minha opini\u00e3o, se todos os elevadores existentes forem modernizados com medidas de seguran\u00e7a em conformidade com as normas actuais, acabar\u00e3o por ficar num estado semelhante ao dos elevadores novos, que n\u00e3o ser\u00e1 representativo da sua idade.<\/p>\n<p style=\"text-align: justify;\"><strong>Como \u00e9 que esta mudan\u00e7a afecta o departamento t\u00e9cnico?<\/strong><\/p>\n<p style=\"text-align: justify;\">Estas altera\u00e7\u00f5es implicar\u00e3o mais forma\u00e7\u00e3o para os t\u00e9cnicos, o que aumentar\u00e1 as suas qualifica\u00e7\u00f5es para o desempenho das suas fun\u00e7\u00f5es. Est\u00e1 igualmente previsto um forte investimento na digitaliza\u00e7\u00e3o das empresas, a fim de fornecer aos operadores todas as informa\u00e7\u00f5es relativas \u00e0 sua instala\u00e7\u00e3o.<\/p>\n<p style=\"text-align: justify;\">Por outro lado, as melhorias de seguran\u00e7a a implementar implicar\u00e3o um estudo individual de cada elevador para definir os elementos a implementar, o que exigir\u00e1 a dedica\u00e7\u00e3o total dos nossos t\u00e9cnicos, e mesmo um eventual aumento do pessoal.<\/p>\n<p style=\"text-align: justify;\">Em suma, prev\u00ea-se um investimento significativo das empresas em meios t\u00e9cnicos devido ao ITC dos ascensores.<\/p>\n<p style=\"text-align: justify;\"><strong>Quais ser\u00e3o os efeitos deste novo regulamento para o utilizador comum de elevadores?<\/strong><\/p>\n<p style=\"text-align: justify;\">Globalmente, a atualiza\u00e7\u00e3o do ITC do elevador para toda a frota de elevadores conduzir\u00e1 a uma maior seguran\u00e7a do utilizador e a melhorias operacionais que conduzir\u00e3o a um maior conforto de viagem. A isto junta-se um conhecimento mais detalhado do estado do elevador por parte do propriet\u00e1rio, bem como o investimento econ\u00f3mico, em fun\u00e7\u00e3o das modifica\u00e7\u00f5es a efetuar no elevador.<\/p>\n","protected":false},"excerpt":{"rendered":"<p>No final de 2022, entrar\u00e1 em vigor a nova Instru\u00e7\u00e3o T\u00e9cnica Complementar (ITC) para os ascensores, que implicar\u00e1 algumas altera\u00e7\u00f5es em mat\u00e9ria de seguran\u00e7a, obriga\u00e7\u00f5es do propriet\u00e1rio e revis\u00f5es t\u00e9cnicas, entre outros aspectos. Rafa Rubio, Diretor de Normaliza\u00e7\u00e3o do nosso gabinete t\u00e9cnico, explica nesta entrevista em que consistir\u00e3o estas altera\u00e7\u00f5es. N\u00e3o perca! Em que aspectos [&hellip;]<\/p>\n","protected":false},"author":3,"featured_media":7658,"comment_status":"open","ping_status":"open","sticky":false,"template":"","format":"standard","meta":{"_acf_changed":false,"content-type":"","footnotes":""},"categories":[216],"tags":[],"class_list":["post-8422","post","type-post","status-publish","format-standard","has-post-thumbnail","hentry","category-sobre-o-eninter"],"acf":[],"_yoast_wpseo_focuskw":"Elevador ITC","_yoast_wpseo_metadesc":"Novo ITC para elevadores em 2022: atualiza\u00e7\u00e3o da seguran\u00e7a e da manuten\u00e7\u00e3o, adapta\u00e7\u00e3o \u00e0 tecnologia e moderniza\u00e7\u00e3o dos elevadores mais antigos.","yoast_head":"<!-- This site is optimized with the Yoast SEO Premium plugin v21.6 (Yoast SEO v27.2) - https:\/\/yoast.com\/product\/yoast-seo-premium-wordpress\/ -->\n<title>%<\/title>\n<meta name=\"description\" content=\"Novo ITC para elevadores em 2022: atualiza\u00e7\u00e3o da seguran\u00e7a e da manuten\u00e7\u00e3o, adapta\u00e7\u00e3o \u00e0 tecnologia e moderniza\u00e7\u00e3o dos elevadores mais antigos.\" \/>\n<meta name=\"robots\" content=\"index, follow, max-snippet:-1, max-image-preview:large, max-video-preview:-1\" \/>\n<link rel=\"canonical\" href=\"https:\/\/www.eninter.com\/pt-pt\/rafa-a-atualizacao-do-itc-para-os-ascensores-e-necessaria-para-que-o-regulamento-se-adapte-aos-novos-tempos\/\" \/>\n<meta property=\"og:locale\" content=\"pt_PT\" \/>\n<meta property=\"og:type\" content=\"article\" \/>\n<meta property=\"og:title\" content=\"ITC para ascensores: a atualiza\u00e7\u00e3o essencial\" \/>\n<meta property=\"og:description\" content=\"Novo ITC para elevadores em 2022: atualiza\u00e7\u00e3o da seguran\u00e7a e da manuten\u00e7\u00e3o, adapta\u00e7\u00e3o \u00e0 tecnologia e moderniza\u00e7\u00e3o dos elevadores mais antigos.\" \/>\n<meta property=\"og:url\" content=\"https:\/\/www.eninter.com\/pt-pt\/rafa-a-atualizacao-do-itc-para-os-ascensores-e-necessaria-para-que-o-regulamento-se-adapte-aos-novos-tempos\/\" \/>\n<meta property=\"og:site_name\" content=\"ENINTER\" \/>\n<meta property=\"article:publisher\" content=\"https:\/\/www.facebook.com\/EninterAscensores\" \/>\n<meta property=\"article:published_time\" content=\"2021-07-01T12:01:44+00:00\" \/>\n<meta property=\"article:modified_time\" content=\"2024-02-20T10:49:15+00:00\" \/>\n<meta property=\"og:image\" content=\"https:\/\/www.eninter.com\/wp-content\/uploads\/2021\/07\/itc-de-ascensores.jpg\" \/>\n\t<meta property=\"og:image:width\" content=\"1200\" \/>\n\t<meta property=\"og:image:height\" content=\"675\" \/>\n\t<meta property=\"og:image:type\" content=\"image\/jpeg\" \/>\n<meta name=\"author\" content=\"Albert Puig\" \/>\n<meta name=\"twitter:card\" content=\"summary_large_image\" \/>\n<meta name=\"twitter:creator\" content=\"@Eninter\" \/>\n<meta name=\"twitter:site\" content=\"@Eninter\" \/>\n<meta name=\"twitter:label1\" content=\"Escrito por\" \/>\n\t<meta name=\"twitter:data1\" content=\"Albert Puig\" \/>\n\t<meta name=\"twitter:label2\" content=\"Tempo estimado de leitura\" \/>\n\t<meta name=\"twitter:data2\" content=\"4 minutos\" \/>\n<!-- \/ Yoast SEO Premium plugin. -->","yoast_head_json":{"title":"%","description":"Novo ITC para elevadores em 2022: atualiza\u00e7\u00e3o da seguran\u00e7a e da manuten\u00e7\u00e3o, adapta\u00e7\u00e3o \u00e0 tecnologia e moderniza\u00e7\u00e3o dos elevadores mais antigos.","robots":{"index":"index","follow":"follow","max-snippet":"max-snippet:-1","max-image-preview":"max-image-preview:large","max-video-preview":"max-video-preview:-1"},"canonical":"https:\/\/www.eninter.com\/pt-pt\/rafa-a-atualizacao-do-itc-para-os-ascensores-e-necessaria-para-que-o-regulamento-se-adapte-aos-novos-tempos\/","og_locale":"pt_PT","og_type":"article","og_title":"ITC para ascensores: a atualiza\u00e7\u00e3o essencial","og_description":"Novo ITC para elevadores em 2022: atualiza\u00e7\u00e3o da seguran\u00e7a e da manuten\u00e7\u00e3o, adapta\u00e7\u00e3o \u00e0 tecnologia e moderniza\u00e7\u00e3o dos elevadores mais antigos.","og_url":"https:\/\/www.eninter.com\/pt-pt\/rafa-a-atualizacao-do-itc-para-os-ascensores-e-necessaria-para-que-o-regulamento-se-adapte-aos-novos-tempos\/","og_site_name":"ENINTER","article_publisher":"https:\/\/www.facebook.com\/EninterAscensores","article_published_time":"2021-07-01T12:01:44+00:00","article_modified_time":"2024-02-20T10:49:15+00:00","og_image":[{"width":1200,"height":675,"url":"https:\/\/www.eninter.com\/wp-content\/uploads\/2021\/07\/itc-de-ascensores.jpg","type":"image\/jpeg"}],"author":"Albert Puig","twitter_card":"summary_large_image","twitter_creator":"@Eninter","twitter_site":"@Eninter","twitter_misc":{"Escrito por":"Albert Puig","Tempo estimado de leitura":"4 minutos"},"schema":{"@context":"https:\/\/schema.org","@graph":[{"@type":"Article","@id":"https:\/\/www.eninter.com\/pt-pt\/rafa-a-atualizacao-do-itc-para-os-ascensores-e-necessaria-para-que-o-regulamento-se-adapte-aos-novos-tempos\/#article","isPartOf":{"@id":"https:\/\/www.eninter.com\/pt-pt\/rafa-a-atualizacao-do-itc-para-os-ascensores-e-necessaria-para-que-o-regulamento-se-adapte-aos-novos-tempos\/"},"author":{"name":"Albert Puig","@id":"https:\/\/www.eninter.com\/pt-pt\/#\/schema\/person\/e6178c261ac4210884c0e0264dd59043"},"headline":"ITC para ascensores: a atualiza\u00e7\u00e3o essencial","datePublished":"2021-07-01T12:01:44+00:00","dateModified":"2024-02-20T10:49:15+00:00","mainEntityOfPage":{"@id":"https:\/\/www.eninter.com\/pt-pt\/rafa-a-atualizacao-do-itc-para-os-ascensores-e-necessaria-para-que-o-regulamento-se-adapte-aos-novos-tempos\/"},"wordCount":743,"commentCount":0,"publisher":{"@id":"https:\/\/www.eninter.com\/pt-pt\/#organization"},"image":{"@id":"https:\/\/www.eninter.com\/pt-pt\/rafa-a-atualizacao-do-itc-para-os-ascensores-e-necessaria-para-que-o-regulamento-se-adapte-aos-novos-tempos\/#primaryimage"},"thumbnailUrl":"https:\/\/www.eninter.com\/wp-content\/uploads\/2021\/07\/itc-de-ascensores.jpg","articleSection":["Sobre o Eninter"],"inLanguage":"pt-PT","potentialAction":[{"@type":"CommentAction","name":"Comment","target":["https:\/\/www.eninter.com\/pt-pt\/rafa-a-atualizacao-do-itc-para-os-ascensores-e-necessaria-para-que-o-regulamento-se-adapte-aos-novos-tempos\/#respond"]}]},{"@type":"WebPage","@id":"https:\/\/www.eninter.com\/pt-pt\/rafa-a-atualizacao-do-itc-para-os-ascensores-e-necessaria-para-que-o-regulamento-se-adapte-aos-novos-tempos\/","url":"https:\/\/www.eninter.com\/pt-pt\/rafa-a-atualizacao-do-itc-para-os-ascensores-e-necessaria-para-que-o-regulamento-se-adapte-aos-novos-tempos\/","name":"%","isPartOf":{"@id":"https:\/\/www.eninter.com\/pt-pt\/#website"},"primaryImageOfPage":{"@id":"https:\/\/www.eninter.com\/pt-pt\/rafa-a-atualizacao-do-itc-para-os-ascensores-e-necessaria-para-que-o-regulamento-se-adapte-aos-novos-tempos\/#primaryimage"},"image":{"@id":"https:\/\/www.eninter.com\/pt-pt\/rafa-a-atualizacao-do-itc-para-os-ascensores-e-necessaria-para-que-o-regulamento-se-adapte-aos-novos-tempos\/#primaryimage"},"thumbnailUrl":"https:\/\/www.eninter.com\/wp-content\/uploads\/2021\/07\/itc-de-ascensores.jpg","datePublished":"2021-07-01T12:01:44+00:00","dateModified":"2024-02-20T10:49:15+00:00","description":"Novo ITC para elevadores em 2022: atualiza\u00e7\u00e3o da seguran\u00e7a e da manuten\u00e7\u00e3o, adapta\u00e7\u00e3o \u00e0 tecnologia e moderniza\u00e7\u00e3o dos elevadores mais antigos.","breadcrumb":{"@id":"https:\/\/www.eninter.com\/pt-pt\/rafa-a-atualizacao-do-itc-para-os-ascensores-e-necessaria-para-que-o-regulamento-se-adapte-aos-novos-tempos\/#breadcrumb"},"inLanguage":"pt-PT","potentialAction":[{"@type":"ReadAction","target":["https:\/\/www.eninter.com\/pt-pt\/rafa-a-atualizacao-do-itc-para-os-ascensores-e-necessaria-para-que-o-regulamento-se-adapte-aos-novos-tempos\/"]}]},{"@type":"ImageObject","inLanguage":"pt-PT","@id":"https:\/\/www.eninter.com\/pt-pt\/rafa-a-atualizacao-do-itc-para-os-ascensores-e-necessaria-para-que-o-regulamento-se-adapte-aos-novos-tempos\/#primaryimage","url":"https:\/\/www.eninter.com\/wp-content\/uploads\/2021\/07\/itc-de-ascensores.jpg","contentUrl":"https:\/\/www.eninter.com\/wp-content\/uploads\/2021\/07\/itc-de-ascensores.jpg","width":1200,"height":675},{"@type":"BreadcrumbList","@id":"https:\/\/www.eninter.com\/pt-pt\/rafa-a-atualizacao-do-itc-para-os-ascensores-e-necessaria-para-que-o-regulamento-se-adapte-aos-novos-tempos\/#breadcrumb","itemListElement":[{"@type":"ListItem","position":1,"name":"Portada","item":"https:\/\/www.eninter.com\/pt-pt\/"},{"@type":"ListItem","position":2,"name":"ITC para ascensores: a atualiza\u00e7\u00e3o essencial"}]},{"@type":"WebSite","@id":"https:\/\/www.eninter.com\/pt-pt\/#website","url":"https:\/\/www.eninter.com\/pt-pt\/","name":"ENINTER","description":"Mantenimiento de Ascensores Multimarca","publisher":{"@id":"https:\/\/www.eninter.com\/pt-pt\/#organization"},"potentialAction":[{"@type":"SearchAction","target":{"@type":"EntryPoint","urlTemplate":"https:\/\/www.eninter.com\/pt-pt\/?s={search_term_string}"},"query-input":{"@type":"PropertyValueSpecification","valueRequired":true,"valueName":"search_term_string"}}],"inLanguage":"pt-PT"},{"@type":"Organization","@id":"https:\/\/www.eninter.com\/pt-pt\/#organization","name":"Eniter","url":"https:\/\/www.eninter.com\/pt-pt\/","logo":{"@type":"ImageObject","inLanguage":"pt-PT","@id":"https:\/\/www.eninter.com\/pt-pt\/#\/schema\/logo\/image\/","url":"https:\/\/www.eninter.com\/wp-content\/uploads\/2023\/08\/logo-eninter-png.png","contentUrl":"https:\/\/www.eninter.com\/wp-content\/uploads\/2023\/08\/logo-eninter-png.png","width":600,"height":340,"caption":"Eniter"},"image":{"@id":"https:\/\/www.eninter.com\/pt-pt\/#\/schema\/logo\/image\/"},"sameAs":["https:\/\/www.facebook.com\/EninterAscensores","https:\/\/x.com\/Eninter","https:\/\/www.instagram.com\/eninterascensores\/","https:\/\/www.youtube.com\/user\/ascensoreseninter"]},{"@type":"Person","@id":"https:\/\/www.eninter.com\/pt-pt\/#\/schema\/person\/e6178c261ac4210884c0e0264dd59043","name":"Albert Puig","image":{"@type":"ImageObject","inLanguage":"pt-PT","@id":"https:\/\/secure.gravatar.com\/avatar\/583d07f3f1036f58d0e44e873586278b582179a16b27a5b3951504e9ee001c06?s=96&d=mm&r=g","url":"https:\/\/secure.gravatar.com\/avatar\/583d07f3f1036f58d0e44e873586278b582179a16b27a5b3951504e9ee001c06?s=96&d=mm&r=g","contentUrl":"https:\/\/secure.gravatar.com\/avatar\/583d07f3f1036f58d0e44e873586278b582179a16b27a5b3951504e9ee001c06?s=96&d=mm&r=g","caption":"Albert Puig"}}]}},"_links":{"self":[{"href":"https:\/\/www.eninter.com\/pt-pt\/wp-json\/wp\/v2\/posts\/8422","targetHints":{"allow":["GET"]}}],"collection":[{"href":"https:\/\/www.eninter.com\/pt-pt\/wp-json\/wp\/v2\/posts"}],"about":[{"href":"https:\/\/www.eninter.com\/pt-pt\/wp-json\/wp\/v2\/types\/post"}],"author":[{"embeddable":true,"href":"https:\/\/www.eninter.com\/pt-pt\/wp-json\/wp\/v2\/users\/3"}],"replies":[{"embeddable":true,"href":"https:\/\/www.eninter.com\/pt-pt\/wp-json\/wp\/v2\/comments?post=8422"}],"version-history":[{"count":0,"href":"https:\/\/www.eninter.com\/pt-pt\/wp-json\/wp\/v2\/posts\/8422\/revisions"}],"wp:featuredmedia":[{"embeddable":true,"href":"https:\/\/www.eninter.com\/pt-pt\/wp-json\/wp\/v2\/media\/7658"}],"wp:attachment":[{"href":"https:\/\/www.eninter.com\/pt-pt\/wp-json\/wp\/v2\/media?parent=8422"}],"wp:term":[{"taxonomy":"category","embeddable":true,"href":"https:\/\/www.eninter.com\/pt-pt\/wp-json\/wp\/v2\/categories?post=8422"},{"taxonomy":"post_tag","embeddable":true,"href":"https:\/\/www.eninter.com\/pt-pt\/wp-json\/wp\/v2\/tags?post=8422"}],"curies":[{"name":"wp","href":"https:\/\/api.w.org\/{rel}","templated":true}]}}