{"id":8425,"date":"2021-05-31T09:27:11","date_gmt":"2021-05-31T09:27:11","guid":{"rendered":"https:\/\/www.eninter.com\/como-a-utilizacao-de-elevadores-melhora-a-nossa-qualidade-de-vida\/"},"modified":"2023-12-15T10:03:49","modified_gmt":"2023-12-15T10:03:49","slug":"como-a-utilizacao-de-elevadores-melhora-a-nossa-qualidade-de-vida","status":"publish","type":"post","link":"https:\/\/www.eninter.com\/pt-pt\/como-a-utilizacao-de-elevadores-melhora-a-nossa-qualidade-de-vida\/","title":{"rendered":"Como a utiliza\u00e7\u00e3o de elevadores melhora a nossa qualidade de vida"},"content":{"rendered":"&#13;\n<p>Vivemos num cen\u00e1rio em que a globaliza\u00e7\u00e3o desempenha um papel fundamental. Isto leva a uma maior concentra\u00e7\u00e3o de pessoas nas grandes cidades, pelo que os edif\u00edcios s\u00e3o cada vez mais altos. Facilitar o crescimento da popula\u00e7\u00e3o nos centros urbanos, melhorar a acessibilidade a certos locais ou garantir uma maior seguran\u00e7a, entre outros aspectos, aumenta a liberdade de circula\u00e7\u00e3o. E qual \u00e9 o papel do elevador neste caso, podem perguntar? Bem, a verdade \u00e9 que, gra\u00e7as aos elevadores, a nossa qualidade de vida melhorou consideravelmente. N\u00f3s explicamos.<\/p>&#13;\n<h2>Accesibilidad<\/h2>&#13;\n&#13;\n<p>Uma das principais vantagens de um elevador \u00e9 a sua acessibilidade. <strong>\n  <a href=\"https:\/\/www.eninter.com\/pt-pt\/eninter\/accesibilidad-2\/\">acessibilidade<\/a>\n<\/strong>especialmente para os sectores da popula\u00e7\u00e3o com problemas de mobilidade. O elevador permite que esta parte da popula\u00e7\u00e3o se desloque num edif\u00edcio sem a necessidade de ser ajudada por outra pessoa, ou seja, pode manter um elevado grau de independ\u00eancia. Al\u00e9m disso, mesmo para aqueles de n\u00f3s que t\u00eam uma mobilidade ideal, o elevador ajuda-nos a alcan\u00e7ar alturas que, de outra forma, representariam um grande esfor\u00e7o f\u00edsico. Facilitar o acesso a superf\u00edcies que n\u00e3o poder\u00edamos alcan\u00e7ar facilmente com os nossos pr\u00f3prios p\u00e9s d\u00e1-nos liberdade e, ao mesmo tempo, facilita a utiliza\u00e7\u00e3o m\u00e1xima do espa\u00e7o nas zonas urbanas. Quem se atreveria a construir arranha-c\u00e9us se n\u00e3o houvesse elevadores?<\/p>&#13;\n<h2>Seguridad<\/h2>&#13;\n&#13;\n<p>Outra das vantagens que os elevadores nos oferecem \u00e9 a <strong>seguran\u00e7a<\/strong>. De facto, um elevador \u00e9 o meio de transporte mais seguro para se deslocar num edif\u00edcio. S\u00e3o constru\u00eddos em conformidade com medidas de seguran\u00e7a rigorosas para aceder a zonas de menor acessibilidade, como parques de estacionamento ou apartamentos de acesso restrito.<\/p>&#13;\n&#13;\n<p>Os seres humanos tendem a agrupar-se, construindo uma sociedade espalhada por centros urbanos cada vez maiores. Esta situa\u00e7\u00e3o est\u00e1 a levar \u00e0 constru\u00e7\u00e3o de <strong>edif\u00edcios cada vez mais verticais, com cada vez mais andares<\/strong>, para acolher cada vez mais habitantes.<\/p>&#13;\n<h2>Impacto ambiental<\/h2>&#13;\n&#13;\n<p>Gra\u00e7as a este progresso, o <strong>impacto ambiental \u00e9 reduzido,<\/strong> preservando as zonas florestais e as zonas de elevado valor ecol\u00f3gico, n\u00e3o destruindo os ecossistemas para construir cidades. Gra\u00e7as \u00e0 exist\u00eancia de elevadores, \u00e9 poss\u00edvel conceber edif\u00edcios com um grande n\u00famero de pisos e, assim, cuidar do ambiente.  <\/p>&#13;\n<h2>Comodidad<\/h2>&#13;\n&#13;\n<p>Al\u00e9m disso, os elevadores permitem o <strong>transporte de cargas muito pesadas<\/strong> para a realiza\u00e7\u00e3o de certas actividades industriais. \u00c9 assim que nos ajudam no transporte de mercadorias.<\/p>&#13;\n&#13;\n<p>J\u00e1 pensou em todas as vantagens que um elevador lhe oferece e no impacto que a sua utiliza\u00e7\u00e3o tem na melhoria da sua qualidade de vida? Na Eninter Ascensores sempre estivemos conscientes disso e \u00e9 por isso que nos dedicamos a este mundo que nos traz tantos benef\u00edcios.<\/p>&#13;\n","protected":false},"excerpt":{"rendered":"<p>&#13; Vivemos num cen\u00e1rio em que a globaliza\u00e7\u00e3o desempenha um papel fundamental. Isto leva a uma maior concentra\u00e7\u00e3o de pessoas nas grandes cidades, pelo que os edif\u00edcios s\u00e3o cada vez mais altos. Facilitar o crescimento da popula\u00e7\u00e3o nos centros urbanos, melhorar a acessibilidade a certos locais ou garantir uma maior seguran\u00e7a, entre outros aspectos, aumenta [&hellip;]<\/p>\n","protected":false},"author":3,"featured_media":7662,"comment_status":"open","ping_status":"open","sticky":false,"template":"","format":"standard","meta":{"_acf_changed":false,"content-type":"","footnotes":""},"categories":[215],"tags":[],"class_list":["post-8425","post","type-post","status-publish","format-standard","has-post-thumbnail","hentry","category-elevadores"],"acf":[],"_yoast_wpseo_focuskw":"qualidade de vida","_yoast_wpseo_metadesc":"Porque \u00e9 que os elevadores melhoram a nossa qualidade de vida? Descubra todos os pormenores da Eninter Ascesnores.","yoast_head":"<!-- This site is optimized with the Yoast SEO Premium plugin v21.6 (Yoast SEO v27.2) - https:\/\/yoast.com\/product\/yoast-seo-premium-wordpress\/ -->\n<title>Como a utiliza\u00e7\u00e3o de elevadores melhora a nossa qualidade de vida - ENINTER<\/title>\n<meta name=\"description\" content=\"Porque \u00e9 que os elevadores melhoram a nossa qualidade de vida? Descubra todos os pormenores da Eninter Ascesnores.\" \/>\n<meta name=\"robots\" content=\"index, follow, max-snippet:-1, max-image-preview:large, max-video-preview:-1\" \/>\n<link rel=\"canonical\" href=\"https:\/\/www.eninter.com\/pt-pt\/como-a-utilizacao-de-elevadores-melhora-a-nossa-qualidade-de-vida\/\" \/>\n<meta property=\"og:locale\" content=\"pt_PT\" \/>\n<meta property=\"og:type\" content=\"article\" \/>\n<meta property=\"og:title\" content=\"Como a utiliza\u00e7\u00e3o de elevadores melhora a nossa qualidade de vida\" \/>\n<meta property=\"og:description\" content=\"Porque \u00e9 que os elevadores melhoram a nossa qualidade de vida? Descubra todos os pormenores da Eninter Ascesnores.\" \/>\n<meta property=\"og:url\" content=\"https:\/\/www.eninter.com\/pt-pt\/como-a-utilizacao-de-elevadores-melhora-a-nossa-qualidade-de-vida\/\" \/>\n<meta property=\"og:site_name\" content=\"ENINTER\" \/>\n<meta property=\"article:publisher\" content=\"https:\/\/www.facebook.com\/EninterAscensores\" \/>\n<meta property=\"article:published_time\" content=\"2021-05-31T09:27:11+00:00\" \/>\n<meta property=\"article:modified_time\" content=\"2023-12-15T10:03:49+00:00\" \/>\n<meta property=\"og:image\" content=\"https:\/\/www.eninter.com\/wp-content\/uploads\/2021\/05\/calidad-de-vida.png\" \/>\n\t<meta property=\"og:image:width\" content=\"770\" \/>\n\t<meta property=\"og:image:height\" content=\"514\" \/>\n\t<meta property=\"og:image:type\" content=\"image\/png\" \/>\n<meta name=\"author\" content=\"Albert Puig\" \/>\n<meta name=\"twitter:card\" content=\"summary_large_image\" \/>\n<meta name=\"twitter:creator\" content=\"@Eninter\" \/>\n<meta name=\"twitter:site\" content=\"@Eninter\" \/>\n<meta name=\"twitter:label1\" content=\"Escrito por\" \/>\n\t<meta name=\"twitter:data1\" content=\"Albert Puig\" \/>\n\t<meta name=\"twitter:label2\" content=\"Tempo estimado de leitura\" \/>\n\t<meta name=\"twitter:data2\" content=\"2 minutos\" \/>\n<!-- \/ Yoast SEO Premium plugin. -->","yoast_head_json":{"title":"Como a utiliza\u00e7\u00e3o de elevadores melhora a nossa qualidade de vida - ENINTER","description":"Porque \u00e9 que os elevadores melhoram a nossa qualidade de vida? Descubra todos os pormenores da Eninter Ascesnores.","robots":{"index":"index","follow":"follow","max-snippet":"max-snippet:-1","max-image-preview":"max-image-preview:large","max-video-preview":"max-video-preview:-1"},"canonical":"https:\/\/www.eninter.com\/pt-pt\/como-a-utilizacao-de-elevadores-melhora-a-nossa-qualidade-de-vida\/","og_locale":"pt_PT","og_type":"article","og_title":"Como a utiliza\u00e7\u00e3o de elevadores melhora a nossa qualidade de vida","og_description":"Porque \u00e9 que os elevadores melhoram a nossa qualidade de vida? Descubra todos os pormenores da Eninter Ascesnores.","og_url":"https:\/\/www.eninter.com\/pt-pt\/como-a-utilizacao-de-elevadores-melhora-a-nossa-qualidade-de-vida\/","og_site_name":"ENINTER","article_publisher":"https:\/\/www.facebook.com\/EninterAscensores","article_published_time":"2021-05-31T09:27:11+00:00","article_modified_time":"2023-12-15T10:03:49+00:00","og_image":[{"width":770,"height":514,"url":"https:\/\/www.eninter.com\/wp-content\/uploads\/2021\/05\/calidad-de-vida.png","type":"image\/png"}],"author":"Albert Puig","twitter_card":"summary_large_image","twitter_creator":"@Eninter","twitter_site":"@Eninter","twitter_misc":{"Escrito por":"Albert Puig","Tempo estimado de leitura":"2 minutos"},"schema":{"@context":"https:\/\/schema.org","@graph":[{"@type":"Article","@id":"https:\/\/www.eninter.com\/pt-pt\/como-a-utilizacao-de-elevadores-melhora-a-nossa-qualidade-de-vida\/#article","isPartOf":{"@id":"https:\/\/www.eninter.com\/pt-pt\/como-a-utilizacao-de-elevadores-melhora-a-nossa-qualidade-de-vida\/"},"author":{"name":"Albert Puig","@id":"https:\/\/www.eninter.com\/pt-pt\/#\/schema\/person\/e6178c261ac4210884c0e0264dd59043"},"headline":"Como a utiliza\u00e7\u00e3o de elevadores melhora a nossa qualidade de vida","datePublished":"2021-05-31T09:27:11+00:00","dateModified":"2023-12-15T10:03:49+00:00","mainEntityOfPage":{"@id":"https:\/\/www.eninter.com\/pt-pt\/como-a-utilizacao-de-elevadores-melhora-a-nossa-qualidade-de-vida\/"},"wordCount":477,"commentCount":0,"publisher":{"@id":"https:\/\/www.eninter.com\/pt-pt\/#organization"},"image":{"@id":"https:\/\/www.eninter.com\/pt-pt\/como-a-utilizacao-de-elevadores-melhora-a-nossa-qualidade-de-vida\/#primaryimage"},"thumbnailUrl":"https:\/\/www.eninter.com\/wp-content\/uploads\/2021\/05\/calidad-de-vida.png","articleSection":["Elevadores"],"inLanguage":"pt-PT","potentialAction":[{"@type":"CommentAction","name":"Comment","target":["https:\/\/www.eninter.com\/pt-pt\/como-a-utilizacao-de-elevadores-melhora-a-nossa-qualidade-de-vida\/#respond"]}]},{"@type":"WebPage","@id":"https:\/\/www.eninter.com\/pt-pt\/como-a-utilizacao-de-elevadores-melhora-a-nossa-qualidade-de-vida\/","url":"https:\/\/www.eninter.com\/pt-pt\/como-a-utilizacao-de-elevadores-melhora-a-nossa-qualidade-de-vida\/","name":"Como a utiliza\u00e7\u00e3o de elevadores melhora a nossa qualidade de vida - ENINTER","isPartOf":{"@id":"https:\/\/www.eninter.com\/pt-pt\/#website"},"primaryImageOfPage":{"@id":"https:\/\/www.eninter.com\/pt-pt\/como-a-utilizacao-de-elevadores-melhora-a-nossa-qualidade-de-vida\/#primaryimage"},"image":{"@id":"https:\/\/www.eninter.com\/pt-pt\/como-a-utilizacao-de-elevadores-melhora-a-nossa-qualidade-de-vida\/#primaryimage"},"thumbnailUrl":"https:\/\/www.eninter.com\/wp-content\/uploads\/2021\/05\/calidad-de-vida.png","datePublished":"2021-05-31T09:27:11+00:00","dateModified":"2023-12-15T10:03:49+00:00","description":"Porque \u00e9 que os elevadores melhoram a nossa qualidade de vida? Descubra todos os pormenores da Eninter Ascesnores.","breadcrumb":{"@id":"https:\/\/www.eninter.com\/pt-pt\/como-a-utilizacao-de-elevadores-melhora-a-nossa-qualidade-de-vida\/#breadcrumb"},"inLanguage":"pt-PT","potentialAction":[{"@type":"ReadAction","target":["https:\/\/www.eninter.com\/pt-pt\/como-a-utilizacao-de-elevadores-melhora-a-nossa-qualidade-de-vida\/"]}]},{"@type":"ImageObject","inLanguage":"pt-PT","@id":"https:\/\/www.eninter.com\/pt-pt\/como-a-utilizacao-de-elevadores-melhora-a-nossa-qualidade-de-vida\/#primaryimage","url":"https:\/\/www.eninter.com\/wp-content\/uploads\/2021\/05\/calidad-de-vida.png","contentUrl":"https:\/\/www.eninter.com\/wp-content\/uploads\/2021\/05\/calidad-de-vida.png","width":770,"height":514,"caption":"calidad de vida"},{"@type":"BreadcrumbList","@id":"https:\/\/www.eninter.com\/pt-pt\/como-a-utilizacao-de-elevadores-melhora-a-nossa-qualidade-de-vida\/#breadcrumb","itemListElement":[{"@type":"ListItem","position":1,"name":"Portada","item":"https:\/\/www.eninter.com\/pt-pt\/"},{"@type":"ListItem","position":2,"name":"Como a utiliza\u00e7\u00e3o de elevadores melhora a nossa qualidade de vida"}]},{"@type":"WebSite","@id":"https:\/\/www.eninter.com\/pt-pt\/#website","url":"https:\/\/www.eninter.com\/pt-pt\/","name":"ENINTER","description":"Mantenimiento de Ascensores Multimarca","publisher":{"@id":"https:\/\/www.eninter.com\/pt-pt\/#organization"},"potentialAction":[{"@type":"SearchAction","target":{"@type":"EntryPoint","urlTemplate":"https:\/\/www.eninter.com\/pt-pt\/?s={search_term_string}"},"query-input":{"@type":"PropertyValueSpecification","valueRequired":true,"valueName":"search_term_string"}}],"inLanguage":"pt-PT"},{"@type":"Organization","@id":"https:\/\/www.eninter.com\/pt-pt\/#organization","name":"Eniter","url":"https:\/\/www.eninter.com\/pt-pt\/","logo":{"@type":"ImageObject","inLanguage":"pt-PT","@id":"https:\/\/www.eninter.com\/pt-pt\/#\/schema\/logo\/image\/","url":"https:\/\/www.eninter.com\/wp-content\/uploads\/2023\/08\/logo-eninter-png.png","contentUrl":"https:\/\/www.eninter.com\/wp-content\/uploads\/2023\/08\/logo-eninter-png.png","width":600,"height":340,"caption":"Eniter"},"image":{"@id":"https:\/\/www.eninter.com\/pt-pt\/#\/schema\/logo\/image\/"},"sameAs":["https:\/\/www.facebook.com\/EninterAscensores","https:\/\/x.com\/Eninter","https:\/\/www.instagram.com\/eninterascensores\/","https:\/\/www.youtube.com\/user\/ascensoreseninter"]},{"@type":"Person","@id":"https:\/\/www.eninter.com\/pt-pt\/#\/schema\/person\/e6178c261ac4210884c0e0264dd59043","name":"Albert Puig","image":{"@type":"ImageObject","inLanguage":"pt-PT","@id":"https:\/\/secure.gravatar.com\/avatar\/583d07f3f1036f58d0e44e873586278b582179a16b27a5b3951504e9ee001c06?s=96&d=mm&r=g","url":"https:\/\/secure.gravatar.com\/avatar\/583d07f3f1036f58d0e44e873586278b582179a16b27a5b3951504e9ee001c06?s=96&d=mm&r=g","contentUrl":"https:\/\/secure.gravatar.com\/avatar\/583d07f3f1036f58d0e44e873586278b582179a16b27a5b3951504e9ee001c06?s=96&d=mm&r=g","caption":"Albert Puig"}}]}},"_links":{"self":[{"href":"https:\/\/www.eninter.com\/pt-pt\/wp-json\/wp\/v2\/posts\/8425","targetHints":{"allow":["GET"]}}],"collection":[{"href":"https:\/\/www.eninter.com\/pt-pt\/wp-json\/wp\/v2\/posts"}],"about":[{"href":"https:\/\/www.eninter.com\/pt-pt\/wp-json\/wp\/v2\/types\/post"}],"author":[{"embeddable":true,"href":"https:\/\/www.eninter.com\/pt-pt\/wp-json\/wp\/v2\/users\/3"}],"replies":[{"embeddable":true,"href":"https:\/\/www.eninter.com\/pt-pt\/wp-json\/wp\/v2\/comments?post=8425"}],"version-history":[{"count":0,"href":"https:\/\/www.eninter.com\/pt-pt\/wp-json\/wp\/v2\/posts\/8425\/revisions"}],"wp:featuredmedia":[{"embeddable":true,"href":"https:\/\/www.eninter.com\/pt-pt\/wp-json\/wp\/v2\/media\/7662"}],"wp:attachment":[{"href":"https:\/\/www.eninter.com\/pt-pt\/wp-json\/wp\/v2\/media?parent=8425"}],"wp:term":[{"taxonomy":"category","embeddable":true,"href":"https:\/\/www.eninter.com\/pt-pt\/wp-json\/wp\/v2\/categories?post=8425"},{"taxonomy":"post_tag","embeddable":true,"href":"https:\/\/www.eninter.com\/pt-pt\/wp-json\/wp\/v2\/tags?post=8425"}],"curies":[{"name":"wp","href":"https:\/\/api.w.org\/{rel}","templated":true}]}}