{"id":8431,"date":"2021-04-22T09:23:55","date_gmt":"2021-04-22T09:23:55","guid":{"rendered":"https:\/\/www.eninter.com\/carles-santianez-somos-o-primeiro-ponto-de-contacto-com-o-cliente-e-por-isso-e-de-importancia-vital-oferecer-um-servico-de-excelencia\/"},"modified":"2023-09-19T09:05:37","modified_gmt":"2023-09-19T09:05:37","slug":"carles-santianez-somos-o-primeiro-ponto-de-contacto-com-o-cliente-e-por-isso-e-de-importancia-vital-oferecer-um-servico-de-excelencia","status":"publish","type":"post","link":"https:\/\/www.eninter.com\/pt-pt\/carles-santianez-somos-o-primeiro-ponto-de-contacto-com-o-cliente-e-por-isso-e-de-importancia-vital-oferecer-um-servico-de-excelencia\/","title":{"rendered":"Carles Santia\u00f1ez: &#8220;Somos o primeiro ponto de contacto com o cliente e, por isso, \u00e9 de import\u00e2ncia vital oferecer um servi\u00e7o de excel\u00eancia&#8221;."},"content":{"rendered":"&#13;\n<p>Na Eninter Ascensores, o nosso principal objetivo \u00e9 melhorar a qualidade de vida dos nossos clientes. \u00c9 por isso que, por detr\u00e1s de todas as ac\u00e7\u00f5es que realizamos, existe uma grande equipa profissional e qualificada, formada para oferecer o melhor servi\u00e7o aos nossos clientes.<\/p>&#13;\n&#13;\n<p>Para atingir este grande objetivo, dois factores s\u00e3o de import\u00e2ncia vital: a comunica\u00e7\u00e3o e o trabalho de equipa. No que nos diz respeito, sem estes dois factores, seria imposs\u00edvel funcionar. A comunica\u00e7\u00e3o interna \u00e9 indispens\u00e1vel para manter um departamento coordenado que mantenha toda a equipa a remar na mesma dire\u00e7\u00e3o.<\/p>&#13;\n&#13;\n<p>Pouco a pouco, vamos conhecer todos os departamentos da nossa empresa. Hoje falamos com Carles Santia\u00f1ez, respons\u00e1vel pelo departamento Conoce, o departamento de atendimento ao cliente da Eninter Ascensores. Este departamento serve de elo de liga\u00e7\u00e3o entre os nossos clientes e a nossa equipa.<\/p>&#13;\n&#13;\n<p>\u00a0<\/p>&#13;\n&#13;\n<p><strong>O que faz o departamento <em>Conoce<\/em> da Eninter Ascensores?<\/strong><\/p>&#13;\n&#13;\n<p>O departamento <em>de Conoce <\/em>da Eninter Ascensores dedica-se a prestar um servi\u00e7o telef\u00f3nico e offline aos nossos clientes 24 horas por dia, 365 dias por ano. Somos a primeira voz que o cliente ouve, pelo que devemos oferecer um servi\u00e7o de excel\u00eancia na resolu\u00e7\u00e3o de todo o tipo de d\u00favidas, necessidades e incidentes que possam surgir no dia a dia dos nossos clientes.<\/p>&#13;\n&#13;\n<p><strong>Quantas pessoas trabalham no departamento?<\/strong><\/p>&#13;\n&#13;\n<p>No departamento, somos 28 pessoas em 5 turnos. Dias \u00fateis, ou seja, de segunda a sexta-feira de manh\u00e3, de segunda a sexta-feira \u00e0 tarde, turnos noturnos e turnos de fim de semana, tanto de manh\u00e3 como \u00e0 tarde. Todo o departamento est\u00e1 envolvido no trabalho di\u00e1rio, uma vez que a coordena\u00e7\u00e3o \u00e9 fundamental para oferecer o melhor servi\u00e7o.<\/p>&#13;\n&#13;\n<p><strong>O servi\u00e7o presta assist\u00eancia ao cliente 24 horas por dia, o que exige muito trabalho de equipa e coordena\u00e7\u00e3o. Como \u00e9 que a import\u00e2ncia destes dois aspectos \u00e9 transmitida ao servi\u00e7o?<\/strong><\/p>&#13;\n&#13;\n<p>Estamos conscientes da grande import\u00e2ncia do trabalho em equipa e da boa coordena\u00e7\u00e3o, e isso \u00e9 transmitido no departamento, lembrando que, regra geral, somos o primeiro ponto de contacto com o cliente e, por conseguinte, \u00e9 de import\u00e2ncia vital oferecer um servi\u00e7o de excel\u00eancia.<\/p>&#13;\n&#13;\n<p><strong>Qual \u00e9 o volume mensal aproximado de chamadas de clientes que trata?<\/strong><\/p>&#13;\n&#13;\n<p>Em m\u00e9dia, recebemos entre 2.000 e 2.500 chamadas por dia. \u00c9 um grande volume de chamadas que tratamos diariamente, uma vez que estes n\u00fameros significam que o volume mensal de chamadas se situa entre as 60 000 e as 75 000 chamadas.<\/p>&#13;\n&#13;\n<p><strong>Qual \u00e9 o protocolo seguido sempre que \u00e9 recebida uma chamada?<\/strong><\/p>&#13;\n&#13;\n<p>O protocolo a seguir de cada vez que uma chamada \u00e9 recebida varia consoante o tipo de chamada. No entanto, quando se trata de incidentes, que \u00e9 o tipo de chamada mais comum, o primeiro passo \u00e9 detetar de que instala\u00e7\u00e3o est\u00e1 a ligar. Quando conhecemos a instala\u00e7\u00e3o, sabemos onde se encontra, quem \u00e9 o interlocutor ou cliente e toda a sua hist\u00f3ria. O segundo passo \u00e9 saber o motivo da chamada e a necessidade do cliente em quest\u00e3o. Por fim, com as informa\u00e7\u00f5es recolhidas, comunicamos o incidente do cliente aos nossos colegas do servi\u00e7o competente.<\/p>&#13;\n&#13;\n<p><strong>Como \u00e9 que a atual <a href=\"https:\/\/www.eninter.com\/blog\/el-covid-19-dentro-de-un-ascensor-como-minimizar-el-riesgo-de-contagio\/\">crise sanit\u00e1ria<\/a> o afectou em termos de volume de chamadas?<\/strong><\/p>&#13;\n&#13;\n<p>O volume de chamadas diminuiu, uma vez que a crise sanit\u00e1ria conduziu a uma redu\u00e7\u00e3o da atividade e do movimento e, por conseguinte, a uma menor utiliza\u00e7\u00e3o dos elevadores, o que resultou em menos avarias. No entanto, aproveit\u00e1mos a oportunidade para implementar mais forma\u00e7\u00e3o para a nossa equipa, revendo os processos e protocolos a seguir, a fim de oferecer um melhor servi\u00e7o e aten\u00e7\u00e3o aos nossos clientes.<\/p>&#13;\n","protected":false},"excerpt":{"rendered":"<p>&#13; Na Eninter Ascensores, o nosso principal objetivo \u00e9 melhorar a qualidade de vida dos nossos clientes. \u00c9 por isso que, por detr\u00e1s de todas as ac\u00e7\u00f5es que realizamos, existe uma grande equipa profissional e qualificada, formada para oferecer o melhor servi\u00e7o aos nossos clientes. &#13; &#13; Para atingir este grande objetivo, dois factores s\u00e3o [&hellip;]<\/p>\n","protected":false},"author":3,"featured_media":7668,"comment_status":"closed","ping_status":"closed","sticky":false,"template":"","format":"standard","meta":{"_acf_changed":false,"content-type":"","footnotes":""},"categories":[216],"tags":[],"class_list":["post-8431","post","type-post","status-publish","format-standard","has-post-thumbnail","hentry","category-sobre-o-eninter"],"acf":[],"_yoast_wpseo_focuskw":"oferecer um servi\u00e7o de excel\u00eancia","_yoast_wpseo_metadesc":null,"yoast_head":"<!-- This site is optimized with the Yoast SEO Premium plugin v21.6 (Yoast SEO v27.2) - https:\/\/yoast.com\/product\/yoast-seo-premium-wordpress\/ -->\n<title>Carles Santia\u00f1ez: &quot;Somos o primeiro ponto de contacto com o cliente e, por isso, \u00e9 de import\u00e2ncia vital oferecer um servi\u00e7o de excel\u00eancia&quot;. - ENINTER<\/title>\n<meta name=\"robots\" content=\"index, follow, max-snippet:-1, max-image-preview:large, max-video-preview:-1\" \/>\n<link rel=\"canonical\" href=\"https:\/\/www.eninter.com\/pt-pt\/carles-santianez-somos-o-primeiro-ponto-de-contacto-com-o-cliente-e-por-isso-e-de-importancia-vital-oferecer-um-servico-de-excelencia\/\" \/>\n<meta property=\"og:locale\" content=\"pt_PT\" \/>\n<meta property=\"og:type\" content=\"article\" \/>\n<meta property=\"og:title\" content=\"Carles Santia\u00f1ez: &quot;Somos o primeiro ponto de contacto com o cliente e, por isso, \u00e9 de import\u00e2ncia vital oferecer um servi\u00e7o de excel\u00eancia&quot;.\" \/>\n<meta property=\"og:description\" content=\"&#013; Na Eninter Ascensores, o nosso principal objetivo \u00e9 melhorar a qualidade de vida dos nossos clientes. \u00c9 por isso que, por detr\u00e1s de todas as ac\u00e7\u00f5es que realizamos, existe uma grande equipa profissional e qualificada, formada para oferecer o melhor servi\u00e7o aos nossos clientes. &#013; &#013; Para atingir este grande objetivo, dois factores s\u00e3o [&hellip;]\" \/>\n<meta property=\"og:url\" content=\"https:\/\/www.eninter.com\/pt-pt\/carles-santianez-somos-o-primeiro-ponto-de-contacto-com-o-cliente-e-por-isso-e-de-importancia-vital-oferecer-um-servico-de-excelencia\/\" \/>\n<meta property=\"og:site_name\" content=\"ENINTER\" \/>\n<meta property=\"article:publisher\" content=\"https:\/\/www.facebook.com\/EninterAscensores\" \/>\n<meta property=\"article:published_time\" content=\"2021-04-22T09:23:55+00:00\" \/>\n<meta property=\"article:modified_time\" content=\"2023-09-19T09:05:37+00:00\" \/>\n<meta property=\"og:image\" content=\"https:\/\/www.eninter.com\/wp-content\/uploads\/2021\/04\/ofrecer-un-servicio-excelente.png\" \/>\n\t<meta property=\"og:image:width\" content=\"771\" \/>\n\t<meta property=\"og:image:height\" content=\"514\" \/>\n\t<meta property=\"og:image:type\" content=\"image\/png\" \/>\n<meta name=\"author\" content=\"Albert Puig\" \/>\n<meta name=\"twitter:card\" content=\"summary_large_image\" \/>\n<meta name=\"twitter:creator\" content=\"@Eninter\" \/>\n<meta name=\"twitter:site\" content=\"@Eninter\" \/>\n<meta name=\"twitter:label1\" content=\"Escrito por\" \/>\n\t<meta name=\"twitter:data1\" content=\"Albert Puig\" \/>\n\t<meta name=\"twitter:label2\" content=\"Tempo estimado de leitura\" \/>\n\t<meta name=\"twitter:data2\" content=\"3 minutos\" \/>\n<!-- \/ Yoast SEO Premium plugin. -->","yoast_head_json":{"title":"Carles Santia\u00f1ez: \"Somos o primeiro ponto de contacto com o cliente e, por isso, \u00e9 de import\u00e2ncia vital oferecer um servi\u00e7o de excel\u00eancia\". - ENINTER","robots":{"index":"index","follow":"follow","max-snippet":"max-snippet:-1","max-image-preview":"max-image-preview:large","max-video-preview":"max-video-preview:-1"},"canonical":"https:\/\/www.eninter.com\/pt-pt\/carles-santianez-somos-o-primeiro-ponto-de-contacto-com-o-cliente-e-por-isso-e-de-importancia-vital-oferecer-um-servico-de-excelencia\/","og_locale":"pt_PT","og_type":"article","og_title":"Carles Santia\u00f1ez: \"Somos o primeiro ponto de contacto com o cliente e, por isso, \u00e9 de import\u00e2ncia vital oferecer um servi\u00e7o de excel\u00eancia\".","og_description":"&#13; Na Eninter Ascensores, o nosso principal objetivo \u00e9 melhorar a qualidade de vida dos nossos clientes. \u00c9 por isso que, por detr\u00e1s de todas as ac\u00e7\u00f5es que realizamos, existe uma grande equipa profissional e qualificada, formada para oferecer o melhor servi\u00e7o aos nossos clientes. &#13; &#13; Para atingir este grande objetivo, dois factores s\u00e3o [&hellip;]","og_url":"https:\/\/www.eninter.com\/pt-pt\/carles-santianez-somos-o-primeiro-ponto-de-contacto-com-o-cliente-e-por-isso-e-de-importancia-vital-oferecer-um-servico-de-excelencia\/","og_site_name":"ENINTER","article_publisher":"https:\/\/www.facebook.com\/EninterAscensores","article_published_time":"2021-04-22T09:23:55+00:00","article_modified_time":"2023-09-19T09:05:37+00:00","og_image":[{"width":771,"height":514,"url":"https:\/\/www.eninter.com\/wp-content\/uploads\/2021\/04\/ofrecer-un-servicio-excelente.png","type":"image\/png"}],"author":"Albert Puig","twitter_card":"summary_large_image","twitter_creator":"@Eninter","twitter_site":"@Eninter","twitter_misc":{"Escrito por":"Albert Puig","Tempo estimado de leitura":"3 minutos"},"schema":{"@context":"https:\/\/schema.org","@graph":[{"@type":"Article","@id":"https:\/\/www.eninter.com\/pt-pt\/carles-santianez-somos-o-primeiro-ponto-de-contacto-com-o-cliente-e-por-isso-e-de-importancia-vital-oferecer-um-servico-de-excelencia\/#article","isPartOf":{"@id":"https:\/\/www.eninter.com\/pt-pt\/carles-santianez-somos-o-primeiro-ponto-de-contacto-com-o-cliente-e-por-isso-e-de-importancia-vital-oferecer-um-servico-de-excelencia\/"},"author":{"name":"Albert Puig","@id":"https:\/\/www.eninter.com\/pt-pt\/#\/schema\/person\/e6178c261ac4210884c0e0264dd59043"},"headline":"Carles Santia\u00f1ez: &#8220;Somos o primeiro ponto de contacto com o cliente e, por isso, \u00e9 de import\u00e2ncia vital oferecer um servi\u00e7o de excel\u00eancia&#8221;.","datePublished":"2021-04-22T09:23:55+00:00","dateModified":"2023-09-19T09:05:37+00:00","mainEntityOfPage":{"@id":"https:\/\/www.eninter.com\/pt-pt\/carles-santianez-somos-o-primeiro-ponto-de-contacto-com-o-cliente-e-por-isso-e-de-importancia-vital-oferecer-um-servico-de-excelencia\/"},"wordCount":634,"publisher":{"@id":"https:\/\/www.eninter.com\/pt-pt\/#organization"},"image":{"@id":"https:\/\/www.eninter.com\/pt-pt\/carles-santianez-somos-o-primeiro-ponto-de-contacto-com-o-cliente-e-por-isso-e-de-importancia-vital-oferecer-um-servico-de-excelencia\/#primaryimage"},"thumbnailUrl":"https:\/\/www.eninter.com\/wp-content\/uploads\/2021\/04\/ofrecer-un-servicio-excelente.png","articleSection":["Sobre o Eninter"],"inLanguage":"pt-PT"},{"@type":"WebPage","@id":"https:\/\/www.eninter.com\/pt-pt\/carles-santianez-somos-o-primeiro-ponto-de-contacto-com-o-cliente-e-por-isso-e-de-importancia-vital-oferecer-um-servico-de-excelencia\/","url":"https:\/\/www.eninter.com\/pt-pt\/carles-santianez-somos-o-primeiro-ponto-de-contacto-com-o-cliente-e-por-isso-e-de-importancia-vital-oferecer-um-servico-de-excelencia\/","name":"Carles Santia\u00f1ez: \"Somos o primeiro ponto de contacto com o cliente e, por isso, \u00e9 de import\u00e2ncia vital oferecer um servi\u00e7o de excel\u00eancia\". - ENINTER","isPartOf":{"@id":"https:\/\/www.eninter.com\/pt-pt\/#website"},"primaryImageOfPage":{"@id":"https:\/\/www.eninter.com\/pt-pt\/carles-santianez-somos-o-primeiro-ponto-de-contacto-com-o-cliente-e-por-isso-e-de-importancia-vital-oferecer-um-servico-de-excelencia\/#primaryimage"},"image":{"@id":"https:\/\/www.eninter.com\/pt-pt\/carles-santianez-somos-o-primeiro-ponto-de-contacto-com-o-cliente-e-por-isso-e-de-importancia-vital-oferecer-um-servico-de-excelencia\/#primaryimage"},"thumbnailUrl":"https:\/\/www.eninter.com\/wp-content\/uploads\/2021\/04\/ofrecer-un-servicio-excelente.png","datePublished":"2021-04-22T09:23:55+00:00","dateModified":"2023-09-19T09:05:37+00:00","breadcrumb":{"@id":"https:\/\/www.eninter.com\/pt-pt\/carles-santianez-somos-o-primeiro-ponto-de-contacto-com-o-cliente-e-por-isso-e-de-importancia-vital-oferecer-um-servico-de-excelencia\/#breadcrumb"},"inLanguage":"pt-PT","potentialAction":[{"@type":"ReadAction","target":["https:\/\/www.eninter.com\/pt-pt\/carles-santianez-somos-o-primeiro-ponto-de-contacto-com-o-cliente-e-por-isso-e-de-importancia-vital-oferecer-um-servico-de-excelencia\/"]}]},{"@type":"ImageObject","inLanguage":"pt-PT","@id":"https:\/\/www.eninter.com\/pt-pt\/carles-santianez-somos-o-primeiro-ponto-de-contacto-com-o-cliente-e-por-isso-e-de-importancia-vital-oferecer-um-servico-de-excelencia\/#primaryimage","url":"https:\/\/www.eninter.com\/wp-content\/uploads\/2021\/04\/ofrecer-un-servicio-excelente.png","contentUrl":"https:\/\/www.eninter.com\/wp-content\/uploads\/2021\/04\/ofrecer-un-servicio-excelente.png","width":771,"height":514},{"@type":"BreadcrumbList","@id":"https:\/\/www.eninter.com\/pt-pt\/carles-santianez-somos-o-primeiro-ponto-de-contacto-com-o-cliente-e-por-isso-e-de-importancia-vital-oferecer-um-servico-de-excelencia\/#breadcrumb","itemListElement":[{"@type":"ListItem","position":1,"name":"Portada","item":"https:\/\/www.eninter.com\/pt-pt\/"},{"@type":"ListItem","position":2,"name":"Carles Santia\u00f1ez: &#8220;Somos o primeiro ponto de contacto com o cliente e, por isso, \u00e9 de import\u00e2ncia vital oferecer um servi\u00e7o de excel\u00eancia&#8221;."}]},{"@type":"WebSite","@id":"https:\/\/www.eninter.com\/pt-pt\/#website","url":"https:\/\/www.eninter.com\/pt-pt\/","name":"ENINTER","description":"Mantenimiento de Ascensores Multimarca","publisher":{"@id":"https:\/\/www.eninter.com\/pt-pt\/#organization"},"potentialAction":[{"@type":"SearchAction","target":{"@type":"EntryPoint","urlTemplate":"https:\/\/www.eninter.com\/pt-pt\/?s={search_term_string}"},"query-input":{"@type":"PropertyValueSpecification","valueRequired":true,"valueName":"search_term_string"}}],"inLanguage":"pt-PT"},{"@type":"Organization","@id":"https:\/\/www.eninter.com\/pt-pt\/#organization","name":"Eniter","url":"https:\/\/www.eninter.com\/pt-pt\/","logo":{"@type":"ImageObject","inLanguage":"pt-PT","@id":"https:\/\/www.eninter.com\/pt-pt\/#\/schema\/logo\/image\/","url":"https:\/\/www.eninter.com\/wp-content\/uploads\/2023\/08\/logo-eninter-png.png","contentUrl":"https:\/\/www.eninter.com\/wp-content\/uploads\/2023\/08\/logo-eninter-png.png","width":600,"height":340,"caption":"Eniter"},"image":{"@id":"https:\/\/www.eninter.com\/pt-pt\/#\/schema\/logo\/image\/"},"sameAs":["https:\/\/www.facebook.com\/EninterAscensores","https:\/\/x.com\/Eninter","https:\/\/www.instagram.com\/eninterascensores\/","https:\/\/www.youtube.com\/user\/ascensoreseninter"]},{"@type":"Person","@id":"https:\/\/www.eninter.com\/pt-pt\/#\/schema\/person\/e6178c261ac4210884c0e0264dd59043","name":"Albert Puig","image":{"@type":"ImageObject","inLanguage":"pt-PT","@id":"https:\/\/secure.gravatar.com\/avatar\/583d07f3f1036f58d0e44e873586278b582179a16b27a5b3951504e9ee001c06?s=96&d=mm&r=g","url":"https:\/\/secure.gravatar.com\/avatar\/583d07f3f1036f58d0e44e873586278b582179a16b27a5b3951504e9ee001c06?s=96&d=mm&r=g","contentUrl":"https:\/\/secure.gravatar.com\/avatar\/583d07f3f1036f58d0e44e873586278b582179a16b27a5b3951504e9ee001c06?s=96&d=mm&r=g","caption":"Albert Puig"}}]}},"_links":{"self":[{"href":"https:\/\/www.eninter.com\/pt-pt\/wp-json\/wp\/v2\/posts\/8431","targetHints":{"allow":["GET"]}}],"collection":[{"href":"https:\/\/www.eninter.com\/pt-pt\/wp-json\/wp\/v2\/posts"}],"about":[{"href":"https:\/\/www.eninter.com\/pt-pt\/wp-json\/wp\/v2\/types\/post"}],"author":[{"embeddable":true,"href":"https:\/\/www.eninter.com\/pt-pt\/wp-json\/wp\/v2\/users\/3"}],"replies":[{"embeddable":true,"href":"https:\/\/www.eninter.com\/pt-pt\/wp-json\/wp\/v2\/comments?post=8431"}],"version-history":[{"count":0,"href":"https:\/\/www.eninter.com\/pt-pt\/wp-json\/wp\/v2\/posts\/8431\/revisions"}],"wp:featuredmedia":[{"embeddable":true,"href":"https:\/\/www.eninter.com\/pt-pt\/wp-json\/wp\/v2\/media\/7668"}],"wp:attachment":[{"href":"https:\/\/www.eninter.com\/pt-pt\/wp-json\/wp\/v2\/media?parent=8431"}],"wp:term":[{"taxonomy":"category","embeddable":true,"href":"https:\/\/www.eninter.com\/pt-pt\/wp-json\/wp\/v2\/categories?post=8431"},{"taxonomy":"post_tag","embeddable":true,"href":"https:\/\/www.eninter.com\/pt-pt\/wp-json\/wp\/v2\/tags?post=8431"}],"curies":[{"name":"wp","href":"https:\/\/api.w.org\/{rel}","templated":true}]}}