{"id":8433,"date":"2021-03-24T10:39:39","date_gmt":"2021-03-24T09:39:39","guid":{"rendered":"https:\/\/www.eninter.com\/maria-luisa-se-nao-tivessemos-tido-o-servico-da-eninter-ascensores-e-da-accedan-teriamos-tido-um-grande-problema\/"},"modified":"2026-01-29T12:52:09","modified_gmt":"2026-01-29T11:52:09","slug":"maria-luisa-se-nao-tivessemos-tido-o-servico-da-eninter-ascensores-e-da-accedan-teriamos-tido-um-grande-problema","status":"publish","type":"post","link":"https:\/\/www.eninter.com\/pt-pt\/maria-luisa-se-nao-tivessemos-tido-o-servico-da-eninter-ascensores-e-da-accedan-teriamos-tido-um-grande-problema\/","title":{"rendered":"Mar\u00eda Luisa: &#8220;Se n\u00e3o tiv\u00e9ssemos tido o servi\u00e7o da Eninter Ascensores e da Accedan, ter\u00edamos tido um grande problema&#8221;."},"content":{"rendered":"<p>Apesar das dif\u00edceis circunst\u00e2ncias sanit\u00e1rias que estamos a viver, na Eninter Ascensores nunca esquecemos que o nosso principal objetivo \u00e9 melhorar a qualidade de vida dos nossos clientes, por isso h\u00e1 alguns meses apresent\u00e1mos o <a href=\"https:\/\/www.eninter.com\/blog\/los-primeros-en-ofrecer-movilidad-a-nuestros-clientes-incluso-en-periodos-de-averia\/\">servi\u00e7o 100% Acessibilidade<\/a>. Trata-se de um servi\u00e7o destinado a resolver as dificuldades das pessoas com mobilidade reduzida em caso de avaria do elevador.<\/p>\n<p>Este servi\u00e7o foi criado gra\u00e7as \u00e0 colabora\u00e7\u00e3o da <a href=\"https:\/\/www.accedan.com\/\">Accedan<\/a>, uma empresa especializada em acessibilidade global, ao servi\u00e7o das pessoas com mobilidade reduzida, que garante profissionalismo, sensibilidade e o melhor tratamento humano.<\/p>\n<p>Hoje falamos com Mar\u00eda Luisa, uma das primeiras clientes a usufruir deste servi\u00e7o. Foi for\u00e7ada a encontrar uma solu\u00e7\u00e3o para a sua m\u00e3e quando se viu confrontada com o problema de a sua m\u00e3e ter acabado de ser operada ao joelho e o elevador da casa estar avariado.<\/p>\n<p>Ele conta-nos a sua experi\u00eancia com o nosso servi\u00e7o de acessibilidade a 100%.<\/p>\n<p>&nbsp;<\/p>\n<p><strong>Como teve conhecimento do servi\u00e7o Eninter Ascensores e Accedan?<\/strong><\/p>\n<p>Quando a minha m\u00e3e teve de ser operada, o elevador estava avariado e tivemos de encontrar uma solu\u00e7\u00e3o. Quando explic\u00e1mos o problema ao t\u00e9cnico do elevador, ele disse-nos que tinham colaborado com uma empresa para oferecer um servi\u00e7o que consistia num profissional que, em caso de avaria do elevador, viria tratar da mobilidade da pessoa que o necessitasse.<\/p>\n<p>&nbsp;<\/p>\n<p><strong>Como \u00e9 que se candidatou a este servi\u00e7o?<\/strong><\/p>\n<p>Telefonei para a Eninter Ascensores e puseram-me em contacto com a Accedan. Falei-lhes do meu caso e, em apenas 5 minutos, explicaram-me o servi\u00e7o e resolveram o problema. Ele foi muito r\u00e1pido a responder.<\/p>\n<p>&nbsp;<\/p>\n<p><strong>Se eu n\u00e3o tivesse podido dispor deste servi\u00e7o, teria tido um grande problema, n\u00e3o \u00e9 verdade?<\/strong><\/p>\n<p>Se n\u00e3o tiv\u00e9ssemos podido dispor deste servi\u00e7o, ter\u00edamos tido um grande problema, porque se tratava de uma pessoa que tinha acabado de ser operada ao joelho. \u00c9 imposs\u00edvel ter subido dois lan\u00e7os de escadas.<\/p>\n<p>Felizmente, a Accedan pediu-nos para lhes telefonarmos assim que a minha m\u00e3e tivesse alta do hospital e eles viriam a nossa casa. E assim foi. A pessoa que nos atendeu foi muito simp\u00e1tica em todos os momentos e ofereceu-nos um excelente servi\u00e7o.<\/p>\n<p>&nbsp;<\/p>\n<p><strong>O que achou dos elevadores de escadas electr\u00f3nicos que foram utilizados?<\/strong><\/p>\n<p>Achei os elevadores de escadas muito \u00fateis. \u00c9 a primeira vez que vejo este dispositivo e o pr\u00f3prio servi\u00e7o, uma vez que nunca foi oferecido neste bairro. Achei que foi \u00f3timo e fomos muito bem tratados.<\/p>\n<p>&nbsp;<\/p>\n<p><strong>Recomendaria o resto dos vizinhos que t\u00eam contrato com a Eninter Ascensores e a Accedan?<\/strong><\/p>\n<p>Recomendo-o sem d\u00favida. Al\u00e9m disso, tanto a Eninter como a Accedan prestaram um tratamento e um servi\u00e7o excelentes, dos quais gostaria de destacar a pontualidade com que nos ajudaram.<\/p>\n","protected":false},"excerpt":{"rendered":"<p>Apesar das dif\u00edceis circunst\u00e2ncias sanit\u00e1rias que estamos a viver, na Eninter Ascensores nunca esquecemos que o nosso principal objetivo \u00e9 melhorar a qualidade de vida dos nossos clientes, por isso h\u00e1 alguns meses apresent\u00e1mos o servi\u00e7o 100% Acessibilidade. Trata-se de um servi\u00e7o destinado a resolver as dificuldades das pessoas com mobilidade reduzida em caso de [&hellip;]<\/p>\n","protected":false},"author":3,"featured_media":7670,"comment_status":"closed","ping_status":"closed","sticky":false,"template":"","format":"standard","meta":{"_acf_changed":false,"content-type":"","footnotes":""},"categories":[217],"tags":[],"class_list":["post-8433","post","type-post","status-publish","format-standard","has-post-thumbnail","hentry","category-acessibilidade"],"acf":[],"_yoast_wpseo_focuskw":"acesso ao interior","_yoast_wpseo_metadesc":null,"yoast_head":"<!-- This site is optimized with the Yoast SEO Premium plugin v21.6 (Yoast SEO v27.2) - https:\/\/yoast.com\/product\/yoast-seo-premium-wordpress\/ -->\n<title>Mar\u00eda Luisa: &quot;Se n\u00e3o tiv\u00e9ssemos tido o servi\u00e7o da Eninter Ascensores e da Accedan, ter\u00edamos tido um grande problema&quot;. - ENINTER<\/title>\n<meta name=\"robots\" content=\"index, follow, max-snippet:-1, max-image-preview:large, max-video-preview:-1\" \/>\n<link rel=\"canonical\" href=\"https:\/\/www.eninter.com\/pt-pt\/maria-luisa-se-nao-tivessemos-tido-o-servico-da-eninter-ascensores-e-da-accedan-teriamos-tido-um-grande-problema\/\" \/>\n<meta property=\"og:locale\" content=\"pt_PT\" \/>\n<meta property=\"og:type\" content=\"article\" \/>\n<meta property=\"og:title\" content=\"Mar\u00eda Luisa: &quot;Se n\u00e3o tiv\u00e9ssemos tido o servi\u00e7o da Eninter Ascensores e da Accedan, ter\u00edamos tido um grande problema&quot;.\" \/>\n<meta property=\"og:description\" content=\"Apesar das dif\u00edceis circunst\u00e2ncias sanit\u00e1rias que estamos a viver, na Eninter Ascensores nunca esquecemos que o nosso principal objetivo \u00e9 melhorar a qualidade de vida dos nossos clientes, por isso h\u00e1 alguns meses apresent\u00e1mos o servi\u00e7o 100% Acessibilidade. Trata-se de um servi\u00e7o destinado a resolver as dificuldades das pessoas com mobilidade reduzida em caso de [&hellip;]\" \/>\n<meta property=\"og:url\" content=\"https:\/\/www.eninter.com\/pt-pt\/maria-luisa-se-nao-tivessemos-tido-o-servico-da-eninter-ascensores-e-da-accedan-teriamos-tido-um-grande-problema\/\" \/>\n<meta property=\"og:site_name\" content=\"ENINTER\" \/>\n<meta property=\"article:publisher\" content=\"https:\/\/www.facebook.com\/EninterAscensores\" \/>\n<meta property=\"article:published_time\" content=\"2021-03-24T09:39:39+00:00\" \/>\n<meta property=\"article:modified_time\" content=\"2026-01-29T11:52:09+00:00\" \/>\n<meta property=\"og:image\" content=\"https:\/\/www.eninter.com\/wp-content\/uploads\/2021\/03\/eninter-accedan.png\" \/>\n\t<meta property=\"og:image:width\" content=\"770\" \/>\n\t<meta property=\"og:image:height\" content=\"514\" \/>\n\t<meta property=\"og:image:type\" content=\"image\/png\" \/>\n<meta name=\"author\" content=\"Albert Puig\" \/>\n<meta name=\"twitter:card\" content=\"summary_large_image\" \/>\n<meta name=\"twitter:creator\" content=\"@Eninter\" \/>\n<meta name=\"twitter:site\" content=\"@Eninter\" \/>\n<meta name=\"twitter:label1\" content=\"Escrito por\" \/>\n\t<meta name=\"twitter:data1\" content=\"Albert Puig\" \/>\n\t<meta name=\"twitter:label2\" content=\"Tempo estimado de leitura\" \/>\n\t<meta name=\"twitter:data2\" content=\"3 minutos\" \/>\n<!-- \/ Yoast SEO Premium plugin. -->","yoast_head_json":{"title":"Mar\u00eda Luisa: \"Se n\u00e3o tiv\u00e9ssemos tido o servi\u00e7o da Eninter Ascensores e da Accedan, ter\u00edamos tido um grande problema\". - ENINTER","robots":{"index":"index","follow":"follow","max-snippet":"max-snippet:-1","max-image-preview":"max-image-preview:large","max-video-preview":"max-video-preview:-1"},"canonical":"https:\/\/www.eninter.com\/pt-pt\/maria-luisa-se-nao-tivessemos-tido-o-servico-da-eninter-ascensores-e-da-accedan-teriamos-tido-um-grande-problema\/","og_locale":"pt_PT","og_type":"article","og_title":"Mar\u00eda Luisa: \"Se n\u00e3o tiv\u00e9ssemos tido o servi\u00e7o da Eninter Ascensores e da Accedan, ter\u00edamos tido um grande problema\".","og_description":"Apesar das dif\u00edceis circunst\u00e2ncias sanit\u00e1rias que estamos a viver, na Eninter Ascensores nunca esquecemos que o nosso principal objetivo \u00e9 melhorar a qualidade de vida dos nossos clientes, por isso h\u00e1 alguns meses apresent\u00e1mos o servi\u00e7o 100% Acessibilidade. Trata-se de um servi\u00e7o destinado a resolver as dificuldades das pessoas com mobilidade reduzida em caso de [&hellip;]","og_url":"https:\/\/www.eninter.com\/pt-pt\/maria-luisa-se-nao-tivessemos-tido-o-servico-da-eninter-ascensores-e-da-accedan-teriamos-tido-um-grande-problema\/","og_site_name":"ENINTER","article_publisher":"https:\/\/www.facebook.com\/EninterAscensores","article_published_time":"2021-03-24T09:39:39+00:00","article_modified_time":"2026-01-29T11:52:09+00:00","og_image":[{"width":770,"height":514,"url":"https:\/\/www.eninter.com\/wp-content\/uploads\/2021\/03\/eninter-accedan.png","type":"image\/png"}],"author":"Albert Puig","twitter_card":"summary_large_image","twitter_creator":"@Eninter","twitter_site":"@Eninter","twitter_misc":{"Escrito por":"Albert Puig","Tempo estimado de leitura":"3 minutos"},"schema":{"@context":"https:\/\/schema.org","@graph":[{"@type":"Article","@id":"https:\/\/www.eninter.com\/pt-pt\/maria-luisa-se-nao-tivessemos-tido-o-servico-da-eninter-ascensores-e-da-accedan-teriamos-tido-um-grande-problema\/#article","isPartOf":{"@id":"https:\/\/www.eninter.com\/pt-pt\/maria-luisa-se-nao-tivessemos-tido-o-servico-da-eninter-ascensores-e-da-accedan-teriamos-tido-um-grande-problema\/"},"author":{"name":"Albert Puig","@id":"https:\/\/www.eninter.com\/pt-pt\/#\/schema\/person\/e6178c261ac4210884c0e0264dd59043"},"headline":"Mar\u00eda Luisa: &#8220;Se n\u00e3o tiv\u00e9ssemos tido o servi\u00e7o da Eninter Ascensores e da Accedan, ter\u00edamos tido um grande problema&#8221;.","datePublished":"2021-03-24T09:39:39+00:00","dateModified":"2026-01-29T11:52:09+00:00","mainEntityOfPage":{"@id":"https:\/\/www.eninter.com\/pt-pt\/maria-luisa-se-nao-tivessemos-tido-o-servico-da-eninter-ascensores-e-da-accedan-teriamos-tido-um-grande-problema\/"},"wordCount":508,"publisher":{"@id":"https:\/\/www.eninter.com\/pt-pt\/#organization"},"image":{"@id":"https:\/\/www.eninter.com\/pt-pt\/maria-luisa-se-nao-tivessemos-tido-o-servico-da-eninter-ascensores-e-da-accedan-teriamos-tido-um-grande-problema\/#primaryimage"},"thumbnailUrl":"https:\/\/www.eninter.com\/wp-content\/uploads\/2021\/03\/eninter-accedan.png","articleSection":["Acessibilidade"],"inLanguage":"pt-PT"},{"@type":"WebPage","@id":"https:\/\/www.eninter.com\/pt-pt\/maria-luisa-se-nao-tivessemos-tido-o-servico-da-eninter-ascensores-e-da-accedan-teriamos-tido-um-grande-problema\/","url":"https:\/\/www.eninter.com\/pt-pt\/maria-luisa-se-nao-tivessemos-tido-o-servico-da-eninter-ascensores-e-da-accedan-teriamos-tido-um-grande-problema\/","name":"Mar\u00eda Luisa: \"Se n\u00e3o tiv\u00e9ssemos tido o servi\u00e7o da Eninter Ascensores e da Accedan, ter\u00edamos tido um grande problema\". - ENINTER","isPartOf":{"@id":"https:\/\/www.eninter.com\/pt-pt\/#website"},"primaryImageOfPage":{"@id":"https:\/\/www.eninter.com\/pt-pt\/maria-luisa-se-nao-tivessemos-tido-o-servico-da-eninter-ascensores-e-da-accedan-teriamos-tido-um-grande-problema\/#primaryimage"},"image":{"@id":"https:\/\/www.eninter.com\/pt-pt\/maria-luisa-se-nao-tivessemos-tido-o-servico-da-eninter-ascensores-e-da-accedan-teriamos-tido-um-grande-problema\/#primaryimage"},"thumbnailUrl":"https:\/\/www.eninter.com\/wp-content\/uploads\/2021\/03\/eninter-accedan.png","datePublished":"2021-03-24T09:39:39+00:00","dateModified":"2026-01-29T11:52:09+00:00","breadcrumb":{"@id":"https:\/\/www.eninter.com\/pt-pt\/maria-luisa-se-nao-tivessemos-tido-o-servico-da-eninter-ascensores-e-da-accedan-teriamos-tido-um-grande-problema\/#breadcrumb"},"inLanguage":"pt-PT","potentialAction":[{"@type":"ReadAction","target":["https:\/\/www.eninter.com\/pt-pt\/maria-luisa-se-nao-tivessemos-tido-o-servico-da-eninter-ascensores-e-da-accedan-teriamos-tido-um-grande-problema\/"]}]},{"@type":"ImageObject","inLanguage":"pt-PT","@id":"https:\/\/www.eninter.com\/pt-pt\/maria-luisa-se-nao-tivessemos-tido-o-servico-da-eninter-ascensores-e-da-accedan-teriamos-tido-um-grande-problema\/#primaryimage","url":"https:\/\/www.eninter.com\/wp-content\/uploads\/2021\/03\/eninter-accedan.png","contentUrl":"https:\/\/www.eninter.com\/wp-content\/uploads\/2021\/03\/eninter-accedan.png","width":770,"height":514},{"@type":"BreadcrumbList","@id":"https:\/\/www.eninter.com\/pt-pt\/maria-luisa-se-nao-tivessemos-tido-o-servico-da-eninter-ascensores-e-da-accedan-teriamos-tido-um-grande-problema\/#breadcrumb","itemListElement":[{"@type":"ListItem","position":1,"name":"Portada","item":"https:\/\/www.eninter.com\/pt-pt\/"},{"@type":"ListItem","position":2,"name":"Mar\u00eda Luisa: &#8220;Se n\u00e3o tiv\u00e9ssemos tido o servi\u00e7o da Eninter Ascensores e da Accedan, ter\u00edamos tido um grande problema&#8221;."}]},{"@type":"WebSite","@id":"https:\/\/www.eninter.com\/pt-pt\/#website","url":"https:\/\/www.eninter.com\/pt-pt\/","name":"ENINTER","description":"Mantenimiento de Ascensores Multimarca","publisher":{"@id":"https:\/\/www.eninter.com\/pt-pt\/#organization"},"potentialAction":[{"@type":"SearchAction","target":{"@type":"EntryPoint","urlTemplate":"https:\/\/www.eninter.com\/pt-pt\/?s={search_term_string}"},"query-input":{"@type":"PropertyValueSpecification","valueRequired":true,"valueName":"search_term_string"}}],"inLanguage":"pt-PT"},{"@type":"Organization","@id":"https:\/\/www.eninter.com\/pt-pt\/#organization","name":"Eniter","url":"https:\/\/www.eninter.com\/pt-pt\/","logo":{"@type":"ImageObject","inLanguage":"pt-PT","@id":"https:\/\/www.eninter.com\/pt-pt\/#\/schema\/logo\/image\/","url":"https:\/\/www.eninter.com\/wp-content\/uploads\/2023\/08\/logo-eninter-png.png","contentUrl":"https:\/\/www.eninter.com\/wp-content\/uploads\/2023\/08\/logo-eninter-png.png","width":600,"height":340,"caption":"Eniter"},"image":{"@id":"https:\/\/www.eninter.com\/pt-pt\/#\/schema\/logo\/image\/"},"sameAs":["https:\/\/www.facebook.com\/EninterAscensores","https:\/\/x.com\/Eninter","https:\/\/www.instagram.com\/eninterascensores\/","https:\/\/www.youtube.com\/user\/ascensoreseninter"]},{"@type":"Person","@id":"https:\/\/www.eninter.com\/pt-pt\/#\/schema\/person\/e6178c261ac4210884c0e0264dd59043","name":"Albert Puig","image":{"@type":"ImageObject","inLanguage":"pt-PT","@id":"https:\/\/secure.gravatar.com\/avatar\/583d07f3f1036f58d0e44e873586278b582179a16b27a5b3951504e9ee001c06?s=96&d=mm&r=g","url":"https:\/\/secure.gravatar.com\/avatar\/583d07f3f1036f58d0e44e873586278b582179a16b27a5b3951504e9ee001c06?s=96&d=mm&r=g","contentUrl":"https:\/\/secure.gravatar.com\/avatar\/583d07f3f1036f58d0e44e873586278b582179a16b27a5b3951504e9ee001c06?s=96&d=mm&r=g","caption":"Albert Puig"}}]}},"_links":{"self":[{"href":"https:\/\/www.eninter.com\/pt-pt\/wp-json\/wp\/v2\/posts\/8433","targetHints":{"allow":["GET"]}}],"collection":[{"href":"https:\/\/www.eninter.com\/pt-pt\/wp-json\/wp\/v2\/posts"}],"about":[{"href":"https:\/\/www.eninter.com\/pt-pt\/wp-json\/wp\/v2\/types\/post"}],"author":[{"embeddable":true,"href":"https:\/\/www.eninter.com\/pt-pt\/wp-json\/wp\/v2\/users\/3"}],"replies":[{"embeddable":true,"href":"https:\/\/www.eninter.com\/pt-pt\/wp-json\/wp\/v2\/comments?post=8433"}],"version-history":[{"count":1,"href":"https:\/\/www.eninter.com\/pt-pt\/wp-json\/wp\/v2\/posts\/8433\/revisions"}],"predecessor-version":[{"id":35629,"href":"https:\/\/www.eninter.com\/pt-pt\/wp-json\/wp\/v2\/posts\/8433\/revisions\/35629"}],"wp:featuredmedia":[{"embeddable":true,"href":"https:\/\/www.eninter.com\/pt-pt\/wp-json\/wp\/v2\/media\/7670"}],"wp:attachment":[{"href":"https:\/\/www.eninter.com\/pt-pt\/wp-json\/wp\/v2\/media?parent=8433"}],"wp:term":[{"taxonomy":"category","embeddable":true,"href":"https:\/\/www.eninter.com\/pt-pt\/wp-json\/wp\/v2\/categories?post=8433"},{"taxonomy":"post_tag","embeddable":true,"href":"https:\/\/www.eninter.com\/pt-pt\/wp-json\/wp\/v2\/tags?post=8433"}],"curies":[{"name":"wp","href":"https:\/\/api.w.org\/{rel}","templated":true}]}}