{"id":8440,"date":"2020-11-24T10:27:06","date_gmt":"2020-11-24T10:27:06","guid":{"rendered":"https:\/\/www.eninter.com\/dario-salcedo-alvaro-bayona-tem-sido-uma-peca-fundamental-para-alcancar-o-meu-objetivo\/"},"modified":"2025-01-08T12:45:01","modified_gmt":"2025-01-08T12:45:01","slug":"dario-salcedo-alvaro-bayona-tem-sido-uma-peca-fundamental-para-alcancar-o-meu-objetivo","status":"publish","type":"post","link":"https:\/\/www.eninter.com\/pt-pt\/dario-salcedo-alvaro-bayona-tem-sido-uma-peca-fundamental-para-alcancar-o-meu-objetivo\/","title":{"rendered":"Dar\u00edo Salcedo: &#8220;\u00c1lvaro Bayona tem sido uma pe\u00e7a fundamental para alcan\u00e7ar o meu objetivo&#8221;."},"content":{"rendered":"<p>Depois de ouvir a hist\u00f3ria <a href=\"https:\/\/www.eninter.com\/blog\/maria-petit-me-propuse-subir-el-aneto-pero-todo-el-mundo-me-decia-que-era-imposible-lo-he-conseguido-gracias-a-la-campana-eninterayuda\/\">de Mar\u00eda Petit<\/a>, Ricard Vicente, locutor da <a href=\"https:\/\/www.marca.com\/radio.html\">Radio Marca<\/a>, quis entrevistar outro dos protagonistas da nossa campanha #EninterAyuda. Desta vez, a Radio Marca foi o porta-voz de Dar\u00edo Salcedo, um jovem desportista de 21 anos que, ap\u00f3s um acidente desportivo, ficou com paraplegia. Gra\u00e7as \u00e0 ajuda da Eninter Ascensores e do seu treinador, \u00c1lvaro Bayona, conseguiu praticar paddle surf e wakeboard.<\/p>\n<p><strong>Ricard Vicente: Ol\u00e1 Dar\u00edo. Antes de mais, como est\u00e1s?  <\/strong><\/p>\n<p><strong>Dar\u00edo Salcedo:<\/strong> Muito bem, muito bem.<\/p>\n<p><strong>Ricard Vicente: J\u00e1 ao ouvi-la do outro lado, como me aconteceu com a Maria Petit, transmite um otimismo e uma alegria na sua voz que n\u00e3o passa despercebida, digamos que sorri para a vida.  <\/strong><\/p>\n<p><strong>Dar\u00edo Salcedo:<\/strong> Bem, sim, a verdade \u00e9 que a vida nos coloca muitas vezes em momentos complicados e dif\u00edceis, mas sempre com um sorriso ultrapassamos tudo muito melhor.<\/p>\n<p><strong>Ricard Vicente: A Maria explicou-nos na semana passada como ficou cega num acidente de via\u00e7\u00e3o. No seu caso, tamb\u00e9m foi um acidente, mas aconteceu durante o desporto, n\u00e3o foi?  <\/strong><\/p>\n<p><strong>Dario Salcedo:<\/strong> Sim, foi um acidente. H\u00e1 quase tr\u00eas anos, a fazer snowboard em La Molina, ganhei muita velocidade. Na queda, parti a coluna cervical. Tenho paraplegia que afecta os bra\u00e7os e as m\u00e3os.<\/p>\n<p><strong>Ricard Vicente: Isso n\u00e3o o impediu de continuar a lutar e de fazer uma das coisas de que mais gosta, que s\u00e3o os desportos de aventura.  <\/strong><\/p>\n<p><strong>Dar\u00edo Salcedo:<\/strong> Exatamente. Antes do acidente, j\u00e1 estava muito envolvido no mundo do desporto e, logo ap\u00f3s o acidente, continuei na mesma linha, porque o desporto \u00e9 uma forma de reabilitar o corpo e a mente, e se forem desportos de aventura, gosto ainda mais.<\/p>\n<p><strong>Ricard Vicente: O desafio Eninter permitiu-lhe praticar paddle surf e wakeboard, s\u00e3o desportos n\u00e1uticos, tamb\u00e9m gosta muito de \u00e1gua?  <\/strong><\/p>\n<p><strong>Dar\u00edo Salcedo:<\/strong> Sim, a verdade \u00e9 que sim. Nunca os tinha feito antes, mas h\u00e1 cerca de um ano comecei a nadar um pouco mais a s\u00e9rio e isso chamou-me realmente a aten\u00e7\u00e3o. Estar rodeado de \u00e1gua durante toda a semana e gostar dela foi uma grande oportunidade e uma experi\u00eancia agrad\u00e1vel.<\/p>\n<p><strong>Ricard Vicente: Foi dif\u00edcil adaptar este desporto para poder pratic\u00e1-lo na sua situa\u00e7\u00e3o?  <\/strong><\/p>\n<p><strong>Dar\u00edo Salcedo:<\/strong> Sim, no final, toda a gente tem os seus impedimentos. Foi dif\u00edcil pegar na barra e no remo, mas com paci\u00eancia e gra\u00e7as \u00e0 experi\u00eancia do treinador, \u00c1lvaro Bayona, conseguimos. O paddleboarding foi o primeiro e o wakeboard o segundo, mas se insistirmos, as coisas resolvem-se.<\/p>\n<p><strong>Ricard Vicente: Fale-nos um pouco do treinador, \u00c1lvaro Bayona, que tem sido uma pe\u00e7a fundamental para que Dar\u00edo supere este desafio. N\u00e3o \u00e9 verdade?<\/strong><\/p>\n<p><strong>Dar\u00edo Salcedo:<\/strong> Sim. \u00c1lvaro \u00e9 um pioneiro neste dom\u00ednio. Antes do acidente, j\u00e1 praticava desportos de alto risco. Depois da les\u00e3o, viu tamb\u00e9m que h\u00e1 desportos que n\u00e3o est\u00e3o adaptados e que n\u00e3o podem ser praticados. Mas ele tem sido uma pe\u00e7a essencial porque \u00e9 uma pessoa que viveu a limita\u00e7\u00e3o de uma les\u00e3o e essa condi\u00e7\u00e3o tem sido fundamental para levar a cabo o desafio.<\/p>\n<p><strong>Ricard Vicente: A Eninter Ascensores tamb\u00e9m desempenhou um papel importante para vos ajudar a ultrapassar estes desafios. Qual \u00e9 a sua avalia\u00e7\u00e3o da iniciativa da Eninter?  <\/strong><\/p>\n<p><strong>Dar\u00edo Salcedo:<\/strong> Avalio-o de forma muito positiva porque h\u00e1 muito poucas oportunidades para praticar este tipo de desportos minorit\u00e1rios, especialmente se estivermos a falar de desportos adaptados para pessoas com limita\u00e7\u00f5es, e o facto de uma empresa como a Eninter oferecer estas possibilidades \u00e9 de louvar porque facilita o caminho.<\/p>\n<p><strong>Ricard Vicente: O que podem fazer aqueles que querem partilhar desafios de auto-aperfei\u00e7oamento, mesmo que n\u00e3o sejam t\u00e3o extremos?  <\/strong><\/p>\n<p><strong>Dario Salcedo:<\/strong> Para participar nesta campanha, n\u00e3o \u00e9 necess\u00e1rio enfrentar grandes desafios, todos n\u00f3s temos de ultrapassar obst\u00e1culos todos os dias. Todos n\u00f3s temos coisas que nos custam mais, coisas pelas quais temos de lutar mais. Para participar, s\u00f3 tem de gravar um pequeno v\u00eddeo destes pequenos desafios, public\u00e1-lo nas redes sociais e ver se tem sorte.<\/p>\n<p><strong>Ricard Vicente: Quem quiser participar, pode partilhar o seu desafio em.<br \/>\n<\/strong><strong>www. eninter.com\/subs\/. A\u00ed encontrar\u00e1 os passos a seguir para apresentar a sua candidatura. Dario, muito obrigado pelo seu tempo. A verdade \u00e9 que \u00e9 um prazer ouvi-lo porque transmite um otimismo deslumbrante. D\u00e1-nos uma li\u00e7\u00e3o a todos, porque cada um tem de viver o que tem de viver, mas h\u00e1 sempre raz\u00f5es para seguir em frente. Penso que todos devemos refletir, porque h\u00e1 pessoas, como Dar\u00edo ou Maria, que t\u00eam mais dificuldades, mas que, com a sua capacidade de sacrif\u00edcio e de luta, nos impregnam de positivismo. N\u00e3o podemos desistir t\u00e3o facilmente quando nos deparamos com situa\u00e7\u00f5es dif\u00edceis na vida. Dar\u00edo, \u00e9s um exemplo para todos n\u00f3s, agradecemos-te por teres respondido ao nosso apelo. Muito encorajamento e continuem a praticar paddle surf e wakeboard.  <\/strong><\/p>\n<p><strong>Dar\u00edo Salcedo:<\/strong> Muito obrigado. Continuaremos a avan\u00e7ar com estas e outras actividades.<\/p>\n","protected":false},"excerpt":{"rendered":"<p>Depois de ouvir a hist\u00f3ria de Mar\u00eda Petit, Ricard Vicente, locutor da Radio Marca, quis entrevistar outro dos protagonistas da nossa campanha #EninterAyuda. Desta vez, a Radio Marca foi o porta-voz de Dar\u00edo Salcedo, um jovem desportista de 21 anos que, ap\u00f3s um acidente desportivo, ficou com paraplegia. Gra\u00e7as \u00e0 ajuda da Eninter Ascensores e [&hellip;]<\/p>\n","protected":false},"author":3,"featured_media":7684,"comment_status":"closed","ping_status":"closed","sticky":false,"template":"","format":"standard","meta":{"_acf_changed":false,"content-type":"","footnotes":""},"categories":[216],"tags":[],"class_list":["post-8440","post","type-post","status-publish","format-standard","has-post-thumbnail","hentry","category-sobre-o-eninter"],"acf":[],"_yoast_wpseo_focuskw":"dario-salcedo-eninter","_yoast_wpseo_metadesc":null,"yoast_head":"<!-- This site is optimized with the Yoast SEO Premium plugin v21.6 (Yoast SEO v27.2) - https:\/\/yoast.com\/product\/yoast-seo-premium-wordpress\/ -->\n<title>Dar\u00edo Salcedo: &quot;\u00c1lvaro Bayona tem sido uma pe\u00e7a fundamental para alcan\u00e7ar o meu objetivo&quot;.% | Eninter Ascensores<\/title>\n<meta name=\"robots\" content=\"index, follow, max-snippet:-1, max-image-preview:large, max-video-preview:-1\" \/>\n<link rel=\"canonical\" href=\"https:\/\/www.eninter.com\/pt-pt\/dario-salcedo-alvaro-bayona-tem-sido-uma-peca-fundamental-para-alcancar-o-meu-objetivo\/\" \/>\n<meta property=\"og:locale\" content=\"pt_PT\" \/>\n<meta property=\"og:type\" content=\"article\" \/>\n<meta property=\"og:title\" content=\"Dar\u00edo Salcedo: &quot;\u00c1lvaro Bayona tem sido uma pe\u00e7a fundamental para alcan\u00e7ar o meu objetivo&quot;.\" \/>\n<meta property=\"og:description\" content=\"Depois de ouvir a hist\u00f3ria de Mar\u00eda Petit, Ricard Vicente, locutor da Radio Marca, quis entrevistar outro dos protagonistas da nossa campanha #EninterAyuda. Desta vez, a Radio Marca foi o porta-voz de Dar\u00edo Salcedo, um jovem desportista de 21 anos que, ap\u00f3s um acidente desportivo, ficou com paraplegia. Gra\u00e7as \u00e0 ajuda da Eninter Ascensores e [&hellip;]\" \/>\n<meta property=\"og:url\" content=\"https:\/\/www.eninter.com\/pt-pt\/dario-salcedo-alvaro-bayona-tem-sido-uma-peca-fundamental-para-alcancar-o-meu-objetivo\/\" \/>\n<meta property=\"og:site_name\" content=\"ENINTER\" \/>\n<meta property=\"article:publisher\" content=\"https:\/\/www.facebook.com\/EninterAscensores\" \/>\n<meta property=\"article:published_time\" content=\"2020-11-24T10:27:06+00:00\" \/>\n<meta property=\"article:modified_time\" content=\"2025-01-08T12:45:01+00:00\" \/>\n<meta property=\"og:image\" content=\"https:\/\/www.eninter.com\/wp-content\/uploads\/2020\/11\/dario-salcedo-eninter.jpg\" \/>\n\t<meta property=\"og:image:width\" content=\"1024\" \/>\n\t<meta property=\"og:image:height\" content=\"683\" \/>\n\t<meta property=\"og:image:type\" content=\"image\/jpeg\" \/>\n<meta name=\"author\" content=\"Albert Puig\" \/>\n<meta name=\"twitter:card\" content=\"summary_large_image\" \/>\n<meta name=\"twitter:creator\" content=\"@Eninter\" \/>\n<meta name=\"twitter:site\" content=\"@Eninter\" \/>\n<meta name=\"twitter:label1\" content=\"Escrito por\" \/>\n\t<meta name=\"twitter:data1\" content=\"Albert Puig\" \/>\n\t<meta name=\"twitter:label2\" content=\"Tempo estimado de leitura\" \/>\n\t<meta name=\"twitter:data2\" content=\"4 minutos\" \/>\n<!-- \/ Yoast SEO Premium plugin. -->","yoast_head_json":{"title":"Dar\u00edo Salcedo: \"\u00c1lvaro Bayona tem sido uma pe\u00e7a fundamental para alcan\u00e7ar o meu objetivo\".% | Eninter Ascensores","robots":{"index":"index","follow":"follow","max-snippet":"max-snippet:-1","max-image-preview":"max-image-preview:large","max-video-preview":"max-video-preview:-1"},"canonical":"https:\/\/www.eninter.com\/pt-pt\/dario-salcedo-alvaro-bayona-tem-sido-uma-peca-fundamental-para-alcancar-o-meu-objetivo\/","og_locale":"pt_PT","og_type":"article","og_title":"Dar\u00edo Salcedo: \"\u00c1lvaro Bayona tem sido uma pe\u00e7a fundamental para alcan\u00e7ar o meu objetivo\".","og_description":"Depois de ouvir a hist\u00f3ria de Mar\u00eda Petit, Ricard Vicente, locutor da Radio Marca, quis entrevistar outro dos protagonistas da nossa campanha #EninterAyuda. Desta vez, a Radio Marca foi o porta-voz de Dar\u00edo Salcedo, um jovem desportista de 21 anos que, ap\u00f3s um acidente desportivo, ficou com paraplegia. Gra\u00e7as \u00e0 ajuda da Eninter Ascensores e [&hellip;]","og_url":"https:\/\/www.eninter.com\/pt-pt\/dario-salcedo-alvaro-bayona-tem-sido-uma-peca-fundamental-para-alcancar-o-meu-objetivo\/","og_site_name":"ENINTER","article_publisher":"https:\/\/www.facebook.com\/EninterAscensores","article_published_time":"2020-11-24T10:27:06+00:00","article_modified_time":"2025-01-08T12:45:01+00:00","og_image":[{"width":1024,"height":683,"url":"https:\/\/www.eninter.com\/wp-content\/uploads\/2020\/11\/dario-salcedo-eninter.jpg","type":"image\/jpeg"}],"author":"Albert Puig","twitter_card":"summary_large_image","twitter_creator":"@Eninter","twitter_site":"@Eninter","twitter_misc":{"Escrito por":"Albert Puig","Tempo estimado de leitura":"4 minutos"},"schema":{"@context":"https:\/\/schema.org","@graph":[{"@type":"Article","@id":"https:\/\/www.eninter.com\/pt-pt\/dario-salcedo-alvaro-bayona-tem-sido-uma-peca-fundamental-para-alcancar-o-meu-objetivo\/#article","isPartOf":{"@id":"https:\/\/www.eninter.com\/pt-pt\/dario-salcedo-alvaro-bayona-tem-sido-uma-peca-fundamental-para-alcancar-o-meu-objetivo\/"},"author":{"name":"Albert Puig","@id":"https:\/\/www.eninter.com\/pt-pt\/#\/schema\/person\/e6178c261ac4210884c0e0264dd59043"},"headline":"Dar\u00edo Salcedo: &#8220;\u00c1lvaro Bayona tem sido uma pe\u00e7a fundamental para alcan\u00e7ar o meu objetivo&#8221;.","datePublished":"2020-11-24T10:27:06+00:00","dateModified":"2025-01-08T12:45:01+00:00","mainEntityOfPage":{"@id":"https:\/\/www.eninter.com\/pt-pt\/dario-salcedo-alvaro-bayona-tem-sido-uma-peca-fundamental-para-alcancar-o-meu-objetivo\/"},"wordCount":883,"publisher":{"@id":"https:\/\/www.eninter.com\/pt-pt\/#organization"},"image":{"@id":"https:\/\/www.eninter.com\/pt-pt\/dario-salcedo-alvaro-bayona-tem-sido-uma-peca-fundamental-para-alcancar-o-meu-objetivo\/#primaryimage"},"thumbnailUrl":"https:\/\/www.eninter.com\/wp-content\/uploads\/2020\/11\/dario-salcedo-eninter.jpg","articleSection":["Sobre o Eninter"],"inLanguage":"pt-PT"},{"@type":"WebPage","@id":"https:\/\/www.eninter.com\/pt-pt\/dario-salcedo-alvaro-bayona-tem-sido-uma-peca-fundamental-para-alcancar-o-meu-objetivo\/","url":"https:\/\/www.eninter.com\/pt-pt\/dario-salcedo-alvaro-bayona-tem-sido-uma-peca-fundamental-para-alcancar-o-meu-objetivo\/","name":"Dar\u00edo Salcedo: \"\u00c1lvaro Bayona tem sido uma pe\u00e7a fundamental para alcan\u00e7ar o meu objetivo\".% | Eninter Ascensores","isPartOf":{"@id":"https:\/\/www.eninter.com\/pt-pt\/#website"},"primaryImageOfPage":{"@id":"https:\/\/www.eninter.com\/pt-pt\/dario-salcedo-alvaro-bayona-tem-sido-uma-peca-fundamental-para-alcancar-o-meu-objetivo\/#primaryimage"},"image":{"@id":"https:\/\/www.eninter.com\/pt-pt\/dario-salcedo-alvaro-bayona-tem-sido-uma-peca-fundamental-para-alcancar-o-meu-objetivo\/#primaryimage"},"thumbnailUrl":"https:\/\/www.eninter.com\/wp-content\/uploads\/2020\/11\/dario-salcedo-eninter.jpg","datePublished":"2020-11-24T10:27:06+00:00","dateModified":"2025-01-08T12:45:01+00:00","breadcrumb":{"@id":"https:\/\/www.eninter.com\/pt-pt\/dario-salcedo-alvaro-bayona-tem-sido-uma-peca-fundamental-para-alcancar-o-meu-objetivo\/#breadcrumb"},"inLanguage":"pt-PT","potentialAction":[{"@type":"ReadAction","target":["https:\/\/www.eninter.com\/pt-pt\/dario-salcedo-alvaro-bayona-tem-sido-uma-peca-fundamental-para-alcancar-o-meu-objetivo\/"]}]},{"@type":"ImageObject","inLanguage":"pt-PT","@id":"https:\/\/www.eninter.com\/pt-pt\/dario-salcedo-alvaro-bayona-tem-sido-uma-peca-fundamental-para-alcancar-o-meu-objetivo\/#primaryimage","url":"https:\/\/www.eninter.com\/wp-content\/uploads\/2020\/11\/dario-salcedo-eninter.jpg","contentUrl":"https:\/\/www.eninter.com\/wp-content\/uploads\/2020\/11\/dario-salcedo-eninter.jpg","width":1024,"height":683},{"@type":"BreadcrumbList","@id":"https:\/\/www.eninter.com\/pt-pt\/dario-salcedo-alvaro-bayona-tem-sido-uma-peca-fundamental-para-alcancar-o-meu-objetivo\/#breadcrumb","itemListElement":[{"@type":"ListItem","position":1,"name":"Portada","item":"https:\/\/www.eninter.com\/pt-pt\/"},{"@type":"ListItem","position":2,"name":"Dar\u00edo Salcedo: &#8220;\u00c1lvaro Bayona tem sido uma pe\u00e7a fundamental para alcan\u00e7ar o meu objetivo&#8221;."}]},{"@type":"WebSite","@id":"https:\/\/www.eninter.com\/pt-pt\/#website","url":"https:\/\/www.eninter.com\/pt-pt\/","name":"ENINTER","description":"Mantenimiento de Ascensores Multimarca","publisher":{"@id":"https:\/\/www.eninter.com\/pt-pt\/#organization"},"potentialAction":[{"@type":"SearchAction","target":{"@type":"EntryPoint","urlTemplate":"https:\/\/www.eninter.com\/pt-pt\/?s={search_term_string}"},"query-input":{"@type":"PropertyValueSpecification","valueRequired":true,"valueName":"search_term_string"}}],"inLanguage":"pt-PT"},{"@type":"Organization","@id":"https:\/\/www.eninter.com\/pt-pt\/#organization","name":"Eniter","url":"https:\/\/www.eninter.com\/pt-pt\/","logo":{"@type":"ImageObject","inLanguage":"pt-PT","@id":"https:\/\/www.eninter.com\/pt-pt\/#\/schema\/logo\/image\/","url":"https:\/\/www.eninter.com\/wp-content\/uploads\/2023\/08\/logo-eninter-png.png","contentUrl":"https:\/\/www.eninter.com\/wp-content\/uploads\/2023\/08\/logo-eninter-png.png","width":600,"height":340,"caption":"Eniter"},"image":{"@id":"https:\/\/www.eninter.com\/pt-pt\/#\/schema\/logo\/image\/"},"sameAs":["https:\/\/www.facebook.com\/EninterAscensores","https:\/\/x.com\/Eninter","https:\/\/www.instagram.com\/eninterascensores\/","https:\/\/www.youtube.com\/user\/ascensoreseninter"]},{"@type":"Person","@id":"https:\/\/www.eninter.com\/pt-pt\/#\/schema\/person\/e6178c261ac4210884c0e0264dd59043","name":"Albert Puig","image":{"@type":"ImageObject","inLanguage":"pt-PT","@id":"https:\/\/secure.gravatar.com\/avatar\/583d07f3f1036f58d0e44e873586278b582179a16b27a5b3951504e9ee001c06?s=96&d=mm&r=g","url":"https:\/\/secure.gravatar.com\/avatar\/583d07f3f1036f58d0e44e873586278b582179a16b27a5b3951504e9ee001c06?s=96&d=mm&r=g","contentUrl":"https:\/\/secure.gravatar.com\/avatar\/583d07f3f1036f58d0e44e873586278b582179a16b27a5b3951504e9ee001c06?s=96&d=mm&r=g","caption":"Albert Puig"}}]}},"_links":{"self":[{"href":"https:\/\/www.eninter.com\/pt-pt\/wp-json\/wp\/v2\/posts\/8440","targetHints":{"allow":["GET"]}}],"collection":[{"href":"https:\/\/www.eninter.com\/pt-pt\/wp-json\/wp\/v2\/posts"}],"about":[{"href":"https:\/\/www.eninter.com\/pt-pt\/wp-json\/wp\/v2\/types\/post"}],"author":[{"embeddable":true,"href":"https:\/\/www.eninter.com\/pt-pt\/wp-json\/wp\/v2\/users\/3"}],"replies":[{"embeddable":true,"href":"https:\/\/www.eninter.com\/pt-pt\/wp-json\/wp\/v2\/comments?post=8440"}],"version-history":[{"count":0,"href":"https:\/\/www.eninter.com\/pt-pt\/wp-json\/wp\/v2\/posts\/8440\/revisions"}],"wp:featuredmedia":[{"embeddable":true,"href":"https:\/\/www.eninter.com\/pt-pt\/wp-json\/wp\/v2\/media\/7684"}],"wp:attachment":[{"href":"https:\/\/www.eninter.com\/pt-pt\/wp-json\/wp\/v2\/media?parent=8440"}],"wp:term":[{"taxonomy":"category","embeddable":true,"href":"https:\/\/www.eninter.com\/pt-pt\/wp-json\/wp\/v2\/categories?post=8440"},{"taxonomy":"post_tag","embeddable":true,"href":"https:\/\/www.eninter.com\/pt-pt\/wp-json\/wp\/v2\/tags?post=8440"}],"curies":[{"name":"wp","href":"https:\/\/api.w.org\/{rel}","templated":true}]}}