{"id":8441,"date":"2020-11-17T09:25:52","date_gmt":"2020-11-17T09:25:52","guid":{"rendered":"https:\/\/www.eninter.com\/maria-petit-propus-me-subir-o-aneto-mas-toda-a-gente-me-dizia-que-era-impossivel-consegui-o-gracas-a-campanha-eninterayuda\/"},"modified":"2025-01-08T12:44:46","modified_gmt":"2025-01-08T12:44:46","slug":"maria-petit-propus-me-subir-o-aneto-mas-toda-a-gente-me-dizia-que-era-impossivel-consegui-o-gracas-a-campanha-eninterayuda","status":"publish","type":"post","link":"https:\/\/www.eninter.com\/pt-pt\/maria-petit-propus-me-subir-o-aneto-mas-toda-a-gente-me-dizia-que-era-impossivel-consegui-o-gracas-a-campanha-eninterayuda\/","title":{"rendered":"Mar\u00eda Petit: &#8220;Propus-me subir o Aneto, mas toda a gente me dizia que era imposs\u00edvel. Consegui-o gra\u00e7as \u00e0 campanha #EninterAyuda&#8221;."},"content":{"rendered":"<p>Na semana passada, <a href=\"https:\/\/www.eninter.com\/blog\/roger-torras-esta-campana-nace-de-la-voluntad-de-querer-devolver-a-nuestros-clientes-toda-su-confianza-en-estos-tiempos-dificiles-queremos-ayudarles\/\">Roger Torras<\/a>, o nosso diretor de marketing, foi convidado para a Radio Marca para explicar a nossa campanha #EninterAyuda. Desta vez, Ricard Vicente quis entrevistar um dos protagonistas da campanha, para ouvir, na primeira pessoa, a hist\u00f3ria da supera\u00e7\u00e3o de Maria Petit, cega desde os 17 anos, que com a ajuda do Eninter conseguiu subir o Aneto.<\/p>\n<h4><strong>Ricard Vicente:<\/strong> <strong>Na semana passada, apresent\u00e1mos a iniciativa #EninterAyuda da Eninter Ascensores e fizemo-lo com o seu diretor de marketing, Roger Torras. A Eninter Ascensores, no seu compromisso com a sociedade e tendo em conta os momentos dif\u00edceis que estamos a atravessar, quer oferecer cinco bolsas de manuten\u00e7\u00e3o gratuitas para ascensores durante dois anos. Para se habilitar a este apoio, basta ir a www.eninter.com\/subes e partilhar o seu desafio. Por muito modesto que lhe pare\u00e7a, todos os esfor\u00e7os valem a pena nos tempos que correm. A campanha est\u00e1 agora aberta e tem at\u00e9 10 de dezembro para apresentar o seu desafio. A Eninter quis inspirar e promover os seus desafios com alguns outros que quis acompanhar na primeira pessoa. Hoje queremos falar de um deles, a subida do Monte Aneto, a montanha mais alta dos Pirin\u00e9us, com 3.404 metros, por Mar\u00eda Petit. \u00c9 preciso dizer que o desafio de escalar o Aneto para a Maria \u00e9 especial porque a Maria \u00e9 cega desde os 17 anos, o que \u00e9 que te aconteceu Maria?  <\/strong><\/h4>\n<p><strong>Mar\u00eda Petit:<\/strong> Quando tinha 17 anos tive um acidente de via\u00e7\u00e3o, ia de mota e choquei contra um cami\u00e3o. Perdi parte do meu rosto, olhos e nariz, o que me fez perder o olfato. Por outras palavras, perdi a vis\u00e3o e o olfato numa s\u00f3 noite.<\/p>\n<h4><strong>Ricard Vicente:<\/strong> <strong>Mas n\u00e3o desististe, porque continuaste a fazer muitas coisas. \u00c9 cofundador da organiza\u00e7\u00e3o Punto de vista, formada por pessoas com defici\u00eancia visual, tamb\u00e9m fez parte de outras organiza\u00e7\u00f5es com outros projectos e, neste momento, est\u00e1 a trabalhar. Em que est\u00e1s a trabalhar, Maria?  <\/strong><\/h4>\n<p><strong>Mar\u00eda Petit:<\/strong> H\u00e1 oito anos que trabalho em comunica\u00e7\u00e3o numa empresa de design de moda, sou tamb\u00e9m professora na <a href=\"https:\/\/fundacionadecco.org\/\">Fundaci\u00f3n Adecco<\/a> e depois todos os projectos que me aparecem. O &#8220;sim&#8221; est\u00e1 sempre nos meus l\u00e1bios para tudo o que aparece.<\/p>\n<h4><strong>Ricard Vicente:<\/strong> <strong>Est\u00e1 a transmitir o seu sorriso, n\u00e3o o podemos ver na r\u00e1dio mas podemos ouvi-lo e isso \u00e9 uma fonte de otimismo nestes tempos. N\u00e3o sei se sempre foi desportista, se sempre gostou da montanha, mas como surgiu a ideia de subir o Aneto? Como \u00e9 que este desafio surge?<\/strong><\/h4>\n<p><strong>Maria Petit:<\/strong> Sou desportista h\u00e1 muitos anos. No atletismo, participei nos Campeonatos Europeus de 100 metros e de salto em comprimento. Mas, depois do acidente, deixei de lado a quest\u00e3o da competi\u00e7\u00e3o para me concentrar mais no meu bem-estar pessoal e na minha autonomia, que era o que eu precisava na altura. Depois comecei a praticar v\u00e1rios desportos, queria saber o que podia fazer mesmo sem ver e experimentei tudo. Depois de muitas experi\u00eancias, um dos desportos que me ficou foi o alpinismo. H\u00e1 alguns anos comecei a escalar pequenas montanhas e este ano o meu desafio era escalar o Pica d&#8217;Estats, que \u00e9 o pico mais alto da Catalunha, e escalei o Pica dez anos depois do acidente. Depois, pensei que o pr\u00f3ximo seria o Aneto, mas toda a gente me disse que era imposs\u00edvel, que devia esquecer isso.<\/p>\n<h4><strong>Ricard Vicente:<\/strong> <strong>Mas, no final, conseguiram levant\u00e1-lo. Que papel desempenha o Eninter para poder levar a cabo este desafio? <\/strong> <\/h4>\n<p><strong>Mar\u00eda Petit:<\/strong> \u00c9 uma campanha promovida pela Eninter Ascensores para ajudar a realizar este tipo de desafios. No meu caso, ajudaram-me a tornar a montanha acess\u00edvel.<\/p>\n<h4><strong>Ricard Vicente:<\/strong> <strong>\u00bf<\/strong><strong>E o que sugeriria aos nossos ouvintes para os encorajar a partilhar o seu desafio? N\u00e3o se trata de igualar o seu, mas todos n\u00f3s, todos os dias, nos deparamos com pequenos desafios a superar. O que diria aos nossos ouvintes para que partilhem o seu desafio?  <\/strong><\/h4>\n<p><strong>Mar\u00eda Petit:<\/strong> Diz que o meu desafio tem sido muito grande, mas a verdade \u00e9 que o meu maior desafio \u00e9 sair de casa todos os dias com otimismo e vontade de viver, e penso que, nesta base, todos t\u00eam uma experi\u00eancia de supera\u00e7\u00e3o. Viver e enfrentar a vida, sejam quais forem as condi\u00e7\u00f5es, \u00e9 j\u00e1 um desafio. Assim, qualquer pessoa que queira participar no concurso pode faz\u00ea-lo, porque, no fim de contas, todos temos este esp\u00edrito de auto-aperfei\u00e7oamento, quer sejamos mais ou menos vistos. Quando \u00e9 mais vis\u00edvel, parece que se supera mais, mas h\u00e1 muita gente que n\u00e3o \u00e9 t\u00e3o vis\u00edvel, mas \u00e9 pura supera\u00e7\u00e3o.<\/p>\n<h4><strong>Ricard Vicente:<\/strong> <strong>Bem, convidamo-lo a partilh\u00e1-lo. Recordamos-lhe que neste s\u00edtio Web eninter.com\/subes pode enviar o seu desafio at\u00e9 ao dia 10 de dezembro. O da Maria parece-me exemplar. Maria Petit, obrigada por estar connosco, por partilhar a sua vitalidade e o seu otimismo. Um grande abra\u00e7o.  <\/strong><\/h4>\n<p><strong>Mar\u00eda Petit:<\/strong> Obrigado a ti tamb\u00e9m, um grande abra\u00e7o.<\/p>\n<h4><strong>Ricard Vicente:<\/strong> <strong>E obrigado \u00e0 Eninter Ascensores. <\/strong> <\/h4>\n","protected":false},"excerpt":{"rendered":"<p>Na semana passada, Roger Torras, o nosso diretor de marketing, foi convidado para a Radio Marca para explicar a nossa campanha #EninterAyuda. Desta vez, Ricard Vicente quis entrevistar um dos protagonistas da campanha, para ouvir, na primeira pessoa, a hist\u00f3ria da supera\u00e7\u00e3o de Maria Petit, cega desde os 17 anos, que com a ajuda do [&hellip;]<\/p>\n","protected":false},"author":3,"featured_media":7686,"comment_status":"closed","ping_status":"closed","sticky":false,"template":"","format":"standard","meta":{"_acf_changed":false,"content-type":"","footnotes":""},"categories":[216],"tags":[],"class_list":["post-8441","post","type-post","status-publish","format-standard","has-post-thumbnail","hentry","category-sobre-o-eninter"],"acf":[],"_yoast_wpseo_focuskw":"maria-petit-eninter","_yoast_wpseo_metadesc":null,"yoast_head":"<!-- This site is optimized with the Yoast SEO Premium plugin v21.6 (Yoast SEO v27.2) - https:\/\/yoast.com\/product\/yoast-seo-premium-wordpress\/ -->\n<title>Mar\u00eda Petit: &quot;Propus-me subir o Aneto, mas toda a gente me dizia que era imposs\u00edvel. Consegui-o gra\u00e7as \u00e0 campanha #EninterAyuda&quot;.% | Eninter Ascensores<\/title>\n<meta name=\"robots\" content=\"index, follow, max-snippet:-1, max-image-preview:large, max-video-preview:-1\" \/>\n<link rel=\"canonical\" href=\"https:\/\/www.eninter.com\/pt-pt\/maria-petit-propus-me-subir-o-aneto-mas-toda-a-gente-me-dizia-que-era-impossivel-consegui-o-gracas-a-campanha-eninterayuda\/\" \/>\n<meta property=\"og:locale\" content=\"pt_PT\" \/>\n<meta property=\"og:type\" content=\"article\" \/>\n<meta property=\"og:title\" content=\"Mar\u00eda Petit: &quot;Propus-me subir o Aneto, mas toda a gente me dizia que era imposs\u00edvel. Consegui-o gra\u00e7as \u00e0 campanha #EninterAyuda&quot;.\" \/>\n<meta property=\"og:description\" content=\"Na semana passada, Roger Torras, o nosso diretor de marketing, foi convidado para a Radio Marca para explicar a nossa campanha #EninterAyuda. Desta vez, Ricard Vicente quis entrevistar um dos protagonistas da campanha, para ouvir, na primeira pessoa, a hist\u00f3ria da supera\u00e7\u00e3o de Maria Petit, cega desde os 17 anos, que com a ajuda do [&hellip;]\" \/>\n<meta property=\"og:url\" content=\"https:\/\/www.eninter.com\/pt-pt\/maria-petit-propus-me-subir-o-aneto-mas-toda-a-gente-me-dizia-que-era-impossivel-consegui-o-gracas-a-campanha-eninterayuda\/\" \/>\n<meta property=\"og:site_name\" content=\"ENINTER\" \/>\n<meta property=\"article:publisher\" content=\"https:\/\/www.facebook.com\/EninterAscensores\" \/>\n<meta property=\"article:published_time\" content=\"2020-11-17T09:25:52+00:00\" \/>\n<meta property=\"article:modified_time\" content=\"2025-01-08T12:44:46+00:00\" \/>\n<meta property=\"og:image\" content=\"https:\/\/www.eninter.com\/wp-content\/uploads\/2020\/11\/maria-petit-eninter.jpg\" \/>\n\t<meta property=\"og:image:width\" content=\"1024\" \/>\n\t<meta property=\"og:image:height\" content=\"683\" \/>\n\t<meta property=\"og:image:type\" content=\"image\/jpeg\" \/>\n<meta name=\"author\" content=\"Albert Puig\" \/>\n<meta name=\"twitter:card\" content=\"summary_large_image\" \/>\n<meta name=\"twitter:creator\" content=\"@Eninter\" \/>\n<meta name=\"twitter:site\" content=\"@Eninter\" \/>\n<meta name=\"twitter:label1\" content=\"Escrito por\" \/>\n\t<meta name=\"twitter:data1\" content=\"Albert Puig\" \/>\n\t<meta name=\"twitter:label2\" content=\"Tempo estimado de leitura\" \/>\n\t<meta name=\"twitter:data2\" content=\"4 minutos\" \/>\n<!-- \/ Yoast SEO Premium plugin. -->","yoast_head_json":{"title":"Mar\u00eda Petit: \"Propus-me subir o Aneto, mas toda a gente me dizia que era imposs\u00edvel. Consegui-o gra\u00e7as \u00e0 campanha #EninterAyuda\".% | Eninter Ascensores","robots":{"index":"index","follow":"follow","max-snippet":"max-snippet:-1","max-image-preview":"max-image-preview:large","max-video-preview":"max-video-preview:-1"},"canonical":"https:\/\/www.eninter.com\/pt-pt\/maria-petit-propus-me-subir-o-aneto-mas-toda-a-gente-me-dizia-que-era-impossivel-consegui-o-gracas-a-campanha-eninterayuda\/","og_locale":"pt_PT","og_type":"article","og_title":"Mar\u00eda Petit: \"Propus-me subir o Aneto, mas toda a gente me dizia que era imposs\u00edvel. Consegui-o gra\u00e7as \u00e0 campanha #EninterAyuda\".","og_description":"Na semana passada, Roger Torras, o nosso diretor de marketing, foi convidado para a Radio Marca para explicar a nossa campanha #EninterAyuda. Desta vez, Ricard Vicente quis entrevistar um dos protagonistas da campanha, para ouvir, na primeira pessoa, a hist\u00f3ria da supera\u00e7\u00e3o de Maria Petit, cega desde os 17 anos, que com a ajuda do [&hellip;]","og_url":"https:\/\/www.eninter.com\/pt-pt\/maria-petit-propus-me-subir-o-aneto-mas-toda-a-gente-me-dizia-que-era-impossivel-consegui-o-gracas-a-campanha-eninterayuda\/","og_site_name":"ENINTER","article_publisher":"https:\/\/www.facebook.com\/EninterAscensores","article_published_time":"2020-11-17T09:25:52+00:00","article_modified_time":"2025-01-08T12:44:46+00:00","og_image":[{"width":1024,"height":683,"url":"https:\/\/www.eninter.com\/wp-content\/uploads\/2020\/11\/maria-petit-eninter.jpg","type":"image\/jpeg"}],"author":"Albert Puig","twitter_card":"summary_large_image","twitter_creator":"@Eninter","twitter_site":"@Eninter","twitter_misc":{"Escrito por":"Albert Puig","Tempo estimado de leitura":"4 minutos"},"schema":{"@context":"https:\/\/schema.org","@graph":[{"@type":"Article","@id":"https:\/\/www.eninter.com\/pt-pt\/maria-petit-propus-me-subir-o-aneto-mas-toda-a-gente-me-dizia-que-era-impossivel-consegui-o-gracas-a-campanha-eninterayuda\/#article","isPartOf":{"@id":"https:\/\/www.eninter.com\/pt-pt\/maria-petit-propus-me-subir-o-aneto-mas-toda-a-gente-me-dizia-que-era-impossivel-consegui-o-gracas-a-campanha-eninterayuda\/"},"author":{"name":"Albert Puig","@id":"https:\/\/www.eninter.com\/pt-pt\/#\/schema\/person\/e6178c261ac4210884c0e0264dd59043"},"headline":"Mar\u00eda Petit: &#8220;Propus-me subir o Aneto, mas toda a gente me dizia que era imposs\u00edvel. Consegui-o gra\u00e7as \u00e0 campanha #EninterAyuda&#8221;.","datePublished":"2020-11-17T09:25:52+00:00","dateModified":"2025-01-08T12:44:46+00:00","mainEntityOfPage":{"@id":"https:\/\/www.eninter.com\/pt-pt\/maria-petit-propus-me-subir-o-aneto-mas-toda-a-gente-me-dizia-que-era-impossivel-consegui-o-gracas-a-campanha-eninterayuda\/"},"wordCount":882,"publisher":{"@id":"https:\/\/www.eninter.com\/pt-pt\/#organization"},"image":{"@id":"https:\/\/www.eninter.com\/pt-pt\/maria-petit-propus-me-subir-o-aneto-mas-toda-a-gente-me-dizia-que-era-impossivel-consegui-o-gracas-a-campanha-eninterayuda\/#primaryimage"},"thumbnailUrl":"https:\/\/www.eninter.com\/wp-content\/uploads\/2020\/11\/maria-petit-eninter.jpg","articleSection":["Sobre o Eninter"],"inLanguage":"pt-PT"},{"@type":"WebPage","@id":"https:\/\/www.eninter.com\/pt-pt\/maria-petit-propus-me-subir-o-aneto-mas-toda-a-gente-me-dizia-que-era-impossivel-consegui-o-gracas-a-campanha-eninterayuda\/","url":"https:\/\/www.eninter.com\/pt-pt\/maria-petit-propus-me-subir-o-aneto-mas-toda-a-gente-me-dizia-que-era-impossivel-consegui-o-gracas-a-campanha-eninterayuda\/","name":"Mar\u00eda Petit: \"Propus-me subir o Aneto, mas toda a gente me dizia que era imposs\u00edvel. Consegui-o gra\u00e7as \u00e0 campanha #EninterAyuda\".% | Eninter Ascensores","isPartOf":{"@id":"https:\/\/www.eninter.com\/pt-pt\/#website"},"primaryImageOfPage":{"@id":"https:\/\/www.eninter.com\/pt-pt\/maria-petit-propus-me-subir-o-aneto-mas-toda-a-gente-me-dizia-que-era-impossivel-consegui-o-gracas-a-campanha-eninterayuda\/#primaryimage"},"image":{"@id":"https:\/\/www.eninter.com\/pt-pt\/maria-petit-propus-me-subir-o-aneto-mas-toda-a-gente-me-dizia-que-era-impossivel-consegui-o-gracas-a-campanha-eninterayuda\/#primaryimage"},"thumbnailUrl":"https:\/\/www.eninter.com\/wp-content\/uploads\/2020\/11\/maria-petit-eninter.jpg","datePublished":"2020-11-17T09:25:52+00:00","dateModified":"2025-01-08T12:44:46+00:00","breadcrumb":{"@id":"https:\/\/www.eninter.com\/pt-pt\/maria-petit-propus-me-subir-o-aneto-mas-toda-a-gente-me-dizia-que-era-impossivel-consegui-o-gracas-a-campanha-eninterayuda\/#breadcrumb"},"inLanguage":"pt-PT","potentialAction":[{"@type":"ReadAction","target":["https:\/\/www.eninter.com\/pt-pt\/maria-petit-propus-me-subir-o-aneto-mas-toda-a-gente-me-dizia-que-era-impossivel-consegui-o-gracas-a-campanha-eninterayuda\/"]}]},{"@type":"ImageObject","inLanguage":"pt-PT","@id":"https:\/\/www.eninter.com\/pt-pt\/maria-petit-propus-me-subir-o-aneto-mas-toda-a-gente-me-dizia-que-era-impossivel-consegui-o-gracas-a-campanha-eninterayuda\/#primaryimage","url":"https:\/\/www.eninter.com\/wp-content\/uploads\/2020\/11\/maria-petit-eninter.jpg","contentUrl":"https:\/\/www.eninter.com\/wp-content\/uploads\/2020\/11\/maria-petit-eninter.jpg","width":1024,"height":683},{"@type":"BreadcrumbList","@id":"https:\/\/www.eninter.com\/pt-pt\/maria-petit-propus-me-subir-o-aneto-mas-toda-a-gente-me-dizia-que-era-impossivel-consegui-o-gracas-a-campanha-eninterayuda\/#breadcrumb","itemListElement":[{"@type":"ListItem","position":1,"name":"Portada","item":"https:\/\/www.eninter.com\/pt-pt\/"},{"@type":"ListItem","position":2,"name":"Mar\u00eda Petit: &#8220;Propus-me subir o Aneto, mas toda a gente me dizia que era imposs\u00edvel. Consegui-o gra\u00e7as \u00e0 campanha #EninterAyuda&#8221;."}]},{"@type":"WebSite","@id":"https:\/\/www.eninter.com\/pt-pt\/#website","url":"https:\/\/www.eninter.com\/pt-pt\/","name":"ENINTER","description":"Mantenimiento de Ascensores Multimarca","publisher":{"@id":"https:\/\/www.eninter.com\/pt-pt\/#organization"},"potentialAction":[{"@type":"SearchAction","target":{"@type":"EntryPoint","urlTemplate":"https:\/\/www.eninter.com\/pt-pt\/?s={search_term_string}"},"query-input":{"@type":"PropertyValueSpecification","valueRequired":true,"valueName":"search_term_string"}}],"inLanguage":"pt-PT"},{"@type":"Organization","@id":"https:\/\/www.eninter.com\/pt-pt\/#organization","name":"Eniter","url":"https:\/\/www.eninter.com\/pt-pt\/","logo":{"@type":"ImageObject","inLanguage":"pt-PT","@id":"https:\/\/www.eninter.com\/pt-pt\/#\/schema\/logo\/image\/","url":"https:\/\/www.eninter.com\/wp-content\/uploads\/2023\/08\/logo-eninter-png.png","contentUrl":"https:\/\/www.eninter.com\/wp-content\/uploads\/2023\/08\/logo-eninter-png.png","width":600,"height":340,"caption":"Eniter"},"image":{"@id":"https:\/\/www.eninter.com\/pt-pt\/#\/schema\/logo\/image\/"},"sameAs":["https:\/\/www.facebook.com\/EninterAscensores","https:\/\/x.com\/Eninter","https:\/\/www.instagram.com\/eninterascensores\/","https:\/\/www.youtube.com\/user\/ascensoreseninter"]},{"@type":"Person","@id":"https:\/\/www.eninter.com\/pt-pt\/#\/schema\/person\/e6178c261ac4210884c0e0264dd59043","name":"Albert Puig","image":{"@type":"ImageObject","inLanguage":"pt-PT","@id":"https:\/\/secure.gravatar.com\/avatar\/583d07f3f1036f58d0e44e873586278b582179a16b27a5b3951504e9ee001c06?s=96&d=mm&r=g","url":"https:\/\/secure.gravatar.com\/avatar\/583d07f3f1036f58d0e44e873586278b582179a16b27a5b3951504e9ee001c06?s=96&d=mm&r=g","contentUrl":"https:\/\/secure.gravatar.com\/avatar\/583d07f3f1036f58d0e44e873586278b582179a16b27a5b3951504e9ee001c06?s=96&d=mm&r=g","caption":"Albert Puig"}}]}},"_links":{"self":[{"href":"https:\/\/www.eninter.com\/pt-pt\/wp-json\/wp\/v2\/posts\/8441","targetHints":{"allow":["GET"]}}],"collection":[{"href":"https:\/\/www.eninter.com\/pt-pt\/wp-json\/wp\/v2\/posts"}],"about":[{"href":"https:\/\/www.eninter.com\/pt-pt\/wp-json\/wp\/v2\/types\/post"}],"author":[{"embeddable":true,"href":"https:\/\/www.eninter.com\/pt-pt\/wp-json\/wp\/v2\/users\/3"}],"replies":[{"embeddable":true,"href":"https:\/\/www.eninter.com\/pt-pt\/wp-json\/wp\/v2\/comments?post=8441"}],"version-history":[{"count":0,"href":"https:\/\/www.eninter.com\/pt-pt\/wp-json\/wp\/v2\/posts\/8441\/revisions"}],"wp:featuredmedia":[{"embeddable":true,"href":"https:\/\/www.eninter.com\/pt-pt\/wp-json\/wp\/v2\/media\/7686"}],"wp:attachment":[{"href":"https:\/\/www.eninter.com\/pt-pt\/wp-json\/wp\/v2\/media?parent=8441"}],"wp:term":[{"taxonomy":"category","embeddable":true,"href":"https:\/\/www.eninter.com\/pt-pt\/wp-json\/wp\/v2\/categories?post=8441"},{"taxonomy":"post_tag","embeddable":true,"href":"https:\/\/www.eninter.com\/pt-pt\/wp-json\/wp\/v2\/tags?post=8441"}],"curies":[{"name":"wp","href":"https:\/\/api.w.org\/{rel}","templated":true}]}}