{"id":8451,"date":"2020-08-03T08:37:40","date_gmt":"2020-08-03T08:37:40","guid":{"rendered":"https:\/\/www.eninter.com\/que-possibilidades-tenho-para-ganhar-acessibilidade-na-minha-casa\/"},"modified":"2020-08-03T08:37:40","modified_gmt":"2020-08-03T08:37:40","slug":"que-possibilidades-tenho-para-ganhar-acessibilidade-na-minha-casa","status":"publish","type":"post","link":"https:\/\/www.eninter.com\/pt-pt\/que-possibilidades-tenho-para-ganhar-acessibilidade-na-minha-casa\/","title":{"rendered":"Que possibilidades tenho para ganhar acessibilidade na minha casa?"},"content":{"rendered":"<p>Na <strong>Eninter Ascensores<\/strong> o nosso principal objetivo \u00e9 melhorar a sua qualidade de vida. Por conseguinte, a <a href=\"https:\/\/www.eninter.com\/pt-pt\/eninter\/accesibilidad-2\/\"><strong>acessibilidade<\/strong> <\/a>\u00e9 uma quest\u00e3o priorit\u00e1ria para n\u00f3s. Se vive com pessoas com mobilidade reduzida e precisa de ganhar em conforto quando se trata de facilitar a sua acessibilidade em <strong>casa<\/strong> ou em qualquer edif\u00edcio, explicamos todas as solu\u00e7\u00f5es dispon\u00edveis no mercado. Em fun\u00e7\u00e3o da conce\u00e7\u00e3o do seu edif\u00edcio ou da barreira a transpor, pode escolher a que melhor se adapta \u00e0s suas necessidades.<\/p>\n<p>Sempre com a m\u00e1xima <a href=\"https:\/\/www.eninter.com\/blog\/legislacion-accesibilidad-en-viviendas\/\"><strong>seguran\u00e7a<\/strong> <\/a>e conforto, existem duas formas de eliminar as barreiras arquitect\u00f3nicas no interior de um edif\u00edcio. Por um lado, dispor de plataformas que ajudem a eliminar os obst\u00e1culos entre duas alturas e, por outro lado, dar \u00e0s cadeiras de rodas esse poder, transformando-as em cadeiras elevat\u00f3rias. De seguida, explicamos os tipos de cadeiras elevat\u00f3rias dispon\u00edveis no mercado.<\/p>\n<h2>Cadeiras elevat\u00f3rias verticais, girat\u00f3rias e rectas<\/h2>\n<p>\u00c9 a solu\u00e7\u00e3o ideal para facilitar a mobilidade de pessoas em cadeiras de rodas, uma vez que ajuda a transpor lances de escadas. Existem solu\u00e7\u00f5es adaptadas, quer os degraus da escada sejam <a href=\"https:\/\/www.eninter.com\/blog\/sube-escaleras-vertical\/\">verticais<\/a>, girat\u00f3rios ou rectos. Assim, basta identificar o modelo do seu edif\u00edcio e escolher a <a href=\"https:\/\/www.eninter.com\/blog\/que-es-un-salvaescaleras\/\">plataforma elevat\u00f3ria<\/a> mais adequada.<\/p>\n<h2>Cadeira elevat\u00f3ria<\/h2>\n<p>Se preferir n\u00e3o instalar uma cadeira elevat\u00f3ria e dar \u00e0 sua cadeira de rodas a possibilidade de subir e descer escadas, isso tamb\u00e9m \u00e9 poss\u00edvel. A cadeira elevat\u00f3ria \u00e9 uma solu\u00e7\u00e3o pr\u00e1tica, confort\u00e1vel e segura para as pessoas com problemas de mobilidade reduzida, pois permite-lhes subir escadas sem ajuda externa.<\/p>\n<p>&nbsp;<\/p>\n<p>Estas solu\u00e7\u00f5es s\u00e3o concebidas para facilitar a desloca\u00e7\u00e3o de pessoas idosas ou com mobilidade reduzida, para que elas pr\u00f3prias possam ganhar autonomia e liberdade nas suas desloca\u00e7\u00f5es.<\/p>\n","protected":false},"excerpt":{"rendered":"<p>Na Eninter Ascensores o nosso principal objetivo \u00e9 melhorar a sua qualidade de vida. Por conseguinte, a acessibilidade \u00e9 uma quest\u00e3o priorit\u00e1ria para n\u00f3s. Se vive com pessoas com mobilidade reduzida e precisa de ganhar em conforto quando se trata de facilitar a sua acessibilidade em casa ou em qualquer edif\u00edcio, explicamos todas as solu\u00e7\u00f5es [&hellip;]<\/p>\n","protected":false},"author":3,"featured_media":7706,"comment_status":"closed","ping_status":"closed","sticky":false,"template":"","format":"standard","meta":{"_acf_changed":false,"content-type":"","footnotes":""},"categories":[217],"tags":[],"class_list":["post-8451","post","type-post","status-publish","format-standard","has-post-thumbnail","hentry","category-acessibilidade"],"acf":[],"_yoast_wpseo_focuskw":"acessibilidade \u00e0 habita\u00e7\u00e3o","_yoast_wpseo_metadesc":null,"yoast_head":"<!-- This site is optimized with the Yoast SEO Premium plugin v21.6 (Yoast SEO v27.5) - https:\/\/yoast.com\/product\/yoast-seo-premium-wordpress\/ -->\n<title>Que possibilidades tenho para ganhar acessibilidade na minha casa?% | Eninter Ascensores<\/title>\n<meta name=\"robots\" content=\"index, follow, max-snippet:-1, max-image-preview:large, max-video-preview:-1\" \/>\n<link rel=\"canonical\" href=\"https:\/\/www.eninter.com\/pt-pt\/que-possibilidades-tenho-para-ganhar-acessibilidade-na-minha-casa\/\" \/>\n<meta property=\"og:locale\" content=\"pt_PT\" \/>\n<meta property=\"og:type\" content=\"article\" \/>\n<meta property=\"og:title\" content=\"Que possibilidades tenho para ganhar acessibilidade na minha casa?\" \/>\n<meta property=\"og:description\" content=\"Na Eninter Ascensores o nosso principal objetivo \u00e9 melhorar a sua qualidade de vida. Por conseguinte, a acessibilidade \u00e9 uma quest\u00e3o priorit\u00e1ria para n\u00f3s. Se vive com pessoas com mobilidade reduzida e precisa de ganhar em conforto quando se trata de facilitar a sua acessibilidade em casa ou em qualquer edif\u00edcio, explicamos todas as solu\u00e7\u00f5es [&hellip;]\" \/>\n<meta property=\"og:url\" content=\"https:\/\/www.eninter.com\/pt-pt\/que-possibilidades-tenho-para-ganhar-acessibilidade-na-minha-casa\/\" \/>\n<meta property=\"og:site_name\" content=\"ENINTER\" \/>\n<meta property=\"article:publisher\" content=\"https:\/\/www.facebook.com\/EninterAscensores\" \/>\n<meta property=\"article:published_time\" content=\"2020-08-03T08:37:40+00:00\" \/>\n<meta property=\"og:image\" content=\"https:\/\/www.eninter.com\/wp-content\/uploads\/2020\/08\/ganar-accesibilidad-vivienda.jpg\" \/>\n\t<meta property=\"og:image:width\" content=\"1024\" \/>\n\t<meta property=\"og:image:height\" content=\"684\" \/>\n\t<meta property=\"og:image:type\" content=\"image\/jpeg\" \/>\n<meta name=\"author\" content=\"Albert Puig\" \/>\n<meta name=\"twitter:card\" content=\"summary_large_image\" \/>\n<meta name=\"twitter:creator\" content=\"@Eninter\" \/>\n<meta name=\"twitter:site\" content=\"@Eninter\" \/>\n<meta name=\"twitter:label1\" content=\"Escrito por\" \/>\n\t<meta name=\"twitter:data1\" content=\"Albert Puig\" \/>\n\t<meta name=\"twitter:label2\" content=\"Tempo estimado de leitura\" \/>\n\t<meta name=\"twitter:data2\" content=\"2 minutos\" \/>\n<!-- \/ Yoast SEO Premium plugin. -->","yoast_head_json":{"title":"Que possibilidades tenho para ganhar acessibilidade na minha casa?% | Eninter Ascensores","robots":{"index":"index","follow":"follow","max-snippet":"max-snippet:-1","max-image-preview":"max-image-preview:large","max-video-preview":"max-video-preview:-1"},"canonical":"https:\/\/www.eninter.com\/pt-pt\/que-possibilidades-tenho-para-ganhar-acessibilidade-na-minha-casa\/","og_locale":"pt_PT","og_type":"article","og_title":"Que possibilidades tenho para ganhar acessibilidade na minha casa?","og_description":"Na Eninter Ascensores o nosso principal objetivo \u00e9 melhorar a sua qualidade de vida. Por conseguinte, a acessibilidade \u00e9 uma quest\u00e3o priorit\u00e1ria para n\u00f3s. Se vive com pessoas com mobilidade reduzida e precisa de ganhar em conforto quando se trata de facilitar a sua acessibilidade em casa ou em qualquer edif\u00edcio, explicamos todas as solu\u00e7\u00f5es [&hellip;]","og_url":"https:\/\/www.eninter.com\/pt-pt\/que-possibilidades-tenho-para-ganhar-acessibilidade-na-minha-casa\/","og_site_name":"ENINTER","article_publisher":"https:\/\/www.facebook.com\/EninterAscensores","article_published_time":"2020-08-03T08:37:40+00:00","og_image":[{"width":1024,"height":684,"url":"https:\/\/www.eninter.com\/wp-content\/uploads\/2020\/08\/ganar-accesibilidad-vivienda.jpg","type":"image\/jpeg"}],"author":"Albert Puig","twitter_card":"summary_large_image","twitter_creator":"@Eninter","twitter_site":"@Eninter","twitter_misc":{"Escrito por":"Albert Puig","Tempo estimado de leitura":"2 minutos"},"schema":{"@context":"https:\/\/schema.org","@graph":[{"@type":"Article","@id":"https:\/\/www.eninter.com\/pt-pt\/que-possibilidades-tenho-para-ganhar-acessibilidade-na-minha-casa\/#article","isPartOf":{"@id":"https:\/\/www.eninter.com\/pt-pt\/que-possibilidades-tenho-para-ganhar-acessibilidade-na-minha-casa\/"},"author":{"name":"Albert Puig","@id":"https:\/\/www.eninter.com\/pt-pt\/#\/schema\/person\/e6178c261ac4210884c0e0264dd59043"},"headline":"Que possibilidades tenho para ganhar acessibilidade na minha casa?","datePublished":"2020-08-03T08:37:40+00:00","mainEntityOfPage":{"@id":"https:\/\/www.eninter.com\/pt-pt\/que-possibilidades-tenho-para-ganhar-acessibilidade-na-minha-casa\/"},"wordCount":319,"publisher":{"@id":"https:\/\/www.eninter.com\/pt-pt\/#organization"},"image":{"@id":"https:\/\/www.eninter.com\/pt-pt\/que-possibilidades-tenho-para-ganhar-acessibilidade-na-minha-casa\/#primaryimage"},"thumbnailUrl":"https:\/\/www.eninter.com\/wp-content\/uploads\/2020\/08\/ganar-accesibilidad-vivienda.jpg","articleSection":["Acessibilidade"],"inLanguage":"pt-PT"},{"@type":"WebPage","@id":"https:\/\/www.eninter.com\/pt-pt\/que-possibilidades-tenho-para-ganhar-acessibilidade-na-minha-casa\/","url":"https:\/\/www.eninter.com\/pt-pt\/que-possibilidades-tenho-para-ganhar-acessibilidade-na-minha-casa\/","name":"Que possibilidades tenho para ganhar acessibilidade na minha casa?% | Eninter Ascensores","isPartOf":{"@id":"https:\/\/www.eninter.com\/pt-pt\/#website"},"primaryImageOfPage":{"@id":"https:\/\/www.eninter.com\/pt-pt\/que-possibilidades-tenho-para-ganhar-acessibilidade-na-minha-casa\/#primaryimage"},"image":{"@id":"https:\/\/www.eninter.com\/pt-pt\/que-possibilidades-tenho-para-ganhar-acessibilidade-na-minha-casa\/#primaryimage"},"thumbnailUrl":"https:\/\/www.eninter.com\/wp-content\/uploads\/2020\/08\/ganar-accesibilidad-vivienda.jpg","datePublished":"2020-08-03T08:37:40+00:00","breadcrumb":{"@id":"https:\/\/www.eninter.com\/pt-pt\/que-possibilidades-tenho-para-ganhar-acessibilidade-na-minha-casa\/#breadcrumb"},"inLanguage":"pt-PT","potentialAction":[{"@type":"ReadAction","target":["https:\/\/www.eninter.com\/pt-pt\/que-possibilidades-tenho-para-ganhar-acessibilidade-na-minha-casa\/"]}]},{"@type":"ImageObject","inLanguage":"pt-PT","@id":"https:\/\/www.eninter.com\/pt-pt\/que-possibilidades-tenho-para-ganhar-acessibilidade-na-minha-casa\/#primaryimage","url":"https:\/\/www.eninter.com\/wp-content\/uploads\/2020\/08\/ganar-accesibilidad-vivienda.jpg","contentUrl":"https:\/\/www.eninter.com\/wp-content\/uploads\/2020\/08\/ganar-accesibilidad-vivienda.jpg","width":1024,"height":684},{"@type":"BreadcrumbList","@id":"https:\/\/www.eninter.com\/pt-pt\/que-possibilidades-tenho-para-ganhar-acessibilidade-na-minha-casa\/#breadcrumb","itemListElement":[{"@type":"ListItem","position":1,"name":"Portada","item":"https:\/\/www.eninter.com\/pt-pt\/"},{"@type":"ListItem","position":2,"name":"Que possibilidades tenho para ganhar acessibilidade na minha casa?"}]},{"@type":"WebSite","@id":"https:\/\/www.eninter.com\/pt-pt\/#website","url":"https:\/\/www.eninter.com\/pt-pt\/","name":"ENINTER","description":"Mantenimiento de Ascensores Multimarca","publisher":{"@id":"https:\/\/www.eninter.com\/pt-pt\/#organization"},"potentialAction":[{"@type":"SearchAction","target":{"@type":"EntryPoint","urlTemplate":"https:\/\/www.eninter.com\/pt-pt\/?s={search_term_string}"},"query-input":{"@type":"PropertyValueSpecification","valueRequired":true,"valueName":"search_term_string"}}],"inLanguage":"pt-PT"},{"@type":"Organization","@id":"https:\/\/www.eninter.com\/pt-pt\/#organization","name":"Eniter","url":"https:\/\/www.eninter.com\/pt-pt\/","logo":{"@type":"ImageObject","inLanguage":"pt-PT","@id":"https:\/\/www.eninter.com\/pt-pt\/#\/schema\/logo\/image\/","url":"https:\/\/www.eninter.com\/wp-content\/uploads\/2023\/08\/logo-eninter-png.png","contentUrl":"https:\/\/www.eninter.com\/wp-content\/uploads\/2023\/08\/logo-eninter-png.png","width":600,"height":340,"caption":"Eniter"},"image":{"@id":"https:\/\/www.eninter.com\/pt-pt\/#\/schema\/logo\/image\/"},"sameAs":["https:\/\/www.facebook.com\/EninterAscensores","https:\/\/x.com\/Eninter","https:\/\/www.instagram.com\/eninterascensores\/","https:\/\/www.youtube.com\/user\/ascensoreseninter"]},{"@type":"Person","@id":"https:\/\/www.eninter.com\/pt-pt\/#\/schema\/person\/e6178c261ac4210884c0e0264dd59043","name":"Albert Puig","image":{"@type":"ImageObject","inLanguage":"pt-PT","@id":"https:\/\/secure.gravatar.com\/avatar\/583d07f3f1036f58d0e44e873586278b582179a16b27a5b3951504e9ee001c06?s=96&d=mm&r=g","url":"https:\/\/secure.gravatar.com\/avatar\/583d07f3f1036f58d0e44e873586278b582179a16b27a5b3951504e9ee001c06?s=96&d=mm&r=g","contentUrl":"https:\/\/secure.gravatar.com\/avatar\/583d07f3f1036f58d0e44e873586278b582179a16b27a5b3951504e9ee001c06?s=96&d=mm&r=g","caption":"Albert Puig"}}]}},"_links":{"self":[{"href":"https:\/\/www.eninter.com\/pt-pt\/wp-json\/wp\/v2\/posts\/8451","targetHints":{"allow":["GET"]}}],"collection":[{"href":"https:\/\/www.eninter.com\/pt-pt\/wp-json\/wp\/v2\/posts"}],"about":[{"href":"https:\/\/www.eninter.com\/pt-pt\/wp-json\/wp\/v2\/types\/post"}],"author":[{"embeddable":true,"href":"https:\/\/www.eninter.com\/pt-pt\/wp-json\/wp\/v2\/users\/3"}],"replies":[{"embeddable":true,"href":"https:\/\/www.eninter.com\/pt-pt\/wp-json\/wp\/v2\/comments?post=8451"}],"version-history":[{"count":0,"href":"https:\/\/www.eninter.com\/pt-pt\/wp-json\/wp\/v2\/posts\/8451\/revisions"}],"wp:featuredmedia":[{"embeddable":true,"href":"https:\/\/www.eninter.com\/pt-pt\/wp-json\/wp\/v2\/media\/7706"}],"wp:attachment":[{"href":"https:\/\/www.eninter.com\/pt-pt\/wp-json\/wp\/v2\/media?parent=8451"}],"wp:term":[{"taxonomy":"category","embeddable":true,"href":"https:\/\/www.eninter.com\/pt-pt\/wp-json\/wp\/v2\/categories?post=8451"},{"taxonomy":"post_tag","embeddable":true,"href":"https:\/\/www.eninter.com\/pt-pt\/wp-json\/wp\/v2\/tags?post=8451"}],"curies":[{"name":"wp","href":"https:\/\/api.w.org\/{rel}","templated":true}]}}