{"id":8454,"date":"2020-07-13T11:38:06","date_gmt":"2020-07-13T11:38:06","guid":{"rendered":"https:\/\/www.eninter.com\/centro-de-design-e-tecnologias-do-futuro-da-eninter-antecipar-o-futuro\/"},"modified":"2025-01-08T12:44:16","modified_gmt":"2025-01-08T12:44:16","slug":"centro-de-design-e-tecnologias-do-futuro-da-eninter-antecipar-o-futuro","status":"publish","type":"post","link":"https:\/\/www.eninter.com\/pt-pt\/centro-de-design-e-tecnologias-do-futuro-da-eninter-antecipar-o-futuro\/","title":{"rendered":"Centro de Design e Tecnologias do Futuro da Eninter: antecipar o futuro"},"content":{"rendered":"<p>O objetivo de todos os nossos produtos e servi\u00e7os \u00e9 melhorar a vida das pessoas e, como empresa ligada \u00e0 tecnologia, acompanhar os avan\u00e7os nesta \u00e1rea faz parte do nosso trabalho di\u00e1rio. \u00c9 por isso que, h\u00e1 15 anos, cri\u00e1mos o centro <a href=\"https:\/\/www.eninter.com\/centro-tecnologico-ascensores-eninter.php\"><br \/>\n  <strong>Centro de Design e Tecnologias do Futuro Eninter<\/strong><br \/>\n<\/a>um espa\u00e7o dedicado \u00e0 investiga\u00e7\u00e3o das possibilidades oferecidas pelo mundo tecnol\u00f3gico no dom\u00ednio dos ascensores, com o objetivo de conceber o ascensor do futuro. O mundo est\u00e1 em constante mudan\u00e7a, tal como a tecnologia, e um dos objectivos da <strong>Eninter Ascensores<\/strong> \u00e9 antecipar-se aos cen\u00e1rios futuros, para que os nossos clientes disponham dos \u00faltimos avan\u00e7os antes de qualquer outro.<\/p>\n<p>Queremos que os nossos clientes n\u00e3o tenham de se preocupar com o futuro, porque n\u00f3s tratamos disso. O trabalho do <strong>Centro de Design &amp; Future Technology da Eninter<\/strong> consiste em antecipar o futuro para oferecer aos nossos clientes solu\u00e7\u00f5es e produtos actualizados que garantam a m\u00e1xima seguran\u00e7a e conforto para assegurar uma melhor qualidade de vida.<\/p>\n<p>Para n\u00f3s, a inova\u00e7\u00e3o \u00e9 a chave, inovamos para <strong>melhorar a sua qualidade de vida<\/strong> e a da sua fam\u00edlia. Al\u00e9m disso, n\u00e3o s\u00f3 desenvolvemos o nosso produto sob a marca Eninter, como tamb\u00e9m analisamos e estudamos cuidadosamente todos os modelos de elevadores existentes no mercado, a fim de oferecer uma verdadeira manuten\u00e7\u00e3o multimarca. Esta \u00e9 a \u00fanica forma de garantir uma manuten\u00e7\u00e3o fi\u00e1vel e de qualidade.<\/p>\n<p>Muitos s\u00e3o os produtos que est\u00e3o \u00e0 frente do futuro mostrando as in\u00fameras possibilidades de inova\u00e7\u00e3o, um bom exemplo \u00e9 o sistema de seguran\u00e7a integral <strong>Acces Prox<\/strong>, consegue imaginar entrar em sua casa sem uma chave e sem tocar numa porta? Parece fic\u00e7\u00e3o cient\u00edfica, n\u00e3o \u00e9? Bem, nada poderia estar mais longe da verdade. Encontrar este tipo de sistema e oferec\u00ea-lo aos nossos clientes com o objetivo de melhorar a sua qualidade de vida faz parte do trabalho do <strong>Centro de<\/strong> <strong>Design e Tecnologias do Futuro da Eninter <\/strong>. Se quiser saber mais sobre este sistema, clique aqui.<\/p>\n<p>Para al\u00e9m disso, na Eninter Ascensores n\u00e3o esquecemos o planeta e a import\u00e2ncia de respeitar o meio ambiente. Sabemos que o futuro e a inova\u00e7\u00e3o devem andar de m\u00e3os dadas com a sustentabilidade para que seja um verdadeiro avan\u00e7o. \u00c9 por isso que tamb\u00e9m oferecemos<strong> os<\/strong> nossos<strong> kits EcoLift<\/strong>, solu\u00e7\u00f5es diferentes que combinam os conceitos de energia, sustentabilidade e conforto. Se quiser saber mais sobre os nossos kits, <a href=\"https:\/\/www.eninter.com\/blog\/ahorra-energia-y-cuida-el-planeta-con-nuestros-kits\/\">clique aqui<\/a>.<\/p>\n<p>&nbsp;<\/p>\n","protected":false},"excerpt":{"rendered":"<p>O objetivo de todos os nossos produtos e servi\u00e7os \u00e9 melhorar a vida das pessoas e, como empresa ligada \u00e0 tecnologia, acompanhar os avan\u00e7os nesta \u00e1rea faz parte do nosso trabalho di\u00e1rio. \u00c9 por isso que, h\u00e1 15 anos, cri\u00e1mos o centro Centro de Design e Tecnologias do Futuro Eninter um espa\u00e7o dedicado \u00e0 investiga\u00e7\u00e3o [&hellip;]<\/p>\n","protected":false},"author":3,"featured_media":7712,"comment_status":"closed","ping_status":"closed","sticky":false,"template":"","format":"standard","meta":{"_acf_changed":false,"content-type":"","footnotes":""},"categories":[215],"tags":[],"class_list":["post-8454","post","type-post","status-publish","format-standard","has-post-thumbnail","hentry","category-elevadores"],"acf":[],"_yoast_wpseo_focuskw":"eninter design future technology centre","_yoast_wpseo_metadesc":null,"yoast_head":"<!-- This site is optimized with the Yoast SEO Premium plugin v21.6 (Yoast SEO v27.2) - https:\/\/yoast.com\/product\/yoast-seo-premium-wordpress\/ -->\n<title>Centro de Design e Tecnologias do Futuro da Eninter: antecipar o futuro% | Eninter Ascensores<\/title>\n<meta name=\"robots\" content=\"index, follow, max-snippet:-1, max-image-preview:large, max-video-preview:-1\" \/>\n<link rel=\"canonical\" href=\"https:\/\/www.eninter.com\/pt-pt\/centro-de-design-e-tecnologias-do-futuro-da-eninter-antecipar-o-futuro\/\" \/>\n<meta property=\"og:locale\" content=\"pt_PT\" \/>\n<meta property=\"og:type\" content=\"article\" \/>\n<meta property=\"og:title\" content=\"Centro de Design e Tecnologias do Futuro da Eninter: antecipar o futuro\" \/>\n<meta property=\"og:description\" content=\"O objetivo de todos os nossos produtos e servi\u00e7os \u00e9 melhorar a vida das pessoas e, como empresa ligada \u00e0 tecnologia, acompanhar os avan\u00e7os nesta \u00e1rea faz parte do nosso trabalho di\u00e1rio. \u00c9 por isso que, h\u00e1 15 anos, cri\u00e1mos o centro Centro de Design e Tecnologias do Futuro Eninter um espa\u00e7o dedicado \u00e0 investiga\u00e7\u00e3o [&hellip;]\" \/>\n<meta property=\"og:url\" content=\"https:\/\/www.eninter.com\/pt-pt\/centro-de-design-e-tecnologias-do-futuro-da-eninter-antecipar-o-futuro\/\" \/>\n<meta property=\"og:site_name\" content=\"ENINTER\" \/>\n<meta property=\"article:publisher\" content=\"https:\/\/www.facebook.com\/EninterAscensores\" \/>\n<meta property=\"article:published_time\" content=\"2020-07-13T11:38:06+00:00\" \/>\n<meta property=\"article:modified_time\" content=\"2025-01-08T12:44:16+00:00\" \/>\n<meta property=\"og:image\" content=\"https:\/\/www.eninter.com\/wp-content\/uploads\/2020\/07\/centro-tecnologico-eninter-design-future.jpg\" \/>\n\t<meta property=\"og:image:width\" content=\"1024\" \/>\n\t<meta property=\"og:image:height\" content=\"683\" \/>\n\t<meta property=\"og:image:type\" content=\"image\/jpeg\" \/>\n<meta name=\"author\" content=\"Albert Puig\" \/>\n<meta name=\"twitter:card\" content=\"summary_large_image\" \/>\n<meta name=\"twitter:creator\" content=\"@Eninter\" \/>\n<meta name=\"twitter:site\" content=\"@Eninter\" \/>\n<meta name=\"twitter:label1\" content=\"Escrito por\" \/>\n\t<meta name=\"twitter:data1\" content=\"Albert Puig\" \/>\n\t<meta name=\"twitter:label2\" content=\"Tempo estimado de leitura\" \/>\n\t<meta name=\"twitter:data2\" content=\"2 minutos\" \/>\n<!-- \/ Yoast SEO Premium plugin. -->","yoast_head_json":{"title":"Centro de Design e Tecnologias do Futuro da Eninter: antecipar o futuro% | Eninter Ascensores","robots":{"index":"index","follow":"follow","max-snippet":"max-snippet:-1","max-image-preview":"max-image-preview:large","max-video-preview":"max-video-preview:-1"},"canonical":"https:\/\/www.eninter.com\/pt-pt\/centro-de-design-e-tecnologias-do-futuro-da-eninter-antecipar-o-futuro\/","og_locale":"pt_PT","og_type":"article","og_title":"Centro de Design e Tecnologias do Futuro da Eninter: antecipar o futuro","og_description":"O objetivo de todos os nossos produtos e servi\u00e7os \u00e9 melhorar a vida das pessoas e, como empresa ligada \u00e0 tecnologia, acompanhar os avan\u00e7os nesta \u00e1rea faz parte do nosso trabalho di\u00e1rio. \u00c9 por isso que, h\u00e1 15 anos, cri\u00e1mos o centro Centro de Design e Tecnologias do Futuro Eninter um espa\u00e7o dedicado \u00e0 investiga\u00e7\u00e3o [&hellip;]","og_url":"https:\/\/www.eninter.com\/pt-pt\/centro-de-design-e-tecnologias-do-futuro-da-eninter-antecipar-o-futuro\/","og_site_name":"ENINTER","article_publisher":"https:\/\/www.facebook.com\/EninterAscensores","article_published_time":"2020-07-13T11:38:06+00:00","article_modified_time":"2025-01-08T12:44:16+00:00","og_image":[{"width":1024,"height":683,"url":"https:\/\/www.eninter.com\/wp-content\/uploads\/2020\/07\/centro-tecnologico-eninter-design-future.jpg","type":"image\/jpeg"}],"author":"Albert Puig","twitter_card":"summary_large_image","twitter_creator":"@Eninter","twitter_site":"@Eninter","twitter_misc":{"Escrito por":"Albert Puig","Tempo estimado de leitura":"2 minutos"},"schema":{"@context":"https:\/\/schema.org","@graph":[{"@type":"Article","@id":"https:\/\/www.eninter.com\/pt-pt\/centro-de-design-e-tecnologias-do-futuro-da-eninter-antecipar-o-futuro\/#article","isPartOf":{"@id":"https:\/\/www.eninter.com\/pt-pt\/centro-de-design-e-tecnologias-do-futuro-da-eninter-antecipar-o-futuro\/"},"author":{"name":"Albert Puig","@id":"https:\/\/www.eninter.com\/pt-pt\/#\/schema\/person\/e6178c261ac4210884c0e0264dd59043"},"headline":"Centro de Design e Tecnologias do Futuro da Eninter: antecipar o futuro","datePublished":"2020-07-13T11:38:06+00:00","dateModified":"2025-01-08T12:44:16+00:00","mainEntityOfPage":{"@id":"https:\/\/www.eninter.com\/pt-pt\/centro-de-design-e-tecnologias-do-futuro-da-eninter-antecipar-o-futuro\/"},"wordCount":442,"publisher":{"@id":"https:\/\/www.eninter.com\/pt-pt\/#organization"},"image":{"@id":"https:\/\/www.eninter.com\/pt-pt\/centro-de-design-e-tecnologias-do-futuro-da-eninter-antecipar-o-futuro\/#primaryimage"},"thumbnailUrl":"https:\/\/www.eninter.com\/wp-content\/uploads\/2020\/07\/centro-tecnologico-eninter-design-future.jpg","articleSection":["Elevadores"],"inLanguage":"pt-PT"},{"@type":"WebPage","@id":"https:\/\/www.eninter.com\/pt-pt\/centro-de-design-e-tecnologias-do-futuro-da-eninter-antecipar-o-futuro\/","url":"https:\/\/www.eninter.com\/pt-pt\/centro-de-design-e-tecnologias-do-futuro-da-eninter-antecipar-o-futuro\/","name":"Centro de Design e Tecnologias do Futuro da Eninter: antecipar o futuro% | Eninter Ascensores","isPartOf":{"@id":"https:\/\/www.eninter.com\/pt-pt\/#website"},"primaryImageOfPage":{"@id":"https:\/\/www.eninter.com\/pt-pt\/centro-de-design-e-tecnologias-do-futuro-da-eninter-antecipar-o-futuro\/#primaryimage"},"image":{"@id":"https:\/\/www.eninter.com\/pt-pt\/centro-de-design-e-tecnologias-do-futuro-da-eninter-antecipar-o-futuro\/#primaryimage"},"thumbnailUrl":"https:\/\/www.eninter.com\/wp-content\/uploads\/2020\/07\/centro-tecnologico-eninter-design-future.jpg","datePublished":"2020-07-13T11:38:06+00:00","dateModified":"2025-01-08T12:44:16+00:00","breadcrumb":{"@id":"https:\/\/www.eninter.com\/pt-pt\/centro-de-design-e-tecnologias-do-futuro-da-eninter-antecipar-o-futuro\/#breadcrumb"},"inLanguage":"pt-PT","potentialAction":[{"@type":"ReadAction","target":["https:\/\/www.eninter.com\/pt-pt\/centro-de-design-e-tecnologias-do-futuro-da-eninter-antecipar-o-futuro\/"]}]},{"@type":"ImageObject","inLanguage":"pt-PT","@id":"https:\/\/www.eninter.com\/pt-pt\/centro-de-design-e-tecnologias-do-futuro-da-eninter-antecipar-o-futuro\/#primaryimage","url":"https:\/\/www.eninter.com\/wp-content\/uploads\/2020\/07\/centro-tecnologico-eninter-design-future.jpg","contentUrl":"https:\/\/www.eninter.com\/wp-content\/uploads\/2020\/07\/centro-tecnologico-eninter-design-future.jpg","width":1024,"height":683},{"@type":"BreadcrumbList","@id":"https:\/\/www.eninter.com\/pt-pt\/centro-de-design-e-tecnologias-do-futuro-da-eninter-antecipar-o-futuro\/#breadcrumb","itemListElement":[{"@type":"ListItem","position":1,"name":"Portada","item":"https:\/\/www.eninter.com\/pt-pt\/"},{"@type":"ListItem","position":2,"name":"Centro de Design e Tecnologias do Futuro da Eninter: antecipar o futuro"}]},{"@type":"WebSite","@id":"https:\/\/www.eninter.com\/pt-pt\/#website","url":"https:\/\/www.eninter.com\/pt-pt\/","name":"ENINTER","description":"Mantenimiento de Ascensores Multimarca","publisher":{"@id":"https:\/\/www.eninter.com\/pt-pt\/#organization"},"potentialAction":[{"@type":"SearchAction","target":{"@type":"EntryPoint","urlTemplate":"https:\/\/www.eninter.com\/pt-pt\/?s={search_term_string}"},"query-input":{"@type":"PropertyValueSpecification","valueRequired":true,"valueName":"search_term_string"}}],"inLanguage":"pt-PT"},{"@type":"Organization","@id":"https:\/\/www.eninter.com\/pt-pt\/#organization","name":"Eniter","url":"https:\/\/www.eninter.com\/pt-pt\/","logo":{"@type":"ImageObject","inLanguage":"pt-PT","@id":"https:\/\/www.eninter.com\/pt-pt\/#\/schema\/logo\/image\/","url":"https:\/\/www.eninter.com\/wp-content\/uploads\/2023\/08\/logo-eninter-png.png","contentUrl":"https:\/\/www.eninter.com\/wp-content\/uploads\/2023\/08\/logo-eninter-png.png","width":600,"height":340,"caption":"Eniter"},"image":{"@id":"https:\/\/www.eninter.com\/pt-pt\/#\/schema\/logo\/image\/"},"sameAs":["https:\/\/www.facebook.com\/EninterAscensores","https:\/\/x.com\/Eninter","https:\/\/www.instagram.com\/eninterascensores\/","https:\/\/www.youtube.com\/user\/ascensoreseninter"]},{"@type":"Person","@id":"https:\/\/www.eninter.com\/pt-pt\/#\/schema\/person\/e6178c261ac4210884c0e0264dd59043","name":"Albert Puig","image":{"@type":"ImageObject","inLanguage":"pt-PT","@id":"https:\/\/secure.gravatar.com\/avatar\/583d07f3f1036f58d0e44e873586278b582179a16b27a5b3951504e9ee001c06?s=96&d=mm&r=g","url":"https:\/\/secure.gravatar.com\/avatar\/583d07f3f1036f58d0e44e873586278b582179a16b27a5b3951504e9ee001c06?s=96&d=mm&r=g","contentUrl":"https:\/\/secure.gravatar.com\/avatar\/583d07f3f1036f58d0e44e873586278b582179a16b27a5b3951504e9ee001c06?s=96&d=mm&r=g","caption":"Albert Puig"}}]}},"_links":{"self":[{"href":"https:\/\/www.eninter.com\/pt-pt\/wp-json\/wp\/v2\/posts\/8454","targetHints":{"allow":["GET"]}}],"collection":[{"href":"https:\/\/www.eninter.com\/pt-pt\/wp-json\/wp\/v2\/posts"}],"about":[{"href":"https:\/\/www.eninter.com\/pt-pt\/wp-json\/wp\/v2\/types\/post"}],"author":[{"embeddable":true,"href":"https:\/\/www.eninter.com\/pt-pt\/wp-json\/wp\/v2\/users\/3"}],"replies":[{"embeddable":true,"href":"https:\/\/www.eninter.com\/pt-pt\/wp-json\/wp\/v2\/comments?post=8454"}],"version-history":[{"count":0,"href":"https:\/\/www.eninter.com\/pt-pt\/wp-json\/wp\/v2\/posts\/8454\/revisions"}],"wp:featuredmedia":[{"embeddable":true,"href":"https:\/\/www.eninter.com\/pt-pt\/wp-json\/wp\/v2\/media\/7712"}],"wp:attachment":[{"href":"https:\/\/www.eninter.com\/pt-pt\/wp-json\/wp\/v2\/media?parent=8454"}],"wp:term":[{"taxonomy":"category","embeddable":true,"href":"https:\/\/www.eninter.com\/pt-pt\/wp-json\/wp\/v2\/categories?post=8454"},{"taxonomy":"post_tag","embeddable":true,"href":"https:\/\/www.eninter.com\/pt-pt\/wp-json\/wp\/v2\/tags?post=8454"}],"curies":[{"name":"wp","href":"https:\/\/api.w.org\/{rel}","templated":true}]}}