{"id":8457,"date":"2020-06-22T11:12:19","date_gmt":"2020-06-22T11:12:19","guid":{"rendered":"https:\/\/www.eninter.com\/as-nossas-tres-solucoes-pos-covid-para-o-tranquilizar\/"},"modified":"2025-01-08T12:44:08","modified_gmt":"2025-01-08T12:44:08","slug":"as-nossas-tres-solucoes-pos-covid-para-o-tranquilizar","status":"publish","type":"post","link":"https:\/\/www.eninter.com\/pt-pt\/as-nossas-tres-solucoes-pos-covid-para-o-tranquilizar\/","title":{"rendered":"As nossas tr\u00eas solu\u00e7\u00f5es p\u00f3s Covid para o tranquilizar"},"content":{"rendered":"<p>Na <strong>Eninter Ascensores<\/strong> sempre sublinh\u00e1mos que trabalhamos para melhorar a sua qualidade de vida. Neste momento e depois da crise sanit\u00e1ria que estamos a viver, a paz de esp\u00edrito tornou-se um valor indispens\u00e1vel para melhorar a nossa qualidade de vida. \u00c9 por isso que decidimos propor-lhe um <strong>pacote de produtos postcovid<\/strong> que visam garantir a sua tranquilidade. Hoje vamos falar de tr\u00eas solu\u00e7\u00f5es dispon\u00edveis no mercado, concebidas com o \u00fanico objetivo de lhe dar a tranquilidade de que necessita neste momento de incerteza e, assim, melhorar a sua qualidade de vida.<\/p>\n<p>Claro que o inimigo \u00e9 invis\u00edvel e isso complica tudo, mas gostaria de ter a certeza de que o ar que respira \u00e9 puro e as superf\u00edcies em que toca est\u00e3o livres de germes? Sabemos que sim, e \u00e9 por isso que j\u00e1 dispomos de duas solu\u00e7\u00f5es capazes de purificar e desinfetar o ar que respira.<\/p>\n<p>Por um lado, o <strong>eZONO<\/strong>, um sistema que utiliza a difus\u00e3o de ozono para desinfetar o seu elevador, uma vez que tem a capacidade de destruir o v\u00edrus gra\u00e7as ao seu efeito de oxida\u00e7\u00e3o. O ozono \u00e9 capaz de desinfetar o ar e as superf\u00edcies n\u00e3o s\u00f3 de v\u00edrus mas de todos os tipos de germes, bact\u00e9rias, fungos,&#8230; De facto, segundo a OMS, a Organiza\u00e7\u00e3o Mundial de Sa\u00fade, \u00e9 o desinfetante mais eficaz para todos os tipos de microorganismos. Al\u00e9m disso, sendo um g\u00e1s, tem a capacidade de penetrar e ocupar todos os espa\u00e7os de dif\u00edcil acesso por difus\u00e3o, o que constitui uma grande vantagem em rela\u00e7\u00e3o a outros desinfectantes. No entanto, tamb\u00e9m tem algumas desvantagens, incluindo o facto de a exposi\u00e7\u00e3o cont\u00ednua a este tipo de g\u00e1s durante mais de 8 horas poder ser prejudicial para a sa\u00fade.<\/p>\n<p>Mas n\u00e3o s\u00f3 temos a possibilidade de desinfetar o ar com uma solu\u00e7\u00e3o gasosa, como tamb\u00e9m podemos garantir a sua desinfe\u00e7\u00e3o expondo-o \u00e0 luz ultravioleta. Sim, est\u00e1 a ouvir bem, esta \u00e9 a metodologia utilizada pela solu\u00e7\u00e3o <strong>eUV<\/strong>. A luz UV (ultravioleta) caracteriza-se pela sua simplicidade e efic\u00e1cia. Flex\u00edvel e adapt\u00e1vel a qualquer local, o sistema irradia uma luz capaz de desinfetar o ar e as superf\u00edcies sobre as quais incide. No entanto, deve ter-se em conta que as zonas que permanecem \u00e0 sombra n\u00e3o ser\u00e3o desinfectadas e que a exposi\u00e7\u00e3o cont\u00ednua \u00e0 luz ultravioleta pode tamb\u00e9m causar danos a alguns \u00f3rg\u00e3os oculares. A <strong>solu\u00e7\u00e3o eUV<\/strong> teve em conta estes inconvenientes e, na sua implementa\u00e7\u00e3o no elevador, a luz \u00e9 ligada quando as pessoas saem e o elevador est\u00e1 vazio.<\/p>\n<p>Trata-se de duas solu\u00e7\u00f5es ideais n\u00e3o s\u00f3 para serem instaladas no elevador da sua propriedade mas, sobretudo, nos elevadores dos edif\u00edcios onde o risco de infe\u00e7\u00e3o ou a presen\u00e7a de germes \u00e9 maior. S\u00e3o os sistemas perfeitos para instalar em elevadores de hospitais, lares de idosos, escolas&#8230; A covid-19 tamb\u00e9m nos trouxe a oportunidade de melhorar as medidas de desinfe\u00e7\u00e3o a todos os n\u00edveis e decidimos aproveit\u00e1-la.<\/p>\n<p>Tamb\u00e9m sabemos que cada vez que abre a porta da sua casa ou toca no bot\u00e3o do elevador da sua propriedade se sente desconfort\u00e1vel, mas deve saber que existe um conjunto de produtos que pode utilizar para aceder \u00e0 sua casa sem qualquer risco. J\u00e1 imaginou poder chamar o elevador com o seu p\u00e9, com um controlo remoto ou com o seu pr\u00f3prio telem\u00f3vel? Parece um filme, n\u00e3o parece? Na Eninter Ascensores torn\u00e1mo-lo real com o nosso sistema eProx.<\/p>\n<p>Com o servi\u00e7o <strong>Access Prox<\/strong> da Eninter ganhar\u00e1 em seguran\u00e7a, conforto e qualidade de vida. Al\u00e9m disso, se a sua casa tiver sistemas de dom\u00f3tica, <strong>o Access Prox<\/strong> integra-se perfeitamente com eles. Com uma instala\u00e7\u00e3o muito simples, poder\u00e1 controlar o acesso por utilizador e por hor\u00e1rio, ligar e desligar as luzes da sua casa, programar a rega do seu jardim, chamar o elevador \u00e0 dist\u00e2ncia para reduzir os tempos de espera&#8230;<\/p>\n<p>E agora&#8230; \u00e9 quando deve perguntar a si pr\u00f3prio quanto vale a sua paz de esp\u00edrito? Para obter mais informa\u00e7\u00f5es sobre o nosso pacote de solu\u00e7\u00f5es , clique aqui.<\/p>\n","protected":false},"excerpt":{"rendered":"<p>Na Eninter Ascensores sempre sublinh\u00e1mos que trabalhamos para melhorar a sua qualidade de vida. Neste momento e depois da crise sanit\u00e1ria que estamos a viver, a paz de esp\u00edrito tornou-se um valor indispens\u00e1vel para melhorar a nossa qualidade de vida. \u00c9 por isso que decidimos propor-lhe um pacote de produtos postcovid que visam garantir a [&hellip;]<\/p>\n","protected":false},"author":3,"featured_media":7718,"comment_status":"closed","ping_status":"closed","sticky":false,"template":"","format":"standard","meta":{"_acf_changed":false,"content-type":"","footnotes":""},"categories":[215],"tags":[],"class_list":["post-8457","post","type-post","status-publish","format-standard","has-post-thumbnail","hentry","category-elevadores"],"acf":[],"_yoast_wpseo_focuskw":"solu\u00e7\u00f5es-p\u00f3s-covid","_yoast_wpseo_metadesc":null,"yoast_head":"<!-- This site is optimized with the Yoast SEO Premium plugin v21.6 (Yoast SEO v27.2) - https:\/\/yoast.com\/product\/yoast-seo-premium-wordpress\/ -->\n<title>As nossas tr\u00eas solu\u00e7\u00f5es p\u00f3s Covid para o tranquilizar - ENINTER<\/title>\n<meta name=\"robots\" content=\"index, follow, max-snippet:-1, max-image-preview:large, max-video-preview:-1\" \/>\n<link rel=\"canonical\" href=\"https:\/\/www.eninter.com\/pt-pt\/as-nossas-tres-solucoes-pos-covid-para-o-tranquilizar\/\" \/>\n<meta property=\"og:locale\" content=\"pt_PT\" \/>\n<meta property=\"og:type\" content=\"article\" \/>\n<meta property=\"og:title\" content=\"As nossas tr\u00eas solu\u00e7\u00f5es p\u00f3s Covid para o tranquilizar\" \/>\n<meta property=\"og:description\" content=\"Na Eninter Ascensores sempre sublinh\u00e1mos que trabalhamos para melhorar a sua qualidade de vida. Neste momento e depois da crise sanit\u00e1ria que estamos a viver, a paz de esp\u00edrito tornou-se um valor indispens\u00e1vel para melhorar a nossa qualidade de vida. \u00c9 por isso que decidimos propor-lhe um pacote de produtos postcovid que visam garantir a [&hellip;]\" \/>\n<meta property=\"og:url\" content=\"https:\/\/www.eninter.com\/pt-pt\/as-nossas-tres-solucoes-pos-covid-para-o-tranquilizar\/\" \/>\n<meta property=\"og:site_name\" content=\"ENINTER\" \/>\n<meta property=\"article:publisher\" content=\"https:\/\/www.facebook.com\/EninterAscensores\" \/>\n<meta property=\"article:published_time\" content=\"2020-06-22T11:12:19+00:00\" \/>\n<meta property=\"article:modified_time\" content=\"2025-01-08T12:44:08+00:00\" \/>\n<meta property=\"og:image\" content=\"https:\/\/www.eninter.com\/wp-content\/uploads\/2020\/06\/soluciones-post-covid.jpg\" \/>\n\t<meta property=\"og:image:width\" content=\"1024\" \/>\n\t<meta property=\"og:image:height\" content=\"683\" \/>\n\t<meta property=\"og:image:type\" content=\"image\/jpeg\" \/>\n<meta name=\"author\" content=\"Albert Puig\" \/>\n<meta name=\"twitter:card\" content=\"summary_large_image\" \/>\n<meta name=\"twitter:creator\" content=\"@Eninter\" \/>\n<meta name=\"twitter:site\" content=\"@Eninter\" \/>\n<meta name=\"twitter:label1\" content=\"Escrito por\" \/>\n\t<meta name=\"twitter:data1\" content=\"Albert Puig\" \/>\n\t<meta name=\"twitter:label2\" content=\"Tempo estimado de leitura\" \/>\n\t<meta name=\"twitter:data2\" content=\"4 minutos\" \/>\n<!-- \/ Yoast SEO Premium plugin. -->","yoast_head_json":{"title":"As nossas tr\u00eas solu\u00e7\u00f5es p\u00f3s Covid para o tranquilizar - ENINTER","robots":{"index":"index","follow":"follow","max-snippet":"max-snippet:-1","max-image-preview":"max-image-preview:large","max-video-preview":"max-video-preview:-1"},"canonical":"https:\/\/www.eninter.com\/pt-pt\/as-nossas-tres-solucoes-pos-covid-para-o-tranquilizar\/","og_locale":"pt_PT","og_type":"article","og_title":"As nossas tr\u00eas solu\u00e7\u00f5es p\u00f3s Covid para o tranquilizar","og_description":"Na Eninter Ascensores sempre sublinh\u00e1mos que trabalhamos para melhorar a sua qualidade de vida. Neste momento e depois da crise sanit\u00e1ria que estamos a viver, a paz de esp\u00edrito tornou-se um valor indispens\u00e1vel para melhorar a nossa qualidade de vida. \u00c9 por isso que decidimos propor-lhe um pacote de produtos postcovid que visam garantir a [&hellip;]","og_url":"https:\/\/www.eninter.com\/pt-pt\/as-nossas-tres-solucoes-pos-covid-para-o-tranquilizar\/","og_site_name":"ENINTER","article_publisher":"https:\/\/www.facebook.com\/EninterAscensores","article_published_time":"2020-06-22T11:12:19+00:00","article_modified_time":"2025-01-08T12:44:08+00:00","og_image":[{"width":1024,"height":683,"url":"https:\/\/www.eninter.com\/wp-content\/uploads\/2020\/06\/soluciones-post-covid.jpg","type":"image\/jpeg"}],"author":"Albert Puig","twitter_card":"summary_large_image","twitter_creator":"@Eninter","twitter_site":"@Eninter","twitter_misc":{"Escrito por":"Albert Puig","Tempo estimado de leitura":"4 minutos"},"schema":{"@context":"https:\/\/schema.org","@graph":[{"@type":"Article","@id":"https:\/\/www.eninter.com\/pt-pt\/as-nossas-tres-solucoes-pos-covid-para-o-tranquilizar\/#article","isPartOf":{"@id":"https:\/\/www.eninter.com\/pt-pt\/as-nossas-tres-solucoes-pos-covid-para-o-tranquilizar\/"},"author":{"name":"Albert Puig","@id":"https:\/\/www.eninter.com\/pt-pt\/#\/schema\/person\/e6178c261ac4210884c0e0264dd59043"},"headline":"As nossas tr\u00eas solu\u00e7\u00f5es p\u00f3s Covid para o tranquilizar","datePublished":"2020-06-22T11:12:19+00:00","dateModified":"2025-01-08T12:44:08+00:00","mainEntityOfPage":{"@id":"https:\/\/www.eninter.com\/pt-pt\/as-nossas-tres-solucoes-pos-covid-para-o-tranquilizar\/"},"wordCount":734,"publisher":{"@id":"https:\/\/www.eninter.com\/pt-pt\/#organization"},"image":{"@id":"https:\/\/www.eninter.com\/pt-pt\/as-nossas-tres-solucoes-pos-covid-para-o-tranquilizar\/#primaryimage"},"thumbnailUrl":"https:\/\/www.eninter.com\/wp-content\/uploads\/2020\/06\/soluciones-post-covid.jpg","articleSection":["Elevadores"],"inLanguage":"pt-PT"},{"@type":"WebPage","@id":"https:\/\/www.eninter.com\/pt-pt\/as-nossas-tres-solucoes-pos-covid-para-o-tranquilizar\/","url":"https:\/\/www.eninter.com\/pt-pt\/as-nossas-tres-solucoes-pos-covid-para-o-tranquilizar\/","name":"As nossas tr\u00eas solu\u00e7\u00f5es p\u00f3s Covid para o tranquilizar - ENINTER","isPartOf":{"@id":"https:\/\/www.eninter.com\/pt-pt\/#website"},"primaryImageOfPage":{"@id":"https:\/\/www.eninter.com\/pt-pt\/as-nossas-tres-solucoes-pos-covid-para-o-tranquilizar\/#primaryimage"},"image":{"@id":"https:\/\/www.eninter.com\/pt-pt\/as-nossas-tres-solucoes-pos-covid-para-o-tranquilizar\/#primaryimage"},"thumbnailUrl":"https:\/\/www.eninter.com\/wp-content\/uploads\/2020\/06\/soluciones-post-covid.jpg","datePublished":"2020-06-22T11:12:19+00:00","dateModified":"2025-01-08T12:44:08+00:00","breadcrumb":{"@id":"https:\/\/www.eninter.com\/pt-pt\/as-nossas-tres-solucoes-pos-covid-para-o-tranquilizar\/#breadcrumb"},"inLanguage":"pt-PT","potentialAction":[{"@type":"ReadAction","target":["https:\/\/www.eninter.com\/pt-pt\/as-nossas-tres-solucoes-pos-covid-para-o-tranquilizar\/"]}]},{"@type":"ImageObject","inLanguage":"pt-PT","@id":"https:\/\/www.eninter.com\/pt-pt\/as-nossas-tres-solucoes-pos-covid-para-o-tranquilizar\/#primaryimage","url":"https:\/\/www.eninter.com\/wp-content\/uploads\/2020\/06\/soluciones-post-covid.jpg","contentUrl":"https:\/\/www.eninter.com\/wp-content\/uploads\/2020\/06\/soluciones-post-covid.jpg","width":1024,"height":683},{"@type":"BreadcrumbList","@id":"https:\/\/www.eninter.com\/pt-pt\/as-nossas-tres-solucoes-pos-covid-para-o-tranquilizar\/#breadcrumb","itemListElement":[{"@type":"ListItem","position":1,"name":"Portada","item":"https:\/\/www.eninter.com\/pt-pt\/"},{"@type":"ListItem","position":2,"name":"As nossas tr\u00eas solu\u00e7\u00f5es p\u00f3s Covid para o tranquilizar"}]},{"@type":"WebSite","@id":"https:\/\/www.eninter.com\/pt-pt\/#website","url":"https:\/\/www.eninter.com\/pt-pt\/","name":"ENINTER","description":"Mantenimiento de Ascensores Multimarca","publisher":{"@id":"https:\/\/www.eninter.com\/pt-pt\/#organization"},"potentialAction":[{"@type":"SearchAction","target":{"@type":"EntryPoint","urlTemplate":"https:\/\/www.eninter.com\/pt-pt\/?s={search_term_string}"},"query-input":{"@type":"PropertyValueSpecification","valueRequired":true,"valueName":"search_term_string"}}],"inLanguage":"pt-PT"},{"@type":"Organization","@id":"https:\/\/www.eninter.com\/pt-pt\/#organization","name":"Eniter","url":"https:\/\/www.eninter.com\/pt-pt\/","logo":{"@type":"ImageObject","inLanguage":"pt-PT","@id":"https:\/\/www.eninter.com\/pt-pt\/#\/schema\/logo\/image\/","url":"https:\/\/www.eninter.com\/wp-content\/uploads\/2023\/08\/logo-eninter-png.png","contentUrl":"https:\/\/www.eninter.com\/wp-content\/uploads\/2023\/08\/logo-eninter-png.png","width":600,"height":340,"caption":"Eniter"},"image":{"@id":"https:\/\/www.eninter.com\/pt-pt\/#\/schema\/logo\/image\/"},"sameAs":["https:\/\/www.facebook.com\/EninterAscensores","https:\/\/x.com\/Eninter","https:\/\/www.instagram.com\/eninterascensores\/","https:\/\/www.youtube.com\/user\/ascensoreseninter"]},{"@type":"Person","@id":"https:\/\/www.eninter.com\/pt-pt\/#\/schema\/person\/e6178c261ac4210884c0e0264dd59043","name":"Albert Puig","image":{"@type":"ImageObject","inLanguage":"pt-PT","@id":"https:\/\/secure.gravatar.com\/avatar\/583d07f3f1036f58d0e44e873586278b582179a16b27a5b3951504e9ee001c06?s=96&d=mm&r=g","url":"https:\/\/secure.gravatar.com\/avatar\/583d07f3f1036f58d0e44e873586278b582179a16b27a5b3951504e9ee001c06?s=96&d=mm&r=g","contentUrl":"https:\/\/secure.gravatar.com\/avatar\/583d07f3f1036f58d0e44e873586278b582179a16b27a5b3951504e9ee001c06?s=96&d=mm&r=g","caption":"Albert Puig"}}]}},"_links":{"self":[{"href":"https:\/\/www.eninter.com\/pt-pt\/wp-json\/wp\/v2\/posts\/8457","targetHints":{"allow":["GET"]}}],"collection":[{"href":"https:\/\/www.eninter.com\/pt-pt\/wp-json\/wp\/v2\/posts"}],"about":[{"href":"https:\/\/www.eninter.com\/pt-pt\/wp-json\/wp\/v2\/types\/post"}],"author":[{"embeddable":true,"href":"https:\/\/www.eninter.com\/pt-pt\/wp-json\/wp\/v2\/users\/3"}],"replies":[{"embeddable":true,"href":"https:\/\/www.eninter.com\/pt-pt\/wp-json\/wp\/v2\/comments?post=8457"}],"version-history":[{"count":0,"href":"https:\/\/www.eninter.com\/pt-pt\/wp-json\/wp\/v2\/posts\/8457\/revisions"}],"wp:featuredmedia":[{"embeddable":true,"href":"https:\/\/www.eninter.com\/pt-pt\/wp-json\/wp\/v2\/media\/7718"}],"wp:attachment":[{"href":"https:\/\/www.eninter.com\/pt-pt\/wp-json\/wp\/v2\/media?parent=8457"}],"wp:term":[{"taxonomy":"category","embeddable":true,"href":"https:\/\/www.eninter.com\/pt-pt\/wp-json\/wp\/v2\/categories?post=8457"},{"taxonomy":"post_tag","embeddable":true,"href":"https:\/\/www.eninter.com\/pt-pt\/wp-json\/wp\/v2\/tags?post=8457"}],"curies":[{"name":"wp","href":"https:\/\/api.w.org\/{rel}","templated":true}]}}