{"id":8460,"date":"2020-04-23T09:41:14","date_gmt":"2020-04-23T09:41:14","guid":{"rendered":"https:\/\/www.eninter.com\/qual-deve-ser-o-aspeto-dos-elevadores-nos-hospitais-e-como-devem-ser-concebidos\/"},"modified":"2025-01-08T12:44:01","modified_gmt":"2025-01-08T12:44:01","slug":"qual-deve-ser-o-aspeto-dos-elevadores-nos-hospitais-e-como-devem-ser-concebidos","status":"publish","type":"post","link":"https:\/\/www.eninter.com\/pt-pt\/qual-deve-ser-o-aspeto-dos-elevadores-nos-hospitais-e-como-devem-ser-concebidos\/","title":{"rendered":"Como devem ser os elevadores nos hospitais?"},"content":{"rendered":"<p>Infelizmente, a<a href=\"https:\/\/www.who.int\/es\/health-topics\/coronavirus#tab=tab_1\"> <strong>crise sanit\u00e1ria<\/strong><\/a> que estamos a viver leva-nos repetidamente \u00e0 situa\u00e7\u00e3o quotidiana dos hospitais. Todos n\u00f3s j\u00e1 visit\u00e1mos um hospital uma vez ou outra, e provavelmente j\u00e1 tom\u00e1mos a  <strong>elevador<\/strong>  mais do que uma vez para subir ou descer at\u00e9 ao andar onde estava o nosso amigo ou familiar, mas alguma vez nos pergunt\u00e1mos como deve ser subir ou descer at\u00e9 ao andar onde estava o nosso amigo ou familiar?  <strong>elevadores nos hospitais<\/strong>  E o que deve ser tido em conta na sua conce\u00e7\u00e3o? Explicamos-lhe neste post.<\/p>\n<p>Somos uma empresa especializada em <strong>ascensores<\/strong>, por isso na <strong>Eninter Ascensores<\/strong> sabemos que nem todos os ascensores s\u00e3o iguais. Existem ascensores espec\u00edficos para determinados sectores, desenvolvidos e concebidos para satisfazer as necessidades espec\u00edficas de determinados edif\u00edcios. Um desses sectores \u00e9 o sector hospitalar, onde os elevadores desempenham um papel muito importante devido \u00e0s fun\u00e7\u00f5es desempenhadas nestas instala\u00e7\u00f5es.<\/p>\n<p>&nbsp;<\/p>\n<h2><strong>Como devem ser os elevadores nos hospitais<\/strong><\/h2>\n<p>Se h\u00e1 uma coisa que caracteriza os elevadores<strong>hospitalares<\/strong> \u00e9 a sua frequ\u00eancia de utiliza\u00e7\u00e3o: s\u00e3o utilizados dia e noite, sem parar. Al\u00e9m disso, durante as horas de visita, a sua utiliza\u00e7\u00e3o aumenta ainda mais.<\/p>\n<p>Esta carater\u00edstica significa que o elevador tem de ser concebido para suportar esta frequ\u00eancia de utiliza\u00e7\u00e3o intensa, tudo isto sem perder efici\u00eancia e, claro, seguran\u00e7a. Outro aspeto particular destes elevadores \u00e9 a grande capacidade que t\u00eam de ter, n\u00e3o s\u00f3 devido ao n\u00famero de pessoas que os utilizam diariamente, mas tamb\u00e9m porque muitos deles s\u00e3o utilizados para transportar doentes, muitas vezes em camas e macas.<\/p>\n<p><img fetchpriority=\"high\" decoding=\"async\" class=\"alignnone size-medium wp-image-5312\" src=\"https:\/\/www.eninter.com\/wp-content\/uploads\/2020\/04\/ascensores-hospitales-300x200.jpg\" alt=\"elevadores-hospitais\" width=\"300\" height=\"200\" srcset=\"https:\/\/www.eninter.com\/wp-content\/uploads\/2020\/04\/ascensores-hospitales-300x200.jpg 300w, https:\/\/www.eninter.com\/wp-content\/uploads\/2020\/04\/ascensores-hospitales-768x512.jpg 768w, https:\/\/www.eninter.com\/wp-content\/uploads\/2020\/04\/ascensores-hospitales.jpg 1024w\" sizes=\"(max-width: 300px) 100vw, 300px\" \/><\/p>\n<h2><strong>Quais s\u00e3o as normas que os elevadores dos hospitais t\u00eam de cumprir?<\/strong><\/h2>\n<p><strong> <\/strong>Com estes dois elementos em mente, existem algumas regras para a conce\u00e7\u00e3o de um elevador para uma <strong>cl\u00ednica<\/strong> ou <strong>hospital<\/strong>. Estas s\u00e3o descritas a seguir:<\/p>\n<ul>\n<li>O <strong>n\u00famero de elevadores<\/strong> e as suas dimens\u00f5es s\u00e3o determinados em fun\u00e7\u00e3o do edif\u00edcio e do n\u00famero de pessoas que o atravessam diariamente. No caso dos elevadores de emerg\u00eancia, cumprem o r\u00e1cio de um por 1.000 pessoas.<\/li>\n<li>A <strong>carga m\u00ednima<\/strong> que um elevador m\u00e9dico deve transportar \u00e9 de 1050 quilogramas, pouco mais de uma tonelada.<\/li>\n<li>O percurso dos elevadores deve ser efectuado em menos de um minuto. Por conseguinte, a <strong>velocidade<\/strong> deve ser ajustada a esta medida.<\/li>\n<li>As <strong>dimens\u00f5es<\/strong> da cabina devem ser de, pelo menos, 1,20 metros de largura por 2,10 metros de comprimento.<\/li>\n<li>Em caso de falha de energia, os elevadores hospitalares devem poder funcionar durante, pelo menos, uma hora suplementar, pelo que devem estar equipados com uma <strong>bateria de emerg\u00eancia<\/strong>.<\/li>\n<li>O <strong>elevador<\/strong> deve ser <strong>acess\u00edvel<\/strong>, ou seja, n\u00e3o deve haver desfasamento entre a altura da cabina e o ch\u00e3o ou qualquer tipo de obst\u00e1culo, uma vez que ir\u00e1 receber utilizadores em cadeiras de rodas, em macas,&#8230;<\/li>\n<li>Este tipo de elevador deve respeitar as mesmas <strong>normas de seguran\u00e7a<\/strong> que qualquer outro elevador convencional, garantindo o servi\u00e7o de seguran\u00e7a em caso de emerg\u00eancia. <strong>Os elevadores dos hospitais<\/strong> devem ter um telefone para comunicar com o servi\u00e7o de emerg\u00eancia da empresa de manuten\u00e7\u00e3o (24 horas), bot\u00f5es de alarme e luzes de emerg\u00eancia, bem como regras de prote\u00e7\u00e3o contra inc\u00eandios e de seguran\u00e7a em caso de evacua\u00e7\u00e3o. Para garantir esta seguran\u00e7a, \u00e9 necess\u00e1rio efetuar<strong> controlos<\/strong> de manuten\u00e7\u00e3o<strong> regulares<\/strong> por uma empresa <strong>de manuten\u00e7\u00e3o de elevadores<\/strong>. A n\u00e3o aprova\u00e7\u00e3o nestes controlos pode ser perigosa, podendo mesmo levar a multas por parte da administra\u00e7\u00e3o.<\/li>\n<li><strong>O conforto<\/strong> \u00e9 outro aspeto a ter em conta, que exigir\u00e1 uma manuten\u00e7\u00e3o para garantir que o movimento do elevador seja suave e sem sobressaltos.<\/li>\n<li>Os elevadores devem ser fabricados com materiais que permitam uma <strong>limpeza e desinfe\u00e7\u00e3o<\/strong> perfeitas. Para responder a estas exig\u00eancias, s\u00e3o estabelecidas medidas como a utiliza\u00e7\u00e3o de materiais antibacterianos na cabina, sistemas de impermeabiliza\u00e7\u00e3o do po\u00e7o do elevador para evitar a humidade, incorpora\u00e7\u00e3o de sistemas de ventila\u00e7\u00e3o, etc. Os elevadores devem estar sempre limpos e desinfectados. Esta necessidade \u00e9 ainda mais premente na situa\u00e7\u00e3o atual, a fim de evitar, tanto quanto poss\u00edvel, a propaga\u00e7\u00e3o da Covid-19.<br \/>\n  <strong>para evitar, tanto quanto poss\u00edvel, a propaga\u00e7\u00e3o da Covid-19<\/strong><br \/>\n numa zona de alto risco, como um hospital.<\/li>\n<\/ul>\n<p>A partir do <strong>#EninterAscensores<\/strong> continuamos a trabalhar durante estes dias dif\u00edceis para garantir <strong>a seguran\u00e7a<\/strong> de todos os utilizadores <strong>de elevadores<\/strong> em <strong>hospitais<\/strong> e <strong>cl\u00ednicas <\/strong>.  <\/p>\n","protected":false},"excerpt":{"rendered":"<p>Infelizmente, a crise sanit\u00e1ria que estamos a viver leva-nos repetidamente \u00e0 situa\u00e7\u00e3o quotidiana dos hospitais. Todos n\u00f3s j\u00e1 visit\u00e1mos um hospital uma vez ou outra, e provavelmente j\u00e1 tom\u00e1mos a elevador mais do que uma vez para subir ou descer at\u00e9 ao andar onde estava o nosso amigo ou familiar, mas alguma vez nos pergunt\u00e1mos [&hellip;]<\/p>\n","protected":false},"author":3,"featured_media":7724,"comment_status":"closed","ping_status":"closed","sticky":false,"template":"","format":"standard","meta":{"_acf_changed":false,"content-type":"","footnotes":""},"categories":[215],"tags":[],"class_list":["post-8460","post","type-post","status-publish","format-standard","has-post-thumbnail","hentry","category-elevadores"],"acf":[],"_yoast_wpseo_focuskw":"Elevadores nos hospitais","_yoast_wpseo_metadesc":"Qual deve ser o aspeto dos elevadores nos hospitais e o que deve ser tido em conta na sua conce\u00e7\u00e3o? Explicamos-lhe a partir da Eninter.","yoast_head":"<!-- This site is optimized with the Yoast SEO Premium plugin v21.6 (Yoast SEO v27.2) - https:\/\/yoast.com\/product\/yoast-seo-premium-wordpress\/ -->\n<title>Como devem ser os elevadores nos hospitais?<\/title>\n<meta name=\"description\" content=\"Qual deve ser o aspeto dos elevadores nos hospitais e o que deve ser tido em conta na sua conce\u00e7\u00e3o? Explicamos-lhe a partir da Eninter.\" \/>\n<meta name=\"robots\" content=\"index, follow, max-snippet:-1, max-image-preview:large, max-video-preview:-1\" \/>\n<link rel=\"canonical\" href=\"https:\/\/www.eninter.com\/pt-pt\/qual-deve-ser-o-aspeto-dos-elevadores-nos-hospitais-e-como-devem-ser-concebidos\/\" \/>\n<meta property=\"og:locale\" content=\"pt_PT\" \/>\n<meta property=\"og:type\" content=\"article\" \/>\n<meta property=\"og:title\" content=\"Como devem ser os elevadores nos hospitais?\" \/>\n<meta property=\"og:description\" content=\"Qual deve ser o aspeto dos elevadores nos hospitais e o que deve ser tido em conta na sua conce\u00e7\u00e3o? Explicamos-lhe a partir da Eninter.\" \/>\n<meta property=\"og:url\" content=\"https:\/\/www.eninter.com\/pt-pt\/qual-deve-ser-o-aspeto-dos-elevadores-nos-hospitais-e-como-devem-ser-concebidos\/\" \/>\n<meta property=\"og:site_name\" content=\"ENINTER\" \/>\n<meta property=\"article:publisher\" content=\"https:\/\/www.facebook.com\/EninterAscensores\" \/>\n<meta property=\"article:published_time\" content=\"2020-04-23T09:41:14+00:00\" \/>\n<meta property=\"article:modified_time\" content=\"2025-01-08T12:44:01+00:00\" \/>\n<meta property=\"og:image\" content=\"https:\/\/www.eninter.com\/wp-content\/uploads\/2020\/04\/ascensores-hospitales.jpg\" \/>\n\t<meta property=\"og:image:width\" content=\"1024\" \/>\n\t<meta property=\"og:image:height\" content=\"683\" \/>\n\t<meta property=\"og:image:type\" content=\"image\/jpeg\" \/>\n<meta name=\"author\" content=\"Albert Puig\" \/>\n<meta name=\"twitter:card\" content=\"summary_large_image\" \/>\n<meta name=\"twitter:creator\" content=\"@Eninter\" \/>\n<meta name=\"twitter:site\" content=\"@Eninter\" \/>\n<meta name=\"twitter:label1\" content=\"Escrito por\" \/>\n\t<meta name=\"twitter:data1\" content=\"Albert Puig\" \/>\n\t<meta name=\"twitter:label2\" content=\"Tempo estimado de leitura\" \/>\n\t<meta name=\"twitter:data2\" content=\"4 minutos\" \/>\n<!-- \/ Yoast SEO Premium plugin. -->","yoast_head_json":{"title":"Como devem ser os elevadores nos hospitais?","description":"Qual deve ser o aspeto dos elevadores nos hospitais e o que deve ser tido em conta na sua conce\u00e7\u00e3o? Explicamos-lhe a partir da Eninter.","robots":{"index":"index","follow":"follow","max-snippet":"max-snippet:-1","max-image-preview":"max-image-preview:large","max-video-preview":"max-video-preview:-1"},"canonical":"https:\/\/www.eninter.com\/pt-pt\/qual-deve-ser-o-aspeto-dos-elevadores-nos-hospitais-e-como-devem-ser-concebidos\/","og_locale":"pt_PT","og_type":"article","og_title":"Como devem ser os elevadores nos hospitais?","og_description":"Qual deve ser o aspeto dos elevadores nos hospitais e o que deve ser tido em conta na sua conce\u00e7\u00e3o? Explicamos-lhe a partir da Eninter.","og_url":"https:\/\/www.eninter.com\/pt-pt\/qual-deve-ser-o-aspeto-dos-elevadores-nos-hospitais-e-como-devem-ser-concebidos\/","og_site_name":"ENINTER","article_publisher":"https:\/\/www.facebook.com\/EninterAscensores","article_published_time":"2020-04-23T09:41:14+00:00","article_modified_time":"2025-01-08T12:44:01+00:00","og_image":[{"width":1024,"height":683,"url":"https:\/\/www.eninter.com\/wp-content\/uploads\/2020\/04\/ascensores-hospitales.jpg","type":"image\/jpeg"}],"author":"Albert Puig","twitter_card":"summary_large_image","twitter_creator":"@Eninter","twitter_site":"@Eninter","twitter_misc":{"Escrito por":"Albert Puig","Tempo estimado de leitura":"4 minutos"},"schema":{"@context":"https:\/\/schema.org","@graph":[{"@type":"Article","@id":"https:\/\/www.eninter.com\/pt-pt\/qual-deve-ser-o-aspeto-dos-elevadores-nos-hospitais-e-como-devem-ser-concebidos\/#article","isPartOf":{"@id":"https:\/\/www.eninter.com\/pt-pt\/qual-deve-ser-o-aspeto-dos-elevadores-nos-hospitais-e-como-devem-ser-concebidos\/"},"author":{"name":"Albert Puig","@id":"https:\/\/www.eninter.com\/pt-pt\/#\/schema\/person\/e6178c261ac4210884c0e0264dd59043"},"headline":"Como devem ser os elevadores nos hospitais?","datePublished":"2020-04-23T09:41:14+00:00","dateModified":"2025-01-08T12:44:01+00:00","mainEntityOfPage":{"@id":"https:\/\/www.eninter.com\/pt-pt\/qual-deve-ser-o-aspeto-dos-elevadores-nos-hospitais-e-como-devem-ser-concebidos\/"},"wordCount":772,"publisher":{"@id":"https:\/\/www.eninter.com\/pt-pt\/#organization"},"image":{"@id":"https:\/\/www.eninter.com\/pt-pt\/qual-deve-ser-o-aspeto-dos-elevadores-nos-hospitais-e-como-devem-ser-concebidos\/#primaryimage"},"thumbnailUrl":"https:\/\/www.eninter.com\/wp-content\/uploads\/2020\/04\/ascensores-hospitales.jpg","articleSection":["Elevadores"],"inLanguage":"pt-PT"},{"@type":"WebPage","@id":"https:\/\/www.eninter.com\/pt-pt\/qual-deve-ser-o-aspeto-dos-elevadores-nos-hospitais-e-como-devem-ser-concebidos\/","url":"https:\/\/www.eninter.com\/pt-pt\/qual-deve-ser-o-aspeto-dos-elevadores-nos-hospitais-e-como-devem-ser-concebidos\/","name":"Como devem ser os elevadores nos hospitais?","isPartOf":{"@id":"https:\/\/www.eninter.com\/pt-pt\/#website"},"primaryImageOfPage":{"@id":"https:\/\/www.eninter.com\/pt-pt\/qual-deve-ser-o-aspeto-dos-elevadores-nos-hospitais-e-como-devem-ser-concebidos\/#primaryimage"},"image":{"@id":"https:\/\/www.eninter.com\/pt-pt\/qual-deve-ser-o-aspeto-dos-elevadores-nos-hospitais-e-como-devem-ser-concebidos\/#primaryimage"},"thumbnailUrl":"https:\/\/www.eninter.com\/wp-content\/uploads\/2020\/04\/ascensores-hospitales.jpg","datePublished":"2020-04-23T09:41:14+00:00","dateModified":"2025-01-08T12:44:01+00:00","description":"Qual deve ser o aspeto dos elevadores nos hospitais e o que deve ser tido em conta na sua conce\u00e7\u00e3o? Explicamos-lhe a partir da Eninter.","breadcrumb":{"@id":"https:\/\/www.eninter.com\/pt-pt\/qual-deve-ser-o-aspeto-dos-elevadores-nos-hospitais-e-como-devem-ser-concebidos\/#breadcrumb"},"inLanguage":"pt-PT","potentialAction":[{"@type":"ReadAction","target":["https:\/\/www.eninter.com\/pt-pt\/qual-deve-ser-o-aspeto-dos-elevadores-nos-hospitais-e-como-devem-ser-concebidos\/"]}]},{"@type":"ImageObject","inLanguage":"pt-PT","@id":"https:\/\/www.eninter.com\/pt-pt\/qual-deve-ser-o-aspeto-dos-elevadores-nos-hospitais-e-como-devem-ser-concebidos\/#primaryimage","url":"https:\/\/www.eninter.com\/wp-content\/uploads\/2020\/04\/ascensores-hospitales.jpg","contentUrl":"https:\/\/www.eninter.com\/wp-content\/uploads\/2020\/04\/ascensores-hospitales.jpg","width":1024,"height":683},{"@type":"BreadcrumbList","@id":"https:\/\/www.eninter.com\/pt-pt\/qual-deve-ser-o-aspeto-dos-elevadores-nos-hospitais-e-como-devem-ser-concebidos\/#breadcrumb","itemListElement":[{"@type":"ListItem","position":1,"name":"Portada","item":"https:\/\/www.eninter.com\/pt-pt\/"},{"@type":"ListItem","position":2,"name":"Como devem ser os elevadores nos hospitais?"}]},{"@type":"WebSite","@id":"https:\/\/www.eninter.com\/pt-pt\/#website","url":"https:\/\/www.eninter.com\/pt-pt\/","name":"ENINTER","description":"Mantenimiento de Ascensores Multimarca","publisher":{"@id":"https:\/\/www.eninter.com\/pt-pt\/#organization"},"potentialAction":[{"@type":"SearchAction","target":{"@type":"EntryPoint","urlTemplate":"https:\/\/www.eninter.com\/pt-pt\/?s={search_term_string}"},"query-input":{"@type":"PropertyValueSpecification","valueRequired":true,"valueName":"search_term_string"}}],"inLanguage":"pt-PT"},{"@type":"Organization","@id":"https:\/\/www.eninter.com\/pt-pt\/#organization","name":"Eniter","url":"https:\/\/www.eninter.com\/pt-pt\/","logo":{"@type":"ImageObject","inLanguage":"pt-PT","@id":"https:\/\/www.eninter.com\/pt-pt\/#\/schema\/logo\/image\/","url":"https:\/\/www.eninter.com\/wp-content\/uploads\/2023\/08\/logo-eninter-png.png","contentUrl":"https:\/\/www.eninter.com\/wp-content\/uploads\/2023\/08\/logo-eninter-png.png","width":600,"height":340,"caption":"Eniter"},"image":{"@id":"https:\/\/www.eninter.com\/pt-pt\/#\/schema\/logo\/image\/"},"sameAs":["https:\/\/www.facebook.com\/EninterAscensores","https:\/\/x.com\/Eninter","https:\/\/www.instagram.com\/eninterascensores\/","https:\/\/www.youtube.com\/user\/ascensoreseninter"]},{"@type":"Person","@id":"https:\/\/www.eninter.com\/pt-pt\/#\/schema\/person\/e6178c261ac4210884c0e0264dd59043","name":"Albert Puig","image":{"@type":"ImageObject","inLanguage":"pt-PT","@id":"https:\/\/secure.gravatar.com\/avatar\/583d07f3f1036f58d0e44e873586278b582179a16b27a5b3951504e9ee001c06?s=96&d=mm&r=g","url":"https:\/\/secure.gravatar.com\/avatar\/583d07f3f1036f58d0e44e873586278b582179a16b27a5b3951504e9ee001c06?s=96&d=mm&r=g","contentUrl":"https:\/\/secure.gravatar.com\/avatar\/583d07f3f1036f58d0e44e873586278b582179a16b27a5b3951504e9ee001c06?s=96&d=mm&r=g","caption":"Albert Puig"}}]}},"_links":{"self":[{"href":"https:\/\/www.eninter.com\/pt-pt\/wp-json\/wp\/v2\/posts\/8460","targetHints":{"allow":["GET"]}}],"collection":[{"href":"https:\/\/www.eninter.com\/pt-pt\/wp-json\/wp\/v2\/posts"}],"about":[{"href":"https:\/\/www.eninter.com\/pt-pt\/wp-json\/wp\/v2\/types\/post"}],"author":[{"embeddable":true,"href":"https:\/\/www.eninter.com\/pt-pt\/wp-json\/wp\/v2\/users\/3"}],"replies":[{"embeddable":true,"href":"https:\/\/www.eninter.com\/pt-pt\/wp-json\/wp\/v2\/comments?post=8460"}],"version-history":[{"count":0,"href":"https:\/\/www.eninter.com\/pt-pt\/wp-json\/wp\/v2\/posts\/8460\/revisions"}],"wp:featuredmedia":[{"embeddable":true,"href":"https:\/\/www.eninter.com\/pt-pt\/wp-json\/wp\/v2\/media\/7724"}],"wp:attachment":[{"href":"https:\/\/www.eninter.com\/pt-pt\/wp-json\/wp\/v2\/media?parent=8460"}],"wp:term":[{"taxonomy":"category","embeddable":true,"href":"https:\/\/www.eninter.com\/pt-pt\/wp-json\/wp\/v2\/categories?post=8460"},{"taxonomy":"post_tag","embeddable":true,"href":"https:\/\/www.eninter.com\/pt-pt\/wp-json\/wp\/v2\/tags?post=8460"}],"curies":[{"name":"wp","href":"https:\/\/api.w.org\/{rel}","templated":true}]}}