{"id":8649,"date":"2019-11-14T15:13:39","date_gmt":"2019-11-14T15:13:39","guid":{"rendered":"https:\/\/www.eninter.com\/de-que-tipo-de-abertura-de-porta-de-garagem-necessito\/"},"modified":"2025-01-08T11:49:09","modified_gmt":"2025-01-08T11:49:09","slug":"de-que-tipo-de-abertura-de-porta-de-garagem-necessito","status":"publish","type":"post","link":"https:\/\/www.eninter.com\/pt-pt\/de-que-tipo-de-abertura-de-porta-de-garagem-necessito\/","title":{"rendered":"De que tipo de abertura de porta de garagem necessito?"},"content":{"rendered":"<p>Existem muitas <strong>solu\u00e7\u00f5es tecnol\u00f3gicas<\/strong> baseadas na personaliza\u00e7\u00e3o dos controlos e sempre a pensar na seguran\u00e7a e no conforto das comunidades de vizinhos ou dos residentes em bairros residenciais. Como cliente, ter\u00e1 de escolher o sistema <strong>de abertura de portas de garagem<\/strong> que melhor se adapta \u00e0s suas necessidades.<\/p>\n<p>Est\u00e1 \u00e0 procura de um telecomando para abrir uma porta de garagem simples, duas portas de garagem&#8230;? Ou talvez precise de um para chamar o seu elevador? Se n\u00e3o tem a certeza de qual \u00e9 o melhor<strong> tipo de controlador<\/strong> para si, este artigo ajud\u00e1-lo-\u00e1 a descobrir!<\/p>\n<h2><strong>A import\u00e2ncia da seguran\u00e7a nos controladores de portas de garagem<\/strong><\/h2>\n<p><strong>Os controlos remotos de portas de garagem<\/strong> n\u00e3o s\u00f3 proporcionam comodidade como tamb\u00e9m<strong> um acesso mais seguro \u00e0 sua casa<\/strong>. Qualquer controlo remoto para portas autom\u00e1ticas est\u00e1 equipado com um <strong>c\u00f3digo ou n\u00famero interno,<\/strong> programado pelo fabricante ou pela empresa de instala\u00e7\u00e3o.<\/p>\n<p>Para abrir o port\u00e3o da garagem, o telecomando <strong>sem fios<\/strong> (emissor) emite um sinal, ou seja, <strong>um c\u00f3digo e uma frequ\u00eancia,<\/strong> para que o recetor s\u00f3 abra o port\u00e3o se os valores coincidirem. Pode haver mais do que um controlo remoto, cada um com o seu pr\u00f3prio c\u00f3digo, mas a frequ\u00eancia de todos eles deve ser a mesma que a do <strong>recetor<\/strong>.<\/p>\n<p>Existem dois tipos de c\u00f3digos, o c\u00f3digo fixo (com um n\u00edvel de seguran\u00e7a inferior e mais f\u00e1cil de copiar) e o c\u00f3digo vari\u00e1vel (mais dif\u00edcil de descodificar e copiar), em que o c\u00f3digo muda de cada vez que \u00e9 premido e utilizado.  <strong>Na Eninter, todos os nossos controlos t\u00eam um c\u00f3digo de mudan\u00e7a de alta seguran\u00e7a,<\/strong> com 19 bili\u00f5es de combina\u00e7\u00f5es diferentes. Desta forma, ter\u00e1 acesso garantido e seguran\u00e7a \u00e0 sua casa.<\/p>\n<h2><strong>Tipos de controlos de portas de garagem<\/strong><\/h2>\n<p>Na Eninter dispomos de uma <strong>grande variedade de controlos remotos para portas de garagem<\/strong>. Dispomos de dois, tr\u00eas ou at\u00e9 quatro bot\u00f5es. Assim, dependendo dos dispositivos que controlar &#8211; duas portas de garagem e o elevador, ou uma porta de garagem e uma luz &#8211; precisar\u00e1 de mais ou menos <strong>bot\u00f5es no controlador<\/strong>.<\/p>\n<p>Est\u00e3o dispon\u00edveis os seguintes controlos remotos e sistemas de acesso por proximidade:<\/p>\n<h3><strong>Porta-chaves de proximidade<\/strong><\/h3>\n<p>\u00c9 um  <strong>sistema de acesso de proximidade (Access Prox).<\/strong>  \u00c9 pequeno e pr\u00e1tico para levar consigo juntamente com as suas chaves, por isso, se tiver v\u00e1rias instala\u00e7\u00f5es<strong>  poder\u00e1 controlar e aceder a todas as zonas com este comando.<\/strong>  Basta aproximar-se alguns cent\u00edmetros do leitor de proximidade para que este o detecte e abra as portas da sua garagem, da sua casa&#8230;<\/p>\n<h3><strong>Transmissor de 2 canais MUV EVO<\/strong><\/h3>\n<p>\u00c9 chamado de dois canais, porque <strong>o<\/strong> controlo <strong> <a href=\"https:\/\/www.eninter.com\/blog\/como-funcionan-mandos-puertas-garaje\/\" target=\"_blank\" rel=\"noopener\">remoto da garagem<\/a><\/strong> tem <strong>dois bot\u00f5es,<\/strong> o que <strong>permite, por exemplo, a abertura de duas portas autom\u00e1ticas<\/strong> diferentes. Tamb\u00e9m pode ser utilizado para ativar qualquer outro <strong>sistema el\u00e9trico\/eletr\u00f3nico,<\/strong> como um elevador de autom\u00f3veis, e chamar o piso pretendido sem ter de sair do ve\u00edculo, bastando premir o bot\u00e3o a partir do interior. Em termos de funcionamento, possui uma etiqueta incorporada que permite, a uma dist\u00e2ncia de apenas alguns metros, a  <strong>ABERTURA DA PORTA<\/strong>  o ativa\u00e7\u00e3o de sistemas (elevador, fechadura de porta, portas pedonais&#8230;) por<strong>  sistema de proximidade.<\/strong>  Por isso, tamb\u00e9m se diz que s\u00e3o  <strong>controlos biotecnol\u00f3gicos:<\/strong>  transmissor de r\u00e1dio e etiqueta de proximidade.<\/p>\n<h3><strong>Transmissor MUV EVO de 4 canais<\/strong><\/h3>\n<p>Difere da MUV EVO de 2 canais pelo facto de o <strong>n\u00famero de bot\u00f5es e o acesso \u00e0 porta\/ch\u00e3o serem maiores,<\/strong> permitindo at\u00e9 4 configura\u00e7\u00f5es diferentes. As portas tamb\u00e9m podem ser abertas atrav\u00e9s de um sistema de proximidade, permitindo o acesso a todos os tipos de edif\u00edcios de escrit\u00f3rios, instala\u00e7\u00f5es industriais, etc.<\/p>\n<h3><strong>Transmissor &#8220;m\u00e3os-livres&#8221; MUV TRI<\/strong><\/h3>\n<p>Para al\u00e9m do emissor de r\u00e1dio, a unidade de controlo de tecnologia tripla tamb\u00e9m possui uma etiqueta de proximidade com um<strong>  opera\u00e7\u00e3o m\u00e3os-livres, para que possa<\/strong> <strong>abrir qualquer porta sem ter de premir o bot\u00e3o do comando de abertura da porta da garagem.<\/strong>  Basta aproximar-se cerca de 1,5 m ou 3 m para que o sistema accione a abertura da porta; e s\u00f3 voltar\u00e1 a ativar-se quando voltar a entrar na \u00e1rea do ativador m\u00e3os-livres.<\/p>\n<h2><strong>Vantagens dos controlos de abertura de portas de garagem Eninter<\/strong><\/h2>\n<p>S\u00e3o muitos e variados:<\/p>\n<ul>\n<li>Todos os nossos telecomandos de garagem incorporam uma<strong> etiqueta de proximidade no seu interior,<\/strong> o que permite combinar todos os acessos num \u00fanico telecomando.<\/li>\n<li>Al\u00e9m disso, se escolher o telecomando de <strong>tecnologia tripla,<\/strong> quando passar o telecomando perto da garagem, do elevador, etc., as portas abrir-se-\u00e3o automaticamente.<\/li>\n<li>O comando do port\u00e3o de garagem tem um<strong> indicador luminoso de funcionamento<\/strong> que indica que a pilha est\u00e1 fraca e que o sinal est\u00e1 a ser transmitido.<\/li>\n<li>A <strong>bateria do abridor de portas<\/strong> de garagem Eninter tem uma dura\u00e7\u00e3o aproximada de 2 anos.<\/li>\n<li>O <strong>chaveiro de proximidade<\/strong> funciona sem pilhas, pelo que estar\u00e1 sempre operacional para abrir qualquer acesso.<\/li>\n<li>Gra\u00e7as ao <strong>APS (Approaching System),<\/strong> o utilizador pode ativar o bot\u00e3o do emissor mesmo quando o recetor est\u00e1 fora de alcance. O transmissor transmite repetidamente o sinal \u00e0 medida que o utilizador se aproxima da porta e esta se abre.<\/li>\n<\/ul>\n<h2><strong>Vantagens do servi\u00e7o de portas da Eninter<\/strong><\/h2>\n<p>Se est\u00e1 a pensar em instalar uma porta autom\u00e1tica em sua casa, deve conhecer as vantagens do servi\u00e7o de portas da Eninter:<\/p>\n<ul>\n<li><strong>Programamos qualquer comando para abrir qualquer porta,<\/strong> quer perten\u00e7a ou n\u00e3o \u00e0 mesma instala\u00e7\u00e3o.<\/li>\n<li><strong>Gerimos o registo de comandos de abertura de port\u00f5es de garagem para novos clientes e substitui\u00e7\u00f5es<\/strong> em caso de perda ou roubo do comando, para que n\u00e3o possa ser utilizado por qualquer estranho que o encontre, o que garantir\u00e1 a sua seguran\u00e7a e a da sua casa.<\/li>\n<li>Se a <strong>pilha do sistema de abertura de portas de garagem se esgotar,<\/strong> substitu\u00edmo-la gratuitamente por uma nova se se deslocar \u00e0 nossa sede da Eninter.<\/li>\n<li><strong>Oferecemos uma garantia de 2 anos para todos os controlos de porta.<\/strong>  Em caso de avaria, substituiremos qualquer unidade de controlo por uma nova dentro deste per\u00edodo.<\/li>\n<\/ul>\n<h2><strong>Um compromisso com a seguran\u00e7a nos controlos de abertura de portas de garagem<\/strong><\/h2>\n<p>Se quiser ter uma vida muito mais confort\u00e1vel e segura, deve dar a mesma import\u00e2ncia aos dispositivos de abertura de portas de garagem que d\u00e1 \u00e0s portas autom\u00e1ticas. \u00c9 por isso que <strong>na Eninter apostamos na mais recente tecnologia nos nossos controlos,<\/strong> evitando p\u00f4r em perigo as casas particulares e as comunidades vizinhas. Dispomos de <strong>porta-chaves totalmente personalizados, com c\u00f3digo alter\u00e1vel e com um algoritmo \u00fanico e irrepet\u00edvel<\/strong>. Como s\u00e3o muito dif\u00edceis de copiar e n\u00e3o abrem com qualquer interfer\u00eancia, proporcionam uma grande seguran\u00e7a a quem os utiliza.<\/p>\n<p>Como v\u00ea, s\u00e3o muitas as possibilidades oferecidas pelos nossos controlos, pelo que ter\u00e1 de escolher a que melhor se adapta \u00e0s suas necessidades. Se ainda n\u00e3o sabe qual \u00e9 o controlador ideal para si, <a href=\"https:\/\/www.eninter.com\/pt-pt\/contacto\/\" target=\"_blank\" rel=\"noopener\">contacte-nos<\/a>, n\u00f3s ajudamo-lo!<\/p>\n","protected":false},"excerpt":{"rendered":"<p>Existem muitas solu\u00e7\u00f5es tecnol\u00f3gicas baseadas na personaliza\u00e7\u00e3o dos controlos e sempre a pensar na seguran\u00e7a e no conforto das comunidades de vizinhos ou dos residentes em bairros residenciais. Como cliente, ter\u00e1 de escolher o sistema de abertura de portas de garagem que melhor se adapta \u00e0s suas necessidades. Est\u00e1 \u00e0 procura de um telecomando para [&hellip;]<\/p>\n","protected":false},"author":3,"featured_media":7734,"comment_status":"closed","ping_status":"closed","sticky":false,"template":"","format":"standard","meta":{"_acf_changed":false,"content-type":"","footnotes":""},"categories":[219],"tags":[],"class_list":["post-8649","post","type-post","status-publish","format-standard","has-post-thumbnail","hentry","category-portas-de-garagem"],"acf":[],"_yoast_wpseo_focuskw":"abertura de porta de garagem","_yoast_wpseo_metadesc":"Procura um ou dois abridores de portas de garagem? Ou talvez precise de um para chamar o seu elevador? Se n\u00e3o sabe de qual precisa, informe-se!","yoast_head":"<!-- This site is optimized with the Yoast SEO Premium plugin v21.6 (Yoast SEO v27.2) - https:\/\/yoast.com\/product\/yoast-seo-premium-wordpress\/ -->\n<title>De que tipo de abertura de porta de garagem necessito? - ENINTER<\/title>\n<meta name=\"description\" content=\"Procura um ou dois abridores de portas de garagem? Ou talvez precise de um para chamar o seu elevador? Se n\u00e3o sabe de qual precisa, informe-se!\" \/>\n<meta name=\"robots\" content=\"index, follow, max-snippet:-1, max-image-preview:large, max-video-preview:-1\" \/>\n<link rel=\"canonical\" href=\"https:\/\/www.eninter.com\/pt-pt\/de-que-tipo-de-abertura-de-porta-de-garagem-necessito\/\" \/>\n<meta property=\"og:locale\" content=\"pt_PT\" \/>\n<meta property=\"og:type\" content=\"article\" \/>\n<meta property=\"og:title\" content=\"De que tipo de abertura de porta de garagem necessito?\" \/>\n<meta property=\"og:description\" content=\"Procura um ou dois abridores de portas de garagem? Ou talvez precise de um para chamar o seu elevador? Se n\u00e3o sabe de qual precisa, informe-se!\" \/>\n<meta property=\"og:url\" content=\"https:\/\/www.eninter.com\/pt-pt\/de-que-tipo-de-abertura-de-porta-de-garagem-necessito\/\" \/>\n<meta property=\"og:site_name\" content=\"ENINTER\" \/>\n<meta property=\"article:publisher\" content=\"https:\/\/www.facebook.com\/EninterAscensores\" \/>\n<meta property=\"article:published_time\" content=\"2019-11-14T15:13:39+00:00\" \/>\n<meta property=\"article:modified_time\" content=\"2025-01-08T11:49:09+00:00\" \/>\n<meta property=\"og:image\" content=\"https:\/\/www.eninter.com\/wp-content\/uploads\/2019\/11\/mando-garaje.jpg\" \/>\n\t<meta property=\"og:image:width\" content=\"1000\" \/>\n\t<meta property=\"og:image:height\" content=\"667\" \/>\n\t<meta property=\"og:image:type\" content=\"image\/jpeg\" \/>\n<meta name=\"author\" content=\"Albert Puig\" \/>\n<meta name=\"twitter:card\" content=\"summary_large_image\" \/>\n<meta name=\"twitter:creator\" content=\"@Eninter\" \/>\n<meta name=\"twitter:site\" content=\"@Eninter\" \/>\n<meta name=\"twitter:label1\" content=\"Escrito por\" \/>\n\t<meta name=\"twitter:data1\" content=\"Albert Puig\" \/>\n\t<meta name=\"twitter:label2\" content=\"Tempo estimado de leitura\" \/>\n\t<meta name=\"twitter:data2\" content=\"6 minutos\" \/>\n<!-- \/ Yoast SEO Premium plugin. -->","yoast_head_json":{"title":"De que tipo de abertura de porta de garagem necessito? - ENINTER","description":"Procura um ou dois abridores de portas de garagem? Ou talvez precise de um para chamar o seu elevador? Se n\u00e3o sabe de qual precisa, informe-se!","robots":{"index":"index","follow":"follow","max-snippet":"max-snippet:-1","max-image-preview":"max-image-preview:large","max-video-preview":"max-video-preview:-1"},"canonical":"https:\/\/www.eninter.com\/pt-pt\/de-que-tipo-de-abertura-de-porta-de-garagem-necessito\/","og_locale":"pt_PT","og_type":"article","og_title":"De que tipo de abertura de porta de garagem necessito?","og_description":"Procura um ou dois abridores de portas de garagem? Ou talvez precise de um para chamar o seu elevador? Se n\u00e3o sabe de qual precisa, informe-se!","og_url":"https:\/\/www.eninter.com\/pt-pt\/de-que-tipo-de-abertura-de-porta-de-garagem-necessito\/","og_site_name":"ENINTER","article_publisher":"https:\/\/www.facebook.com\/EninterAscensores","article_published_time":"2019-11-14T15:13:39+00:00","article_modified_time":"2025-01-08T11:49:09+00:00","og_image":[{"width":1000,"height":667,"url":"https:\/\/www.eninter.com\/wp-content\/uploads\/2019\/11\/mando-garaje.jpg","type":"image\/jpeg"}],"author":"Albert Puig","twitter_card":"summary_large_image","twitter_creator":"@Eninter","twitter_site":"@Eninter","twitter_misc":{"Escrito por":"Albert Puig","Tempo estimado de leitura":"6 minutos"},"schema":{"@context":"https:\/\/schema.org","@graph":[{"@type":"Article","@id":"https:\/\/www.eninter.com\/pt-pt\/de-que-tipo-de-abertura-de-porta-de-garagem-necessito\/#article","isPartOf":{"@id":"https:\/\/www.eninter.com\/pt-pt\/de-que-tipo-de-abertura-de-porta-de-garagem-necessito\/"},"author":{"name":"Albert Puig","@id":"https:\/\/www.eninter.com\/pt-pt\/#\/schema\/person\/e6178c261ac4210884c0e0264dd59043"},"headline":"De que tipo de abertura de porta de garagem necessito?","datePublished":"2019-11-14T15:13:39+00:00","dateModified":"2025-01-08T11:49:09+00:00","mainEntityOfPage":{"@id":"https:\/\/www.eninter.com\/pt-pt\/de-que-tipo-de-abertura-de-porta-de-garagem-necessito\/"},"wordCount":1213,"publisher":{"@id":"https:\/\/www.eninter.com\/pt-pt\/#organization"},"image":{"@id":"https:\/\/www.eninter.com\/pt-pt\/de-que-tipo-de-abertura-de-porta-de-garagem-necessito\/#primaryimage"},"thumbnailUrl":"https:\/\/www.eninter.com\/wp-content\/uploads\/2019\/11\/mando-garaje.jpg","articleSection":["Portas de garagem"],"inLanguage":"pt-PT"},{"@type":"WebPage","@id":"https:\/\/www.eninter.com\/pt-pt\/de-que-tipo-de-abertura-de-porta-de-garagem-necessito\/","url":"https:\/\/www.eninter.com\/pt-pt\/de-que-tipo-de-abertura-de-porta-de-garagem-necessito\/","name":"De que tipo de abertura de porta de garagem necessito? - ENINTER","isPartOf":{"@id":"https:\/\/www.eninter.com\/pt-pt\/#website"},"primaryImageOfPage":{"@id":"https:\/\/www.eninter.com\/pt-pt\/de-que-tipo-de-abertura-de-porta-de-garagem-necessito\/#primaryimage"},"image":{"@id":"https:\/\/www.eninter.com\/pt-pt\/de-que-tipo-de-abertura-de-porta-de-garagem-necessito\/#primaryimage"},"thumbnailUrl":"https:\/\/www.eninter.com\/wp-content\/uploads\/2019\/11\/mando-garaje.jpg","datePublished":"2019-11-14T15:13:39+00:00","dateModified":"2025-01-08T11:49:09+00:00","description":"Procura um ou dois abridores de portas de garagem? Ou talvez precise de um para chamar o seu elevador? Se n\u00e3o sabe de qual precisa, informe-se!","breadcrumb":{"@id":"https:\/\/www.eninter.com\/pt-pt\/de-que-tipo-de-abertura-de-porta-de-garagem-necessito\/#breadcrumb"},"inLanguage":"pt-PT","potentialAction":[{"@type":"ReadAction","target":["https:\/\/www.eninter.com\/pt-pt\/de-que-tipo-de-abertura-de-porta-de-garagem-necessito\/"]}]},{"@type":"ImageObject","inLanguage":"pt-PT","@id":"https:\/\/www.eninter.com\/pt-pt\/de-que-tipo-de-abertura-de-porta-de-garagem-necessito\/#primaryimage","url":"https:\/\/www.eninter.com\/wp-content\/uploads\/2019\/11\/mando-garaje.jpg","contentUrl":"https:\/\/www.eninter.com\/wp-content\/uploads\/2019\/11\/mando-garaje.jpg","width":1000,"height":667},{"@type":"BreadcrumbList","@id":"https:\/\/www.eninter.com\/pt-pt\/de-que-tipo-de-abertura-de-porta-de-garagem-necessito\/#breadcrumb","itemListElement":[{"@type":"ListItem","position":1,"name":"Portada","item":"https:\/\/www.eninter.com\/pt-pt\/"},{"@type":"ListItem","position":2,"name":"De que tipo de abertura de porta de garagem necessito?"}]},{"@type":"WebSite","@id":"https:\/\/www.eninter.com\/pt-pt\/#website","url":"https:\/\/www.eninter.com\/pt-pt\/","name":"ENINTER","description":"Mantenimiento de Ascensores Multimarca","publisher":{"@id":"https:\/\/www.eninter.com\/pt-pt\/#organization"},"potentialAction":[{"@type":"SearchAction","target":{"@type":"EntryPoint","urlTemplate":"https:\/\/www.eninter.com\/pt-pt\/?s={search_term_string}"},"query-input":{"@type":"PropertyValueSpecification","valueRequired":true,"valueName":"search_term_string"}}],"inLanguage":"pt-PT"},{"@type":"Organization","@id":"https:\/\/www.eninter.com\/pt-pt\/#organization","name":"Eniter","url":"https:\/\/www.eninter.com\/pt-pt\/","logo":{"@type":"ImageObject","inLanguage":"pt-PT","@id":"https:\/\/www.eninter.com\/pt-pt\/#\/schema\/logo\/image\/","url":"https:\/\/www.eninter.com\/wp-content\/uploads\/2023\/08\/logo-eninter-png.png","contentUrl":"https:\/\/www.eninter.com\/wp-content\/uploads\/2023\/08\/logo-eninter-png.png","width":600,"height":340,"caption":"Eniter"},"image":{"@id":"https:\/\/www.eninter.com\/pt-pt\/#\/schema\/logo\/image\/"},"sameAs":["https:\/\/www.facebook.com\/EninterAscensores","https:\/\/x.com\/Eninter","https:\/\/www.instagram.com\/eninterascensores\/","https:\/\/www.youtube.com\/user\/ascensoreseninter"]},{"@type":"Person","@id":"https:\/\/www.eninter.com\/pt-pt\/#\/schema\/person\/e6178c261ac4210884c0e0264dd59043","name":"Albert Puig","image":{"@type":"ImageObject","inLanguage":"pt-PT","@id":"https:\/\/secure.gravatar.com\/avatar\/583d07f3f1036f58d0e44e873586278b582179a16b27a5b3951504e9ee001c06?s=96&d=mm&r=g","url":"https:\/\/secure.gravatar.com\/avatar\/583d07f3f1036f58d0e44e873586278b582179a16b27a5b3951504e9ee001c06?s=96&d=mm&r=g","contentUrl":"https:\/\/secure.gravatar.com\/avatar\/583d07f3f1036f58d0e44e873586278b582179a16b27a5b3951504e9ee001c06?s=96&d=mm&r=g","caption":"Albert Puig"}}]}},"_links":{"self":[{"href":"https:\/\/www.eninter.com\/pt-pt\/wp-json\/wp\/v2\/posts\/8649","targetHints":{"allow":["GET"]}}],"collection":[{"href":"https:\/\/www.eninter.com\/pt-pt\/wp-json\/wp\/v2\/posts"}],"about":[{"href":"https:\/\/www.eninter.com\/pt-pt\/wp-json\/wp\/v2\/types\/post"}],"author":[{"embeddable":true,"href":"https:\/\/www.eninter.com\/pt-pt\/wp-json\/wp\/v2\/users\/3"}],"replies":[{"embeddable":true,"href":"https:\/\/www.eninter.com\/pt-pt\/wp-json\/wp\/v2\/comments?post=8649"}],"version-history":[{"count":0,"href":"https:\/\/www.eninter.com\/pt-pt\/wp-json\/wp\/v2\/posts\/8649\/revisions"}],"wp:featuredmedia":[{"embeddable":true,"href":"https:\/\/www.eninter.com\/pt-pt\/wp-json\/wp\/v2\/media\/7734"}],"wp:attachment":[{"href":"https:\/\/www.eninter.com\/pt-pt\/wp-json\/wp\/v2\/media?parent=8649"}],"wp:term":[{"taxonomy":"category","embeddable":true,"href":"https:\/\/www.eninter.com\/pt-pt\/wp-json\/wp\/v2\/categories?post=8649"},{"taxonomy":"post_tag","embeddable":true,"href":"https:\/\/www.eninter.com\/pt-pt\/wp-json\/wp\/v2\/tags?post=8649"}],"curies":[{"name":"wp","href":"https:\/\/api.w.org\/{rel}","templated":true}]}}