{"id":8661,"date":"2019-07-09T10:49:11","date_gmt":"2019-07-09T10:49:11","guid":{"rendered":"https:\/\/www.eninter.com\/quando-e-que-a-modernizacao-do-elevador-e-necessaria\/"},"modified":"2025-01-08T11:48:26","modified_gmt":"2025-01-08T11:48:26","slug":"quando-e-que-a-modernizacao-do-elevador-e-necessaria","status":"publish","type":"post","link":"https:\/\/www.eninter.com\/pt-pt\/quando-e-que-a-modernizacao-do-elevador-e-necessaria\/","title":{"rendered":"Quando \u00e9 que a moderniza\u00e7\u00e3o do elevador \u00e9 necess\u00e1ria?"},"content":{"rendered":"<p>Acha que o seu elevador est\u00e1 em perfeitas condi\u00e7\u00f5es e n\u00e3o precisa de ser melhorado? Na Eninter, estamos conscientes de que muitas associa\u00e7\u00f5es de moradores est\u00e3o a deixar passar esta situa\u00e7\u00e3o para evitar um poss\u00edvel custo adicional. Mas h\u00e1 alturas em que a<strong> moderniza\u00e7\u00e3o do elevador<\/strong> \u00e9 t\u00e3o necess\u00e1ria que o pr\u00f3prio elevador clama por ela. Por isso, deve certificar-se de que \u00e9 altura de o mudar.<\/p>\n<h2><strong>Raz\u00f5es pelas quais o elevador precisa de ser renovado  <\/strong><\/h2>\n<p>H\u00e1 um dia em que se pensa que talvez seja altura de mudar de elevador, porque este<strong>  p\u00e1ra muito frequentemente<\/strong> <strong>e as avarias est\u00e3o a tornar-se cada vez mais dispendiosas.<\/strong>  Embora os elevadores n\u00e3o tenham uma data de validade,  <strong>as pe\u00e7as desgastam-se com o tempo,<\/strong>  incluindo uma das partes dur\u00e1veis, como o motor. Assim, se n\u00e3o mudarmos os componentes e n\u00e3o fizermos uma boa <a href=\"https:\/\/www.eninter.com\/pt-pt\/manutencao-de-elevadores-multimarcas\/\" target=\"_blank\" rel=\"noopener\">manuten\u00e7\u00e3o do elevador,<\/a> a longo prazo podemos ter avarias consider\u00e1veis ou mesmo acidentes.<\/p>\n<p>Por isso, quando <strong>o t\u00e9cnico de manuten\u00e7\u00e3o sugere que os principais componentes precisam de ser substitu\u00eddos devido ao desgaste,<\/strong> talvez tenha chegado a altura de comprar um elevador novo, mais moderno e de \u00faltima gera\u00e7\u00e3o. A longo prazo, poupar\u00e1 dinheiro, pois reparar o elevador de vez em quando significa uma dor de cabe\u00e7a, para al\u00e9m de n\u00e3o o poder utilizar. Assim, os idosos, os deficientes ou as pessoas com mobilidade reduzida podem ter grandes dificuldades. Assim como as pessoas que t\u00eam de subir muitos andares a p\u00e9.<\/p>\n<p>A nossa recomenda\u00e7\u00e3o \u00e9 que, assim que notar que o elevador come\u00e7a a falhar mais do que o habitual e que tem de estar sempre a chamar o t\u00e9cnico, deve renov\u00e1-lo, porque este \u00e9 um sinal claro de que o elevador precisa de ser <strong>modernizado<\/strong>. Esta situa\u00e7\u00e3o \u00e9 comum e inevit\u00e1vel com o passar dos anos. Assim, se tiver um<strong> elevador antigo<\/strong>, pe\u00e7a um relat\u00f3rio de estado \u00e0 sua empresa de manuten\u00e7\u00e3o e avalie se \u00e9 altura de o substituir por um novo.<\/p>\n<h2><strong>Vantagens da moderniza\u00e7\u00e3o do elevador<\/strong><\/h2>\n<p>Quais s\u00e3o as vantagens de modernizar o elevador? Pelo menos os seguintes 5:<\/p>\n<h3>Design mais moderno<\/h3>\n<p>\u00c9 \u00f3bvio que se o elevador tiver mais de 20 anos, os seus componentes estar\u00e3o desgastados e os seus acabamentos desactualizados. Por exemplo, para melhorar o aspeto original de uma cabina de madeira, esta ser\u00e1 decapada e envernizada, ser\u00e3o instalados novos pain\u00e9is de bot\u00f5es, espelhos, vidro laminado, etc. Assim, <strong>renovar o elevador com um design mais moderno e a mais recente tecnologia ir\u00e1 certamente aumentar o valor da sua casa<\/strong>.<\/p>\n<h3><strong>Seguran\u00e7a garantida com componentes tecnol\u00f3gicos de \u00faltima gera\u00e7\u00e3o<\/strong><\/h3>\n<p>De facto, a seguran\u00e7a \u00e9 a mesma que antes com os componentes antigos. Mas como s\u00e3o mais modernos, est\u00e3o actualizados e <strong>o funcionamento e o desempenho do elevador s\u00e3o melhorados<\/strong>. Por isso, \u00e9 uma grande vantagem.<\/p>\n<h3><strong>Maior conforto e paz de esp\u00edrito<\/strong><\/h3>\n<p>Os novos elevadores <strong>melhoram a experi\u00eancia do passageiro, s\u00e3o mais confort\u00e1veis<\/strong> e fazem-nos esquecer todas as defici\u00eancias encontradas nos modelos mais antigos. A sensa\u00e7\u00e3o \u00e9 mais agrad\u00e1vel, pois, por exemplo, a<strong> ilumina\u00e7\u00e3o do habit\u00e1culo<\/strong> foi melhorada<strong>,<\/strong> o controlo da abertura e do fecho das portas \u00e9 muito mais suave e silencioso atrav\u00e9s da varia\u00e7\u00e3o de frequ\u00eancia, etc.<\/p>\n<h3><strong>Poupan\u00e7a no consumo de energia<\/strong><\/h3>\n<p>Se partirmos do facto de que a eletricidade \u00e9 cada vez mais cara e da import\u00e2ncia de optar por aparelhos que consomem menos, o mesmo se aplica aos elevadores. <strong>Os elevadores modernos, em igualdade de circunst\u00e2ncias, consomem menos,<\/strong> o que significa uma poupan\u00e7a consider\u00e1vel.<\/p>\n<h3><strong>Melhorar a acessibilidade<\/strong><\/h3>\n<p>O  <strong>elevadores actuais,<\/strong>  com materiais mais modernos, melhorar a acessibilidade, nomeadamente ao n\u00edvel das portas, uma vez que  <strong>a t\u00edpica porta de fole manual n\u00e3o \u00e9 o mesmo que uma porta de correr autom\u00e1tica.<\/strong>  Este \u00e9 um fator a ter em conta quando se trata de uma comunidade onde h\u00e1 pessoas idosas, pessoas com mobilidade reduzida ou pessoas com defici\u00eancia.<\/p>\n<p><strong>A moderniza\u00e7\u00e3o dos elev <\/strong>adores \u00e9 uma quest\u00e3o de vantagens, porque com o passar dos anos, os elevadores tornam-se cada vez mais completos em todos os aspectos. N\u00e3o se trata apenas de uma quest\u00e3o de est\u00e9tica, mas oferecem muitas outras possibilidades: poupan\u00e7a de energia, mais acessibilidade, mais conforto, maior seguran\u00e7a, etc.<\/p>\n<h2>Porqu\u00ea a Eninter para modernizar o seu elevador?<\/h2>\n<p>A Eninter ajuda-o em tudo o que \u00e9 necess\u00e1rio para dar o salto definitivo na <strong>moderniza\u00e7\u00e3o do seu asc<\/strong>ensor. Acreditamos que \u00e9 importante que esteja sempre nas melhores m\u00e3os, com uma empresa em que confia e que responde rapidamente a todas as suas d\u00favidas. Por isso, se quiser modernizar o seu elevador ou pedir mais informa\u00e7\u00f5es, somos todos ouvidos.<\/p>\n","protected":false},"excerpt":{"rendered":"<p>Acha que o seu elevador est\u00e1 em perfeitas condi\u00e7\u00f5es e n\u00e3o precisa de ser melhorado? Na Eninter, estamos conscientes de que muitas associa\u00e7\u00f5es de moradores est\u00e3o a deixar passar esta situa\u00e7\u00e3o para evitar um poss\u00edvel custo adicional. Mas h\u00e1 alturas em que a moderniza\u00e7\u00e3o do elevador \u00e9 t\u00e3o necess\u00e1ria que o pr\u00f3prio elevador clama por [&hellip;]<\/p>\n","protected":false},"author":3,"featured_media":7638,"comment_status":"closed","ping_status":"closed","sticky":false,"template":"","format":"standard","meta":{"_acf_changed":false,"content-type":"","footnotes":""},"categories":[215],"tags":[],"class_list":["post-8661","post","type-post","status-publish","format-standard","has-post-thumbnail","hentry","category-elevadores"],"acf":[],"_yoast_wpseo_focuskw":"moderniza\u00e7\u00e3o de elevadores","_yoast_wpseo_metadesc":"Acha que o seu elevador est\u00e1 em perfeitas condi\u00e7\u00f5es e n\u00e3o precisa de ser melhorado? Descubra as vantagens da moderniza\u00e7\u00e3o dos elevadores.","yoast_head":"<!-- This site is optimized with the Yoast SEO Premium plugin v21.6 (Yoast SEO v27.5) - https:\/\/yoast.com\/product\/yoast-seo-premium-wordpress\/ -->\n<title>Quando \u00e9 que a moderniza\u00e7\u00e3o do elevador \u00e9 necess\u00e1ria? - ENINTER<\/title>\n<meta name=\"description\" content=\"Acha que o seu elevador est\u00e1 em perfeitas condi\u00e7\u00f5es e n\u00e3o precisa de ser melhorado? Descubra as vantagens da moderniza\u00e7\u00e3o dos elevadores.\" \/>\n<meta name=\"robots\" content=\"index, follow, max-snippet:-1, max-image-preview:large, max-video-preview:-1\" \/>\n<link rel=\"canonical\" href=\"https:\/\/www.eninter.com\/pt-pt\/quando-e-que-a-modernizacao-do-elevador-e-necessaria\/\" \/>\n<meta property=\"og:locale\" content=\"pt_PT\" \/>\n<meta property=\"og:type\" content=\"article\" \/>\n<meta property=\"og:title\" content=\"Quando \u00e9 que a moderniza\u00e7\u00e3o do elevador \u00e9 necess\u00e1ria?\" \/>\n<meta property=\"og:description\" content=\"Acha que o seu elevador est\u00e1 em perfeitas condi\u00e7\u00f5es e n\u00e3o precisa de ser melhorado? Descubra as vantagens da moderniza\u00e7\u00e3o dos elevadores.\" \/>\n<meta property=\"og:url\" content=\"https:\/\/www.eninter.com\/pt-pt\/quando-e-que-a-modernizacao-do-elevador-e-necessaria\/\" \/>\n<meta property=\"og:site_name\" content=\"ENINTER\" \/>\n<meta property=\"article:publisher\" content=\"https:\/\/www.facebook.com\/EninterAscensores\" \/>\n<meta property=\"article:published_time\" content=\"2019-07-09T10:49:11+00:00\" \/>\n<meta property=\"article:modified_time\" content=\"2025-01-08T11:48:26+00:00\" \/>\n<meta property=\"og:image\" content=\"https:\/\/www.eninter.com\/wp-content\/uploads\/2021\/10\/reconstruccion-de-un-inmueble-destruido-por-la-llamas.jpeg\" \/>\n\t<meta property=\"og:image:width\" content=\"790\" \/>\n\t<meta property=\"og:image:height\" content=\"444\" \/>\n\t<meta property=\"og:image:type\" content=\"image\/jpeg\" \/>\n<meta name=\"author\" content=\"Albert Puig\" \/>\n<meta name=\"twitter:card\" content=\"summary_large_image\" \/>\n<meta name=\"twitter:creator\" content=\"@Eninter\" \/>\n<meta name=\"twitter:site\" content=\"@Eninter\" \/>\n<meta name=\"twitter:label1\" content=\"Escrito por\" \/>\n\t<meta name=\"twitter:data1\" content=\"Albert Puig\" \/>\n\t<meta name=\"twitter:label2\" content=\"Tempo estimado de leitura\" \/>\n\t<meta name=\"twitter:data2\" content=\"4 minutos\" \/>\n<!-- \/ Yoast SEO Premium plugin. -->","yoast_head_json":{"title":"Quando \u00e9 que a moderniza\u00e7\u00e3o do elevador \u00e9 necess\u00e1ria? - ENINTER","description":"Acha que o seu elevador est\u00e1 em perfeitas condi\u00e7\u00f5es e n\u00e3o precisa de ser melhorado? Descubra as vantagens da moderniza\u00e7\u00e3o dos elevadores.","robots":{"index":"index","follow":"follow","max-snippet":"max-snippet:-1","max-image-preview":"max-image-preview:large","max-video-preview":"max-video-preview:-1"},"canonical":"https:\/\/www.eninter.com\/pt-pt\/quando-e-que-a-modernizacao-do-elevador-e-necessaria\/","og_locale":"pt_PT","og_type":"article","og_title":"Quando \u00e9 que a moderniza\u00e7\u00e3o do elevador \u00e9 necess\u00e1ria?","og_description":"Acha que o seu elevador est\u00e1 em perfeitas condi\u00e7\u00f5es e n\u00e3o precisa de ser melhorado? Descubra as vantagens da moderniza\u00e7\u00e3o dos elevadores.","og_url":"https:\/\/www.eninter.com\/pt-pt\/quando-e-que-a-modernizacao-do-elevador-e-necessaria\/","og_site_name":"ENINTER","article_publisher":"https:\/\/www.facebook.com\/EninterAscensores","article_published_time":"2019-07-09T10:49:11+00:00","article_modified_time":"2025-01-08T11:48:26+00:00","og_image":[{"width":790,"height":444,"url":"https:\/\/www.eninter.com\/wp-content\/uploads\/2021\/10\/reconstruccion-de-un-inmueble-destruido-por-la-llamas.jpeg","type":"image\/jpeg"}],"author":"Albert Puig","twitter_card":"summary_large_image","twitter_creator":"@Eninter","twitter_site":"@Eninter","twitter_misc":{"Escrito por":"Albert Puig","Tempo estimado de leitura":"4 minutos"},"schema":{"@context":"https:\/\/schema.org","@graph":[{"@type":"Article","@id":"https:\/\/www.eninter.com\/pt-pt\/quando-e-que-a-modernizacao-do-elevador-e-necessaria\/#article","isPartOf":{"@id":"https:\/\/www.eninter.com\/pt-pt\/quando-e-que-a-modernizacao-do-elevador-e-necessaria\/"},"author":{"name":"Albert Puig","@id":"https:\/\/www.eninter.com\/pt-pt\/#\/schema\/person\/e6178c261ac4210884c0e0264dd59043"},"headline":"Quando \u00e9 que a moderniza\u00e7\u00e3o do elevador \u00e9 necess\u00e1ria?","datePublished":"2019-07-09T10:49:11+00:00","dateModified":"2025-01-08T11:48:26+00:00","mainEntityOfPage":{"@id":"https:\/\/www.eninter.com\/pt-pt\/quando-e-que-a-modernizacao-do-elevador-e-necessaria\/"},"wordCount":824,"publisher":{"@id":"https:\/\/www.eninter.com\/pt-pt\/#organization"},"image":{"@id":"https:\/\/www.eninter.com\/pt-pt\/quando-e-que-a-modernizacao-do-elevador-e-necessaria\/#primaryimage"},"thumbnailUrl":"https:\/\/www.eninter.com\/wp-content\/uploads\/2021\/10\/reconstruccion-de-un-inmueble-destruido-por-la-llamas.jpeg","articleSection":["Elevadores"],"inLanguage":"pt-PT"},{"@type":"WebPage","@id":"https:\/\/www.eninter.com\/pt-pt\/quando-e-que-a-modernizacao-do-elevador-e-necessaria\/","url":"https:\/\/www.eninter.com\/pt-pt\/quando-e-que-a-modernizacao-do-elevador-e-necessaria\/","name":"Quando \u00e9 que a moderniza\u00e7\u00e3o do elevador \u00e9 necess\u00e1ria? - ENINTER","isPartOf":{"@id":"https:\/\/www.eninter.com\/pt-pt\/#website"},"primaryImageOfPage":{"@id":"https:\/\/www.eninter.com\/pt-pt\/quando-e-que-a-modernizacao-do-elevador-e-necessaria\/#primaryimage"},"image":{"@id":"https:\/\/www.eninter.com\/pt-pt\/quando-e-que-a-modernizacao-do-elevador-e-necessaria\/#primaryimage"},"thumbnailUrl":"https:\/\/www.eninter.com\/wp-content\/uploads\/2021\/10\/reconstruccion-de-un-inmueble-destruido-por-la-llamas.jpeg","datePublished":"2019-07-09T10:49:11+00:00","dateModified":"2025-01-08T11:48:26+00:00","description":"Acha que o seu elevador est\u00e1 em perfeitas condi\u00e7\u00f5es e n\u00e3o precisa de ser melhorado? Descubra as vantagens da moderniza\u00e7\u00e3o dos elevadores.","breadcrumb":{"@id":"https:\/\/www.eninter.com\/pt-pt\/quando-e-que-a-modernizacao-do-elevador-e-necessaria\/#breadcrumb"},"inLanguage":"pt-PT","potentialAction":[{"@type":"ReadAction","target":["https:\/\/www.eninter.com\/pt-pt\/quando-e-que-a-modernizacao-do-elevador-e-necessaria\/"]}]},{"@type":"ImageObject","inLanguage":"pt-PT","@id":"https:\/\/www.eninter.com\/pt-pt\/quando-e-que-a-modernizacao-do-elevador-e-necessaria\/#primaryimage","url":"https:\/\/www.eninter.com\/wp-content\/uploads\/2021\/10\/reconstruccion-de-un-inmueble-destruido-por-la-llamas.jpeg","contentUrl":"https:\/\/www.eninter.com\/wp-content\/uploads\/2021\/10\/reconstruccion-de-un-inmueble-destruido-por-la-llamas.jpeg","width":790,"height":444},{"@type":"BreadcrumbList","@id":"https:\/\/www.eninter.com\/pt-pt\/quando-e-que-a-modernizacao-do-elevador-e-necessaria\/#breadcrumb","itemListElement":[{"@type":"ListItem","position":1,"name":"Portada","item":"https:\/\/www.eninter.com\/pt-pt\/"},{"@type":"ListItem","position":2,"name":"Quando \u00e9 que a moderniza\u00e7\u00e3o do elevador \u00e9 necess\u00e1ria?"}]},{"@type":"WebSite","@id":"https:\/\/www.eninter.com\/pt-pt\/#website","url":"https:\/\/www.eninter.com\/pt-pt\/","name":"ENINTER","description":"Mantenimiento de Ascensores Multimarca","publisher":{"@id":"https:\/\/www.eninter.com\/pt-pt\/#organization"},"potentialAction":[{"@type":"SearchAction","target":{"@type":"EntryPoint","urlTemplate":"https:\/\/www.eninter.com\/pt-pt\/?s={search_term_string}"},"query-input":{"@type":"PropertyValueSpecification","valueRequired":true,"valueName":"search_term_string"}}],"inLanguage":"pt-PT"},{"@type":"Organization","@id":"https:\/\/www.eninter.com\/pt-pt\/#organization","name":"Eniter","url":"https:\/\/www.eninter.com\/pt-pt\/","logo":{"@type":"ImageObject","inLanguage":"pt-PT","@id":"https:\/\/www.eninter.com\/pt-pt\/#\/schema\/logo\/image\/","url":"https:\/\/www.eninter.com\/wp-content\/uploads\/2023\/08\/logo-eninter-png.png","contentUrl":"https:\/\/www.eninter.com\/wp-content\/uploads\/2023\/08\/logo-eninter-png.png","width":600,"height":340,"caption":"Eniter"},"image":{"@id":"https:\/\/www.eninter.com\/pt-pt\/#\/schema\/logo\/image\/"},"sameAs":["https:\/\/www.facebook.com\/EninterAscensores","https:\/\/x.com\/Eninter","https:\/\/www.instagram.com\/eninterascensores\/","https:\/\/www.youtube.com\/user\/ascensoreseninter"]},{"@type":"Person","@id":"https:\/\/www.eninter.com\/pt-pt\/#\/schema\/person\/e6178c261ac4210884c0e0264dd59043","name":"Albert Puig","image":{"@type":"ImageObject","inLanguage":"pt-PT","@id":"https:\/\/secure.gravatar.com\/avatar\/583d07f3f1036f58d0e44e873586278b582179a16b27a5b3951504e9ee001c06?s=96&d=mm&r=g","url":"https:\/\/secure.gravatar.com\/avatar\/583d07f3f1036f58d0e44e873586278b582179a16b27a5b3951504e9ee001c06?s=96&d=mm&r=g","contentUrl":"https:\/\/secure.gravatar.com\/avatar\/583d07f3f1036f58d0e44e873586278b582179a16b27a5b3951504e9ee001c06?s=96&d=mm&r=g","caption":"Albert Puig"}}]}},"_links":{"self":[{"href":"https:\/\/www.eninter.com\/pt-pt\/wp-json\/wp\/v2\/posts\/8661","targetHints":{"allow":["GET"]}}],"collection":[{"href":"https:\/\/www.eninter.com\/pt-pt\/wp-json\/wp\/v2\/posts"}],"about":[{"href":"https:\/\/www.eninter.com\/pt-pt\/wp-json\/wp\/v2\/types\/post"}],"author":[{"embeddable":true,"href":"https:\/\/www.eninter.com\/pt-pt\/wp-json\/wp\/v2\/users\/3"}],"replies":[{"embeddable":true,"href":"https:\/\/www.eninter.com\/pt-pt\/wp-json\/wp\/v2\/comments?post=8661"}],"version-history":[{"count":0,"href":"https:\/\/www.eninter.com\/pt-pt\/wp-json\/wp\/v2\/posts\/8661\/revisions"}],"wp:featuredmedia":[{"embeddable":true,"href":"https:\/\/www.eninter.com\/pt-pt\/wp-json\/wp\/v2\/media\/7638"}],"wp:attachment":[{"href":"https:\/\/www.eninter.com\/pt-pt\/wp-json\/wp\/v2\/media?parent=8661"}],"wp:term":[{"taxonomy":"category","embeddable":true,"href":"https:\/\/www.eninter.com\/pt-pt\/wp-json\/wp\/v2\/categories?post=8661"},{"taxonomy":"post_tag","embeddable":true,"href":"https:\/\/www.eninter.com\/pt-pt\/wp-json\/wp\/v2\/tags?post=8661"}],"curies":[{"name":"wp","href":"https:\/\/api.w.org\/{rel}","templated":true}]}}