{"id":8662,"date":"2019-06-11T10:32:16","date_gmt":"2019-06-11T10:32:16","guid":{"rendered":"https:\/\/www.eninter.com\/elementos-de-seguranca-nas-portas-de-garagem\/"},"modified":"2025-01-08T11:47:51","modified_gmt":"2025-01-08T11:47:51","slug":"elementos-de-seguranca-nas-portas-de-garagem","status":"publish","type":"post","link":"https:\/\/www.eninter.com\/pt-pt\/elementos-de-seguranca-nas-portas-de-garagem\/","title":{"rendered":"Elementos de seguran\u00e7a nas portas de garagem"},"content":{"rendered":"<p>\u00c9 frequente ignorarmos a import\u00e2ncia dos <strong>dispositivos de seguran\u00e7a nos port\u00f5es de garagem,<\/strong> quer perten\u00e7am a particulares, a uma comunidade de propriet\u00e1rios ou a zonas industriais. Se o port\u00e3o da garagem da nossa casa n\u00e3o for objeto de uma manuten\u00e7\u00e3o adequada, \u00e9 prov\u00e1vel que surjam problemas, como a rutura do port\u00e3o ou mesmo o risco de acidentes com pessoas ou ve\u00edculos.<\/p>\n<p>Para evitar avarias mec\u00e2nicas ou acidentes, \u00e9<strong> essencial prestar aten\u00e7\u00e3o aos controlos de manuten\u00e7\u00e3o regulares e a todos os mecanismos de seguran\u00e7a da nossa porta autom\u00e1tica<\/strong>.<\/p>\n<h2><strong>A import\u00e2ncia dos dispositivos de seguran\u00e7a nas portas de garagem<\/strong><\/h2>\n<p><strong>As caracter\u00edsticas ou sistemas de seguran\u00e7a variam consoante o tipo de porta instalada.<\/strong>  Em geral, estas s\u00e3o algumas das caracter\u00edsticas de seguran\u00e7a mais frequentemente consideradas, especialmente quando se trata de portas basculantes ou de batente.<\/p>\n<h3><\/h3>\n<h3>Fotoc\u00e9lulas (interior e exterior)<\/h3>\n<p>Fotoc\u00e9lulas de seguran\u00e7a  <strong>provocar a paragem das portas e efetuar uma manobra de marcha-atr\u00e1s gra\u00e7as aos sensores que utiliza.<\/strong>  Por conseguinte, se algo interromper a transmiss\u00e3o entre estes dispositivos electr\u00f3nicos, ocorre um corte, que impede imediatamente o funcionamento da porta e inverte o sentido da manobra, evitando assim acidentes por esmagamento.<\/p>\n<h3>Sistema de para-quedas<\/h3>\n<p><strong>Em caso de rutura da corrente da porta ou dos cabos de a\u00e7o, o para-quedas impede que a porta caia no ch\u00e3o.<\/strong>  Um sistema que se destaca pela sua r\u00e1pida instala\u00e7\u00e3o, com um resultado realmente econ\u00f3mico.<\/p>\n<h3>Borracha anti-entalamento<\/h3>\n<p>\u00c9 um dispositivo que  <strong>evita que os dedos sejam entalados quando a porta \u00e9 accionada manualmente.<\/strong>  No caso das portas com dobradi\u00e7as, \u00e9 utilizada a mesma borracha que nas portas de batente.  <a href=\"https:\/\/www.eninter.com\/blog\/puertas-garaje-automaticas-basculantes\/\" target=\"_blank\" rel=\"noopener\">portas basculantes.<\/a>  \u00c9 um  <strong>borracha protetora anti-entalamento  <\/strong>nas dobradi\u00e7as para proteger as partes m\u00f3veis com folgas vari\u00e1veis.<\/p>\n<h3>Sistema anti-esmagamento<\/h3>\n<p>Quando uma porta de servi\u00e7o se fecha e, no mesmo momento, toca numa pessoa, a porta p\u00e1ra automaticamente e o motor inverte a manobra. Esta \u00e9 uma fun\u00e7\u00e3o dos <strong>motores dos port\u00f5es<\/strong> que, quando sentem uma for\u00e7a contra eles, <strong>evitam acidentes e esmagamentos, invertendo o seu funcionamento ou mesmo parando completamente<\/strong>. O port\u00e3o da garagem deve ser equipado com <strong>tiras passivas<\/strong> se tiver um motor deste tipo. No entanto, se a porta n\u00e3o estiver equipada com um motor com um sistema anti-esmagamento, a porta deve ser equipada com <strong>tiras de seguran\u00e7a<\/strong> no bordo de ataque.<\/p>\n<h3><strong>Limitadores de curso da l\u00e2mina<\/strong><\/h3>\n<p><strong>A folha da porta deve parar automaticamente e em seguran\u00e7a<\/strong> <strong>quando atingir as posi\u00e7\u00f5es limite de fim de curso<\/strong>. Ap\u00f3s a paragem na posi\u00e7\u00e3o final, a porta deve permanecer sempre segura e n\u00e3o deve poder causar riscos.<\/p>\n<h3><strong>Bot\u00e3o de paragem de emerg\u00eancia<\/strong><\/h3>\n<p>Este \u00e9 um bot\u00e3o de press\u00e3o, tamb\u00e9m designado por  <strong>bot\u00e3o de paragem, que interrompe imediatamente qualquer manobra da porta em caso de acidente.<\/strong>  Para ativar a porta, \u00e9 necess\u00e1rio premir o bot\u00e3o de press\u00e3o, o que significa que a porta n\u00e3o voltar\u00e1 a arrancar enquanto n\u00e3o tivermos a certeza de que n\u00e3o existe qualquer tipo de perigo.<\/p>\n<h3><strong>Luzes intermitentes com ou sem aviso pr\u00e9vio<\/strong><\/h3>\n<p>Uma <strong>luz intermitente, normalmente amarela,<\/strong> avisa que o port\u00e3o da garagem est\u00e1 em movimento ou prestes a mover-se, evitando qualquer risco causado pela abertura ou fecho do port\u00e3o da garagem.<\/p>\n<p>&nbsp;<\/p>\n<p><img fetchpriority=\"high\" decoding=\"async\" class=\"size-medium wp-image-9698 alignleft\" src=\"https:\/\/www.eninter.com\/wp-content\/uploads\/2023\/10\/2-3-300x300.jpg\" alt=\"\" width=\"300\" height=\"300\" srcset=\"https:\/\/www.eninter.com\/wp-content\/uploads\/2023\/10\/2-3-300x300.jpg 300w, https:\/\/www.eninter.com\/wp-content\/uploads\/2023\/10\/2-3-1024x1024.jpg 1024w, https:\/\/www.eninter.com\/wp-content\/uploads\/2023\/10\/2-3-150x150.jpg 150w, https:\/\/www.eninter.com\/wp-content\/uploads\/2023\/10\/2-3-768x768.jpg 768w, https:\/\/www.eninter.com\/wp-content\/uploads\/2023\/10\/2-3.jpg 1080w\" sizes=\"(max-width: 300px) 100vw, 300px\" \/><\/p>\n<h2><strong>As portas de garagem requerem muitas medidas de seguran\u00e7a<\/strong><\/h2>\n<p>Para al\u00e9m das medidas acima mencionadas, h\u00e1 muitas outras <strong>caracter\u00edsticas de seguran\u00e7a das portas de garagem<\/strong> a considerar. Como dissemos, em fun\u00e7\u00e3o das caracter\u00edsticas do equipamento ou da instala\u00e7\u00e3o, podem ser necess\u00e1rias outras medidas adicionais, como, por exemplo, <strong>cabo de seguran\u00e7a anti-queda em portas de batente, fechos anti-vento em portas manuais,<\/strong> etc.<\/p>\n<p>Na Eninter, somos especialistas na instala\u00e7\u00e3o e  manuten\u00e7\u00e3o de qualquer tipo de porta autom\u00e1tica.  Melhoramos a qualidade dos port\u00f5es de garagem da sua casa, comunidade ou empresa e cumprimos os nossos objectivos com cada porta nova,  <strong>Etiqueta de marca\u00e7\u00e3o CE, manual do utilizador e folheto de manuten\u00e7\u00e3o.<\/strong>  Pode usufruir de um servi\u00e7o de qualidade e seguran\u00e7a com uma garantia total.  <a href=\"https:\/\/www.eninter.com\/pt-pt\/contacto\/\" target=\"_blank\" rel=\"noopener\">Pe\u00e7a-nos um or\u00e7amento<\/a> sem compromisso.<\/p>\n","protected":false},"excerpt":{"rendered":"<p>\u00c9 frequente ignorarmos a import\u00e2ncia dos dispositivos de seguran\u00e7a nos port\u00f5es de garagem, quer perten\u00e7am a particulares, a uma comunidade de propriet\u00e1rios ou a zonas industriais. Se o port\u00e3o da garagem da nossa casa n\u00e3o for objeto de uma manuten\u00e7\u00e3o adequada, \u00e9 prov\u00e1vel que surjam problemas, como a rutura do port\u00e3o ou mesmo o risco [&hellip;]<\/p>\n","protected":false},"author":3,"featured_media":8216,"comment_status":"closed","ping_status":"closed","sticky":false,"template":"","format":"standard","meta":{"_acf_changed":false,"content-type":"","footnotes":""},"categories":[219],"tags":[],"class_list":["post-8662","post","type-post","status-publish","format-standard","has-post-thumbnail","hentry","category-portas-de-garagem"],"acf":[],"_yoast_wpseo_focuskw":"seguran\u00e7a de portas de garagem","_yoast_wpseo_metadesc":"Conhece as caracter\u00edsticas de seguran\u00e7a das portas de garagem? A partir do Eninter, dar-lhe-emos todos os pormenores.","yoast_head":"<!-- This site is optimized with the Yoast SEO Premium plugin v21.6 (Yoast SEO v27.2) - https:\/\/yoast.com\/product\/yoast-seo-premium-wordpress\/ -->\n<title>Elementos de seguran\u00e7a nas portas de garagem - ENINTER<\/title>\n<meta name=\"description\" content=\"Conhece as caracter\u00edsticas de seguran\u00e7a das portas de garagem? A partir do Eninter, dar-lhe-emos todos os pormenores.\" \/>\n<meta name=\"robots\" content=\"index, follow, max-snippet:-1, max-image-preview:large, max-video-preview:-1\" \/>\n<link rel=\"canonical\" href=\"https:\/\/www.eninter.com\/pt-pt\/elementos-de-seguranca-nas-portas-de-garagem\/\" \/>\n<meta property=\"og:locale\" content=\"pt_PT\" \/>\n<meta property=\"og:type\" content=\"article\" \/>\n<meta property=\"og:title\" content=\"Elementos de seguran\u00e7a nas portas de garagem\" \/>\n<meta property=\"og:description\" content=\"Conhece as caracter\u00edsticas de seguran\u00e7a das portas de garagem? A partir do Eninter, dar-lhe-emos todos os pormenores.\" \/>\n<meta property=\"og:url\" content=\"https:\/\/www.eninter.com\/pt-pt\/elementos-de-seguranca-nas-portas-de-garagem\/\" \/>\n<meta property=\"og:site_name\" content=\"ENINTER\" \/>\n<meta property=\"article:publisher\" content=\"https:\/\/www.facebook.com\/EninterAscensores\" \/>\n<meta property=\"article:published_time\" content=\"2019-06-11T10:32:16+00:00\" \/>\n<meta property=\"article:modified_time\" content=\"2025-01-08T11:47:51+00:00\" \/>\n<meta property=\"og:image\" content=\"https:\/\/www.eninter.com\/wp-content\/uploads\/2023\/08\/eninter-mantenimiento-ascensores-san-sebastian-02.jpg\" \/>\n\t<meta property=\"og:image:width\" content=\"1100\" \/>\n\t<meta property=\"og:image:height\" content=\"734\" \/>\n\t<meta property=\"og:image:type\" content=\"image\/jpeg\" \/>\n<meta name=\"author\" content=\"Albert Puig\" \/>\n<meta name=\"twitter:card\" content=\"summary_large_image\" \/>\n<meta name=\"twitter:creator\" content=\"@Eninter\" \/>\n<meta name=\"twitter:site\" content=\"@Eninter\" \/>\n<meta name=\"twitter:label1\" content=\"Escrito por\" \/>\n\t<meta name=\"twitter:data1\" content=\"Albert Puig\" \/>\n\t<meta name=\"twitter:label2\" content=\"Tempo estimado de leitura\" \/>\n\t<meta name=\"twitter:data2\" content=\"4 minutos\" \/>\n<!-- \/ Yoast SEO Premium plugin. -->","yoast_head_json":{"title":"Elementos de seguran\u00e7a nas portas de garagem - ENINTER","description":"Conhece as caracter\u00edsticas de seguran\u00e7a das portas de garagem? A partir do Eninter, dar-lhe-emos todos os pormenores.","robots":{"index":"index","follow":"follow","max-snippet":"max-snippet:-1","max-image-preview":"max-image-preview:large","max-video-preview":"max-video-preview:-1"},"canonical":"https:\/\/www.eninter.com\/pt-pt\/elementos-de-seguranca-nas-portas-de-garagem\/","og_locale":"pt_PT","og_type":"article","og_title":"Elementos de seguran\u00e7a nas portas de garagem","og_description":"Conhece as caracter\u00edsticas de seguran\u00e7a das portas de garagem? A partir do Eninter, dar-lhe-emos todos os pormenores.","og_url":"https:\/\/www.eninter.com\/pt-pt\/elementos-de-seguranca-nas-portas-de-garagem\/","og_site_name":"ENINTER","article_publisher":"https:\/\/www.facebook.com\/EninterAscensores","article_published_time":"2019-06-11T10:32:16+00:00","article_modified_time":"2025-01-08T11:47:51+00:00","og_image":[{"width":1100,"height":734,"url":"https:\/\/www.eninter.com\/wp-content\/uploads\/2023\/08\/eninter-mantenimiento-ascensores-san-sebastian-02.jpg","type":"image\/jpeg"}],"author":"Albert Puig","twitter_card":"summary_large_image","twitter_creator":"@Eninter","twitter_site":"@Eninter","twitter_misc":{"Escrito por":"Albert Puig","Tempo estimado de leitura":"4 minutos"},"schema":{"@context":"https:\/\/schema.org","@graph":[{"@type":"Article","@id":"https:\/\/www.eninter.com\/pt-pt\/elementos-de-seguranca-nas-portas-de-garagem\/#article","isPartOf":{"@id":"https:\/\/www.eninter.com\/pt-pt\/elementos-de-seguranca-nas-portas-de-garagem\/"},"author":{"name":"Albert Puig","@id":"https:\/\/www.eninter.com\/pt-pt\/#\/schema\/person\/e6178c261ac4210884c0e0264dd59043"},"headline":"Elementos de seguran\u00e7a nas portas de garagem","datePublished":"2019-06-11T10:32:16+00:00","dateModified":"2025-01-08T11:47:51+00:00","mainEntityOfPage":{"@id":"https:\/\/www.eninter.com\/pt-pt\/elementos-de-seguranca-nas-portas-de-garagem\/"},"wordCount":727,"publisher":{"@id":"https:\/\/www.eninter.com\/pt-pt\/#organization"},"image":{"@id":"https:\/\/www.eninter.com\/pt-pt\/elementos-de-seguranca-nas-portas-de-garagem\/#primaryimage"},"thumbnailUrl":"https:\/\/www.eninter.com\/wp-content\/uploads\/2023\/08\/eninter-mantenimiento-ascensores-san-sebastian-02.jpg","articleSection":["Portas de garagem"],"inLanguage":"pt-PT"},{"@type":"WebPage","@id":"https:\/\/www.eninter.com\/pt-pt\/elementos-de-seguranca-nas-portas-de-garagem\/","url":"https:\/\/www.eninter.com\/pt-pt\/elementos-de-seguranca-nas-portas-de-garagem\/","name":"Elementos de seguran\u00e7a nas portas de garagem - ENINTER","isPartOf":{"@id":"https:\/\/www.eninter.com\/pt-pt\/#website"},"primaryImageOfPage":{"@id":"https:\/\/www.eninter.com\/pt-pt\/elementos-de-seguranca-nas-portas-de-garagem\/#primaryimage"},"image":{"@id":"https:\/\/www.eninter.com\/pt-pt\/elementos-de-seguranca-nas-portas-de-garagem\/#primaryimage"},"thumbnailUrl":"https:\/\/www.eninter.com\/wp-content\/uploads\/2023\/08\/eninter-mantenimiento-ascensores-san-sebastian-02.jpg","datePublished":"2019-06-11T10:32:16+00:00","dateModified":"2025-01-08T11:47:51+00:00","description":"Conhece as caracter\u00edsticas de seguran\u00e7a das portas de garagem? A partir do Eninter, dar-lhe-emos todos os pormenores.","breadcrumb":{"@id":"https:\/\/www.eninter.com\/pt-pt\/elementos-de-seguranca-nas-portas-de-garagem\/#breadcrumb"},"inLanguage":"pt-PT","potentialAction":[{"@type":"ReadAction","target":["https:\/\/www.eninter.com\/pt-pt\/elementos-de-seguranca-nas-portas-de-garagem\/"]}]},{"@type":"ImageObject","inLanguage":"pt-PT","@id":"https:\/\/www.eninter.com\/pt-pt\/elementos-de-seguranca-nas-portas-de-garagem\/#primaryimage","url":"https:\/\/www.eninter.com\/wp-content\/uploads\/2023\/08\/eninter-mantenimiento-ascensores-san-sebastian-02.jpg","contentUrl":"https:\/\/www.eninter.com\/wp-content\/uploads\/2023\/08\/eninter-mantenimiento-ascensores-san-sebastian-02.jpg","width":1100,"height":734},{"@type":"BreadcrumbList","@id":"https:\/\/www.eninter.com\/pt-pt\/elementos-de-seguranca-nas-portas-de-garagem\/#breadcrumb","itemListElement":[{"@type":"ListItem","position":1,"name":"Portada","item":"https:\/\/www.eninter.com\/pt-pt\/"},{"@type":"ListItem","position":2,"name":"Elementos de seguran\u00e7a nas portas de garagem"}]},{"@type":"WebSite","@id":"https:\/\/www.eninter.com\/pt-pt\/#website","url":"https:\/\/www.eninter.com\/pt-pt\/","name":"ENINTER","description":"Mantenimiento de Ascensores Multimarca","publisher":{"@id":"https:\/\/www.eninter.com\/pt-pt\/#organization"},"potentialAction":[{"@type":"SearchAction","target":{"@type":"EntryPoint","urlTemplate":"https:\/\/www.eninter.com\/pt-pt\/?s={search_term_string}"},"query-input":{"@type":"PropertyValueSpecification","valueRequired":true,"valueName":"search_term_string"}}],"inLanguage":"pt-PT"},{"@type":"Organization","@id":"https:\/\/www.eninter.com\/pt-pt\/#organization","name":"Eniter","url":"https:\/\/www.eninter.com\/pt-pt\/","logo":{"@type":"ImageObject","inLanguage":"pt-PT","@id":"https:\/\/www.eninter.com\/pt-pt\/#\/schema\/logo\/image\/","url":"https:\/\/www.eninter.com\/wp-content\/uploads\/2023\/08\/logo-eninter-png.png","contentUrl":"https:\/\/www.eninter.com\/wp-content\/uploads\/2023\/08\/logo-eninter-png.png","width":600,"height":340,"caption":"Eniter"},"image":{"@id":"https:\/\/www.eninter.com\/pt-pt\/#\/schema\/logo\/image\/"},"sameAs":["https:\/\/www.facebook.com\/EninterAscensores","https:\/\/x.com\/Eninter","https:\/\/www.instagram.com\/eninterascensores\/","https:\/\/www.youtube.com\/user\/ascensoreseninter"]},{"@type":"Person","@id":"https:\/\/www.eninter.com\/pt-pt\/#\/schema\/person\/e6178c261ac4210884c0e0264dd59043","name":"Albert Puig","image":{"@type":"ImageObject","inLanguage":"pt-PT","@id":"https:\/\/secure.gravatar.com\/avatar\/583d07f3f1036f58d0e44e873586278b582179a16b27a5b3951504e9ee001c06?s=96&d=mm&r=g","url":"https:\/\/secure.gravatar.com\/avatar\/583d07f3f1036f58d0e44e873586278b582179a16b27a5b3951504e9ee001c06?s=96&d=mm&r=g","contentUrl":"https:\/\/secure.gravatar.com\/avatar\/583d07f3f1036f58d0e44e873586278b582179a16b27a5b3951504e9ee001c06?s=96&d=mm&r=g","caption":"Albert Puig"}}]}},"_links":{"self":[{"href":"https:\/\/www.eninter.com\/pt-pt\/wp-json\/wp\/v2\/posts\/8662","targetHints":{"allow":["GET"]}}],"collection":[{"href":"https:\/\/www.eninter.com\/pt-pt\/wp-json\/wp\/v2\/posts"}],"about":[{"href":"https:\/\/www.eninter.com\/pt-pt\/wp-json\/wp\/v2\/types\/post"}],"author":[{"embeddable":true,"href":"https:\/\/www.eninter.com\/pt-pt\/wp-json\/wp\/v2\/users\/3"}],"replies":[{"embeddable":true,"href":"https:\/\/www.eninter.com\/pt-pt\/wp-json\/wp\/v2\/comments?post=8662"}],"version-history":[{"count":0,"href":"https:\/\/www.eninter.com\/pt-pt\/wp-json\/wp\/v2\/posts\/8662\/revisions"}],"wp:featuredmedia":[{"embeddable":true,"href":"https:\/\/www.eninter.com\/pt-pt\/wp-json\/wp\/v2\/media\/8216"}],"wp:attachment":[{"href":"https:\/\/www.eninter.com\/pt-pt\/wp-json\/wp\/v2\/media?parent=8662"}],"wp:term":[{"taxonomy":"category","embeddable":true,"href":"https:\/\/www.eninter.com\/pt-pt\/wp-json\/wp\/v2\/categories?post=8662"},{"taxonomy":"post_tag","embeddable":true,"href":"https:\/\/www.eninter.com\/pt-pt\/wp-json\/wp\/v2\/tags?post=8662"}],"curies":[{"name":"wp","href":"https:\/\/api.w.org\/{rel}","templated":true}]}}