{"id":8666,"date":"2019-04-11T10:38:40","date_gmt":"2019-04-11T10:38:40","guid":{"rendered":"https:\/\/www.eninter.com\/os-caes-podem-subir-no-elevador\/"},"modified":"2025-01-08T11:43:53","modified_gmt":"2025-01-08T11:43:53","slug":"os-caes-podem-subir-no-elevador","status":"publish","type":"post","link":"https:\/\/www.eninter.com\/pt-pt\/os-caes-podem-subir-no-elevador\/","title":{"rendered":"Os c\u00e3es podem subir no elevador?"},"content":{"rendered":"<p>Ter um animal de companhia como um c\u00e3o significa que temos de ter cuidados espec\u00edficos com ele, bem como algumas preocupa\u00e7\u00f5es adicionais, o que pode ser um pouco pesado, especialmente se o ambiente n\u00e3o for muito cooperante.<\/p>\n<h2>Novas situa\u00e7\u00f5es e quest\u00f5es que nos colocamos<\/h2>\n<p>Algumas situa\u00e7\u00f5es ser\u00e3o certamente novas, por exemplo, se vivermos numa comunidade de vizinhos em vez de numa casa:  <strong>Podemos ser proibidos de levar o(s) nosso(s) c\u00e3o(\u00f5es) no elevador? Isto \u00e9 legal?<\/strong>  Vamos ter de ir pelas escadas? As perguntas t\u00edpicas que se faz a si pr\u00f3prio e que nunca se fez antes.<\/p>\n<p>Por <strong>vezes, pode haver situa\u00e7\u00f5es em que h\u00e1 vizinhos que n\u00e3o t\u00eam animais de estima\u00e7\u00e3o e que pensam que o elevador deve ser um espa\u00e7o utilizado exclusivamente por humanos<\/strong>.<\/p>\n<p>Em geral, esta rejei\u00e7\u00e3o n\u00e3o se verifica, <strong>uma<\/strong> vez que <strong>um animal de estima\u00e7\u00e3o pode viajar no elevador sem qualquer problema<\/strong>. No entanto, existem algumas situa\u00e7\u00f5es em que uma associa\u00e7\u00e3o de moradores pode considerar a possibilidade de proibir a circula\u00e7\u00e3o de c\u00e3es no elevador.<\/p>\n<h2>Quando o c\u00e3o est\u00e1 em confronto<\/h2>\n<p>Se tiver um <strong>c\u00e3o indisciplinado e perturbador,<\/strong> que faz as suas necessidades no elevador, \u00e9 \u00f3bvio que os vizinhos se v\u00e3o queixar. No entanto, isto n\u00e3o \u00e9 muito comum, exceto no caso dos cachorros, que n\u00e3o est\u00e3o habituados a estar ao ar livre. O procedimento normal numa situa\u00e7\u00e3o como esta \u00e9 avisar o dono do c\u00e3o do que aconteceu e pedir-lhe que limpe o c\u00e3o. Se os factos se repetirem, apesar dos avisos, os vizinhos podem alterar os estatutos da comunidade para garantir a introdu\u00e7\u00e3o de uma proibi\u00e7\u00e3o.<\/p>\n<p>Para chegar a <strong>uma proibi\u00e7\u00e3o total, a comunidade ter\u00e1 de votar por unanimidade a altera\u00e7\u00e3o dos estatutos<\/strong>. Isto significa que mesmo o vizinho com o c\u00e3o problem\u00e1tico teria de votar para impedir que o seu pr\u00f3prio c\u00e3o andasse no elevador, o que \u00e9 pouco prov\u00e1vel que aconte\u00e7a, tornando dif\u00edcil que a proibi\u00e7\u00e3o v\u00e1 para a frente.<\/p>\n<p>Seria, de facto, uma guerra entre vizinhos em que todos perderiam de certeza. Isto n\u00e3o vale a pena e h\u00e1 outras formas de resolver o problema, especialmente num caso como o que estamos a falar.<\/p>\n<p>N\u00e3o devemos excluir os casos,  <strong>quando o propriet\u00e1rio e o seu c\u00e3o se mudam para um novo apartamento, a comunidade altera os estatutos e pro\u00edbe expressamente a entrada de qualquer tipo de animal no elevador. Neste caso, \u00e9 necess\u00e1rio utilizar as escadas.<\/strong>  Para resolver este problema, seria necess\u00e1rio solicitar uma altera\u00e7\u00e3o dos estatutos, o que exigiria novamente a unanimidade.<\/p>\n<h2>N\u00e3o existe qualquer lei que pro\u00edba levar c\u00e3es no elevador.<\/h2>\n<p>Em princ\u00edpio, devemos ser muito claros:<strong> n\u00e3o existem leis que pro\u00edbam a presen\u00e7a de c\u00e3es no<\/strong> elevador, a menos que, como j\u00e1 dissemos, a comunidade de vizinhos as altere antes de o propriet\u00e1rio com o c\u00e3o se mudar.<\/p>\n<p>Se um vizinho disser que levar o c\u00e3o no elevador \u00e9 ilegal ou proibido, a melhor coisa a fazer n\u00e3o \u00e9 lutar, mas <strong>pedir uma c\u00f3pia dos estatutos da comunidade e certificar-se de que a proibi\u00e7\u00e3o n\u00e3o<\/strong> existe de facto \u00e9 a op\u00e7\u00e3o mais aconselh\u00e1vel.<\/p>\n<p>Embora os c\u00e3es geralmente n\u00e3o mordam, algumas pessoas podem ter medo de animais de estima\u00e7\u00e3o. O melhor conselho \u00e9 evitar andar no elevador com pessoas que o c\u00e3o possa perturbar. Podem subir as escadas e, depois, <strong>o elevador<\/strong> pode ser <strong>utilizado para levar o animal para cima<\/strong> sem causar qualquer inc\u00f3modo e os vizinhos que t\u00eam este problema ficar\u00e3o agradecidos.<\/p>\n","protected":false},"excerpt":{"rendered":"<p>Ter um animal de companhia como um c\u00e3o significa que temos de ter cuidados espec\u00edficos com ele, bem como algumas preocupa\u00e7\u00f5es adicionais, o que pode ser um pouco pesado, especialmente se o ambiente n\u00e3o for muito cooperante. Novas situa\u00e7\u00f5es e quest\u00f5es que nos colocamos Algumas situa\u00e7\u00f5es ser\u00e3o certamente novas, por exemplo, se vivermos numa comunidade [&hellip;]<\/p>\n","protected":false},"author":3,"featured_media":9519,"comment_status":"closed","ping_status":"closed","sticky":false,"template":"","format":"standard","meta":{"_acf_changed":false,"content-type":"","footnotes":""},"categories":[215],"tags":[],"class_list":["post-8666","post","type-post","status-publish","format-standard","has-post-thumbnail","hentry","category-elevadores"],"acf":[],"_yoast_wpseo_focuskw":"c\u00e3es no elevador","_yoast_wpseo_metadesc":"\u00c9 proibido levar c\u00e3es no elevador? Ou vamos ter de ir pelas escadas? Saiba mais no nosso blogue.","yoast_head":"<!-- This site is optimized with the Yoast SEO Premium plugin v21.6 (Yoast SEO v27.2) - https:\/\/yoast.com\/product\/yoast-seo-premium-wordpress\/ -->\n<title>Os c\u00e3es podem subir no elevador? - ENINTER<\/title>\n<meta name=\"description\" content=\"\u00c9 proibido levar c\u00e3es no elevador? Ou vamos ter de ir pelas escadas? Saiba mais no nosso blogue.\" \/>\n<meta name=\"robots\" content=\"index, follow, max-snippet:-1, max-image-preview:large, max-video-preview:-1\" \/>\n<link rel=\"canonical\" href=\"https:\/\/www.eninter.com\/pt-pt\/os-caes-podem-subir-no-elevador\/\" \/>\n<meta property=\"og:locale\" content=\"pt_PT\" \/>\n<meta property=\"og:type\" content=\"article\" \/>\n<meta property=\"og:title\" content=\"Os c\u00e3es podem subir no elevador?\" \/>\n<meta property=\"og:description\" content=\"\u00c9 proibido levar c\u00e3es no elevador? Ou vamos ter de ir pelas escadas? Saiba mais no nosso blogue.\" \/>\n<meta property=\"og:url\" content=\"https:\/\/www.eninter.com\/pt-pt\/os-caes-podem-subir-no-elevador\/\" \/>\n<meta property=\"og:site_name\" content=\"ENINTER\" \/>\n<meta property=\"article:publisher\" content=\"https:\/\/www.facebook.com\/EninterAscensores\" \/>\n<meta property=\"article:published_time\" content=\"2019-04-11T10:38:40+00:00\" \/>\n<meta property=\"article:modified_time\" content=\"2025-01-08T11:43:53+00:00\" \/>\n<meta property=\"og:image\" content=\"https:\/\/www.eninter.com\/wp-content\/uploads\/2019\/04\/pexels-photo-2774140.webp\" \/>\n\t<meta property=\"og:image:width\" content=\"600\" \/>\n\t<meta property=\"og:image:height\" content=\"400\" \/>\n\t<meta property=\"og:image:type\" content=\"image\/webp\" \/>\n<meta name=\"author\" content=\"Albert Puig\" \/>\n<meta name=\"twitter:card\" content=\"summary_large_image\" \/>\n<meta name=\"twitter:creator\" content=\"@Eninter\" \/>\n<meta name=\"twitter:site\" content=\"@Eninter\" \/>\n<meta name=\"twitter:label1\" content=\"Escrito por\" \/>\n\t<meta name=\"twitter:data1\" content=\"Albert Puig\" \/>\n\t<meta name=\"twitter:label2\" content=\"Tempo estimado de leitura\" \/>\n\t<meta name=\"twitter:data2\" content=\"3 minutos\" \/>\n<!-- \/ Yoast SEO Premium plugin. -->","yoast_head_json":{"title":"Os c\u00e3es podem subir no elevador? - ENINTER","description":"\u00c9 proibido levar c\u00e3es no elevador? Ou vamos ter de ir pelas escadas? Saiba mais no nosso blogue.","robots":{"index":"index","follow":"follow","max-snippet":"max-snippet:-1","max-image-preview":"max-image-preview:large","max-video-preview":"max-video-preview:-1"},"canonical":"https:\/\/www.eninter.com\/pt-pt\/os-caes-podem-subir-no-elevador\/","og_locale":"pt_PT","og_type":"article","og_title":"Os c\u00e3es podem subir no elevador?","og_description":"\u00c9 proibido levar c\u00e3es no elevador? Ou vamos ter de ir pelas escadas? Saiba mais no nosso blogue.","og_url":"https:\/\/www.eninter.com\/pt-pt\/os-caes-podem-subir-no-elevador\/","og_site_name":"ENINTER","article_publisher":"https:\/\/www.facebook.com\/EninterAscensores","article_published_time":"2019-04-11T10:38:40+00:00","article_modified_time":"2025-01-08T11:43:53+00:00","og_image":[{"width":600,"height":400,"url":"https:\/\/www.eninter.com\/wp-content\/uploads\/2019\/04\/pexels-photo-2774140.webp","type":"image\/webp"}],"author":"Albert Puig","twitter_card":"summary_large_image","twitter_creator":"@Eninter","twitter_site":"@Eninter","twitter_misc":{"Escrito por":"Albert Puig","Tempo estimado de leitura":"3 minutos"},"schema":{"@context":"https:\/\/schema.org","@graph":[{"@type":"Article","@id":"https:\/\/www.eninter.com\/pt-pt\/os-caes-podem-subir-no-elevador\/#article","isPartOf":{"@id":"https:\/\/www.eninter.com\/pt-pt\/os-caes-podem-subir-no-elevador\/"},"author":{"name":"Albert Puig","@id":"https:\/\/www.eninter.com\/pt-pt\/#\/schema\/person\/e6178c261ac4210884c0e0264dd59043"},"headline":"Os c\u00e3es podem subir no elevador?","datePublished":"2019-04-11T10:38:40+00:00","dateModified":"2025-01-08T11:43:53+00:00","mainEntityOfPage":{"@id":"https:\/\/www.eninter.com\/pt-pt\/os-caes-podem-subir-no-elevador\/"},"wordCount":642,"publisher":{"@id":"https:\/\/www.eninter.com\/pt-pt\/#organization"},"image":{"@id":"https:\/\/www.eninter.com\/pt-pt\/os-caes-podem-subir-no-elevador\/#primaryimage"},"thumbnailUrl":"https:\/\/www.eninter.com\/wp-content\/uploads\/2019\/04\/pexels-photo-2774140.webp","articleSection":["Elevadores"],"inLanguage":"pt-PT"},{"@type":"WebPage","@id":"https:\/\/www.eninter.com\/pt-pt\/os-caes-podem-subir-no-elevador\/","url":"https:\/\/www.eninter.com\/pt-pt\/os-caes-podem-subir-no-elevador\/","name":"Os c\u00e3es podem subir no elevador? - ENINTER","isPartOf":{"@id":"https:\/\/www.eninter.com\/pt-pt\/#website"},"primaryImageOfPage":{"@id":"https:\/\/www.eninter.com\/pt-pt\/os-caes-podem-subir-no-elevador\/#primaryimage"},"image":{"@id":"https:\/\/www.eninter.com\/pt-pt\/os-caes-podem-subir-no-elevador\/#primaryimage"},"thumbnailUrl":"https:\/\/www.eninter.com\/wp-content\/uploads\/2019\/04\/pexels-photo-2774140.webp","datePublished":"2019-04-11T10:38:40+00:00","dateModified":"2025-01-08T11:43:53+00:00","description":"\u00c9 proibido levar c\u00e3es no elevador? Ou vamos ter de ir pelas escadas? Saiba mais no nosso blogue.","breadcrumb":{"@id":"https:\/\/www.eninter.com\/pt-pt\/os-caes-podem-subir-no-elevador\/#breadcrumb"},"inLanguage":"pt-PT","potentialAction":[{"@type":"ReadAction","target":["https:\/\/www.eninter.com\/pt-pt\/os-caes-podem-subir-no-elevador\/"]}]},{"@type":"ImageObject","inLanguage":"pt-PT","@id":"https:\/\/www.eninter.com\/pt-pt\/os-caes-podem-subir-no-elevador\/#primaryimage","url":"https:\/\/www.eninter.com\/wp-content\/uploads\/2019\/04\/pexels-photo-2774140.webp","contentUrl":"https:\/\/www.eninter.com\/wp-content\/uploads\/2019\/04\/pexels-photo-2774140.webp","width":600,"height":400},{"@type":"BreadcrumbList","@id":"https:\/\/www.eninter.com\/pt-pt\/os-caes-podem-subir-no-elevador\/#breadcrumb","itemListElement":[{"@type":"ListItem","position":1,"name":"Portada","item":"https:\/\/www.eninter.com\/pt-pt\/"},{"@type":"ListItem","position":2,"name":"Os c\u00e3es podem subir no elevador?"}]},{"@type":"WebSite","@id":"https:\/\/www.eninter.com\/pt-pt\/#website","url":"https:\/\/www.eninter.com\/pt-pt\/","name":"ENINTER","description":"Mantenimiento de Ascensores Multimarca","publisher":{"@id":"https:\/\/www.eninter.com\/pt-pt\/#organization"},"potentialAction":[{"@type":"SearchAction","target":{"@type":"EntryPoint","urlTemplate":"https:\/\/www.eninter.com\/pt-pt\/?s={search_term_string}"},"query-input":{"@type":"PropertyValueSpecification","valueRequired":true,"valueName":"search_term_string"}}],"inLanguage":"pt-PT"},{"@type":"Organization","@id":"https:\/\/www.eninter.com\/pt-pt\/#organization","name":"Eniter","url":"https:\/\/www.eninter.com\/pt-pt\/","logo":{"@type":"ImageObject","inLanguage":"pt-PT","@id":"https:\/\/www.eninter.com\/pt-pt\/#\/schema\/logo\/image\/","url":"https:\/\/www.eninter.com\/wp-content\/uploads\/2023\/08\/logo-eninter-png.png","contentUrl":"https:\/\/www.eninter.com\/wp-content\/uploads\/2023\/08\/logo-eninter-png.png","width":600,"height":340,"caption":"Eniter"},"image":{"@id":"https:\/\/www.eninter.com\/pt-pt\/#\/schema\/logo\/image\/"},"sameAs":["https:\/\/www.facebook.com\/EninterAscensores","https:\/\/x.com\/Eninter","https:\/\/www.instagram.com\/eninterascensores\/","https:\/\/www.youtube.com\/user\/ascensoreseninter"]},{"@type":"Person","@id":"https:\/\/www.eninter.com\/pt-pt\/#\/schema\/person\/e6178c261ac4210884c0e0264dd59043","name":"Albert Puig","image":{"@type":"ImageObject","inLanguage":"pt-PT","@id":"https:\/\/secure.gravatar.com\/avatar\/583d07f3f1036f58d0e44e873586278b582179a16b27a5b3951504e9ee001c06?s=96&d=mm&r=g","url":"https:\/\/secure.gravatar.com\/avatar\/583d07f3f1036f58d0e44e873586278b582179a16b27a5b3951504e9ee001c06?s=96&d=mm&r=g","contentUrl":"https:\/\/secure.gravatar.com\/avatar\/583d07f3f1036f58d0e44e873586278b582179a16b27a5b3951504e9ee001c06?s=96&d=mm&r=g","caption":"Albert Puig"}}]}},"_links":{"self":[{"href":"https:\/\/www.eninter.com\/pt-pt\/wp-json\/wp\/v2\/posts\/8666","targetHints":{"allow":["GET"]}}],"collection":[{"href":"https:\/\/www.eninter.com\/pt-pt\/wp-json\/wp\/v2\/posts"}],"about":[{"href":"https:\/\/www.eninter.com\/pt-pt\/wp-json\/wp\/v2\/types\/post"}],"author":[{"embeddable":true,"href":"https:\/\/www.eninter.com\/pt-pt\/wp-json\/wp\/v2\/users\/3"}],"replies":[{"embeddable":true,"href":"https:\/\/www.eninter.com\/pt-pt\/wp-json\/wp\/v2\/comments?post=8666"}],"version-history":[{"count":0,"href":"https:\/\/www.eninter.com\/pt-pt\/wp-json\/wp\/v2\/posts\/8666\/revisions"}],"wp:featuredmedia":[{"embeddable":true,"href":"https:\/\/www.eninter.com\/pt-pt\/wp-json\/wp\/v2\/media\/9519"}],"wp:attachment":[{"href":"https:\/\/www.eninter.com\/pt-pt\/wp-json\/wp\/v2\/media?parent=8666"}],"wp:term":[{"taxonomy":"category","embeddable":true,"href":"https:\/\/www.eninter.com\/pt-pt\/wp-json\/wp\/v2\/categories?post=8666"},{"taxonomy":"post_tag","embeddable":true,"href":"https:\/\/www.eninter.com\/pt-pt\/wp-json\/wp\/v2\/tags?post=8666"}],"curies":[{"name":"wp","href":"https:\/\/api.w.org\/{rel}","templated":true}]}}