{"id":8676,"date":"2019-02-27T13:55:16","date_gmt":"2019-02-27T13:55:16","guid":{"rendered":"https:\/\/www.eninter.com\/quando-e-que-a-instalacao-de-um-elevador-e-obrigatoria\/"},"modified":"2023-12-15T10:03:28","modified_gmt":"2023-12-15T10:03:28","slug":"quando-e-que-a-instalacao-de-um-elevador-e-obrigatoria","status":"publish","type":"post","link":"https:\/\/www.eninter.com\/pt-pt\/quando-e-que-a-instalacao-de-um-elevador-e-obrigatoria\/","title":{"rendered":"Quando \u00e9 que a instala\u00e7\u00e3o de um elevador \u00e9 obrigat\u00f3ria?"},"content":{"rendered":"<p>H\u00e1 casos em que a<strong> instala\u00e7\u00e3o de um elevador no edif\u00edcio <\/strong>\u00e9 uma obriga\u00e7\u00e3o, pelo que \u00e9 necess\u00e1rio saber quais s\u00e3o. Falamos sobre isso neste artigo.<\/p>\n<h2>A instala\u00e7\u00e3o de um elevador \u00e9 obrigat\u00f3ria?<\/h2>\n<p>Nas comunidades de bairro, \u00e9  <strong>obrigatoriedade de instala\u00e7\u00e3o do elevador<\/strong>  quando o  <strong>maioria dos propriet\u00e1rios<\/strong>  (se representarem a maioria das quotas de participa\u00e7\u00e3o)  <strong>vota a favor<\/strong>e tamb\u00e9m se \u00e9 para garantir a<strong>  mobilidade e acessibilidade para pessoas com defici\u00eancia, mobilidade reduzida ou com mais de 70 anos de idade.<\/strong>  Este \u00faltimo aplica-se n\u00e3o s\u00f3 aos que vivem no edif\u00edcio, mas tamb\u00e9m aos que fazem voluntariado e trabalham no edif\u00edcio.<\/p>\n<p>Por outro lado, desde<strong> 4 de dezembro de 2017<\/strong>, a instala\u00e7\u00e3o de um elevador em edif\u00edcios residenciais \u00e9 obrigat\u00f3ria. Esta medida, inclu\u00edda no<strong> Real Decreto 1\/2013, de 29 de novembro<\/strong>, visa alcan\u00e7ar a acessibilidade universal nas associa\u00e7\u00f5es de propriet\u00e1rios. O objetivo \u00e9 facilitar<strong> a acessibilidade das<\/strong> pessoas acima referidas.<\/p>\n<p>&nbsp;<\/p>\n<p><img fetchpriority=\"high\" decoding=\"async\" class=\"alignnone size-medium wp-image-9698 aligncenter\" src=\"https:\/\/www.eninter.com\/wp-content\/uploads\/2023\/10\/2-3-300x300.jpg\" alt=\"\" width=\"300\" height=\"300\" srcset=\"https:\/\/www.eninter.com\/wp-content\/uploads\/2023\/10\/2-3-300x300.jpg 300w, https:\/\/www.eninter.com\/wp-content\/uploads\/2023\/10\/2-3-1024x1024.jpg 1024w, https:\/\/www.eninter.com\/wp-content\/uploads\/2023\/10\/2-3-150x150.jpg 150w, https:\/\/www.eninter.com\/wp-content\/uploads\/2023\/10\/2-3-768x768.jpg 768w, https:\/\/www.eninter.com\/wp-content\/uploads\/2023\/10\/2-3.jpg 1080w\" sizes=\"(max-width: 300px) 100vw, 300px\" \/><\/p>\n<h2>Subven\u00e7\u00f5es e subs\u00eddios para a instala\u00e7\u00e3o<\/h2>\n<p>Se \u00e9 obrigado a instalar o elevador, ou se decidiu faz\u00ea-lo, \u00e9 importante que se informe sobre o tipo de subs\u00eddios dispon\u00edveis neste momento para ver se pode beneficiar de algum deles.<\/p>\n<p>\u00c9 preciso ter em conta que, sendo a adapta\u00e7\u00e3o dos edif\u00edcios obrigat\u00f3ria, existem subs\u00eddios p\u00fablicos que facilitam o financiamento das associa\u00e7\u00f5es de propriet\u00e1rios. No entanto, s\u00e3o os <strong>propriet\u00e1rios que ter\u00e3o de suportar os custos de instala\u00e7\u00e3o<\/strong> e manuten\u00e7\u00e3o do elevador, mesmo que tenham votado contra.<\/p>\n<p>Existem<strong> muitos subs\u00eddios para a instala\u00e7\u00e3o de elevadores em 2019 e todos os anos<\/strong> em cada Comunidade Aut\u00f3noma, pelo que pode consultar os s\u00edtios <strong>Web ou os gabinetes de cada comunidade<\/strong> para saber quais os subs\u00eddios dispon\u00edveis em cada momento. Normalmente, ocorrem em determinados per\u00edodos espec\u00edficos. Pode informar-se sobre os <a title=\"subs\u00eddios e subven\u00e7\u00f5es para a instala\u00e7\u00e3o de ascensores 2018\" href=\"https:\/\/www.eninter.com\/blog\/ayudas-subvenciones-instalacion-ascensores-2018\/\" target=\"blank\" rel=\"noopener\">subs\u00eddios e subven\u00e7\u00f5es para a instala\u00e7\u00e3o de elevadores 2018<\/a> aqui.<\/p>\n<p>Se pretender informar-se sobre os <a title=\"aux\u00edlios para ascensores\" href=\"https:\/\/www.eninter.com\/blog\/subvenciones-ayudas-instalar-ascensor\/\" target=\"blank\" rel=\"noopener\">aux\u00edlios a favor dos ascensores<\/a>, poder\u00e1 conhecer os<strong> programas de aux\u00edlio de acordo com a sua<\/strong> comunidade<strong> aut\u00f3noma<\/strong> para a instala\u00e7\u00e3o, moderniza\u00e7\u00e3o, reabilita\u00e7\u00e3o, repara\u00e7\u00e3o de ascensores ou elimina\u00e7\u00e3o de barreiras arquitect\u00f3nicas, mantendo-se a par das \u00faltimas not\u00edcias sobre estes aux\u00edlios, que n\u00e3o est\u00e3o dispon\u00edveis durante todo o ano.<\/p>\n","protected":false},"excerpt":{"rendered":"<p>H\u00e1 casos em que a instala\u00e7\u00e3o de um elevador no edif\u00edcio \u00e9 uma obriga\u00e7\u00e3o, pelo que \u00e9 necess\u00e1rio saber quais s\u00e3o. Falamos sobre isso neste artigo. A instala\u00e7\u00e3o de um elevador \u00e9 obrigat\u00f3ria? Nas comunidades de bairro, \u00e9 obrigatoriedade de instala\u00e7\u00e3o do elevador quando o maioria dos propriet\u00e1rios (se representarem a maioria das quotas de [&hellip;]<\/p>\n","protected":false},"author":3,"featured_media":0,"comment_status":"open","ping_status":"open","sticky":false,"template":"","format":"standard","meta":{"_acf_changed":false,"content-type":"","footnotes":""},"categories":[215],"tags":[],"class_list":["post-8676","post","type-post","status-publish","format-standard","hentry","category-elevadores"],"acf":[],"_yoast_wpseo_focuskw":"instala\u00e7\u00e3o de um elevador","_yoast_wpseo_metadesc":"H\u00e1 casos em que a instala\u00e7\u00e3o de um elevador no nosso edif\u00edcio \u00e9 uma obriga\u00e7\u00e3o. Neste artigo, vai ficar a saber quando \u00e9 que se deve colocar um.","yoast_head":"<!-- This site is optimized with the Yoast SEO Premium plugin v21.6 (Yoast SEO v27.2) - https:\/\/yoast.com\/product\/yoast-seo-premium-wordpress\/ -->\n<title>Quando \u00e9 que a instala\u00e7\u00e3o de um elevador \u00e9 obrigat\u00f3ria? | Eninter<\/title>\n<meta name=\"description\" content=\"H\u00e1 casos em que a instala\u00e7\u00e3o de um elevador no nosso edif\u00edcio \u00e9 uma obriga\u00e7\u00e3o. Neste artigo, vai ficar a saber quando \u00e9 que se deve colocar um.\" \/>\n<meta name=\"robots\" content=\"index, follow, max-snippet:-1, max-image-preview:large, max-video-preview:-1\" \/>\n<link rel=\"canonical\" href=\"https:\/\/www.eninter.com\/pt-pt\/quando-e-que-a-instalacao-de-um-elevador-e-obrigatoria\/\" \/>\n<meta property=\"og:locale\" content=\"pt_PT\" \/>\n<meta property=\"og:type\" content=\"article\" \/>\n<meta property=\"og:title\" content=\"Quando \u00e9 que a instala\u00e7\u00e3o de um elevador \u00e9 obrigat\u00f3ria?\" \/>\n<meta property=\"og:description\" content=\"H\u00e1 casos em que a instala\u00e7\u00e3o de um elevador no nosso edif\u00edcio \u00e9 uma obriga\u00e7\u00e3o. Neste artigo, vai ficar a saber quando \u00e9 que se deve colocar um.\" \/>\n<meta property=\"og:url\" content=\"https:\/\/www.eninter.com\/pt-pt\/quando-e-que-a-instalacao-de-um-elevador-e-obrigatoria\/\" \/>\n<meta property=\"og:site_name\" content=\"ENINTER\" \/>\n<meta property=\"article:publisher\" content=\"https:\/\/www.facebook.com\/EninterAscensores\" \/>\n<meta property=\"article:published_time\" content=\"2019-02-27T13:55:16+00:00\" \/>\n<meta property=\"article:modified_time\" content=\"2023-12-15T10:03:28+00:00\" \/>\n<meta property=\"og:image\" content=\"https:\/\/www.eninter.com\/wp-content\/uploads\/2023\/10\/2-3-300x300.jpg\" \/>\n<meta name=\"author\" content=\"Albert Puig\" \/>\n<meta name=\"twitter:card\" content=\"summary_large_image\" \/>\n<meta name=\"twitter:creator\" content=\"@Eninter\" \/>\n<meta name=\"twitter:site\" content=\"@Eninter\" \/>\n<meta name=\"twitter:label1\" content=\"Escrito por\" \/>\n\t<meta name=\"twitter:data1\" content=\"Albert Puig\" \/>\n\t<meta name=\"twitter:label2\" content=\"Tempo estimado de leitura\" \/>\n\t<meta name=\"twitter:data2\" content=\"2 minutos\" \/>\n<!-- \/ Yoast SEO Premium plugin. -->","yoast_head_json":{"title":"Quando \u00e9 que a instala\u00e7\u00e3o de um elevador \u00e9 obrigat\u00f3ria? | Eninter","description":"H\u00e1 casos em que a instala\u00e7\u00e3o de um elevador no nosso edif\u00edcio \u00e9 uma obriga\u00e7\u00e3o. Neste artigo, vai ficar a saber quando \u00e9 que se deve colocar um.","robots":{"index":"index","follow":"follow","max-snippet":"max-snippet:-1","max-image-preview":"max-image-preview:large","max-video-preview":"max-video-preview:-1"},"canonical":"https:\/\/www.eninter.com\/pt-pt\/quando-e-que-a-instalacao-de-um-elevador-e-obrigatoria\/","og_locale":"pt_PT","og_type":"article","og_title":"Quando \u00e9 que a instala\u00e7\u00e3o de um elevador \u00e9 obrigat\u00f3ria?","og_description":"H\u00e1 casos em que a instala\u00e7\u00e3o de um elevador no nosso edif\u00edcio \u00e9 uma obriga\u00e7\u00e3o. Neste artigo, vai ficar a saber quando \u00e9 que se deve colocar um.","og_url":"https:\/\/www.eninter.com\/pt-pt\/quando-e-que-a-instalacao-de-um-elevador-e-obrigatoria\/","og_site_name":"ENINTER","article_publisher":"https:\/\/www.facebook.com\/EninterAscensores","article_published_time":"2019-02-27T13:55:16+00:00","article_modified_time":"2023-12-15T10:03:28+00:00","og_image":[{"url":"https:\/\/www.eninter.com\/wp-content\/uploads\/2023\/10\/2-3-300x300.jpg","type":"","width":"","height":""}],"author":"Albert Puig","twitter_card":"summary_large_image","twitter_creator":"@Eninter","twitter_site":"@Eninter","twitter_misc":{"Escrito por":"Albert Puig","Tempo estimado de leitura":"2 minutos"},"schema":{"@context":"https:\/\/schema.org","@graph":[{"@type":"Article","@id":"https:\/\/www.eninter.com\/pt-pt\/quando-e-que-a-instalacao-de-um-elevador-e-obrigatoria\/#article","isPartOf":{"@id":"https:\/\/www.eninter.com\/pt-pt\/quando-e-que-a-instalacao-de-um-elevador-e-obrigatoria\/"},"author":{"name":"Albert Puig","@id":"https:\/\/www.eninter.com\/pt-pt\/#\/schema\/person\/e6178c261ac4210884c0e0264dd59043"},"headline":"Quando \u00e9 que a instala\u00e7\u00e3o de um elevador \u00e9 obrigat\u00f3ria?","datePublished":"2019-02-27T13:55:16+00:00","dateModified":"2023-12-15T10:03:28+00:00","mainEntityOfPage":{"@id":"https:\/\/www.eninter.com\/pt-pt\/quando-e-que-a-instalacao-de-um-elevador-e-obrigatoria\/"},"wordCount":407,"commentCount":0,"publisher":{"@id":"https:\/\/www.eninter.com\/pt-pt\/#organization"},"image":{"@id":"https:\/\/www.eninter.com\/pt-pt\/quando-e-que-a-instalacao-de-um-elevador-e-obrigatoria\/#primaryimage"},"thumbnailUrl":"https:\/\/www.eninter.com\/wp-content\/uploads\/2023\/10\/2-3-300x300.jpg","articleSection":["Elevadores"],"inLanguage":"pt-PT","potentialAction":[{"@type":"CommentAction","name":"Comment","target":["https:\/\/www.eninter.com\/pt-pt\/quando-e-que-a-instalacao-de-um-elevador-e-obrigatoria\/#respond"]}]},{"@type":"WebPage","@id":"https:\/\/www.eninter.com\/pt-pt\/quando-e-que-a-instalacao-de-um-elevador-e-obrigatoria\/","url":"https:\/\/www.eninter.com\/pt-pt\/quando-e-que-a-instalacao-de-um-elevador-e-obrigatoria\/","name":"Quando \u00e9 que a instala\u00e7\u00e3o de um elevador \u00e9 obrigat\u00f3ria? | Eninter","isPartOf":{"@id":"https:\/\/www.eninter.com\/pt-pt\/#website"},"primaryImageOfPage":{"@id":"https:\/\/www.eninter.com\/pt-pt\/quando-e-que-a-instalacao-de-um-elevador-e-obrigatoria\/#primaryimage"},"image":{"@id":"https:\/\/www.eninter.com\/pt-pt\/quando-e-que-a-instalacao-de-um-elevador-e-obrigatoria\/#primaryimage"},"thumbnailUrl":"https:\/\/www.eninter.com\/wp-content\/uploads\/2023\/10\/2-3-300x300.jpg","datePublished":"2019-02-27T13:55:16+00:00","dateModified":"2023-12-15T10:03:28+00:00","description":"H\u00e1 casos em que a instala\u00e7\u00e3o de um elevador no nosso edif\u00edcio \u00e9 uma obriga\u00e7\u00e3o. Neste artigo, vai ficar a saber quando \u00e9 que se deve colocar um.","breadcrumb":{"@id":"https:\/\/www.eninter.com\/pt-pt\/quando-e-que-a-instalacao-de-um-elevador-e-obrigatoria\/#breadcrumb"},"inLanguage":"pt-PT","potentialAction":[{"@type":"ReadAction","target":["https:\/\/www.eninter.com\/pt-pt\/quando-e-que-a-instalacao-de-um-elevador-e-obrigatoria\/"]}]},{"@type":"ImageObject","inLanguage":"pt-PT","@id":"https:\/\/www.eninter.com\/pt-pt\/quando-e-que-a-instalacao-de-um-elevador-e-obrigatoria\/#primaryimage","url":"https:\/\/www.eninter.com\/wp-content\/uploads\/2023\/10\/2-3-300x300.jpg","contentUrl":"https:\/\/www.eninter.com\/wp-content\/uploads\/2023\/10\/2-3-300x300.jpg"},{"@type":"BreadcrumbList","@id":"https:\/\/www.eninter.com\/pt-pt\/quando-e-que-a-instalacao-de-um-elevador-e-obrigatoria\/#breadcrumb","itemListElement":[{"@type":"ListItem","position":1,"name":"Portada","item":"https:\/\/www.eninter.com\/pt-pt\/"},{"@type":"ListItem","position":2,"name":"Quando \u00e9 que a instala\u00e7\u00e3o de um elevador \u00e9 obrigat\u00f3ria?"}]},{"@type":"WebSite","@id":"https:\/\/www.eninter.com\/pt-pt\/#website","url":"https:\/\/www.eninter.com\/pt-pt\/","name":"ENINTER","description":"Mantenimiento de Ascensores Multimarca","publisher":{"@id":"https:\/\/www.eninter.com\/pt-pt\/#organization"},"potentialAction":[{"@type":"SearchAction","target":{"@type":"EntryPoint","urlTemplate":"https:\/\/www.eninter.com\/pt-pt\/?s={search_term_string}"},"query-input":{"@type":"PropertyValueSpecification","valueRequired":true,"valueName":"search_term_string"}}],"inLanguage":"pt-PT"},{"@type":"Organization","@id":"https:\/\/www.eninter.com\/pt-pt\/#organization","name":"Eniter","url":"https:\/\/www.eninter.com\/pt-pt\/","logo":{"@type":"ImageObject","inLanguage":"pt-PT","@id":"https:\/\/www.eninter.com\/pt-pt\/#\/schema\/logo\/image\/","url":"https:\/\/www.eninter.com\/wp-content\/uploads\/2023\/08\/logo-eninter-png.png","contentUrl":"https:\/\/www.eninter.com\/wp-content\/uploads\/2023\/08\/logo-eninter-png.png","width":600,"height":340,"caption":"Eniter"},"image":{"@id":"https:\/\/www.eninter.com\/pt-pt\/#\/schema\/logo\/image\/"},"sameAs":["https:\/\/www.facebook.com\/EninterAscensores","https:\/\/x.com\/Eninter","https:\/\/www.instagram.com\/eninterascensores\/","https:\/\/www.youtube.com\/user\/ascensoreseninter"]},{"@type":"Person","@id":"https:\/\/www.eninter.com\/pt-pt\/#\/schema\/person\/e6178c261ac4210884c0e0264dd59043","name":"Albert Puig","image":{"@type":"ImageObject","inLanguage":"pt-PT","@id":"https:\/\/secure.gravatar.com\/avatar\/583d07f3f1036f58d0e44e873586278b582179a16b27a5b3951504e9ee001c06?s=96&d=mm&r=g","url":"https:\/\/secure.gravatar.com\/avatar\/583d07f3f1036f58d0e44e873586278b582179a16b27a5b3951504e9ee001c06?s=96&d=mm&r=g","contentUrl":"https:\/\/secure.gravatar.com\/avatar\/583d07f3f1036f58d0e44e873586278b582179a16b27a5b3951504e9ee001c06?s=96&d=mm&r=g","caption":"Albert Puig"}}]}},"_links":{"self":[{"href":"https:\/\/www.eninter.com\/pt-pt\/wp-json\/wp\/v2\/posts\/8676","targetHints":{"allow":["GET"]}}],"collection":[{"href":"https:\/\/www.eninter.com\/pt-pt\/wp-json\/wp\/v2\/posts"}],"about":[{"href":"https:\/\/www.eninter.com\/pt-pt\/wp-json\/wp\/v2\/types\/post"}],"author":[{"embeddable":true,"href":"https:\/\/www.eninter.com\/pt-pt\/wp-json\/wp\/v2\/users\/3"}],"replies":[{"embeddable":true,"href":"https:\/\/www.eninter.com\/pt-pt\/wp-json\/wp\/v2\/comments?post=8676"}],"version-history":[{"count":0,"href":"https:\/\/www.eninter.com\/pt-pt\/wp-json\/wp\/v2\/posts\/8676\/revisions"}],"wp:attachment":[{"href":"https:\/\/www.eninter.com\/pt-pt\/wp-json\/wp\/v2\/media?parent=8676"}],"wp:term":[{"taxonomy":"category","embeddable":true,"href":"https:\/\/www.eninter.com\/pt-pt\/wp-json\/wp\/v2\/categories?post=8676"},{"taxonomy":"post_tag","embeddable":true,"href":"https:\/\/www.eninter.com\/pt-pt\/wp-json\/wp\/v2\/tags?post=8676"}],"curies":[{"name":"wp","href":"https:\/\/api.w.org\/{rel}","templated":true}]}}