{"id":8679,"date":"2019-02-11T11:42:34","date_gmt":"2019-02-11T11:42:34","guid":{"rendered":"https:\/\/www.eninter.com\/instalacao-de-um-elevador-em-edificios-antigos-ou-estreitos\/"},"modified":"2025-01-08T11:45:19","modified_gmt":"2025-01-08T11:45:19","slug":"instalacao-de-um-elevador-em-edificios-antigos-ou-estreitos","status":"publish","type":"post","link":"https:\/\/www.eninter.com\/pt-pt\/instalacao-de-um-elevador-em-edificios-antigos-ou-estreitos\/","title":{"rendered":"Instala\u00e7\u00e3o de um elevador em edif\u00edcios antigos ou estreitos"},"content":{"rendered":"<p><strong>Se o seu edif\u00edcio \u00e9 antigo, estreito ou n\u00e3o tem escadas, o que \u00e9 comum em muitos locais onde vivem pessoas idosas e com dificuldades de mobilidade, h\u00e1 coisas que pode fazer para resolver este problema instalando um elevador, mesmo que n\u00e3o seja a solu\u00e7\u00e3o mais convencional. Hoje falamos sobre a instala\u00e7\u00e3o de um elevador em edif\u00edcios antigos ou estreitos.<\/strong><\/p>\n<p>Muitas associa\u00e7\u00f5es de moradores nem sequer pensam em instalar um elevador porque consideram que n\u00e3o \u00e9 poss\u00edvel, que \u00e9 demasiado caro ou que n\u00e3o ficaria bem, mas a verdade \u00e9 que existem solu\u00e7\u00f5es interessantes. E podemos ajudar as fam\u00edlias, bem como os idosos e as pessoas com mobilidade reduzida, a desfrutar da sua casa como merecem.<\/p>\n<h2>Solu\u00e7\u00f5es para instalar um elevador em edif\u00edcios antigos ou apertados<\/h2>\n<p>Para <strong>instalar um elevador para uma ou duas pessoas<\/strong>, \u00e9 necess\u00e1ria uma largura m\u00ednima <strong>de 65 cm e uma profundidade<\/strong> m\u00ednima <strong>de 100 cm<\/strong>.<\/p>\n<p>O que pode fazer se n\u00e3o houver espa\u00e7o para ele \u00e9<strong> demolir a escada<\/strong> existente para criar um po\u00e7o suficiente para colocar o elevador e mudar a escada de s\u00edtio. Pode tamb\u00e9m considerar a possibilidade de instalar o elevador no <strong>p\u00e1tio ou na fachada exterior<\/strong>, se poss\u00edvel. Mesmo que haja uma habita\u00e7\u00e3o por piso, poder-se-\u00e1 pensar em instalar o elevador no interior das habita\u00e7\u00f5es.<\/p>\n<p>A<strong> instala\u00e7\u00e3o do elevador<\/strong> faz-se geralmente por demoli\u00e7\u00e3o da escada, sem demoli\u00e7\u00e3o da escada, com corte parcial da escada e com um elevador exterior. Dependendo do caso em quest\u00e3o, o que se pode constatar \u00e9 que existem muitas alternativas poss\u00edveis.<\/p>\n<p>Outra solu\u00e7\u00e3o interessante \u00e9 a<strong> instala\u00e7\u00e3o de um elevador para casas unifamiliares<\/strong>, o que \u00e9 poss\u00edvel se houver apenas alguns apartamentos ou se for uma solu\u00e7\u00e3o vi\u00e1vel. Isto \u00e9 algo a ter em conta porque, embora estes elevadores sejam mais econ\u00f3micos e consumam menos energia, tamb\u00e9m \u00e9 verdade que s\u00e3o mais lentos e, em determinadas condi\u00e7\u00f5es, \u00e9 algo a ter em conta.<\/p>\n<h2>Passos a seguir para a instala\u00e7\u00e3o do elevador<\/h2>\n<p>O mais correto \u00e9 recorrer a <strong>um t\u00e9cnico especializado<\/strong> que o possa fazer:<\/p>\n<ul>\n<li>Estudar as op\u00e7\u00f5es dispon\u00edveis<\/li>\n<li>Planear a melhor solu\u00e7\u00e3o para o seu edif\u00edcio<\/li>\n<li>Criar o projeto para poder solicitar a licen\u00e7a de constru\u00e7\u00e3o<\/li>\n<li>Orienta\u00e7\u00e3o da comunidade do bairro sobre a melhor localiza\u00e7\u00e3o para as m\u00e1quinas<\/li>\n<li>Esclarecer as d\u00favidas dos vizinhos<\/li>\n<li>Instala\u00e7\u00e3o do elevador no edif\u00edcio<\/li>\n<\/ul>\n<p>Se achou este post interessante, talvez esteja interessado neste:<\/p>\n<p><a title=\"OR\u00c7AMENTO DO ELEVADOR: QUE ELEMENTOS DEVE TER EM CONTA?\" href=\"https:\/\/www.eninter.com\/pt-pt\/manutencao-de-elevadores-multimarcas\/\" target=\"blank\" rel=\"noopener\">OR\u00c7AMENTO DO ELEVADOR: QUE ELEMENTOS DEVE TER EM CONTA?<\/a><\/p>\n","protected":false},"excerpt":{"rendered":"<p>Se o seu edif\u00edcio \u00e9 antigo, estreito ou n\u00e3o tem escadas, o que \u00e9 comum em muitos locais onde vivem pessoas idosas e com dificuldades de mobilidade, h\u00e1 coisas que pode fazer para resolver este problema instalando um elevador, mesmo que n\u00e3o seja a solu\u00e7\u00e3o mais convencional. Hoje falamos sobre a instala\u00e7\u00e3o de um elevador [&hellip;]<\/p>\n","protected":false},"author":3,"featured_media":0,"comment_status":"closed","ping_status":"closed","sticky":false,"template":"","format":"standard","meta":{"_acf_changed":false,"content-type":"","footnotes":""},"categories":[215],"tags":[],"class_list":["post-8679","post","type-post","status-publish","format-standard","hentry","category-elevadores"],"acf":[],"_yoast_wpseo_focuskw":"Instala\u00e7\u00e3o de um elevador","_yoast_wpseo_metadesc":"Hoje falamos sobre a instala\u00e7\u00e3o de um elevador em edif\u00edcios antigos ou estreitos. Consulte a nossa nova publica\u00e7\u00e3o para saber quais as op\u00e7\u00f5es que pode escolher.","yoast_head":"<!-- This site is optimized with the Yoast SEO Premium plugin v21.6 (Yoast SEO v27.2) - https:\/\/yoast.com\/product\/yoast-seo-premium-wordpress\/ -->\n<title>Instala\u00e7\u00e3o de um elevador em edif\u00edcios antigos ou estreitos% | Eninter Ascensores<\/title>\n<meta name=\"description\" content=\"Hoje falamos sobre a instala\u00e7\u00e3o de um elevador em edif\u00edcios antigos ou estreitos. Consulte a nossa nova publica\u00e7\u00e3o para saber quais as op\u00e7\u00f5es que pode escolher.\" \/>\n<meta name=\"robots\" content=\"index, follow, max-snippet:-1, max-image-preview:large, max-video-preview:-1\" \/>\n<link rel=\"canonical\" href=\"https:\/\/www.eninter.com\/pt-pt\/instalacao-de-um-elevador-em-edificios-antigos-ou-estreitos\/\" \/>\n<meta property=\"og:locale\" content=\"pt_PT\" \/>\n<meta property=\"og:type\" content=\"article\" \/>\n<meta property=\"og:title\" content=\"Instala\u00e7\u00e3o de um elevador em edif\u00edcios antigos ou estreitos\" \/>\n<meta property=\"og:description\" content=\"Hoje falamos sobre a instala\u00e7\u00e3o de um elevador em edif\u00edcios antigos ou estreitos. Consulte a nossa nova publica\u00e7\u00e3o para saber quais as op\u00e7\u00f5es que pode escolher.\" \/>\n<meta property=\"og:url\" content=\"https:\/\/www.eninter.com\/pt-pt\/instalacao-de-um-elevador-em-edificios-antigos-ou-estreitos\/\" \/>\n<meta property=\"og:site_name\" content=\"ENINTER\" \/>\n<meta property=\"article:publisher\" content=\"https:\/\/www.facebook.com\/EninterAscensores\" \/>\n<meta property=\"article:published_time\" content=\"2019-02-11T11:42:34+00:00\" \/>\n<meta property=\"article:modified_time\" content=\"2025-01-08T11:45:19+00:00\" \/>\n<meta name=\"author\" content=\"Albert Puig\" \/>\n<meta name=\"twitter:card\" content=\"summary_large_image\" \/>\n<meta name=\"twitter:creator\" content=\"@Eninter\" \/>\n<meta name=\"twitter:site\" content=\"@Eninter\" \/>\n<meta name=\"twitter:label1\" content=\"Escrito por\" \/>\n\t<meta name=\"twitter:data1\" content=\"Albert Puig\" \/>\n\t<meta name=\"twitter:label2\" content=\"Tempo estimado de leitura\" \/>\n\t<meta name=\"twitter:data2\" content=\"2 minutos\" \/>\n<!-- \/ Yoast SEO Premium plugin. -->","yoast_head_json":{"title":"Instala\u00e7\u00e3o de um elevador em edif\u00edcios antigos ou estreitos% | Eninter Ascensores","description":"Hoje falamos sobre a instala\u00e7\u00e3o de um elevador em edif\u00edcios antigos ou estreitos. Consulte a nossa nova publica\u00e7\u00e3o para saber quais as op\u00e7\u00f5es que pode escolher.","robots":{"index":"index","follow":"follow","max-snippet":"max-snippet:-1","max-image-preview":"max-image-preview:large","max-video-preview":"max-video-preview:-1"},"canonical":"https:\/\/www.eninter.com\/pt-pt\/instalacao-de-um-elevador-em-edificios-antigos-ou-estreitos\/","og_locale":"pt_PT","og_type":"article","og_title":"Instala\u00e7\u00e3o de um elevador em edif\u00edcios antigos ou estreitos","og_description":"Hoje falamos sobre a instala\u00e7\u00e3o de um elevador em edif\u00edcios antigos ou estreitos. Consulte a nossa nova publica\u00e7\u00e3o para saber quais as op\u00e7\u00f5es que pode escolher.","og_url":"https:\/\/www.eninter.com\/pt-pt\/instalacao-de-um-elevador-em-edificios-antigos-ou-estreitos\/","og_site_name":"ENINTER","article_publisher":"https:\/\/www.facebook.com\/EninterAscensores","article_published_time":"2019-02-11T11:42:34+00:00","article_modified_time":"2025-01-08T11:45:19+00:00","author":"Albert Puig","twitter_card":"summary_large_image","twitter_creator":"@Eninter","twitter_site":"@Eninter","twitter_misc":{"Escrito por":"Albert Puig","Tempo estimado de leitura":"2 minutos"},"schema":{"@context":"https:\/\/schema.org","@graph":[{"@type":"Article","@id":"https:\/\/www.eninter.com\/pt-pt\/instalacao-de-um-elevador-em-edificios-antigos-ou-estreitos\/#article","isPartOf":{"@id":"https:\/\/www.eninter.com\/pt-pt\/instalacao-de-um-elevador-em-edificios-antigos-ou-estreitos\/"},"author":{"name":"Albert Puig","@id":"https:\/\/www.eninter.com\/pt-pt\/#\/schema\/person\/e6178c261ac4210884c0e0264dd59043"},"headline":"Instala\u00e7\u00e3o de um elevador em edif\u00edcios antigos ou estreitos","datePublished":"2019-02-11T11:42:34+00:00","dateModified":"2025-01-08T11:45:19+00:00","mainEntityOfPage":{"@id":"https:\/\/www.eninter.com\/pt-pt\/instalacao-de-um-elevador-em-edificios-antigos-ou-estreitos\/"},"wordCount":449,"publisher":{"@id":"https:\/\/www.eninter.com\/pt-pt\/#organization"},"articleSection":["Elevadores"],"inLanguage":"pt-PT"},{"@type":"WebPage","@id":"https:\/\/www.eninter.com\/pt-pt\/instalacao-de-um-elevador-em-edificios-antigos-ou-estreitos\/","url":"https:\/\/www.eninter.com\/pt-pt\/instalacao-de-um-elevador-em-edificios-antigos-ou-estreitos\/","name":"Instala\u00e7\u00e3o de um elevador em edif\u00edcios antigos ou estreitos% | Eninter Ascensores","isPartOf":{"@id":"https:\/\/www.eninter.com\/pt-pt\/#website"},"datePublished":"2019-02-11T11:42:34+00:00","dateModified":"2025-01-08T11:45:19+00:00","description":"Hoje falamos sobre a instala\u00e7\u00e3o de um elevador em edif\u00edcios antigos ou estreitos. Consulte a nossa nova publica\u00e7\u00e3o para saber quais as op\u00e7\u00f5es que pode escolher.","breadcrumb":{"@id":"https:\/\/www.eninter.com\/pt-pt\/instalacao-de-um-elevador-em-edificios-antigos-ou-estreitos\/#breadcrumb"},"inLanguage":"pt-PT","potentialAction":[{"@type":"ReadAction","target":["https:\/\/www.eninter.com\/pt-pt\/instalacao-de-um-elevador-em-edificios-antigos-ou-estreitos\/"]}]},{"@type":"BreadcrumbList","@id":"https:\/\/www.eninter.com\/pt-pt\/instalacao-de-um-elevador-em-edificios-antigos-ou-estreitos\/#breadcrumb","itemListElement":[{"@type":"ListItem","position":1,"name":"Portada","item":"https:\/\/www.eninter.com\/pt-pt\/"},{"@type":"ListItem","position":2,"name":"Instala\u00e7\u00e3o de um elevador em edif\u00edcios antigos ou estreitos"}]},{"@type":"WebSite","@id":"https:\/\/www.eninter.com\/pt-pt\/#website","url":"https:\/\/www.eninter.com\/pt-pt\/","name":"ENINTER","description":"Mantenimiento de Ascensores Multimarca","publisher":{"@id":"https:\/\/www.eninter.com\/pt-pt\/#organization"},"potentialAction":[{"@type":"SearchAction","target":{"@type":"EntryPoint","urlTemplate":"https:\/\/www.eninter.com\/pt-pt\/?s={search_term_string}"},"query-input":{"@type":"PropertyValueSpecification","valueRequired":true,"valueName":"search_term_string"}}],"inLanguage":"pt-PT"},{"@type":"Organization","@id":"https:\/\/www.eninter.com\/pt-pt\/#organization","name":"Eniter","url":"https:\/\/www.eninter.com\/pt-pt\/","logo":{"@type":"ImageObject","inLanguage":"pt-PT","@id":"https:\/\/www.eninter.com\/pt-pt\/#\/schema\/logo\/image\/","url":"https:\/\/www.eninter.com\/wp-content\/uploads\/2023\/08\/logo-eninter-png.png","contentUrl":"https:\/\/www.eninter.com\/wp-content\/uploads\/2023\/08\/logo-eninter-png.png","width":600,"height":340,"caption":"Eniter"},"image":{"@id":"https:\/\/www.eninter.com\/pt-pt\/#\/schema\/logo\/image\/"},"sameAs":["https:\/\/www.facebook.com\/EninterAscensores","https:\/\/x.com\/Eninter","https:\/\/www.instagram.com\/eninterascensores\/","https:\/\/www.youtube.com\/user\/ascensoreseninter"]},{"@type":"Person","@id":"https:\/\/www.eninter.com\/pt-pt\/#\/schema\/person\/e6178c261ac4210884c0e0264dd59043","name":"Albert Puig","image":{"@type":"ImageObject","inLanguage":"pt-PT","@id":"https:\/\/secure.gravatar.com\/avatar\/583d07f3f1036f58d0e44e873586278b582179a16b27a5b3951504e9ee001c06?s=96&d=mm&r=g","url":"https:\/\/secure.gravatar.com\/avatar\/583d07f3f1036f58d0e44e873586278b582179a16b27a5b3951504e9ee001c06?s=96&d=mm&r=g","contentUrl":"https:\/\/secure.gravatar.com\/avatar\/583d07f3f1036f58d0e44e873586278b582179a16b27a5b3951504e9ee001c06?s=96&d=mm&r=g","caption":"Albert Puig"}}]}},"_links":{"self":[{"href":"https:\/\/www.eninter.com\/pt-pt\/wp-json\/wp\/v2\/posts\/8679","targetHints":{"allow":["GET"]}}],"collection":[{"href":"https:\/\/www.eninter.com\/pt-pt\/wp-json\/wp\/v2\/posts"}],"about":[{"href":"https:\/\/www.eninter.com\/pt-pt\/wp-json\/wp\/v2\/types\/post"}],"author":[{"embeddable":true,"href":"https:\/\/www.eninter.com\/pt-pt\/wp-json\/wp\/v2\/users\/3"}],"replies":[{"embeddable":true,"href":"https:\/\/www.eninter.com\/pt-pt\/wp-json\/wp\/v2\/comments?post=8679"}],"version-history":[{"count":0,"href":"https:\/\/www.eninter.com\/pt-pt\/wp-json\/wp\/v2\/posts\/8679\/revisions"}],"wp:attachment":[{"href":"https:\/\/www.eninter.com\/pt-pt\/wp-json\/wp\/v2\/media?parent=8679"}],"wp:term":[{"taxonomy":"category","embeddable":true,"href":"https:\/\/www.eninter.com\/pt-pt\/wp-json\/wp\/v2\/categories?post=8679"},{"taxonomy":"post_tag","embeddable":true,"href":"https:\/\/www.eninter.com\/pt-pt\/wp-json\/wp\/v2\/tags?post=8679"}],"curies":[{"name":"wp","href":"https:\/\/api.w.org\/{rel}","templated":true}]}}