{"id":8703,"date":"2019-02-06T11:58:46","date_gmt":"2019-02-06T11:58:46","guid":{"rendered":"https:\/\/www.eninter.com\/tipos-de-plataformas-elevatorias-para-pessoas-com-deficiencia-qual-e-a-mais-procurada\/"},"modified":"2023-12-15T10:03:26","modified_gmt":"2023-12-15T10:03:26","slug":"tipos-de-plataformas-elevatorias-para-pessoas-com-deficiencia-qual-e-a-mais-procurada","status":"publish","type":"post","link":"https:\/\/www.eninter.com\/pt-pt\/tipos-de-plataformas-elevatorias-para-pessoas-com-deficiencia-qual-e-a-mais-procurada\/","title":{"rendered":"Tipos de plataformas elevat\u00f3rias para pessoas com defici\u00eancia Qual \u00e9 a mais procurada?"},"content":{"rendered":"<p>Uma das preocupa\u00e7\u00f5es das pessoas em cadeiras de rodas ou com mobilidade reduzida e das suas fam\u00edlias \u00e9 que possam deslocar-se sem dificuldades para onde quer que v\u00e3o. Hoje abordamos esta quest\u00e3o e ajudamo-lo a escolher a plataforma elevat\u00f3ria ideal para as suas necessidades. Trata-se de um elemento muito importante na casa, apartamento ou edif\u00edcio em que vivem. Atualmente, existem muitas solu\u00e7\u00f5es para pessoas com defici\u00eancia que devem ser tidas em conta, pelo que \u00e9 interessante conhecer a import\u00e2ncia e <strong>os tipos de plataformas elevat\u00f3rias para pessoas com defici\u00eancia<\/strong>.<\/p>\n<h2><strong>Tipos de plataformas elevat\u00f3rias para pessoas com defici\u00eancia: como escolher<\/strong><\/h2>\n<p><img fetchpriority=\"high\" decoding=\"async\" class=\" wp-image-6385 aligncenter\" src=\"https:\/\/www.eninter.com\/wp-content\/uploads\/2023\/08\/ascensor-cullera-300x197.jpg\" alt=\"Manuten\u00e7\u00e3o de elevadores em Cullera\" width=\"413\" height=\"271\" srcset=\"https:\/\/www.eninter.com\/wp-content\/uploads\/2023\/08\/ascensor-cullera-300x197.jpg 300w, https:\/\/www.eninter.com\/wp-content\/uploads\/2023\/08\/ascensor-cullera-1024x672.jpg 1024w, https:\/\/www.eninter.com\/wp-content\/uploads\/2023\/08\/ascensor-cullera-768x504.jpg 768w, https:\/\/www.eninter.com\/wp-content\/uploads\/2023\/08\/ascensor-cullera.jpg 1100w\" sizes=\"(max-width: 413px) 100vw, 413px\" \/><\/p>\n<p>As <strong>plataformas elevat\u00f3rias para deficientes<\/strong> facilitam a vida \u00e0s pessoas com mobilidade reduzida e aos utilizadores de cadeiras de rodas, permitindo-lhes aceder \u00e0 entrada da casa, facilitar a entrada no patamar superior em caso de escadas ou ajudar nas escadas rectas ou curvas.<\/p>\n<ol>\n<li><strong>Plataformas inclinadas.<\/strong> <strong>N\u00e3o \u00e9 necess\u00e1rio qualquer trabalho de constru\u00e7\u00e3o<\/strong>, basta remover os corrim\u00f5es e instalar as corredi\u00e7as para permitir que a plataforma suba a inclina\u00e7\u00e3o das escadas. Ideal para pessoas com mobilidade reduzida ou cadeiras de rodas que s\u00e3o auto-suficientes.<\/li>\n<li><strong>Plataformas elevat\u00f3rias.<\/strong>  S\u00e3o necess\u00e1rias obras se n\u00e3o houver escada. Trata-se de elevadores verticais abertos que permitem \u00e0s pessoas em cadeiras de rodas ultrapassar os desn\u00edveis dos degraus.<\/li>\n<li><strong>Ascensores fechados.<\/strong> Trata-se de <strong>ascensores verticais com caixa de prote\u00e7\u00e3o<\/strong>, obrigat\u00f3rios quando a altura \u00e9 superior a 3 metros. Existem diferentes modelos com diferentes acabamentos.<\/li>\n<li><strong>Cadeiras elevat\u00f3rias.<\/strong> S\u00e3o a solu\u00e7\u00e3o para as pessoas com mobilidade reduzida que t\u00eam de subir degraus, <strong>sem necessidade de obras, mesmo que a escada seja curva<\/strong>.<\/li>\n<li><strong>Elevadores adaptados.<\/strong> Enquanto as outras solu\u00e7\u00f5es s\u00e3o boas para degraus em edif\u00edcios ou entradas, ou mesmo para um andar, como \u00e9 o caso dos<a title=\"cadeiras elevat\u00f3rias\" href=\"https:\/\/www.eninter.com\/accesibilidad\/salvaescaleras\" target=\"\" rel=\"noopener\"><br \/>\n  <strong> elevadores de escadas<\/strong><br \/>\n<\/a>A verdade \u00e9 que, para alturas mais elevadas, deve recorrer a elevadores pneum\u00e1ticos adaptados a pessoas em cadeira de rodas. Devem ser elevadores espa\u00e7osos.<\/li>\n<\/ol>\n<p>Embora os elevadores adaptados sejam ideais para edif\u00edcios de v\u00e1rios andares, a necessidade de uma ou outra plataforma depende do que \u00e9 necess\u00e1rio em cada caso e das circunst\u00e2ncias de cada pessoa.<\/p>\n<p>Al\u00e9m disso, em fun\u00e7\u00e3o de aspectos como as escadas ou de determinadas circunst\u00e2ncias, existem diferentes modelos de cada uma das plataformas elevadas para deficientes existentes.<\/p>\n<p>Se esta publica\u00e7\u00e3o lhe interessou, talvez tamb\u00e9m lhe interessem as seguintes publica\u00e7\u00f5es:<\/p>\n<p><a title=\"ELEVADORES E ASCENSORES PARA DEFICIENTES, S\u00c3O OBRIGAT\u00d3RIOS EM 2018?\" href=\"https:\/\/www.eninter.com\/blog\/ascensores-elevadores-minusvalidos-obligatorios\/\" target=\"_blank\" rel=\"noopener\">ELEVADORES E ASCENSORES PARA DEFICIENTES, S\u00c3O OBRIGAT\u00d3RIOS EM 2018?<\/a><\/p>\n<p><a title=\"MEDIDAS M\u00cdNIMAS DOS ASCENSORES PARA PESSOAS COM DEFICI\u00caNCIA\" href=\"https:\/\/www.eninter.com\/blog\/ascensores-minusvalidos-medidas-minimas\/\" target=\"_blank\" rel=\"noopener\">  MEDIDAS M\u00cdNIMAS DOS ASCENSORES PARA PESSOAS COM DEFICI\u00caNCIA<\/a><\/p>\n","protected":false},"excerpt":{"rendered":"<p>Uma das preocupa\u00e7\u00f5es das pessoas em cadeiras de rodas ou com mobilidade reduzida e das suas fam\u00edlias \u00e9 que possam deslocar-se sem dificuldades para onde quer que v\u00e3o. Hoje abordamos esta quest\u00e3o e ajudamo-lo a escolher a plataforma elevat\u00f3ria ideal para as suas necessidades. Trata-se de um elemento muito importante na casa, apartamento ou edif\u00edcio [&hellip;]<\/p>\n","protected":false},"author":3,"featured_media":0,"comment_status":"closed","ping_status":"closed","sticky":false,"template":"","format":"standard","meta":{"_acf_changed":false,"content-type":"","footnotes":""},"categories":[217],"tags":[],"class_list":["post-8703","post","type-post","status-publish","format-standard","hentry","category-acessibilidade"],"acf":[],"_yoast_wpseo_focuskw":"plataformas elevat\u00f3rias para deficientes","_yoast_wpseo_metadesc":"Existem muitas plataformas elevat\u00f3rias para pessoas com defici\u00eancia. Conhe\u00e7a todos os pormenores dos elevadores para deficientes da Eninter.","yoast_head":"<!-- This site is optimized with the Yoast SEO Premium plugin v21.6 (Yoast SEO v27.2) - https:\/\/yoast.com\/product\/yoast-seo-premium-wordpress\/ -->\n<title>Tipos de plataformas elevat\u00f3rias para pessoas com defici\u00eancia | Blog Eninter<\/title>\n<meta name=\"description\" content=\"Existem muitas plataformas elevat\u00f3rias para pessoas com defici\u00eancia. Conhe\u00e7a todos os pormenores dos elevadores para deficientes da Eninter.\" \/>\n<meta name=\"robots\" content=\"index, follow, max-snippet:-1, max-image-preview:large, max-video-preview:-1\" \/>\n<link rel=\"canonical\" href=\"https:\/\/www.eninter.com\/pt-pt\/tipos-de-plataformas-elevatorias-para-pessoas-com-deficiencia-qual-e-a-mais-procurada\/\" \/>\n<meta property=\"og:locale\" content=\"pt_PT\" \/>\n<meta property=\"og:type\" content=\"article\" \/>\n<meta property=\"og:title\" content=\"Tipos de plataformas elevat\u00f3rias para pessoas com defici\u00eancia Qual \u00e9 a mais procurada?\" \/>\n<meta property=\"og:description\" content=\"Existem muitas plataformas elevat\u00f3rias para pessoas com defici\u00eancia. Conhe\u00e7a todos os pormenores dos elevadores para deficientes da Eninter.\" \/>\n<meta property=\"og:url\" content=\"https:\/\/www.eninter.com\/pt-pt\/tipos-de-plataformas-elevatorias-para-pessoas-com-deficiencia-qual-e-a-mais-procurada\/\" \/>\n<meta property=\"og:site_name\" content=\"ENINTER\" \/>\n<meta property=\"article:publisher\" content=\"https:\/\/www.facebook.com\/EninterAscensores\" \/>\n<meta property=\"article:published_time\" content=\"2019-02-06T11:58:46+00:00\" \/>\n<meta property=\"article:modified_time\" content=\"2023-12-15T10:03:26+00:00\" \/>\n<meta property=\"og:image\" content=\"https:\/\/www.eninter.com\/wp-content\/uploads\/2023\/08\/ascensor-cullera-300x197.jpg\" \/>\n<meta name=\"author\" content=\"Albert Puig\" \/>\n<meta name=\"twitter:card\" content=\"summary_large_image\" \/>\n<meta name=\"twitter:creator\" content=\"@Eninter\" \/>\n<meta name=\"twitter:site\" content=\"@Eninter\" \/>\n<meta name=\"twitter:label1\" content=\"Escrito por\" \/>\n\t<meta name=\"twitter:data1\" content=\"Albert Puig\" \/>\n\t<meta name=\"twitter:label2\" content=\"Tempo estimado de leitura\" \/>\n\t<meta name=\"twitter:data2\" content=\"2 minutos\" \/>\n<!-- \/ Yoast SEO Premium plugin. -->","yoast_head_json":{"title":"Tipos de plataformas elevat\u00f3rias para pessoas com defici\u00eancia | Blog Eninter","description":"Existem muitas plataformas elevat\u00f3rias para pessoas com defici\u00eancia. Conhe\u00e7a todos os pormenores dos elevadores para deficientes da Eninter.","robots":{"index":"index","follow":"follow","max-snippet":"max-snippet:-1","max-image-preview":"max-image-preview:large","max-video-preview":"max-video-preview:-1"},"canonical":"https:\/\/www.eninter.com\/pt-pt\/tipos-de-plataformas-elevatorias-para-pessoas-com-deficiencia-qual-e-a-mais-procurada\/","og_locale":"pt_PT","og_type":"article","og_title":"Tipos de plataformas elevat\u00f3rias para pessoas com defici\u00eancia Qual \u00e9 a mais procurada?","og_description":"Existem muitas plataformas elevat\u00f3rias para pessoas com defici\u00eancia. Conhe\u00e7a todos os pormenores dos elevadores para deficientes da Eninter.","og_url":"https:\/\/www.eninter.com\/pt-pt\/tipos-de-plataformas-elevatorias-para-pessoas-com-deficiencia-qual-e-a-mais-procurada\/","og_site_name":"ENINTER","article_publisher":"https:\/\/www.facebook.com\/EninterAscensores","article_published_time":"2019-02-06T11:58:46+00:00","article_modified_time":"2023-12-15T10:03:26+00:00","og_image":[{"url":"https:\/\/www.eninter.com\/wp-content\/uploads\/2023\/08\/ascensor-cullera-300x197.jpg","type":"","width":"","height":""}],"author":"Albert Puig","twitter_card":"summary_large_image","twitter_creator":"@Eninter","twitter_site":"@Eninter","twitter_misc":{"Escrito por":"Albert Puig","Tempo estimado de leitura":"2 minutos"},"schema":{"@context":"https:\/\/schema.org","@graph":[{"@type":"Article","@id":"https:\/\/www.eninter.com\/pt-pt\/tipos-de-plataformas-elevatorias-para-pessoas-com-deficiencia-qual-e-a-mais-procurada\/#article","isPartOf":{"@id":"https:\/\/www.eninter.com\/pt-pt\/tipos-de-plataformas-elevatorias-para-pessoas-com-deficiencia-qual-e-a-mais-procurada\/"},"author":{"name":"Albert Puig","@id":"https:\/\/www.eninter.com\/pt-pt\/#\/schema\/person\/e6178c261ac4210884c0e0264dd59043"},"headline":"Tipos de plataformas elevat\u00f3rias para pessoas com defici\u00eancia Qual \u00e9 a mais procurada?","datePublished":"2019-02-06T11:58:46+00:00","dateModified":"2023-12-15T10:03:26+00:00","mainEntityOfPage":{"@id":"https:\/\/www.eninter.com\/pt-pt\/tipos-de-plataformas-elevatorias-para-pessoas-com-deficiencia-qual-e-a-mais-procurada\/"},"wordCount":452,"publisher":{"@id":"https:\/\/www.eninter.com\/pt-pt\/#organization"},"image":{"@id":"https:\/\/www.eninter.com\/pt-pt\/tipos-de-plataformas-elevatorias-para-pessoas-com-deficiencia-qual-e-a-mais-procurada\/#primaryimage"},"thumbnailUrl":"https:\/\/www.eninter.com\/wp-content\/uploads\/2023\/08\/ascensor-cullera-300x197.jpg","articleSection":["Acessibilidade"],"inLanguage":"pt-PT"},{"@type":"WebPage","@id":"https:\/\/www.eninter.com\/pt-pt\/tipos-de-plataformas-elevatorias-para-pessoas-com-deficiencia-qual-e-a-mais-procurada\/","url":"https:\/\/www.eninter.com\/pt-pt\/tipos-de-plataformas-elevatorias-para-pessoas-com-deficiencia-qual-e-a-mais-procurada\/","name":"Tipos de plataformas elevat\u00f3rias para pessoas com defici\u00eancia | Blog Eninter","isPartOf":{"@id":"https:\/\/www.eninter.com\/pt-pt\/#website"},"primaryImageOfPage":{"@id":"https:\/\/www.eninter.com\/pt-pt\/tipos-de-plataformas-elevatorias-para-pessoas-com-deficiencia-qual-e-a-mais-procurada\/#primaryimage"},"image":{"@id":"https:\/\/www.eninter.com\/pt-pt\/tipos-de-plataformas-elevatorias-para-pessoas-com-deficiencia-qual-e-a-mais-procurada\/#primaryimage"},"thumbnailUrl":"https:\/\/www.eninter.com\/wp-content\/uploads\/2023\/08\/ascensor-cullera-300x197.jpg","datePublished":"2019-02-06T11:58:46+00:00","dateModified":"2023-12-15T10:03:26+00:00","description":"Existem muitas plataformas elevat\u00f3rias para pessoas com defici\u00eancia. Conhe\u00e7a todos os pormenores dos elevadores para deficientes da Eninter.","breadcrumb":{"@id":"https:\/\/www.eninter.com\/pt-pt\/tipos-de-plataformas-elevatorias-para-pessoas-com-deficiencia-qual-e-a-mais-procurada\/#breadcrumb"},"inLanguage":"pt-PT","potentialAction":[{"@type":"ReadAction","target":["https:\/\/www.eninter.com\/pt-pt\/tipos-de-plataformas-elevatorias-para-pessoas-com-deficiencia-qual-e-a-mais-procurada\/"]}]},{"@type":"ImageObject","inLanguage":"pt-PT","@id":"https:\/\/www.eninter.com\/pt-pt\/tipos-de-plataformas-elevatorias-para-pessoas-com-deficiencia-qual-e-a-mais-procurada\/#primaryimage","url":"https:\/\/www.eninter.com\/wp-content\/uploads\/2023\/08\/ascensor-cullera-300x197.jpg","contentUrl":"https:\/\/www.eninter.com\/wp-content\/uploads\/2023\/08\/ascensor-cullera-300x197.jpg"},{"@type":"BreadcrumbList","@id":"https:\/\/www.eninter.com\/pt-pt\/tipos-de-plataformas-elevatorias-para-pessoas-com-deficiencia-qual-e-a-mais-procurada\/#breadcrumb","itemListElement":[{"@type":"ListItem","position":1,"name":"Portada","item":"https:\/\/www.eninter.com\/pt-pt\/"},{"@type":"ListItem","position":2,"name":"Tipos de plataformas elevat\u00f3rias para pessoas com defici\u00eancia Qual \u00e9 a mais procurada?"}]},{"@type":"WebSite","@id":"https:\/\/www.eninter.com\/pt-pt\/#website","url":"https:\/\/www.eninter.com\/pt-pt\/","name":"ENINTER","description":"Mantenimiento de Ascensores Multimarca","publisher":{"@id":"https:\/\/www.eninter.com\/pt-pt\/#organization"},"potentialAction":[{"@type":"SearchAction","target":{"@type":"EntryPoint","urlTemplate":"https:\/\/www.eninter.com\/pt-pt\/?s={search_term_string}"},"query-input":{"@type":"PropertyValueSpecification","valueRequired":true,"valueName":"search_term_string"}}],"inLanguage":"pt-PT"},{"@type":"Organization","@id":"https:\/\/www.eninter.com\/pt-pt\/#organization","name":"Eniter","url":"https:\/\/www.eninter.com\/pt-pt\/","logo":{"@type":"ImageObject","inLanguage":"pt-PT","@id":"https:\/\/www.eninter.com\/pt-pt\/#\/schema\/logo\/image\/","url":"https:\/\/www.eninter.com\/wp-content\/uploads\/2023\/08\/logo-eninter-png.png","contentUrl":"https:\/\/www.eninter.com\/wp-content\/uploads\/2023\/08\/logo-eninter-png.png","width":600,"height":340,"caption":"Eniter"},"image":{"@id":"https:\/\/www.eninter.com\/pt-pt\/#\/schema\/logo\/image\/"},"sameAs":["https:\/\/www.facebook.com\/EninterAscensores","https:\/\/x.com\/Eninter","https:\/\/www.instagram.com\/eninterascensores\/","https:\/\/www.youtube.com\/user\/ascensoreseninter"]},{"@type":"Person","@id":"https:\/\/www.eninter.com\/pt-pt\/#\/schema\/person\/e6178c261ac4210884c0e0264dd59043","name":"Albert Puig","image":{"@type":"ImageObject","inLanguage":"pt-PT","@id":"https:\/\/secure.gravatar.com\/avatar\/583d07f3f1036f58d0e44e873586278b582179a16b27a5b3951504e9ee001c06?s=96&d=mm&r=g","url":"https:\/\/secure.gravatar.com\/avatar\/583d07f3f1036f58d0e44e873586278b582179a16b27a5b3951504e9ee001c06?s=96&d=mm&r=g","contentUrl":"https:\/\/secure.gravatar.com\/avatar\/583d07f3f1036f58d0e44e873586278b582179a16b27a5b3951504e9ee001c06?s=96&d=mm&r=g","caption":"Albert Puig"}}]}},"_links":{"self":[{"href":"https:\/\/www.eninter.com\/pt-pt\/wp-json\/wp\/v2\/posts\/8703","targetHints":{"allow":["GET"]}}],"collection":[{"href":"https:\/\/www.eninter.com\/pt-pt\/wp-json\/wp\/v2\/posts"}],"about":[{"href":"https:\/\/www.eninter.com\/pt-pt\/wp-json\/wp\/v2\/types\/post"}],"author":[{"embeddable":true,"href":"https:\/\/www.eninter.com\/pt-pt\/wp-json\/wp\/v2\/users\/3"}],"replies":[{"embeddable":true,"href":"https:\/\/www.eninter.com\/pt-pt\/wp-json\/wp\/v2\/comments?post=8703"}],"version-history":[{"count":0,"href":"https:\/\/www.eninter.com\/pt-pt\/wp-json\/wp\/v2\/posts\/8703\/revisions"}],"wp:attachment":[{"href":"https:\/\/www.eninter.com\/pt-pt\/wp-json\/wp\/v2\/media?parent=8703"}],"wp:term":[{"taxonomy":"category","embeddable":true,"href":"https:\/\/www.eninter.com\/pt-pt\/wp-json\/wp\/v2\/categories?post=8703"},{"taxonomy":"post_tag","embeddable":true,"href":"https:\/\/www.eninter.com\/pt-pt\/wp-json\/wp\/v2\/tags?post=8703"}],"curies":[{"name":"wp","href":"https:\/\/api.w.org\/{rel}","templated":true}]}}