{"id":8704,"date":"2019-01-29T00:00:03","date_gmt":"2019-01-29T00:00:03","guid":{"rendered":"https:\/\/www.eninter.com\/camaras-de-seguranca-nos-elevadores-sim-ou-nao\/"},"modified":"2025-01-08T11:44:26","modified_gmt":"2025-01-08T11:44:26","slug":"camaras-de-seguranca-nos-elevadores-sim-ou-nao","status":"publish","type":"post","link":"https:\/\/www.eninter.com\/pt-pt\/camaras-de-seguranca-nos-elevadores-sim-ou-nao\/","title":{"rendered":"C\u00e2maras de seguran\u00e7a nos elevadores: sim ou n\u00e3o?"},"content":{"rendered":"<p><strong>Os elevadores s\u00e3o considerados espa\u00e7os cr\u00edticos, uma vez que est\u00e3o confinados e, na maioria dos casos, n\u00e3o t\u00eam vista para o exterior.<\/strong>  Estas caracter\u00edsticas podem dar origem a problemas de falta de seguran\u00e7a, raz\u00e3o pela qual atualmente<strong>  recomenda-se que sejam vigiados por c\u00e2maras de seguran\u00e7a nos elevadores.<\/strong>  Vamos falar sobre isso!<\/p>\n<p>Existem outras raz\u00f5es pelas quais a instala\u00e7\u00e3o de c\u00e2maras de seguran\u00e7a em elevadores \u00e9 recomendada e, entre elas, est\u00e1 a capacidade de estes dispositivos monitorizarem situa\u00e7\u00f5es como falhas t\u00e9cnicas na m\u00e1quina ou cortes de energia.<\/p>\n<p>Mas a pergunta que muitas pessoas fazem \u00e9:<\/p>\n<h2>Podem ser instaladas c\u00e2maras de seguran\u00e7a no elevador?<\/h2>\n<p>A resposta \u00e9 que, atualmente, o assunto tem em considera\u00e7\u00e3o que este tipo de vigil\u00e2ncia se justifica pela seguran\u00e7a que pode proporcionar aos ocupantes de qualquer propriedade.<\/p>\n<p>Al\u00e9m disso, as c\u00e2maras de seguran\u00e7a nos elevadores constituem um elemento dissuasor de actos de vandalismo ou de incidentes como uma falha s\u00fabita de energia ou diversas falhas t\u00e9cnicas que podem ocorrer a qualquer momento.<\/p>\n<p>Outra quest\u00e3o que se coloca \u00e9 a da legalidade da instala\u00e7\u00e3o de c\u00e2maras de seguran\u00e7a no interior do elevador. Mais uma vez, a resposta \u00e9 sim, especialmente tendo em conta que os elevadores s\u00e3o considerados \u00e1reas comuns dos edif\u00edcios e, por conseguinte, s\u00e3o permitidos quando existe um historial de incidentes nas comunidades de vizinhos.<\/p>\n<h2>Aspectos a considerar antes de instalar c\u00e2maras num elevador<\/h2>\n<ul>\n<li>Opte por um tipo de c\u00e2mara que seja f\u00e1cil de instalar e que n\u00e3o exija custos de manuten\u00e7\u00e3o elevados.<\/li>\n<li>Cumprir todas as etapas estabelecidas pela regulamenta\u00e7\u00e3o em vigor, como a <strong>notifica\u00e7\u00e3o pr\u00e9via \u00e0 Ag\u00eancia Espanhola de Prote\u00e7\u00e3o de Dados<\/strong> e a coloca\u00e7\u00e3o de um cartaz informando sobre a exist\u00eancia de c\u00e2maras de seguran\u00e7a no interior do elevador.<\/li>\n<li>Que a decis\u00e3o de instalar uma c\u00e2mara de seguran\u00e7a num elevador trar\u00e1 mais benef\u00edcios do que desvantagens para a comunidade de propriet\u00e1rios.<\/li>\n<\/ul>\n<p>Por \u00faltimo, conv\u00e9m recordar que a decis\u00e3o de instalar este tipo de c\u00e2maras de seguran\u00e7a nos elevadores deve ser tomada  <strong>regido pelos princ\u00edpios estabelecidos na Lei da Propriedade Horizontal espanhola.<\/strong>que estabelece que \u00e9 necess\u00e1rio um voto de 3\/5 dos propriet\u00e1rios ou uma maioria simples para que exista um sistema de seguran\u00e7a na comunidade.<\/p>\n<p>Se achou este post interessante, talvez queira dar uma vista de olhos aos seguintes:<\/p>\n<p><a title=\"PORQUE \u00c9 QUE EXISTEM ESPELHOS NA MAIORIA DOS ELEVADORES?\" href=\"https:\/\/www.eninter.com\/blog\/por-que-hay-espejo-ascensores\/\" target=\"_blank\" rel=\"noopener\">PORQUE \u00c9 QUE EXISTEM ESPELHOS NA MAIORIA DOS ELEVADORES?<\/a><\/p>\n<p>COMO EVITAR ACIDENTES NOS ELEVADORES? 13 DICAS E RECOMENDA\u00c7\u00d5ES<\/p>\n","protected":false},"excerpt":{"rendered":"<p>Os elevadores s\u00e3o considerados espa\u00e7os cr\u00edticos, uma vez que est\u00e3o confinados e, na maioria dos casos, n\u00e3o t\u00eam vista para o exterior. Estas caracter\u00edsticas podem dar origem a problemas de falta de seguran\u00e7a, raz\u00e3o pela qual atualmente recomenda-se que sejam vigiados por c\u00e2maras de seguran\u00e7a nos elevadores. Vamos falar sobre isso! Existem outras raz\u00f5es pelas [&hellip;]<\/p>\n","protected":false},"author":3,"featured_media":0,"comment_status":"closed","ping_status":"closed","sticky":false,"template":"","format":"standard","meta":{"_acf_changed":false,"content-type":"","footnotes":""},"categories":[215],"tags":[],"class_list":["post-8704","post","type-post","status-publish","format-standard","hentry","category-elevadores"],"acf":[],"_yoast_wpseo_focuskw":"c\u00e2maras de seguran\u00e7a nos elevadores","_yoast_wpseo_metadesc":"Os elevadores s\u00e3o considerados espa\u00e7os cr\u00edticos e carentes de seguran\u00e7a, raz\u00e3o pela qual a utiliza\u00e7\u00e3o de c\u00e2maras de seguran\u00e7a nos elevadores \u00e9 hoje em dia recomendada.","yoast_head":"<!-- This site is optimized with the Yoast SEO Premium plugin v21.6 (Yoast SEO v27.5) - https:\/\/yoast.com\/product\/yoast-seo-premium-wordpress\/ -->\n<title>C\u00e2maras de seguran\u00e7a nos elevadores: sim ou n\u00e3o? - ENINTER<\/title>\n<meta name=\"description\" content=\"Os elevadores s\u00e3o considerados espa\u00e7os cr\u00edticos e carentes de seguran\u00e7a, raz\u00e3o pela qual a utiliza\u00e7\u00e3o de c\u00e2maras de seguran\u00e7a nos elevadores \u00e9 hoje em dia recomendada.\" \/>\n<meta name=\"robots\" content=\"index, follow, max-snippet:-1, max-image-preview:large, max-video-preview:-1\" \/>\n<link rel=\"canonical\" href=\"https:\/\/www.eninter.com\/pt-pt\/camaras-de-seguranca-nos-elevadores-sim-ou-nao\/\" \/>\n<meta property=\"og:locale\" content=\"pt_PT\" \/>\n<meta property=\"og:type\" content=\"article\" \/>\n<meta property=\"og:title\" content=\"C\u00e2maras de seguran\u00e7a nos elevadores: sim ou n\u00e3o?\" \/>\n<meta property=\"og:description\" content=\"Os elevadores s\u00e3o considerados espa\u00e7os cr\u00edticos e carentes de seguran\u00e7a, raz\u00e3o pela qual a utiliza\u00e7\u00e3o de c\u00e2maras de seguran\u00e7a nos elevadores \u00e9 hoje em dia recomendada.\" \/>\n<meta property=\"og:url\" content=\"https:\/\/www.eninter.com\/pt-pt\/camaras-de-seguranca-nos-elevadores-sim-ou-nao\/\" \/>\n<meta property=\"og:site_name\" content=\"ENINTER\" \/>\n<meta property=\"article:publisher\" content=\"https:\/\/www.facebook.com\/EninterAscensores\" \/>\n<meta property=\"article:published_time\" content=\"2019-01-29T00:00:03+00:00\" \/>\n<meta property=\"article:modified_time\" content=\"2025-01-08T11:44:26+00:00\" \/>\n<meta name=\"author\" content=\"Albert Puig\" \/>\n<meta name=\"twitter:card\" content=\"summary_large_image\" \/>\n<meta name=\"twitter:creator\" content=\"@Eninter\" \/>\n<meta name=\"twitter:site\" content=\"@Eninter\" \/>\n<meta name=\"twitter:label1\" content=\"Escrito por\" \/>\n\t<meta name=\"twitter:data1\" content=\"Albert Puig\" \/>\n\t<meta name=\"twitter:label2\" content=\"Tempo estimado de leitura\" \/>\n\t<meta name=\"twitter:data2\" content=\"2 minutos\" \/>\n<!-- \/ Yoast SEO Premium plugin. -->","yoast_head_json":{"title":"C\u00e2maras de seguran\u00e7a nos elevadores: sim ou n\u00e3o? - ENINTER","description":"Os elevadores s\u00e3o considerados espa\u00e7os cr\u00edticos e carentes de seguran\u00e7a, raz\u00e3o pela qual a utiliza\u00e7\u00e3o de c\u00e2maras de seguran\u00e7a nos elevadores \u00e9 hoje em dia recomendada.","robots":{"index":"index","follow":"follow","max-snippet":"max-snippet:-1","max-image-preview":"max-image-preview:large","max-video-preview":"max-video-preview:-1"},"canonical":"https:\/\/www.eninter.com\/pt-pt\/camaras-de-seguranca-nos-elevadores-sim-ou-nao\/","og_locale":"pt_PT","og_type":"article","og_title":"C\u00e2maras de seguran\u00e7a nos elevadores: sim ou n\u00e3o?","og_description":"Os elevadores s\u00e3o considerados espa\u00e7os cr\u00edticos e carentes de seguran\u00e7a, raz\u00e3o pela qual a utiliza\u00e7\u00e3o de c\u00e2maras de seguran\u00e7a nos elevadores \u00e9 hoje em dia recomendada.","og_url":"https:\/\/www.eninter.com\/pt-pt\/camaras-de-seguranca-nos-elevadores-sim-ou-nao\/","og_site_name":"ENINTER","article_publisher":"https:\/\/www.facebook.com\/EninterAscensores","article_published_time":"2019-01-29T00:00:03+00:00","article_modified_time":"2025-01-08T11:44:26+00:00","author":"Albert Puig","twitter_card":"summary_large_image","twitter_creator":"@Eninter","twitter_site":"@Eninter","twitter_misc":{"Escrito por":"Albert Puig","Tempo estimado de leitura":"2 minutos"},"schema":{"@context":"https:\/\/schema.org","@graph":[{"@type":"Article","@id":"https:\/\/www.eninter.com\/pt-pt\/camaras-de-seguranca-nos-elevadores-sim-ou-nao\/#article","isPartOf":{"@id":"https:\/\/www.eninter.com\/pt-pt\/camaras-de-seguranca-nos-elevadores-sim-ou-nao\/"},"author":{"name":"Albert Puig","@id":"https:\/\/www.eninter.com\/pt-pt\/#\/schema\/person\/e6178c261ac4210884c0e0264dd59043"},"headline":"C\u00e2maras de seguran\u00e7a nos elevadores: sim ou n\u00e3o?","datePublished":"2019-01-29T00:00:03+00:00","dateModified":"2025-01-08T11:44:26+00:00","mainEntityOfPage":{"@id":"https:\/\/www.eninter.com\/pt-pt\/camaras-de-seguranca-nos-elevadores-sim-ou-nao\/"},"wordCount":456,"publisher":{"@id":"https:\/\/www.eninter.com\/pt-pt\/#organization"},"articleSection":["Elevadores"],"inLanguage":"pt-PT"},{"@type":"WebPage","@id":"https:\/\/www.eninter.com\/pt-pt\/camaras-de-seguranca-nos-elevadores-sim-ou-nao\/","url":"https:\/\/www.eninter.com\/pt-pt\/camaras-de-seguranca-nos-elevadores-sim-ou-nao\/","name":"C\u00e2maras de seguran\u00e7a nos elevadores: sim ou n\u00e3o? - ENINTER","isPartOf":{"@id":"https:\/\/www.eninter.com\/pt-pt\/#website"},"datePublished":"2019-01-29T00:00:03+00:00","dateModified":"2025-01-08T11:44:26+00:00","description":"Os elevadores s\u00e3o considerados espa\u00e7os cr\u00edticos e carentes de seguran\u00e7a, raz\u00e3o pela qual a utiliza\u00e7\u00e3o de c\u00e2maras de seguran\u00e7a nos elevadores \u00e9 hoje em dia recomendada.","breadcrumb":{"@id":"https:\/\/www.eninter.com\/pt-pt\/camaras-de-seguranca-nos-elevadores-sim-ou-nao\/#breadcrumb"},"inLanguage":"pt-PT","potentialAction":[{"@type":"ReadAction","target":["https:\/\/www.eninter.com\/pt-pt\/camaras-de-seguranca-nos-elevadores-sim-ou-nao\/"]}]},{"@type":"BreadcrumbList","@id":"https:\/\/www.eninter.com\/pt-pt\/camaras-de-seguranca-nos-elevadores-sim-ou-nao\/#breadcrumb","itemListElement":[{"@type":"ListItem","position":1,"name":"Portada","item":"https:\/\/www.eninter.com\/pt-pt\/"},{"@type":"ListItem","position":2,"name":"C\u00e2maras de seguran\u00e7a nos elevadores: sim ou n\u00e3o?"}]},{"@type":"WebSite","@id":"https:\/\/www.eninter.com\/pt-pt\/#website","url":"https:\/\/www.eninter.com\/pt-pt\/","name":"ENINTER","description":"Mantenimiento de Ascensores Multimarca","publisher":{"@id":"https:\/\/www.eninter.com\/pt-pt\/#organization"},"potentialAction":[{"@type":"SearchAction","target":{"@type":"EntryPoint","urlTemplate":"https:\/\/www.eninter.com\/pt-pt\/?s={search_term_string}"},"query-input":{"@type":"PropertyValueSpecification","valueRequired":true,"valueName":"search_term_string"}}],"inLanguage":"pt-PT"},{"@type":"Organization","@id":"https:\/\/www.eninter.com\/pt-pt\/#organization","name":"Eniter","url":"https:\/\/www.eninter.com\/pt-pt\/","logo":{"@type":"ImageObject","inLanguage":"pt-PT","@id":"https:\/\/www.eninter.com\/pt-pt\/#\/schema\/logo\/image\/","url":"https:\/\/www.eninter.com\/wp-content\/uploads\/2023\/08\/logo-eninter-png.png","contentUrl":"https:\/\/www.eninter.com\/wp-content\/uploads\/2023\/08\/logo-eninter-png.png","width":600,"height":340,"caption":"Eniter"},"image":{"@id":"https:\/\/www.eninter.com\/pt-pt\/#\/schema\/logo\/image\/"},"sameAs":["https:\/\/www.facebook.com\/EninterAscensores","https:\/\/x.com\/Eninter","https:\/\/www.instagram.com\/eninterascensores\/","https:\/\/www.youtube.com\/user\/ascensoreseninter"]},{"@type":"Person","@id":"https:\/\/www.eninter.com\/pt-pt\/#\/schema\/person\/e6178c261ac4210884c0e0264dd59043","name":"Albert Puig","image":{"@type":"ImageObject","inLanguage":"pt-PT","@id":"https:\/\/secure.gravatar.com\/avatar\/583d07f3f1036f58d0e44e873586278b582179a16b27a5b3951504e9ee001c06?s=96&d=mm&r=g","url":"https:\/\/secure.gravatar.com\/avatar\/583d07f3f1036f58d0e44e873586278b582179a16b27a5b3951504e9ee001c06?s=96&d=mm&r=g","contentUrl":"https:\/\/secure.gravatar.com\/avatar\/583d07f3f1036f58d0e44e873586278b582179a16b27a5b3951504e9ee001c06?s=96&d=mm&r=g","caption":"Albert Puig"}}]}},"_links":{"self":[{"href":"https:\/\/www.eninter.com\/pt-pt\/wp-json\/wp\/v2\/posts\/8704","targetHints":{"allow":["GET"]}}],"collection":[{"href":"https:\/\/www.eninter.com\/pt-pt\/wp-json\/wp\/v2\/posts"}],"about":[{"href":"https:\/\/www.eninter.com\/pt-pt\/wp-json\/wp\/v2\/types\/post"}],"author":[{"embeddable":true,"href":"https:\/\/www.eninter.com\/pt-pt\/wp-json\/wp\/v2\/users\/3"}],"replies":[{"embeddable":true,"href":"https:\/\/www.eninter.com\/pt-pt\/wp-json\/wp\/v2\/comments?post=8704"}],"version-history":[{"count":0,"href":"https:\/\/www.eninter.com\/pt-pt\/wp-json\/wp\/v2\/posts\/8704\/revisions"}],"wp:attachment":[{"href":"https:\/\/www.eninter.com\/pt-pt\/wp-json\/wp\/v2\/media?parent=8704"}],"wp:term":[{"taxonomy":"category","embeddable":true,"href":"https:\/\/www.eninter.com\/pt-pt\/wp-json\/wp\/v2\/categories?post=8704"},{"taxonomy":"post_tag","embeddable":true,"href":"https:\/\/www.eninter.com\/pt-pt\/wp-json\/wp\/v2\/tags?post=8704"}],"curies":[{"name":"wp","href":"https:\/\/api.w.org\/{rel}","templated":true}]}}