{"id":8705,"date":"2019-01-24T11:42:18","date_gmt":"2019-01-24T11:42:18","guid":{"rendered":"https:\/\/www.eninter.com\/temos-de-nos-preocupar-com-ruidos-no-elevador\/"},"modified":"2025-01-08T11:47:38","modified_gmt":"2025-01-08T11:47:38","slug":"temos-de-nos-preocupar-com-ruidos-no-elevador","status":"publish","type":"post","link":"https:\/\/www.eninter.com\/pt-pt\/temos-de-nos-preocupar-com-ruidos-no-elevador\/","title":{"rendered":"Temos de nos preocupar com ru\u00eddos no elevador?"},"content":{"rendered":"<p><strong>H\u00e1 elevadores, especialmente os antigos, que fazem ru\u00eddos indesej\u00e1veis. Isto n\u00e3o significa que haja algo de errado com o elevador, mas \u00e9 importante chamar a empresa de manuten\u00e7\u00e3o se detetar ru\u00eddos anormais ou estranhos. No post de hoje vamos abordar este tema, esperamos que gostem!<\/strong><\/p>\n<p>\u00c9 preciso ter em conta que, em Espanha, a partir dos 55 decib\u00e9is, o repouso e a comunica\u00e7\u00e3o s\u00e3o perturbados. No entanto, \u00e0 noite, mais de 30 decib\u00e9is \u00e9 considerado excessivo. Se este valor for ultrapassado, s\u00e3o inc\u00f3modos.<\/p>\n<h2>Quais s\u00e3o os principais problemas que causam ru\u00eddo no elevador?<\/h2>\n<p>Uma das raz\u00f5es pelas quais <strong>pode haver ru\u00eddos no elevador<\/strong> \u00e9 o facto de <strong>as portas<\/strong> poderem avariar devido \u00e0 utiliza\u00e7\u00e3o. Uma m\u00e1 veda\u00e7\u00e3o pode impedir o seu bom funcionamento. As pe\u00e7as deslizantes s\u00e3o frequentemente respons\u00e1veis por ru\u00eddos.<\/p>\n<p>Os <strong>cabos<\/strong> que suportam a cabina podem causar ru\u00eddos inc\u00f3modos, chegando mesmo a bater nas paredes. O ru\u00eddo <strong>do motor<\/strong> tamb\u00e9m pode ocorrer em <strong>sistemas mais antigos<\/strong>. Geralmente, <strong>as pe\u00e7as defeituosas<\/strong> podem provocar falhas no elevador, raz\u00e3o pela qual \u00e9 importante fazer uma manuten\u00e7\u00e3o correcta do elevador, bem como da instala\u00e7\u00e3o, pois se esta for defeituosa ou mal feita, pode provocar problemas de ru\u00eddo.<\/p>\n<p>&nbsp;<\/p>\n<p>Os aspectos a ter em conta no que diz <strong>respeito ao ru\u00eddo do elevador<\/strong> s\u00e3o a desativa\u00e7\u00e3o dos motores, a desativa\u00e7\u00e3o e o isolamento do painel de contactores, a abertura e o fecho das portas, a ancoragem e a desativa\u00e7\u00e3o das guias e tudo o mais que deve ser considerado.<\/p>\n<h2>Como medir o ru\u00eddo de eleva\u00e7\u00e3o<\/h2>\n<p>Para <strong>medir o ru\u00eddo dos elevadores<\/strong>  deve ser tida em conta a norma internacional UNE-EN ISO 10052:2005, que define os ciclos de funcionamento normalizados para os ascensores, com um ciclo normalizado de paragem nos pisos interm\u00e9dios, fecho e abertura de portas, partida do piso mais baixo e subida com uma ou duas pessoas na cabina, e o complexo percurso de descida do piso mais alto para o piso mais baixo.<\/p>\n<p>A<strong> Ley de Propiedad Horizontal del Suelo<\/strong> \u00e9 a lei que rege a conviv\u00eancia nas propriedades e indica que as obras de repara\u00e7\u00e3o e manuten\u00e7\u00e3o dos espa\u00e7os comuns devem ser assumidas pela comunidade de propriet\u00e1rios. Por conseguinte, se surgirem problemas, deve procurar-se uma boa comunica\u00e7\u00e3o e rela\u00e7\u00f5es positivas entre os vizinhos. A melhor maneira \u00e9 prevenir com um <strong>bom servi\u00e7o de manuten\u00e7\u00e3o de elevadores<\/strong> que possa detetar quaisquer falhas ou problemas que possam levar a avarias antes que estas aconte\u00e7am. Prevenir cuidando do elevador.<\/p>\n<p>Se este tema lhe interessa, talvez tamb\u00e9m lhe interessem as seguintes publica\u00e7\u00f5es do nosso blogue:<\/p>\n<p><a href=\"https:\/\/www.eninter.com\/pt-pt\/manutencao-de-elevadores-multimarcas\/\">QUE PONTOS S\u00c3O VERIFICADOS NA MANUTEN\u00c7\u00c3O DO ELEVADOR?<\/a><\/p>\n<p>COMO \u00c9 PAGA A MANUTEN\u00c7\u00c3O DO ASCENSOR POR HABITA\u00c7\u00c3O OU POR FRAC\u00c7\u00c3O?<\/p>\n<p><a href=\"https:\/\/www.eninter.com\/blog\/consejos-ahorrar-mantenimiento-ascensor-comunidad\/\">DICAS SOBRE COMO POUPAR NA MANUTEN\u00c7\u00c3O DE ELEVADORES NA SUA COMUNIDADE<\/a><\/p>\n<p><a href=\"https:\/\/www.eninter.com\/blog\/condiciones-habituales-contratos-mantenimiento\/\">TERMOS E CONDI\u00c7\u00d5ES GERAIS DOS CONTRATOS DE MANUTEN\u00c7\u00c3O<\/a><\/p>\n","protected":false},"excerpt":{"rendered":"<p>H\u00e1 elevadores, especialmente os antigos, que fazem ru\u00eddos indesej\u00e1veis. Isto n\u00e3o significa que haja algo de errado com o elevador, mas \u00e9 importante chamar a empresa de manuten\u00e7\u00e3o se detetar ru\u00eddos anormais ou estranhos. No post de hoje vamos abordar este tema, esperamos que gostem! \u00c9 preciso ter em conta que, em Espanha, a partir [&hellip;]<\/p>\n","protected":false},"author":3,"featured_media":0,"comment_status":"closed","ping_status":"closed","sticky":false,"template":"","format":"standard","meta":{"_acf_changed":false,"content-type":"","footnotes":""},"categories":[215],"tags":[],"class_list":["post-8705","post","type-post","status-publish","format-standard","hentry","category-elevadores"],"acf":[],"_yoast_wpseo_focuskw":"Ru\u00eddos no elevador","_yoast_wpseo_metadesc":"H\u00e1 elevadores que fazem ru\u00eddos indesej\u00e1veis. N\u00e3o significa que haja um problema, mas \u00e9 importante telefonar e verificar.","yoast_head":"<!-- This site is optimized with the Yoast SEO Premium plugin v21.6 (Yoast SEO v27.2) - https:\/\/yoast.com\/product\/yoast-seo-premium-wordpress\/ -->\n<title>Temos de nos preocupar com ru\u00eddos no elevador? - ENINTER<\/title>\n<meta name=\"description\" content=\"H\u00e1 elevadores que fazem ru\u00eddos indesej\u00e1veis. N\u00e3o significa que haja um problema, mas \u00e9 importante telefonar e verificar.\" \/>\n<meta name=\"robots\" content=\"index, follow, max-snippet:-1, max-image-preview:large, max-video-preview:-1\" \/>\n<link rel=\"canonical\" href=\"https:\/\/www.eninter.com\/pt-pt\/temos-de-nos-preocupar-com-ruidos-no-elevador\/\" \/>\n<meta property=\"og:locale\" content=\"pt_PT\" \/>\n<meta property=\"og:type\" content=\"article\" \/>\n<meta property=\"og:title\" content=\"Temos de nos preocupar com ru\u00eddos no elevador?\" \/>\n<meta property=\"og:description\" content=\"H\u00e1 elevadores que fazem ru\u00eddos indesej\u00e1veis. N\u00e3o significa que haja um problema, mas \u00e9 importante telefonar e verificar.\" \/>\n<meta property=\"og:url\" content=\"https:\/\/www.eninter.com\/pt-pt\/temos-de-nos-preocupar-com-ruidos-no-elevador\/\" \/>\n<meta property=\"og:site_name\" content=\"ENINTER\" \/>\n<meta property=\"article:publisher\" content=\"https:\/\/www.facebook.com\/EninterAscensores\" \/>\n<meta property=\"article:published_time\" content=\"2019-01-24T11:42:18+00:00\" \/>\n<meta property=\"article:modified_time\" content=\"2025-01-08T11:47:38+00:00\" \/>\n<meta name=\"author\" content=\"Albert Puig\" \/>\n<meta name=\"twitter:card\" content=\"summary_large_image\" \/>\n<meta name=\"twitter:creator\" content=\"@Eninter\" \/>\n<meta name=\"twitter:site\" content=\"@Eninter\" \/>\n<meta name=\"twitter:label1\" content=\"Escrito por\" \/>\n\t<meta name=\"twitter:data1\" content=\"Albert Puig\" \/>\n\t<meta name=\"twitter:label2\" content=\"Tempo estimado de leitura\" \/>\n\t<meta name=\"twitter:data2\" content=\"3 minutos\" \/>\n<!-- \/ Yoast SEO Premium plugin. -->","yoast_head_json":{"title":"Temos de nos preocupar com ru\u00eddos no elevador? - ENINTER","description":"H\u00e1 elevadores que fazem ru\u00eddos indesej\u00e1veis. N\u00e3o significa que haja um problema, mas \u00e9 importante telefonar e verificar.","robots":{"index":"index","follow":"follow","max-snippet":"max-snippet:-1","max-image-preview":"max-image-preview:large","max-video-preview":"max-video-preview:-1"},"canonical":"https:\/\/www.eninter.com\/pt-pt\/temos-de-nos-preocupar-com-ruidos-no-elevador\/","og_locale":"pt_PT","og_type":"article","og_title":"Temos de nos preocupar com ru\u00eddos no elevador?","og_description":"H\u00e1 elevadores que fazem ru\u00eddos indesej\u00e1veis. N\u00e3o significa que haja um problema, mas \u00e9 importante telefonar e verificar.","og_url":"https:\/\/www.eninter.com\/pt-pt\/temos-de-nos-preocupar-com-ruidos-no-elevador\/","og_site_name":"ENINTER","article_publisher":"https:\/\/www.facebook.com\/EninterAscensores","article_published_time":"2019-01-24T11:42:18+00:00","article_modified_time":"2025-01-08T11:47:38+00:00","author":"Albert Puig","twitter_card":"summary_large_image","twitter_creator":"@Eninter","twitter_site":"@Eninter","twitter_misc":{"Escrito por":"Albert Puig","Tempo estimado de leitura":"3 minutos"},"schema":{"@context":"https:\/\/schema.org","@graph":[{"@type":"Article","@id":"https:\/\/www.eninter.com\/pt-pt\/temos-de-nos-preocupar-com-ruidos-no-elevador\/#article","isPartOf":{"@id":"https:\/\/www.eninter.com\/pt-pt\/temos-de-nos-preocupar-com-ruidos-no-elevador\/"},"author":{"name":"Albert Puig","@id":"https:\/\/www.eninter.com\/pt-pt\/#\/schema\/person\/e6178c261ac4210884c0e0264dd59043"},"headline":"Temos de nos preocupar com ru\u00eddos no elevador?","datePublished":"2019-01-24T11:42:18+00:00","dateModified":"2025-01-08T11:47:38+00:00","mainEntityOfPage":{"@id":"https:\/\/www.eninter.com\/pt-pt\/temos-de-nos-preocupar-com-ruidos-no-elevador\/"},"wordCount":515,"publisher":{"@id":"https:\/\/www.eninter.com\/pt-pt\/#organization"},"articleSection":["Elevadores"],"inLanguage":"pt-PT"},{"@type":"WebPage","@id":"https:\/\/www.eninter.com\/pt-pt\/temos-de-nos-preocupar-com-ruidos-no-elevador\/","url":"https:\/\/www.eninter.com\/pt-pt\/temos-de-nos-preocupar-com-ruidos-no-elevador\/","name":"Temos de nos preocupar com ru\u00eddos no elevador? - ENINTER","isPartOf":{"@id":"https:\/\/www.eninter.com\/pt-pt\/#website"},"datePublished":"2019-01-24T11:42:18+00:00","dateModified":"2025-01-08T11:47:38+00:00","description":"H\u00e1 elevadores que fazem ru\u00eddos indesej\u00e1veis. N\u00e3o significa que haja um problema, mas \u00e9 importante telefonar e verificar.","breadcrumb":{"@id":"https:\/\/www.eninter.com\/pt-pt\/temos-de-nos-preocupar-com-ruidos-no-elevador\/#breadcrumb"},"inLanguage":"pt-PT","potentialAction":[{"@type":"ReadAction","target":["https:\/\/www.eninter.com\/pt-pt\/temos-de-nos-preocupar-com-ruidos-no-elevador\/"]}]},{"@type":"BreadcrumbList","@id":"https:\/\/www.eninter.com\/pt-pt\/temos-de-nos-preocupar-com-ruidos-no-elevador\/#breadcrumb","itemListElement":[{"@type":"ListItem","position":1,"name":"Portada","item":"https:\/\/www.eninter.com\/pt-pt\/"},{"@type":"ListItem","position":2,"name":"Temos de nos preocupar com ru\u00eddos no elevador?"}]},{"@type":"WebSite","@id":"https:\/\/www.eninter.com\/pt-pt\/#website","url":"https:\/\/www.eninter.com\/pt-pt\/","name":"ENINTER","description":"Mantenimiento de Ascensores Multimarca","publisher":{"@id":"https:\/\/www.eninter.com\/pt-pt\/#organization"},"potentialAction":[{"@type":"SearchAction","target":{"@type":"EntryPoint","urlTemplate":"https:\/\/www.eninter.com\/pt-pt\/?s={search_term_string}"},"query-input":{"@type":"PropertyValueSpecification","valueRequired":true,"valueName":"search_term_string"}}],"inLanguage":"pt-PT"},{"@type":"Organization","@id":"https:\/\/www.eninter.com\/pt-pt\/#organization","name":"Eniter","url":"https:\/\/www.eninter.com\/pt-pt\/","logo":{"@type":"ImageObject","inLanguage":"pt-PT","@id":"https:\/\/www.eninter.com\/pt-pt\/#\/schema\/logo\/image\/","url":"https:\/\/www.eninter.com\/wp-content\/uploads\/2023\/08\/logo-eninter-png.png","contentUrl":"https:\/\/www.eninter.com\/wp-content\/uploads\/2023\/08\/logo-eninter-png.png","width":600,"height":340,"caption":"Eniter"},"image":{"@id":"https:\/\/www.eninter.com\/pt-pt\/#\/schema\/logo\/image\/"},"sameAs":["https:\/\/www.facebook.com\/EninterAscensores","https:\/\/x.com\/Eninter","https:\/\/www.instagram.com\/eninterascensores\/","https:\/\/www.youtube.com\/user\/ascensoreseninter"]},{"@type":"Person","@id":"https:\/\/www.eninter.com\/pt-pt\/#\/schema\/person\/e6178c261ac4210884c0e0264dd59043","name":"Albert Puig","image":{"@type":"ImageObject","inLanguage":"pt-PT","@id":"https:\/\/secure.gravatar.com\/avatar\/583d07f3f1036f58d0e44e873586278b582179a16b27a5b3951504e9ee001c06?s=96&d=mm&r=g","url":"https:\/\/secure.gravatar.com\/avatar\/583d07f3f1036f58d0e44e873586278b582179a16b27a5b3951504e9ee001c06?s=96&d=mm&r=g","contentUrl":"https:\/\/secure.gravatar.com\/avatar\/583d07f3f1036f58d0e44e873586278b582179a16b27a5b3951504e9ee001c06?s=96&d=mm&r=g","caption":"Albert Puig"}}]}},"_links":{"self":[{"href":"https:\/\/www.eninter.com\/pt-pt\/wp-json\/wp\/v2\/posts\/8705","targetHints":{"allow":["GET"]}}],"collection":[{"href":"https:\/\/www.eninter.com\/pt-pt\/wp-json\/wp\/v2\/posts"}],"about":[{"href":"https:\/\/www.eninter.com\/pt-pt\/wp-json\/wp\/v2\/types\/post"}],"author":[{"embeddable":true,"href":"https:\/\/www.eninter.com\/pt-pt\/wp-json\/wp\/v2\/users\/3"}],"replies":[{"embeddable":true,"href":"https:\/\/www.eninter.com\/pt-pt\/wp-json\/wp\/v2\/comments?post=8705"}],"version-history":[{"count":0,"href":"https:\/\/www.eninter.com\/pt-pt\/wp-json\/wp\/v2\/posts\/8705\/revisions"}],"wp:attachment":[{"href":"https:\/\/www.eninter.com\/pt-pt\/wp-json\/wp\/v2\/media?parent=8705"}],"wp:term":[{"taxonomy":"category","embeddable":true,"href":"https:\/\/www.eninter.com\/pt-pt\/wp-json\/wp\/v2\/categories?post=8705"},{"taxonomy":"post_tag","embeddable":true,"href":"https:\/\/www.eninter.com\/pt-pt\/wp-json\/wp\/v2\/tags?post=8705"}],"curies":[{"name":"wp","href":"https:\/\/api.w.org\/{rel}","templated":true}]}}