{"id":8706,"date":"2019-01-18T15:41:58","date_gmt":"2019-01-18T15:41:58","guid":{"rendered":"https:\/\/www.eninter.com\/todos-os-apartamentos-pagam-o-mesmo-pela-instalacao-do-elevador\/"},"modified":"2023-12-15T10:03:13","modified_gmt":"2023-12-15T10:03:13","slug":"todos-os-apartamentos-pagam-o-mesmo-pela-instalacao-do-elevador","status":"publish","type":"post","link":"https:\/\/www.eninter.com\/pt-pt\/todos-os-apartamentos-pagam-o-mesmo-pela-instalacao-do-elevador\/","title":{"rendered":"Todos os apartamentos pagam o mesmo pela instala\u00e7\u00e3o do elevador?"},"content":{"rendered":"<p>Uma das principais d\u00favidas que podem surgir nas comunidades de bairro \u00e9: todos os apartamentos pagam o mesmo pela instala\u00e7\u00e3o do elevador? No post de hoje abordamos este tema, esperamos que seja interessante para si.<\/p>\n<h2>O que diz a lei sobre o pagamento da instala\u00e7\u00e3o de elevadores?<\/h2>\n<p>A lei indica que a instala\u00e7\u00e3o de um elevador depende da<strong> aceita\u00e7\u00e3o da instala\u00e7\u00e3o por parte de 3\/5 dos propriet\u00e1rios<\/strong>, pelo que, se tal for cumprido,<strong> todos os vizinhos devem aceit\u00e1-la<\/strong>, uma vez que se trata de uma melhoria do valor e do conforto do edif\u00edcio. Se houver uma pessoa com mais de 70 anos de idade ou com defici\u00eancia, o elevador deve tamb\u00e9m ser instalado se for aprovado por maioria simples. Neste caso, <strong>todos os vizinhos t\u00eam de pagar a instala\u00e7\u00e3o do elevador<\/strong>.<\/p>\n<p>&nbsp;<\/p>\n<p><img fetchpriority=\"high\" decoding=\"async\" class=\"wp-image-5362 aligncenter\" src=\"https:\/\/www.eninter.com\/wp-content\/uploads\/2023\/08\/nueva-instalacion-300x240.jpeg\" alt=\"nova instala\u00e7\u00e3o\" width=\"528\" height=\"422\" srcset=\"https:\/\/www.eninter.com\/wp-content\/uploads\/2023\/08\/nueva-instalacion-300x240.jpeg 300w, https:\/\/www.eninter.com\/wp-content\/uploads\/2023\/08\/nueva-instalacion-1024x819.jpeg 1024w, https:\/\/www.eninter.com\/wp-content\/uploads\/2023\/08\/nueva-instalacion-768x614.jpeg 768w, https:\/\/www.eninter.com\/wp-content\/uploads\/2023\/08\/nueva-instalacion-1536x1229.jpeg 1536w, https:\/\/www.eninter.com\/wp-content\/uploads\/2023\/08\/nueva-instalacion.jpeg 1920w\" sizes=\"(max-width: 528px) 100vw, 528px\" \/><\/p>\n<p>&nbsp;<\/p>\n<h2>Todos os vizinhos pagam a taxa de manuten\u00e7\u00e3o do elevador?<\/h2>\n<p>A manuten\u00e7\u00e3o das taxas do elevador depender\u00e1 do que for acordado, uma vez que os propriet\u00e1rios dos pisos t\u00e9rreos (e dos estabelecimentos comerciais) n\u00e3o utilizar\u00e3o efetivamente o elevador. Pode ser acordado que n\u00e3o paguem por isso, mas cabe aos vizinhos decidir. No entanto,<strong> a instala\u00e7\u00e3o do elevador \u00e9 paga por todos os vizinhos<\/strong>, quer estejam de acordo ou n\u00e3o. Os <strong>custos suplementares do elevador devem igualmente<\/strong> ser suportados por todos os vizinhos.<\/p>\n<p>O propriet\u00e1rio \u00e9 <strong>obrigado a contribuir<\/strong> para as despesas gerais de manuten\u00e7\u00e3o correcta do bem e dos seus servi\u00e7os <strong>, de acordo com o seu coeficiente de participa\u00e7\u00e3o<\/strong> ou com o que for especialmente estabelecido. Isto inclui os custos de instala\u00e7\u00e3o do elevador, que devem ser <strong>pagos pelos diferentes vizinhos de acordo com o seu coeficiente de participa\u00e7\u00e3o<\/strong>. Nem todos os apartamentos t\u00eam de pagar o mesmo, mas t\u00eam de pagar a sua quota-parte para a instala\u00e7\u00e3o.<\/p>\n<p>Talvez lhe interesse este outro post que public\u00e1mos no nosso s\u00edtio Web intitulado<a title=\"INSPEC\u00c7\u00c3O DE ELEVADORES, EM QUE CONSISTE E COMO FUNCIONA?\" href=\"https:\/\/www.eninter.com\/blog\/inspeccion-revision-ascensores-elevadores\/\" target=\"blank\" rel=\"noopener\">&#8220;INSPEC\u00c7\u00c3O DE ELEVADORES, O QUE \u00c9 E COMO FUNCIONA?&#8221;<\/a><\/p>\n","protected":false},"excerpt":{"rendered":"<p>Uma das principais d\u00favidas que podem surgir nas comunidades de bairro \u00e9: todos os apartamentos pagam o mesmo pela instala\u00e7\u00e3o do elevador? No post de hoje abordamos este tema, esperamos que seja interessante para si. O que diz a lei sobre o pagamento da instala\u00e7\u00e3o de elevadores? A lei indica que a instala\u00e7\u00e3o de um [&hellip;]<\/p>\n","protected":false},"author":3,"featured_media":0,"comment_status":"closed","ping_status":"closed","sticky":false,"template":"","format":"standard","meta":{"_acf_changed":false,"content-type":"","footnotes":""},"categories":[215],"tags":[],"class_list":["post-8706","post","type-post","status-publish","format-standard","hentry","category-elevadores"],"acf":[],"_yoast_wpseo_focuskw":"instala\u00e7\u00e3o do elevador","_yoast_wpseo_metadesc":"Todos os apartamentos pagam o mesmo pela instala\u00e7\u00e3o do elevador? A partir do Eninter, revelamos todos os pormenores.","yoast_head":"<!-- This site is optimized with the Yoast SEO Premium plugin v21.6 (Yoast SEO v27.2) - https:\/\/yoast.com\/product\/yoast-seo-premium-wordpress\/ -->\n<title>Todos os apartamentos pagam o mesmo pela instala\u00e7\u00e3o do elevador? - ENINTER<\/title>\n<meta name=\"description\" content=\"Todos os apartamentos pagam o mesmo pela instala\u00e7\u00e3o do elevador? A partir do Eninter, revelamos todos os pormenores.\" \/>\n<meta name=\"robots\" content=\"index, follow, max-snippet:-1, max-image-preview:large, max-video-preview:-1\" \/>\n<link rel=\"canonical\" href=\"https:\/\/www.eninter.com\/pt-pt\/todos-os-apartamentos-pagam-o-mesmo-pela-instalacao-do-elevador\/\" \/>\n<meta property=\"og:locale\" content=\"pt_PT\" \/>\n<meta property=\"og:type\" content=\"article\" \/>\n<meta property=\"og:title\" content=\"Todos os apartamentos pagam o mesmo pela instala\u00e7\u00e3o do elevador?\" \/>\n<meta property=\"og:description\" content=\"Todos os apartamentos pagam o mesmo pela instala\u00e7\u00e3o do elevador? A partir do Eninter, revelamos todos os pormenores.\" \/>\n<meta property=\"og:url\" content=\"https:\/\/www.eninter.com\/pt-pt\/todos-os-apartamentos-pagam-o-mesmo-pela-instalacao-do-elevador\/\" \/>\n<meta property=\"og:site_name\" content=\"ENINTER\" \/>\n<meta property=\"article:publisher\" content=\"https:\/\/www.facebook.com\/EninterAscensores\" \/>\n<meta property=\"article:published_time\" content=\"2019-01-18T15:41:58+00:00\" \/>\n<meta property=\"article:modified_time\" content=\"2023-12-15T10:03:13+00:00\" \/>\n<meta property=\"og:image\" content=\"https:\/\/www.eninter.com\/wp-content\/uploads\/2023\/08\/nueva-instalacion-300x240.jpeg\" \/>\n<meta name=\"author\" content=\"Albert Puig\" \/>\n<meta name=\"twitter:card\" content=\"summary_large_image\" \/>\n<meta name=\"twitter:creator\" content=\"@Eninter\" \/>\n<meta name=\"twitter:site\" content=\"@Eninter\" \/>\n<meta name=\"twitter:label1\" content=\"Escrito por\" \/>\n\t<meta name=\"twitter:data1\" content=\"Albert Puig\" \/>\n\t<meta name=\"twitter:label2\" content=\"Tempo estimado de leitura\" \/>\n\t<meta name=\"twitter:data2\" content=\"2 minutos\" \/>\n<!-- \/ Yoast SEO Premium plugin. -->","yoast_head_json":{"title":"Todos os apartamentos pagam o mesmo pela instala\u00e7\u00e3o do elevador? - ENINTER","description":"Todos os apartamentos pagam o mesmo pela instala\u00e7\u00e3o do elevador? A partir do Eninter, revelamos todos os pormenores.","robots":{"index":"index","follow":"follow","max-snippet":"max-snippet:-1","max-image-preview":"max-image-preview:large","max-video-preview":"max-video-preview:-1"},"canonical":"https:\/\/www.eninter.com\/pt-pt\/todos-os-apartamentos-pagam-o-mesmo-pela-instalacao-do-elevador\/","og_locale":"pt_PT","og_type":"article","og_title":"Todos os apartamentos pagam o mesmo pela instala\u00e7\u00e3o do elevador?","og_description":"Todos os apartamentos pagam o mesmo pela instala\u00e7\u00e3o do elevador? A partir do Eninter, revelamos todos os pormenores.","og_url":"https:\/\/www.eninter.com\/pt-pt\/todos-os-apartamentos-pagam-o-mesmo-pela-instalacao-do-elevador\/","og_site_name":"ENINTER","article_publisher":"https:\/\/www.facebook.com\/EninterAscensores","article_published_time":"2019-01-18T15:41:58+00:00","article_modified_time":"2023-12-15T10:03:13+00:00","og_image":[{"url":"https:\/\/www.eninter.com\/wp-content\/uploads\/2023\/08\/nueva-instalacion-300x240.jpeg","type":"","width":"","height":""}],"author":"Albert Puig","twitter_card":"summary_large_image","twitter_creator":"@Eninter","twitter_site":"@Eninter","twitter_misc":{"Escrito por":"Albert Puig","Tempo estimado de leitura":"2 minutos"},"schema":{"@context":"https:\/\/schema.org","@graph":[{"@type":"Article","@id":"https:\/\/www.eninter.com\/pt-pt\/todos-os-apartamentos-pagam-o-mesmo-pela-instalacao-do-elevador\/#article","isPartOf":{"@id":"https:\/\/www.eninter.com\/pt-pt\/todos-os-apartamentos-pagam-o-mesmo-pela-instalacao-do-elevador\/"},"author":{"name":"Albert Puig","@id":"https:\/\/www.eninter.com\/pt-pt\/#\/schema\/person\/e6178c261ac4210884c0e0264dd59043"},"headline":"Todos os apartamentos pagam o mesmo pela instala\u00e7\u00e3o do elevador?","datePublished":"2019-01-18T15:41:58+00:00","dateModified":"2023-12-15T10:03:13+00:00","mainEntityOfPage":{"@id":"https:\/\/www.eninter.com\/pt-pt\/todos-os-apartamentos-pagam-o-mesmo-pela-instalacao-do-elevador\/"},"wordCount":352,"publisher":{"@id":"https:\/\/www.eninter.com\/pt-pt\/#organization"},"image":{"@id":"https:\/\/www.eninter.com\/pt-pt\/todos-os-apartamentos-pagam-o-mesmo-pela-instalacao-do-elevador\/#primaryimage"},"thumbnailUrl":"https:\/\/www.eninter.com\/wp-content\/uploads\/2023\/08\/nueva-instalacion-300x240.jpeg","articleSection":["Elevadores"],"inLanguage":"pt-PT"},{"@type":"WebPage","@id":"https:\/\/www.eninter.com\/pt-pt\/todos-os-apartamentos-pagam-o-mesmo-pela-instalacao-do-elevador\/","url":"https:\/\/www.eninter.com\/pt-pt\/todos-os-apartamentos-pagam-o-mesmo-pela-instalacao-do-elevador\/","name":"Todos os apartamentos pagam o mesmo pela instala\u00e7\u00e3o do elevador? - ENINTER","isPartOf":{"@id":"https:\/\/www.eninter.com\/pt-pt\/#website"},"primaryImageOfPage":{"@id":"https:\/\/www.eninter.com\/pt-pt\/todos-os-apartamentos-pagam-o-mesmo-pela-instalacao-do-elevador\/#primaryimage"},"image":{"@id":"https:\/\/www.eninter.com\/pt-pt\/todos-os-apartamentos-pagam-o-mesmo-pela-instalacao-do-elevador\/#primaryimage"},"thumbnailUrl":"https:\/\/www.eninter.com\/wp-content\/uploads\/2023\/08\/nueva-instalacion-300x240.jpeg","datePublished":"2019-01-18T15:41:58+00:00","dateModified":"2023-12-15T10:03:13+00:00","description":"Todos os apartamentos pagam o mesmo pela instala\u00e7\u00e3o do elevador? A partir do Eninter, revelamos todos os pormenores.","breadcrumb":{"@id":"https:\/\/www.eninter.com\/pt-pt\/todos-os-apartamentos-pagam-o-mesmo-pela-instalacao-do-elevador\/#breadcrumb"},"inLanguage":"pt-PT","potentialAction":[{"@type":"ReadAction","target":["https:\/\/www.eninter.com\/pt-pt\/todos-os-apartamentos-pagam-o-mesmo-pela-instalacao-do-elevador\/"]}]},{"@type":"ImageObject","inLanguage":"pt-PT","@id":"https:\/\/www.eninter.com\/pt-pt\/todos-os-apartamentos-pagam-o-mesmo-pela-instalacao-do-elevador\/#primaryimage","url":"https:\/\/www.eninter.com\/wp-content\/uploads\/2023\/08\/nueva-instalacion-300x240.jpeg","contentUrl":"https:\/\/www.eninter.com\/wp-content\/uploads\/2023\/08\/nueva-instalacion-300x240.jpeg"},{"@type":"BreadcrumbList","@id":"https:\/\/www.eninter.com\/pt-pt\/todos-os-apartamentos-pagam-o-mesmo-pela-instalacao-do-elevador\/#breadcrumb","itemListElement":[{"@type":"ListItem","position":1,"name":"Portada","item":"https:\/\/www.eninter.com\/pt-pt\/"},{"@type":"ListItem","position":2,"name":"Todos os apartamentos pagam o mesmo pela instala\u00e7\u00e3o do elevador?"}]},{"@type":"WebSite","@id":"https:\/\/www.eninter.com\/pt-pt\/#website","url":"https:\/\/www.eninter.com\/pt-pt\/","name":"ENINTER","description":"Mantenimiento de Ascensores Multimarca","publisher":{"@id":"https:\/\/www.eninter.com\/pt-pt\/#organization"},"potentialAction":[{"@type":"SearchAction","target":{"@type":"EntryPoint","urlTemplate":"https:\/\/www.eninter.com\/pt-pt\/?s={search_term_string}"},"query-input":{"@type":"PropertyValueSpecification","valueRequired":true,"valueName":"search_term_string"}}],"inLanguage":"pt-PT"},{"@type":"Organization","@id":"https:\/\/www.eninter.com\/pt-pt\/#organization","name":"Eniter","url":"https:\/\/www.eninter.com\/pt-pt\/","logo":{"@type":"ImageObject","inLanguage":"pt-PT","@id":"https:\/\/www.eninter.com\/pt-pt\/#\/schema\/logo\/image\/","url":"https:\/\/www.eninter.com\/wp-content\/uploads\/2023\/08\/logo-eninter-png.png","contentUrl":"https:\/\/www.eninter.com\/wp-content\/uploads\/2023\/08\/logo-eninter-png.png","width":600,"height":340,"caption":"Eniter"},"image":{"@id":"https:\/\/www.eninter.com\/pt-pt\/#\/schema\/logo\/image\/"},"sameAs":["https:\/\/www.facebook.com\/EninterAscensores","https:\/\/x.com\/Eninter","https:\/\/www.instagram.com\/eninterascensores\/","https:\/\/www.youtube.com\/user\/ascensoreseninter"]},{"@type":"Person","@id":"https:\/\/www.eninter.com\/pt-pt\/#\/schema\/person\/e6178c261ac4210884c0e0264dd59043","name":"Albert Puig","image":{"@type":"ImageObject","inLanguage":"pt-PT","@id":"https:\/\/secure.gravatar.com\/avatar\/583d07f3f1036f58d0e44e873586278b582179a16b27a5b3951504e9ee001c06?s=96&d=mm&r=g","url":"https:\/\/secure.gravatar.com\/avatar\/583d07f3f1036f58d0e44e873586278b582179a16b27a5b3951504e9ee001c06?s=96&d=mm&r=g","contentUrl":"https:\/\/secure.gravatar.com\/avatar\/583d07f3f1036f58d0e44e873586278b582179a16b27a5b3951504e9ee001c06?s=96&d=mm&r=g","caption":"Albert Puig"}}]}},"_links":{"self":[{"href":"https:\/\/www.eninter.com\/pt-pt\/wp-json\/wp\/v2\/posts\/8706","targetHints":{"allow":["GET"]}}],"collection":[{"href":"https:\/\/www.eninter.com\/pt-pt\/wp-json\/wp\/v2\/posts"}],"about":[{"href":"https:\/\/www.eninter.com\/pt-pt\/wp-json\/wp\/v2\/types\/post"}],"author":[{"embeddable":true,"href":"https:\/\/www.eninter.com\/pt-pt\/wp-json\/wp\/v2\/users\/3"}],"replies":[{"embeddable":true,"href":"https:\/\/www.eninter.com\/pt-pt\/wp-json\/wp\/v2\/comments?post=8706"}],"version-history":[{"count":0,"href":"https:\/\/www.eninter.com\/pt-pt\/wp-json\/wp\/v2\/posts\/8706\/revisions"}],"wp:attachment":[{"href":"https:\/\/www.eninter.com\/pt-pt\/wp-json\/wp\/v2\/media?parent=8706"}],"wp:term":[{"taxonomy":"category","embeddable":true,"href":"https:\/\/www.eninter.com\/pt-pt\/wp-json\/wp\/v2\/categories?post=8706"},{"taxonomy":"post_tag","embeddable":true,"href":"https:\/\/www.eninter.com\/pt-pt\/wp-json\/wp\/v2\/tags?post=8706"}],"curies":[{"name":"wp","href":"https:\/\/api.w.org\/{rel}","templated":true}]}}