{"id":8716,"date":"2018-11-21T17:42:19","date_gmt":"2018-11-21T17:42:19","guid":{"rendered":"https:\/\/www.eninter.com\/subvencoes-para-obras-de-renovacao-de-edificios\/"},"modified":"2025-01-08T12:49:28","modified_gmt":"2025-01-08T12:49:28","slug":"subvencoes-para-obras-de-renovacao-de-edificios","status":"publish","type":"post","link":"https:\/\/www.eninter.com\/pt-pt\/subvencoes-para-obras-de-renovacao-de-edificios\/","title":{"rendered":"Subven\u00e7\u00f5es para obras de renova\u00e7\u00e3o de edif\u00edcios"},"content":{"rendered":"<p>O <strong>Plano Nacional de Habita\u00e7\u00e3o 2018-2021 <\/strong>foi aprovado este ano com <strong>novas subven\u00e7\u00f5es e subs\u00eddios centrados na renova\u00e7\u00e3o de edif\u00edcios<\/strong>. Especialmente em termos de efici\u00eancia energ\u00e9tica, acessibilidade (incluindo a instala\u00e7\u00e3o de elevadores) ou regenera\u00e7\u00e3o urbana, bem como outras ac\u00e7\u00f5es.<\/p>\n<p>As principais subven\u00e7\u00f5es destinam-se a <strong>melhorar a efici\u00eancia energ\u00e9tica e a sustentabilidade<\/strong> dos edif\u00edcios, incluindo as seguintes No entanto, <strong>nem todas as habita\u00e7\u00f5es espanholas s\u00e3o eleg\u00edveis para este aux\u00edlio<\/strong>. \u00c9 necess\u00e1rio saber quem pode beneficiar das subven\u00e7\u00f5es, as condi\u00e7\u00f5es de alojamento e os benefici\u00e1rios, quais as ac\u00e7\u00f5es eleg\u00edveis, os montantes da subven\u00e7\u00e3o, os prazos de execu\u00e7\u00e3o e tudo o que est\u00e1 relacionado.<\/p>\n<p>Assim, neste artigo, ir\u00e1 descobrir <strong>em que consistem estes subs\u00eddios para obras de renova\u00e7\u00e3o de edif\u00edcios<\/strong>, para que possa saber se pode tirar partido deles e instalar um elevador na sua casa ou comunidade.<\/p>\n<h2>Condi\u00e7\u00f5es de elegibilidade para as subven\u00e7\u00f5es para a renova\u00e7\u00e3o de um edif\u00edcio<\/h2>\n<p>As subven\u00e7\u00f5es s\u00e3o concedidas aos <strong>propriet\u00e1rios de habita\u00e7\u00f5es unifamiliares e \u00e0s associa\u00e7\u00f5es de moradores de habita\u00e7\u00f5es colectivas<\/strong>.<\/p>\n<p><strong>Os edif\u00edcios eleg\u00edveis<\/strong> devem ser <strong>anteriores a 1996<\/strong> (esta altera\u00e7\u00e3o \u00e9 digna de nota, uma vez que \u00e9 dada prioridade a estes edif\u00edcios e n\u00e3o aos que datam de 1981) e devem ter sido a resid\u00eancia habitual dos propriet\u00e1rios ou inquilinos durante, pelo menos, um ano antes do pedido de aux\u00edlio.<\/p>\n<p>No caso de edif\u00edcios residenciais, 70% da \u00e1rea de pavimento deve estar acima do n\u00edvel do solo e pelo menos metade dos apartamentos deve ser a resid\u00eancia habitual dos propriet\u00e1rios ou inquilinos.<\/p>\n<p>\u00c9 necess\u00e1rio apresentar um<strong> relat\u00f3rio de avalia\u00e7\u00e3o do edif\u00edcio<\/strong> ou ITE atualizado, um acordo entre a comunidade de propriet\u00e1rios e um projeto das ac\u00e7\u00f5es a realizar.<\/p>\n<p>S\u00e3o eleg\u00edveis todas as<strong> ac\u00e7\u00f5es relacionadas com a melhoria da <a href=\"https:\/\/www.eninter.com\/blog\/ahorrar-energia-ascensores-comunidad-vecinos\/\" target=\"_blank\" rel=\"noopener\">efici\u00eancia energ\u00e9tica das habita\u00e7\u00f5es<\/a><\/strong>. Ac\u00e7\u00f5es como a melhoria da envolvente t\u00e9rmica da habita\u00e7\u00e3o; a instala\u00e7\u00e3o de sistemas de arrefecimento, aquecimento, produ\u00e7\u00e3o de \u00e1gua quente sanit\u00e1ria e ventila\u00e7\u00e3o para o condicionamento t\u00e9rmico, ou o aumento da efici\u00eancia energ\u00e9tica dos sistemas existentes; a realiza\u00e7\u00e3o de melhorias para a prote\u00e7\u00e3o contra o ru\u00eddo ou a instala\u00e7\u00e3o de sistemas para reduzir a polui\u00e7\u00e3o interior na habita\u00e7\u00e3o; a instala\u00e7\u00e3o de equipamentos de produ\u00e7\u00e3o ou a viabiliza\u00e7\u00e3o da utiliza\u00e7\u00e3o de energias renov\u00e1veis.<\/p>\n<p>Os <strong>prazos<\/strong> s\u00e3o claros. As obras em habita\u00e7\u00f5es unifamiliares podem exceder 12 meses a partir da data de concess\u00e3o da licen\u00e7a municipal correspondente, enquanto o prazo para os edif\u00edcios \u00e9 de 16 meses. Se abranger mais de 40 habita\u00e7\u00f5es, o prazo pode ser alargado para 18 meses.<\/p>\n<p>Cada uma das <strong>Comunidades Aut\u00f3nomas lan\u00e7ar\u00e1 convites p\u00fablicos para<\/strong> a concess\u00e3o de aux\u00edlios ao programa de renova\u00e7\u00e3o de edif\u00edcios na sua comunidade.<\/p>\n<h2>Quais s\u00e3o os subs\u00eddios para a renova\u00e7\u00e3o de edif\u00edcios em Espanha?<\/h2>\n<p>Os aux\u00edlios que podem ser recebidos com estas subven\u00e7\u00f5es s\u00e3o os seguintes<\/p>\n<ul>\n<li>Numa <strong>habita\u00e7\u00e3o unifamiliar,<\/strong> o montante m\u00e1ximo n\u00e3o pode exceder <strong>12.000 euros<\/strong><strong>, sem ultrapassar<\/strong> 40% do investimento. Num Bem de Interesse Cultural (BIC), o aux\u00edlio pode ser aumentado em 1000 euros. 75% do investimento pode ser alcan\u00e7ado se o rendimento for inferior a 3 vezes o IPREM.<\/li>\n<li><strong>Os apartamentos<\/strong> podem candidatar-se a uma subven\u00e7\u00e3o de, no m\u00e1ximo, <strong>8.000 euros<\/strong>.<\/li>\n<li>Nos <strong>edif\u00edcios de habita\u00e7\u00e3o<\/strong>, o limite n\u00e3o pode ser superior a 8 <strong>.000 euros por habita\u00e7\u00e3o, ou <\/strong>80 euros por m2 de estabelecimentos comerciais, sem exceder 40% do investimento total. Se se tratar de um Bem de Interesse Cultural (BIC), o aux\u00edlio \u00e9 acrescido de mais 1.000 euros por habita\u00e7\u00e3o e de 10 euros\/m2 para as instala\u00e7\u00f5es comerciais. Se o rendimento for inferior a 3 vezes o IPREM, o limite tamb\u00e9m \u00e9 aumentado para 75% em vez de 40%. O limite da subven\u00e7\u00e3o \u00e9 igualmente alargado se as obras de acessibilidade forem efectuadas para pessoas com mobilidade reduzida ou para pessoas com mais de 65 anos de idade.<\/li>\n<\/ul>\n<p>Pretende renovar e instalar um elevador no seu edif\u00edcio? Na <a href=\"https:\/\/www.eninter.com\/?utm_source=blog&amp;utm_medium=post&amp;utm_campaign=BlogEninter\" target=\"_blank\" rel=\"noopener\">Eninter<\/a> podemos ajud\u00e1-lo!<\/p>\n","protected":false},"excerpt":{"rendered":"<p>O Plano Nacional de Habita\u00e7\u00e3o 2018-2021 foi aprovado este ano com novas subven\u00e7\u00f5es e subs\u00eddios centrados na renova\u00e7\u00e3o de edif\u00edcios. Especialmente em termos de efici\u00eancia energ\u00e9tica, acessibilidade (incluindo a instala\u00e7\u00e3o de elevadores) ou regenera\u00e7\u00e3o urbana, bem como outras ac\u00e7\u00f5es. As principais subven\u00e7\u00f5es destinam-se a melhorar a efici\u00eancia energ\u00e9tica e a sustentabilidade dos edif\u00edcios, incluindo as [&hellip;]<\/p>\n","protected":false},"author":3,"featured_media":0,"comment_status":"closed","ping_status":"closed","sticky":false,"template":"","format":"standard","meta":{"_acf_changed":false,"content-type":"","footnotes":""},"categories":[215],"tags":[],"class_list":["post-8716","post","type-post","status-publish","format-standard","hentry","category-elevadores"],"acf":[],"_yoast_wpseo_focuskw":"renova\u00e7\u00e3o de edif\u00edcios","_yoast_wpseo_metadesc":"Precisa de um elevador em sua casa? Informe-se sobre os subs\u00eddios dispon\u00edveis para a renova\u00e7\u00e3o de edif\u00edcios.","yoast_head":"<!-- This site is optimized with the Yoast SEO Premium plugin v21.6 (Yoast SEO v27.2) - https:\/\/yoast.com\/product\/yoast-seo-premium-wordpress\/ -->\n<title>Subven\u00e7\u00f5es para obras de renova\u00e7\u00e3o de edif\u00edcios<\/title>\n<meta name=\"description\" content=\"Precisa de um elevador em sua casa? Informe-se sobre os subs\u00eddios dispon\u00edveis para a renova\u00e7\u00e3o de edif\u00edcios.\" \/>\n<meta name=\"robots\" content=\"index, follow, max-snippet:-1, max-image-preview:large, max-video-preview:-1\" \/>\n<link rel=\"canonical\" href=\"https:\/\/www.eninter.com\/pt-pt\/subvencoes-para-obras-de-renovacao-de-edificios\/\" \/>\n<meta property=\"og:locale\" content=\"pt_PT\" \/>\n<meta property=\"og:type\" content=\"article\" \/>\n<meta property=\"og:title\" content=\"Subven\u00e7\u00f5es para obras de renova\u00e7\u00e3o de edif\u00edcios\" \/>\n<meta property=\"og:description\" content=\"Precisa de um elevador em sua casa? Informe-se sobre os subs\u00eddios dispon\u00edveis para a renova\u00e7\u00e3o de edif\u00edcios.\" \/>\n<meta property=\"og:url\" content=\"https:\/\/www.eninter.com\/pt-pt\/subvencoes-para-obras-de-renovacao-de-edificios\/\" \/>\n<meta property=\"og:site_name\" content=\"ENINTER\" \/>\n<meta property=\"article:publisher\" content=\"https:\/\/www.facebook.com\/EninterAscensores\" \/>\n<meta property=\"article:published_time\" content=\"2018-11-21T17:42:19+00:00\" \/>\n<meta property=\"article:modified_time\" content=\"2025-01-08T12:49:28+00:00\" \/>\n<meta name=\"author\" content=\"Albert Puig\" \/>\n<meta name=\"twitter:card\" content=\"summary_large_image\" \/>\n<meta name=\"twitter:creator\" content=\"@Eninter\" \/>\n<meta name=\"twitter:site\" content=\"@Eninter\" \/>\n<meta name=\"twitter:label1\" content=\"Escrito por\" \/>\n\t<meta name=\"twitter:data1\" content=\"Albert Puig\" \/>\n\t<meta name=\"twitter:label2\" content=\"Tempo estimado de leitura\" \/>\n\t<meta name=\"twitter:data2\" content=\"4 minutos\" \/>\n<!-- \/ Yoast SEO Premium plugin. -->","yoast_head_json":{"title":"Subven\u00e7\u00f5es para obras de renova\u00e7\u00e3o de edif\u00edcios","description":"Precisa de um elevador em sua casa? Informe-se sobre os subs\u00eddios dispon\u00edveis para a renova\u00e7\u00e3o de edif\u00edcios.","robots":{"index":"index","follow":"follow","max-snippet":"max-snippet:-1","max-image-preview":"max-image-preview:large","max-video-preview":"max-video-preview:-1"},"canonical":"https:\/\/www.eninter.com\/pt-pt\/subvencoes-para-obras-de-renovacao-de-edificios\/","og_locale":"pt_PT","og_type":"article","og_title":"Subven\u00e7\u00f5es para obras de renova\u00e7\u00e3o de edif\u00edcios","og_description":"Precisa de um elevador em sua casa? Informe-se sobre os subs\u00eddios dispon\u00edveis para a renova\u00e7\u00e3o de edif\u00edcios.","og_url":"https:\/\/www.eninter.com\/pt-pt\/subvencoes-para-obras-de-renovacao-de-edificios\/","og_site_name":"ENINTER","article_publisher":"https:\/\/www.facebook.com\/EninterAscensores","article_published_time":"2018-11-21T17:42:19+00:00","article_modified_time":"2025-01-08T12:49:28+00:00","author":"Albert Puig","twitter_card":"summary_large_image","twitter_creator":"@Eninter","twitter_site":"@Eninter","twitter_misc":{"Escrito por":"Albert Puig","Tempo estimado de leitura":"4 minutos"},"schema":{"@context":"https:\/\/schema.org","@graph":[{"@type":"Article","@id":"https:\/\/www.eninter.com\/pt-pt\/subvencoes-para-obras-de-renovacao-de-edificios\/#article","isPartOf":{"@id":"https:\/\/www.eninter.com\/pt-pt\/subvencoes-para-obras-de-renovacao-de-edificios\/"},"author":{"name":"Albert Puig","@id":"https:\/\/www.eninter.com\/pt-pt\/#\/schema\/person\/e6178c261ac4210884c0e0264dd59043"},"headline":"Subven\u00e7\u00f5es para obras de renova\u00e7\u00e3o de edif\u00edcios","datePublished":"2018-11-21T17:42:19+00:00","dateModified":"2025-01-08T12:49:28+00:00","mainEntityOfPage":{"@id":"https:\/\/www.eninter.com\/pt-pt\/subvencoes-para-obras-de-renovacao-de-edificios\/"},"wordCount":732,"publisher":{"@id":"https:\/\/www.eninter.com\/pt-pt\/#organization"},"articleSection":["Elevadores"],"inLanguage":"pt-PT"},{"@type":"WebPage","@id":"https:\/\/www.eninter.com\/pt-pt\/subvencoes-para-obras-de-renovacao-de-edificios\/","url":"https:\/\/www.eninter.com\/pt-pt\/subvencoes-para-obras-de-renovacao-de-edificios\/","name":"Subven\u00e7\u00f5es para obras de renova\u00e7\u00e3o de edif\u00edcios","isPartOf":{"@id":"https:\/\/www.eninter.com\/pt-pt\/#website"},"datePublished":"2018-11-21T17:42:19+00:00","dateModified":"2025-01-08T12:49:28+00:00","description":"Precisa de um elevador em sua casa? Informe-se sobre os subs\u00eddios dispon\u00edveis para a renova\u00e7\u00e3o de edif\u00edcios.","breadcrumb":{"@id":"https:\/\/www.eninter.com\/pt-pt\/subvencoes-para-obras-de-renovacao-de-edificios\/#breadcrumb"},"inLanguage":"pt-PT","potentialAction":[{"@type":"ReadAction","target":["https:\/\/www.eninter.com\/pt-pt\/subvencoes-para-obras-de-renovacao-de-edificios\/"]}]},{"@type":"BreadcrumbList","@id":"https:\/\/www.eninter.com\/pt-pt\/subvencoes-para-obras-de-renovacao-de-edificios\/#breadcrumb","itemListElement":[{"@type":"ListItem","position":1,"name":"Portada","item":"https:\/\/www.eninter.com\/pt-pt\/"},{"@type":"ListItem","position":2,"name":"Subven\u00e7\u00f5es para obras de renova\u00e7\u00e3o de edif\u00edcios"}]},{"@type":"WebSite","@id":"https:\/\/www.eninter.com\/pt-pt\/#website","url":"https:\/\/www.eninter.com\/pt-pt\/","name":"ENINTER","description":"Mantenimiento de Ascensores Multimarca","publisher":{"@id":"https:\/\/www.eninter.com\/pt-pt\/#organization"},"potentialAction":[{"@type":"SearchAction","target":{"@type":"EntryPoint","urlTemplate":"https:\/\/www.eninter.com\/pt-pt\/?s={search_term_string}"},"query-input":{"@type":"PropertyValueSpecification","valueRequired":true,"valueName":"search_term_string"}}],"inLanguage":"pt-PT"},{"@type":"Organization","@id":"https:\/\/www.eninter.com\/pt-pt\/#organization","name":"Eniter","url":"https:\/\/www.eninter.com\/pt-pt\/","logo":{"@type":"ImageObject","inLanguage":"pt-PT","@id":"https:\/\/www.eninter.com\/pt-pt\/#\/schema\/logo\/image\/","url":"https:\/\/www.eninter.com\/wp-content\/uploads\/2023\/08\/logo-eninter-png.png","contentUrl":"https:\/\/www.eninter.com\/wp-content\/uploads\/2023\/08\/logo-eninter-png.png","width":600,"height":340,"caption":"Eniter"},"image":{"@id":"https:\/\/www.eninter.com\/pt-pt\/#\/schema\/logo\/image\/"},"sameAs":["https:\/\/www.facebook.com\/EninterAscensores","https:\/\/x.com\/Eninter","https:\/\/www.instagram.com\/eninterascensores\/","https:\/\/www.youtube.com\/user\/ascensoreseninter"]},{"@type":"Person","@id":"https:\/\/www.eninter.com\/pt-pt\/#\/schema\/person\/e6178c261ac4210884c0e0264dd59043","name":"Albert Puig","image":{"@type":"ImageObject","inLanguage":"pt-PT","@id":"https:\/\/secure.gravatar.com\/avatar\/583d07f3f1036f58d0e44e873586278b582179a16b27a5b3951504e9ee001c06?s=96&d=mm&r=g","url":"https:\/\/secure.gravatar.com\/avatar\/583d07f3f1036f58d0e44e873586278b582179a16b27a5b3951504e9ee001c06?s=96&d=mm&r=g","contentUrl":"https:\/\/secure.gravatar.com\/avatar\/583d07f3f1036f58d0e44e873586278b582179a16b27a5b3951504e9ee001c06?s=96&d=mm&r=g","caption":"Albert Puig"}}]}},"_links":{"self":[{"href":"https:\/\/www.eninter.com\/pt-pt\/wp-json\/wp\/v2\/posts\/8716","targetHints":{"allow":["GET"]}}],"collection":[{"href":"https:\/\/www.eninter.com\/pt-pt\/wp-json\/wp\/v2\/posts"}],"about":[{"href":"https:\/\/www.eninter.com\/pt-pt\/wp-json\/wp\/v2\/types\/post"}],"author":[{"embeddable":true,"href":"https:\/\/www.eninter.com\/pt-pt\/wp-json\/wp\/v2\/users\/3"}],"replies":[{"embeddable":true,"href":"https:\/\/www.eninter.com\/pt-pt\/wp-json\/wp\/v2\/comments?post=8716"}],"version-history":[{"count":0,"href":"https:\/\/www.eninter.com\/pt-pt\/wp-json\/wp\/v2\/posts\/8716\/revisions"}],"wp:attachment":[{"href":"https:\/\/www.eninter.com\/pt-pt\/wp-json\/wp\/v2\/media?parent=8716"}],"wp:term":[{"taxonomy":"category","embeddable":true,"href":"https:\/\/www.eninter.com\/pt-pt\/wp-json\/wp\/v2\/categories?post=8716"},{"taxonomy":"post_tag","embeddable":true,"href":"https:\/\/www.eninter.com\/pt-pt\/wp-json\/wp\/v2\/tags?post=8716"}],"curies":[{"name":"wp","href":"https:\/\/api.w.org\/{rel}","templated":true}]}}