{"id":8717,"date":"2018-11-19T17:24:16","date_gmt":"2018-11-19T17:24:16","guid":{"rendered":"https:\/\/www.eninter.com\/orcamento-para-um-elevador-o-que-deve-ter-em-conta\/"},"modified":"2025-01-08T11:44:28","modified_gmt":"2025-01-08T11:44:28","slug":"orcamento-para-um-elevador-o-que-deve-ter-em-conta","status":"publish","type":"post","link":"https:\/\/www.eninter.com\/pt-pt\/orcamento-para-um-elevador-o-que-deve-ter-em-conta\/","title":{"rendered":"Or\u00e7amento para um elevador: o que deve ter em conta?"},"content":{"rendered":"<p>Est\u00e1 a pensar instalar um elevador em sua casa ou na sua comunidade? Sim? Assim, a primeira coisa que deve fazer \u00e9 come\u00e7ar a <strong>pedir um or\u00e7amento<\/strong> <strong>para a instala\u00e7\u00e3o e\/ou manuten\u00e7\u00e3o do seu futuro elevador<\/strong> \u00e0s diferentes empresas do mercado que oferecem este servi\u00e7o. Deve sempre pedir v\u00e1rios or\u00e7amentos e n\u00e3o se contentar com apenas um, para poder comparar e ver o que cada empresa lhe oferece.<\/p>\n<p>No entanto, acontece frequentemente que, quando temos os diferentes or\u00e7amentos, h\u00e1 muitos aspectos que n\u00e3o conhecemos e que provavelmente n\u00e3o tivemos em conta no in\u00edcio. O pre\u00e7o \u00e9 e ser\u00e1 um dos factores determinantes mais importantes, mas n\u00e3o o \u00fanico fator a considerar.<\/p>\n<p>Por esta raz\u00e3o, neste artigo, vamos mostrar-lhe os pontos b\u00e1sicos que deve conhecer de antem\u00e3o e que lhe ser\u00e3o pedidos quando lhe for solicitado um or\u00e7amento para a instala\u00e7\u00e3o de um elevador. Por outro lado, tamb\u00e9m explicamos quais os elementos que podem influenciar o custo final e, finalmente, os aspectos importantes que deve ter em conta sobre o fornecedor que ir\u00e1 escolher no futuro.<\/p>\n<h2>Or\u00e7amenta\u00e7\u00e3o de um elevador: elementos b\u00e1sicos a ter em conta<\/h2>\n<p>Para a instala\u00e7\u00e3o ou a manuten\u00e7\u00e3o de um elevador, \u00e9 necess\u00e1rio, em primeiro lugar, saber claramente o que se pretende ou o que \u00e9 necess\u00e1rio instalar:<\/p>\n<ul>\n<li>O <strong>tipo de servi\u00e7o necess\u00e1rio<\/strong>: se vai precisar de instala\u00e7\u00e3o, manuten\u00e7\u00e3o ou ambos.<\/li>\n<li>Indique o<strong> tipo de im\u00f3vel<\/strong> onde vai instal\u00e1-lo: se se trata de um pr\u00e9dio, de uma moradia ou de uma casa unifamiliar, por exemplo.<\/li>\n<li><strong>As pessoas<\/strong> que precisam de o utilizar regularmente.<\/li>\n<li><strong>N\u00famero de pisos<\/strong> em que o elevador p\u00e1ra.<\/li>\n<li>O <strong>espa\u00e7o dispon\u00edvel<\/strong> para a sua instala\u00e7\u00e3o, pois condicionar\u00e1 a instala\u00e7\u00e3o de um ou outro tipo de elevador. Descubra o <a href=\"https:\/\/www.eninter.com\/blog\/tipos-de-ascensores-descubre-cual-es-el-mas-adecuado-segun-tus-necesidades\/\" target=\"_blank\" rel=\"noopener\">tipo de elevador que melhor se adapta \u00e0s suas necessidades<\/a>.<\/li>\n<li><strong>Or\u00e7amento<\/strong> aproximado de que disp\u00f5e.<\/li>\n<\/ul>\n<p>Por outro lado, \u00e9 preciso ter em conta alguns elementos que lhe ser\u00e3o oferecidos e que condicionar\u00e3o o pre\u00e7o final:<\/p>\n<ul>\n<li><strong>Tipo e modelo do elevador<\/strong>. Dependendo de factores como o espa\u00e7o, podem ter de instalar um tipo ou outro, ou podem oferecer-lhe op\u00e7\u00f5es com base no pre\u00e7o.<\/li>\n<li>Os <strong>acabamentos<\/strong>, n\u00e3o essenciais mas que merecem ser considerados: pavimentos, pain\u00e9is, portas, expositores, pain\u00e9is de bot\u00f5es e ilumina\u00e7\u00e3o s\u00e3o os principais elementos que ter\u00e1 de escolher e que determinar\u00e3o o pre\u00e7o final de compra.<\/li>\n<li>Se forem necess\u00e1rios<strong> trabalhos e licen\u00e7as<\/strong> para adaptar o aparelho.<\/li>\n<\/ul>\n<h2>6 Aspectos importantes na escolha de uma empresa de instala\u00e7\u00e3o e manuten\u00e7\u00e3o<\/h2>\n<p>Eis 6 princ\u00edpios b\u00e1sicos que a sua futura empresa de instala\u00e7\u00e3o e manuten\u00e7\u00e3o de elevadores deve respeitar:<\/p>\n<ol>\n<li>Que a empresa encarregada da instala\u00e7\u00e3o e manuten\u00e7\u00e3o do elevador ofere\u00e7a <strong>bons conselhos t\u00e9cnicos e comerciais<\/strong> que lhe permitam esclarecer todas as suas d\u00favidas. Tem de visitar o s\u00edtio e oferecer-lhe a solu\u00e7\u00e3o mais adequada \u00e0s suas necessidades. Pode saber mais se consultar v\u00e1rios profissionais e comparar o que eles lhe dizem. \u00c9 essencial que disponham de um servi\u00e7o de 24 horas, para que, em caso de avaria, possam ser contactados a qualquer momento.<\/li>\n<li>\u00c9 necess\u00e1rio contar com <strong>profissionais experientes e com um vasto conhecimento<\/strong> do seu sector, pois s\u00f3 assim \u00e9 poss\u00edvel garantir a m\u00e1xima seguran\u00e7a e uma melhor compreens\u00e3o do funcionamento do seu elevador.<\/li>\n<li>\u00c9 necess\u00e1rio consultar quais as <strong>ac\u00e7\u00f5es de manuten\u00e7\u00e3o<\/strong> que ser\u00e3o realizadas e a que horas ser\u00e3o realizadas. N\u00e3o se contente apenas com o m\u00ednimo exigido por lei, certifique-se de que tudo corre bem e evitar\u00e1 incorrer em mais custos de repara\u00e7\u00e3o de componentes devido \u00e0 falta de manuten\u00e7\u00e3o adequada ou de decis\u00f5es atempadas.<\/li>\n<li>Informe-se sobre as<strong> tarifas da empresa <\/strong>, avaliando o servi\u00e7o que esta lhe oferece, bem como as garantias que lhe d\u00e1.<\/li>\n<li>Informe-se sobre os <strong>prazos da empresa<\/strong>, quando o servi\u00e7o contratado ser\u00e1 efectuado, especialmente se precisar que seja feito num determinado per\u00edodo de tempo.<\/li>\n<li>Informe-se sobre <strong>as opini\u00f5es de clientes anteriores<\/strong> para saber se est\u00e1 a tomar uma boa decis\u00e3o.<\/li>\n<\/ol>\n<p>De que serve contratar um <strong>servi\u00e7o de instala\u00e7\u00e3o ou de manuten\u00e7\u00e3o barato<\/strong> se n\u00e3o obtiver o que precisa, ou se o servi\u00e7o for mau e puder ter um acidente no seu elevador? \u00c9 preciso ter em conta que se trata de uma decis\u00e3o importante e que \u00e9 preciso analis\u00e1-la bem. O pre\u00e7o \u00e9 importante, mas n\u00e3o \u00e9 a \u00fanica coisa que importa.<\/p>\n","protected":false},"excerpt":{"rendered":"<p>Est\u00e1 a pensar instalar um elevador em sua casa ou na sua comunidade? Sim? Assim, a primeira coisa que deve fazer \u00e9 come\u00e7ar a pedir um or\u00e7amento para a instala\u00e7\u00e3o e\/ou manuten\u00e7\u00e3o do seu futuro elevador \u00e0s diferentes empresas do mercado que oferecem este servi\u00e7o. Deve sempre pedir v\u00e1rios or\u00e7amentos e n\u00e3o se contentar com [&hellip;]<\/p>\n","protected":false},"author":3,"featured_media":11904,"comment_status":"closed","ping_status":"closed","sticky":false,"template":"","format":"standard","meta":{"_acf_changed":false,"content-type":"","footnotes":""},"categories":[215],"tags":[],"class_list":["post-8717","post","type-post","status-publish","format-standard","has-post-thumbnail","hentry","category-elevadores"],"acf":[],"_yoast_wpseo_focuskw":"cota\u00e7\u00e3o de elevadores","_yoast_wpseo_metadesc":"Necessita de um or\u00e7amento para a instala\u00e7\u00e3o de um elevador? Explicamos-lhe todos os elementos que deve ter em conta.","yoast_head":"<!-- This site is optimized with the Yoast SEO Premium plugin v21.6 (Yoast SEO v27.2) - https:\/\/yoast.com\/product\/yoast-seo-premium-wordpress\/ -->\n<title>Or\u00e7amento para um elevador: o que deve ter em conta?<\/title>\n<meta name=\"description\" content=\"Necessita de um or\u00e7amento para a instala\u00e7\u00e3o de um elevador? Explicamos-lhe todos os elementos que deve ter em conta.\" \/>\n<meta name=\"robots\" content=\"index, follow, max-snippet:-1, max-image-preview:large, max-video-preview:-1\" \/>\n<link rel=\"canonical\" href=\"https:\/\/www.eninter.com\/pt-pt\/orcamento-para-um-elevador-o-que-deve-ter-em-conta\/\" \/>\n<meta property=\"og:locale\" content=\"pt_PT\" \/>\n<meta property=\"og:type\" content=\"article\" \/>\n<meta property=\"og:title\" content=\"Or\u00e7amento para um elevador: o que deve ter em conta?\" \/>\n<meta property=\"og:description\" content=\"Necessita de um or\u00e7amento para a instala\u00e7\u00e3o de um elevador? Explicamos-lhe todos os elementos que deve ter em conta.\" \/>\n<meta property=\"og:url\" content=\"https:\/\/www.eninter.com\/pt-pt\/orcamento-para-um-elevador-o-que-deve-ter-em-conta\/\" \/>\n<meta property=\"og:site_name\" content=\"ENINTER\" \/>\n<meta property=\"article:publisher\" content=\"https:\/\/www.facebook.com\/EninterAscensores\" \/>\n<meta property=\"article:published_time\" content=\"2018-11-19T17:24:16+00:00\" \/>\n<meta property=\"article:modified_time\" content=\"2025-01-08T11:44:28+00:00\" \/>\n<meta property=\"og:image\" content=\"https:\/\/www.eninter.com\/wp-content\/uploads\/2018\/10\/hombre-entrega-paquete-ascensor-cerrar-scaled.jpg\" \/>\n\t<meta property=\"og:image:width\" content=\"2560\" \/>\n\t<meta property=\"og:image:height\" content=\"1707\" \/>\n\t<meta property=\"og:image:type\" content=\"image\/jpeg\" \/>\n<meta name=\"author\" content=\"Albert Puig\" \/>\n<meta name=\"twitter:card\" content=\"summary_large_image\" \/>\n<meta name=\"twitter:creator\" content=\"@Eninter\" \/>\n<meta name=\"twitter:site\" content=\"@Eninter\" \/>\n<meta name=\"twitter:label1\" content=\"Escrito por\" \/>\n\t<meta name=\"twitter:data1\" content=\"Albert Puig\" \/>\n\t<meta name=\"twitter:label2\" content=\"Tempo estimado de leitura\" \/>\n\t<meta name=\"twitter:data2\" content=\"4 minutos\" \/>\n<!-- \/ Yoast SEO Premium plugin. -->","yoast_head_json":{"title":"Or\u00e7amento para um elevador: o que deve ter em conta?","description":"Necessita de um or\u00e7amento para a instala\u00e7\u00e3o de um elevador? Explicamos-lhe todos os elementos que deve ter em conta.","robots":{"index":"index","follow":"follow","max-snippet":"max-snippet:-1","max-image-preview":"max-image-preview:large","max-video-preview":"max-video-preview:-1"},"canonical":"https:\/\/www.eninter.com\/pt-pt\/orcamento-para-um-elevador-o-que-deve-ter-em-conta\/","og_locale":"pt_PT","og_type":"article","og_title":"Or\u00e7amento para um elevador: o que deve ter em conta?","og_description":"Necessita de um or\u00e7amento para a instala\u00e7\u00e3o de um elevador? Explicamos-lhe todos os elementos que deve ter em conta.","og_url":"https:\/\/www.eninter.com\/pt-pt\/orcamento-para-um-elevador-o-que-deve-ter-em-conta\/","og_site_name":"ENINTER","article_publisher":"https:\/\/www.facebook.com\/EninterAscensores","article_published_time":"2018-11-19T17:24:16+00:00","article_modified_time":"2025-01-08T11:44:28+00:00","og_image":[{"width":2560,"height":1707,"url":"https:\/\/www.eninter.com\/wp-content\/uploads\/2018\/10\/hombre-entrega-paquete-ascensor-cerrar-scaled.jpg","type":"image\/jpeg"}],"author":"Albert Puig","twitter_card":"summary_large_image","twitter_creator":"@Eninter","twitter_site":"@Eninter","twitter_misc":{"Escrito por":"Albert Puig","Tempo estimado de leitura":"4 minutos"},"schema":{"@context":"https:\/\/schema.org","@graph":[{"@type":"Article","@id":"https:\/\/www.eninter.com\/pt-pt\/orcamento-para-um-elevador-o-que-deve-ter-em-conta\/#article","isPartOf":{"@id":"https:\/\/www.eninter.com\/pt-pt\/orcamento-para-um-elevador-o-que-deve-ter-em-conta\/"},"author":{"name":"Albert Puig","@id":"https:\/\/www.eninter.com\/pt-pt\/#\/schema\/person\/e6178c261ac4210884c0e0264dd59043"},"headline":"Or\u00e7amento para um elevador: o que deve ter em conta?","datePublished":"2018-11-19T17:24:16+00:00","dateModified":"2025-01-08T11:44:28+00:00","mainEntityOfPage":{"@id":"https:\/\/www.eninter.com\/pt-pt\/orcamento-para-um-elevador-o-que-deve-ter-em-conta\/"},"wordCount":797,"publisher":{"@id":"https:\/\/www.eninter.com\/pt-pt\/#organization"},"image":{"@id":"https:\/\/www.eninter.com\/pt-pt\/orcamento-para-um-elevador-o-que-deve-ter-em-conta\/#primaryimage"},"thumbnailUrl":"https:\/\/www.eninter.com\/wp-content\/uploads\/2018\/10\/hombre-entrega-paquete-ascensor-cerrar-scaled.jpg","articleSection":["Elevadores"],"inLanguage":"pt-PT"},{"@type":"WebPage","@id":"https:\/\/www.eninter.com\/pt-pt\/orcamento-para-um-elevador-o-que-deve-ter-em-conta\/","url":"https:\/\/www.eninter.com\/pt-pt\/orcamento-para-um-elevador-o-que-deve-ter-em-conta\/","name":"Or\u00e7amento para um elevador: o que deve ter em conta?","isPartOf":{"@id":"https:\/\/www.eninter.com\/pt-pt\/#website"},"primaryImageOfPage":{"@id":"https:\/\/www.eninter.com\/pt-pt\/orcamento-para-um-elevador-o-que-deve-ter-em-conta\/#primaryimage"},"image":{"@id":"https:\/\/www.eninter.com\/pt-pt\/orcamento-para-um-elevador-o-que-deve-ter-em-conta\/#primaryimage"},"thumbnailUrl":"https:\/\/www.eninter.com\/wp-content\/uploads\/2018\/10\/hombre-entrega-paquete-ascensor-cerrar-scaled.jpg","datePublished":"2018-11-19T17:24:16+00:00","dateModified":"2025-01-08T11:44:28+00:00","description":"Necessita de um or\u00e7amento para a instala\u00e7\u00e3o de um elevador? Explicamos-lhe todos os elementos que deve ter em conta.","breadcrumb":{"@id":"https:\/\/www.eninter.com\/pt-pt\/orcamento-para-um-elevador-o-que-deve-ter-em-conta\/#breadcrumb"},"inLanguage":"pt-PT","potentialAction":[{"@type":"ReadAction","target":["https:\/\/www.eninter.com\/pt-pt\/orcamento-para-um-elevador-o-que-deve-ter-em-conta\/"]}]},{"@type":"ImageObject","inLanguage":"pt-PT","@id":"https:\/\/www.eninter.com\/pt-pt\/orcamento-para-um-elevador-o-que-deve-ter-em-conta\/#primaryimage","url":"https:\/\/www.eninter.com\/wp-content\/uploads\/2018\/10\/hombre-entrega-paquete-ascensor-cerrar-scaled.jpg","contentUrl":"https:\/\/www.eninter.com\/wp-content\/uploads\/2018\/10\/hombre-entrega-paquete-ascensor-cerrar-scaled.jpg","width":2560,"height":1707,"caption":"Ascensores para minusv\u00e1lidos"},{"@type":"BreadcrumbList","@id":"https:\/\/www.eninter.com\/pt-pt\/orcamento-para-um-elevador-o-que-deve-ter-em-conta\/#breadcrumb","itemListElement":[{"@type":"ListItem","position":1,"name":"Portada","item":"https:\/\/www.eninter.com\/pt-pt\/"},{"@type":"ListItem","position":2,"name":"Or\u00e7amento para um elevador: o que deve ter em conta?"}]},{"@type":"WebSite","@id":"https:\/\/www.eninter.com\/pt-pt\/#website","url":"https:\/\/www.eninter.com\/pt-pt\/","name":"ENINTER","description":"Mantenimiento de Ascensores Multimarca","publisher":{"@id":"https:\/\/www.eninter.com\/pt-pt\/#organization"},"potentialAction":[{"@type":"SearchAction","target":{"@type":"EntryPoint","urlTemplate":"https:\/\/www.eninter.com\/pt-pt\/?s={search_term_string}"},"query-input":{"@type":"PropertyValueSpecification","valueRequired":true,"valueName":"search_term_string"}}],"inLanguage":"pt-PT"},{"@type":"Organization","@id":"https:\/\/www.eninter.com\/pt-pt\/#organization","name":"Eniter","url":"https:\/\/www.eninter.com\/pt-pt\/","logo":{"@type":"ImageObject","inLanguage":"pt-PT","@id":"https:\/\/www.eninter.com\/pt-pt\/#\/schema\/logo\/image\/","url":"https:\/\/www.eninter.com\/wp-content\/uploads\/2023\/08\/logo-eninter-png.png","contentUrl":"https:\/\/www.eninter.com\/wp-content\/uploads\/2023\/08\/logo-eninter-png.png","width":600,"height":340,"caption":"Eniter"},"image":{"@id":"https:\/\/www.eninter.com\/pt-pt\/#\/schema\/logo\/image\/"},"sameAs":["https:\/\/www.facebook.com\/EninterAscensores","https:\/\/x.com\/Eninter","https:\/\/www.instagram.com\/eninterascensores\/","https:\/\/www.youtube.com\/user\/ascensoreseninter"]},{"@type":"Person","@id":"https:\/\/www.eninter.com\/pt-pt\/#\/schema\/person\/e6178c261ac4210884c0e0264dd59043","name":"Albert Puig","image":{"@type":"ImageObject","inLanguage":"pt-PT","@id":"https:\/\/secure.gravatar.com\/avatar\/583d07f3f1036f58d0e44e873586278b582179a16b27a5b3951504e9ee001c06?s=96&d=mm&r=g","url":"https:\/\/secure.gravatar.com\/avatar\/583d07f3f1036f58d0e44e873586278b582179a16b27a5b3951504e9ee001c06?s=96&d=mm&r=g","contentUrl":"https:\/\/secure.gravatar.com\/avatar\/583d07f3f1036f58d0e44e873586278b582179a16b27a5b3951504e9ee001c06?s=96&d=mm&r=g","caption":"Albert Puig"}}]}},"_links":{"self":[{"href":"https:\/\/www.eninter.com\/pt-pt\/wp-json\/wp\/v2\/posts\/8717","targetHints":{"allow":["GET"]}}],"collection":[{"href":"https:\/\/www.eninter.com\/pt-pt\/wp-json\/wp\/v2\/posts"}],"about":[{"href":"https:\/\/www.eninter.com\/pt-pt\/wp-json\/wp\/v2\/types\/post"}],"author":[{"embeddable":true,"href":"https:\/\/www.eninter.com\/pt-pt\/wp-json\/wp\/v2\/users\/3"}],"replies":[{"embeddable":true,"href":"https:\/\/www.eninter.com\/pt-pt\/wp-json\/wp\/v2\/comments?post=8717"}],"version-history":[{"count":0,"href":"https:\/\/www.eninter.com\/pt-pt\/wp-json\/wp\/v2\/posts\/8717\/revisions"}],"wp:featuredmedia":[{"embeddable":true,"href":"https:\/\/www.eninter.com\/pt-pt\/wp-json\/wp\/v2\/media\/11904"}],"wp:attachment":[{"href":"https:\/\/www.eninter.com\/pt-pt\/wp-json\/wp\/v2\/media?parent=8717"}],"wp:term":[{"taxonomy":"category","embeddable":true,"href":"https:\/\/www.eninter.com\/pt-pt\/wp-json\/wp\/v2\/categories?post=8717"},{"taxonomy":"post_tag","embeddable":true,"href":"https:\/\/www.eninter.com\/pt-pt\/wp-json\/wp\/v2\/tags?post=8717"}],"curies":[{"name":"wp","href":"https:\/\/api.w.org\/{rel}","templated":true}]}}