{"id":8718,"date":"2018-11-14T17:47:30","date_gmt":"2018-11-14T17:47:30","guid":{"rendered":"https:\/\/www.eninter.com\/elevadores-de-fosso-pequenos-ideais-para-espacos-pequenos\/"},"modified":"2023-12-15T10:03:20","modified_gmt":"2023-12-15T10:03:20","slug":"elevadores-de-fosso-pequenos-ideais-para-espacos-pequenos","status":"publish","type":"post","link":"https:\/\/www.eninter.com\/pt-pt\/elevadores-de-fosso-pequenos-ideais-para-espacos-pequenos\/","title":{"rendered":"Elevadores de fosso pequenos, ideais para espa\u00e7os pequenos"},"content":{"rendered":"<p>Em muitos casos, as pessoas precisam de <a href=\"https:\/\/www.eninter.com\/?utm_source=blog&amp;utm_medium=post&amp;utm_campaign=BlogEninter\" target=\"_blank\" rel=\"noopener\">instalar um elevador<\/a> para poderem aceder r\u00e1pida e facilmente \u00e0s suas casas. Outra raz\u00e3o para a sua instala\u00e7\u00e3o \u00e9 melhorar a qualidade de vida dos idosos ou facilitar a acessibilidade \u00e0s suas casas para as pessoas com mobilidade reduzida.<\/p>\n<p>Atualmente, <strong>a acessibilidade nos edif\u00edcios<\/strong> \u00e9 fundamental para muitas pessoas. No entanto, \u00e9 frequente que a instala\u00e7\u00e3o de um elevador convencional n\u00e3o seja t\u00e3o f\u00e1cil como parece, porque muitos edif\u00edcios t\u00eam uma certa idade e n\u00e3o foram originalmente concebidos para ter o espa\u00e7o necess\u00e1rio para um elevador.<\/p>\n<p>\u00c9 comum que, em muitos casos, o espa\u00e7o do po\u00e7o seja mais pequeno do que o de um elevador convencional. Mas o mais comum, e mais frequente, \u00e9 o facto de n\u00e3o haver espa\u00e7o no fundo para instalar a <strong>fossa<\/strong>. Isto \u00e9 necess\u00e1rio para o elevador, uma vez que \u00e9 a\u00ed que se encontram os amortecedores e que normalmente se situa abaixo do primeiro andar.<\/p>\n<p>Ent\u00e3o, \u00e9 poss\u00edvel fazer alguma coisa? A resposta \u00e9 sim, uma solu\u00e7\u00e3o que tem sido desenvolvida atualmente \u00e9 a instala\u00e7\u00e3o de <strong>elevadores com fosso reduzido<\/strong>, ideal para todos os edif\u00edcios que n\u00e3o t\u00eam espa\u00e7o suficiente para a sua instala\u00e7\u00e3o e que n\u00e3o foram inicialmente preparados.<\/p>\n<h2><strong>O que s\u00e3o elevadores de fosso estreito?<\/strong><\/h2>\n<p>Os <strong>elevadores com fosso reduzido <\/strong>s\u00e3o todos aqueles que t\u00eam um fosso e um po\u00e7o de dimens\u00f5es muito reduzidas (entre 20 e 40 cm, na sua maioria, embora dependa de cada fabricante) para se adaptarem a qualquer espa\u00e7o, por mais pequeno que seja. Este tipo de elevador \u00e9, portanto, uma solu\u00e7\u00e3o adequada para melhorar a mobilidade e a acessibilidade em edif\u00edcios onde n\u00e3o h\u00e1 espa\u00e7o suficiente para instalar elevadores convencionais.<\/p>\n<h2><strong>Vantagens dos elevadores de fosso reduzidos<\/strong><\/h2>\n<p>Os elevadores de fossa t\u00eam muitas vantagens: podem ser instalados em <strong>edif\u00edcios mais antigos ou em locais com espa\u00e7os muito reduzidos<\/strong> que n\u00e3o tenham as condi\u00e7\u00f5es adequadas, adaptando-se exatamente ao espa\u00e7o dispon\u00edvel e aproveitando-o da melhor forma. Outra vantagem \u00e9 que, se n\u00e3o for poss\u00edvel uma sala de m\u00e1quinas, o painel de controlo e a unidade de acionamento podem ser instalados num <strong>arm\u00e1rio aprovado<\/strong>.<\/p>\n<p>Al\u00e9m disso, tendo em conta a sua pequena dimens\u00e3o, <strong>n\u00e3o s\u00e3o necess\u00e1rias grandes obras ou modifica\u00e7\u00f5es no edif\u00edcio<\/strong> para a sua instala\u00e7\u00e3o, ao contr\u00e1rio de outros tipos de elevadores que requerem obras, com o custo que estas implicam. Este tipo de elevadores de fosso reduzido \u00e9<strong> fabricado \u00e0 medida<\/strong>, de acordo com o espa\u00e7o dispon\u00edvel no edif\u00edcio ou no local onde vai ser instalado, embora siga sempre as normas em vigor.<\/p>\n<p>Outra vantagem dos elevadores com fosso reduzido \u00e9 o facto de a sua <strong>estrutura n\u00e3o transmitir qualquer carga \u00e0 estrutura do edif\u00edcio<\/strong>. Adapta-se perfeitamente \u00e0 estrutura da casa ou do edif\u00edcio.<\/p>\n<p>Por outro lado, caracterizam-se por serem uma <strong>solu\u00e7\u00e3o mais econ\u00f3mica<\/strong> do que os elevadores convencionais, facilitando a vida das pessoas sem os elevados custos e instala\u00e7\u00e3o que outros elevadores implicam, e tamb\u00e9m com um <strong>menor consumo de energia<\/strong>.<\/p>\n<p>&nbsp;<\/p>\n<p><img fetchpriority=\"high\" decoding=\"async\" class=\"alignnone size-medium wp-image-6881\" src=\"https:\/\/www.eninter.com\/wp-content\/uploads\/2023\/08\/ascensor-vilanova-300x197.jpg\" alt=\"Manuten\u00e7\u00e3o de elevadores em Vilanova i la Geltr\u00fa\" width=\"300\" height=\"197\" srcset=\"https:\/\/www.eninter.com\/wp-content\/uploads\/2023\/08\/ascensor-vilanova-300x197.jpg 300w, https:\/\/www.eninter.com\/wp-content\/uploads\/2023\/08\/ascensor-vilanova-1024x672.jpg 1024w, https:\/\/www.eninter.com\/wp-content\/uploads\/2023\/08\/ascensor-vilanova-768x504.jpg 768w, https:\/\/www.eninter.com\/wp-content\/uploads\/2023\/08\/ascensor-vilanova.jpg 1100w\" sizes=\"(max-width: 300px) 100vw, 300px\" \/><\/p>\n<h2><strong>Situa\u00e7\u00f5es em que este tipo de elevadores \u00e9 utilizado<\/strong><\/h2>\n<p>Por todas as raz\u00f5es acima referidas, os pequenos elevadores de fosso podem ser instalados em edif\u00edcios antigos que n\u00e3o s\u00e3o adequados ou que n\u00e3o valem a pena construir e nos locais onde o espa\u00e7o dispon\u00edvel para a sua instala\u00e7\u00e3o \u00e9 muito reduzido. Ou simplesmente quando esta alternativa \u00e9 mais do que suficiente e proporciona benef\u00edcios econ\u00f3micos \u00e0 comunidade. S\u00e3o uma solu\u00e7\u00e3o ideal tanto para edif\u00edcios como para casas unifamiliares e est\u00e3o a tornar-se cada vez mais comuns.<\/p>\n<p>Na <a title=\"S\u00edtio Web do Eninter\" href=\"http:\/\/www.eninter.com\/?utm_source=blog&amp;utm_medium=post&amp;utm_campaign=Blog_Eninter\" target=\"_blank\" rel=\"noopener\">Eninter<\/a> trabalhamos h\u00e1 45 anos na instala\u00e7\u00e3o e manuten\u00e7\u00e3o de mais de 40.000 elevadores, adaptando-nos sempre \u00e0s necessidades dos nossos clientes com um elevado n\u00edvel de garantia, seguran\u00e7a e fiabilidade.<\/p>\n","protected":false},"excerpt":{"rendered":"<p>Em muitos casos, as pessoas precisam de instalar um elevador para poderem aceder r\u00e1pida e facilmente \u00e0s suas casas. Outra raz\u00e3o para a sua instala\u00e7\u00e3o \u00e9 melhorar a qualidade de vida dos idosos ou facilitar a acessibilidade \u00e0s suas casas para as pessoas com mobilidade reduzida. Atualmente, a acessibilidade nos edif\u00edcios \u00e9 fundamental para muitas [&hellip;]<\/p>\n","protected":false},"author":3,"featured_media":0,"comment_status":"open","ping_status":"open","sticky":false,"template":"","format":"standard","meta":{"_acf_changed":false,"content-type":"","footnotes":""},"categories":[215],"tags":[],"class_list":["post-8718","post","type-post","status-publish","format-standard","hentry","category-elevadores"],"acf":[],"_yoast_wpseo_focuskw":"redu\u00e7\u00e3o dos elevadores de fosso","_yoast_wpseo_metadesc":"Elevadores de fosso reduzido: conhe\u00e7a todos os pormenores e pontos-chave deste tipo de elevador da Eninter.","yoast_head":"<!-- This site is optimized with the Yoast SEO Premium plugin v21.6 (Yoast SEO v27.2) - https:\/\/yoast.com\/product\/yoast-seo-premium-wordpress\/ -->\n<title>Elevadores de fosso pequenos, ideais para espa\u00e7os pequenos - ENINTER<\/title>\n<meta name=\"description\" content=\"Elevadores de fosso reduzido: conhe\u00e7a todos os pormenores e pontos-chave deste tipo de elevador da Eninter.\" \/>\n<meta name=\"robots\" content=\"index, follow, max-snippet:-1, max-image-preview:large, max-video-preview:-1\" \/>\n<link rel=\"canonical\" href=\"https:\/\/www.eninter.com\/pt-pt\/elevadores-de-fosso-pequenos-ideais-para-espacos-pequenos\/\" \/>\n<meta property=\"og:locale\" content=\"pt_PT\" \/>\n<meta property=\"og:type\" content=\"article\" \/>\n<meta property=\"og:title\" content=\"Elevadores de fosso pequenos, ideais para espa\u00e7os pequenos\" \/>\n<meta property=\"og:description\" content=\"Elevadores de fosso reduzido: conhe\u00e7a todos os pormenores e pontos-chave deste tipo de elevador da Eninter.\" \/>\n<meta property=\"og:url\" content=\"https:\/\/www.eninter.com\/pt-pt\/elevadores-de-fosso-pequenos-ideais-para-espacos-pequenos\/\" \/>\n<meta property=\"og:site_name\" content=\"ENINTER\" \/>\n<meta property=\"article:publisher\" content=\"https:\/\/www.facebook.com\/EninterAscensores\" \/>\n<meta property=\"article:published_time\" content=\"2018-11-14T17:47:30+00:00\" \/>\n<meta property=\"article:modified_time\" content=\"2023-12-15T10:03:20+00:00\" \/>\n<meta property=\"og:image\" content=\"https:\/\/www.eninter.com\/wp-content\/uploads\/2023\/08\/ascensor-vilanova-300x197.jpg\" \/>\n<meta name=\"author\" content=\"Albert Puig\" \/>\n<meta name=\"twitter:card\" content=\"summary_large_image\" \/>\n<meta name=\"twitter:creator\" content=\"@Eninter\" \/>\n<meta name=\"twitter:site\" content=\"@Eninter\" \/>\n<meta name=\"twitter:label1\" content=\"Escrito por\" \/>\n\t<meta name=\"twitter:data1\" content=\"Albert Puig\" \/>\n\t<meta name=\"twitter:label2\" content=\"Tempo estimado de leitura\" \/>\n\t<meta name=\"twitter:data2\" content=\"3 minutos\" \/>\n<!-- \/ Yoast SEO Premium plugin. -->","yoast_head_json":{"title":"Elevadores de fosso pequenos, ideais para espa\u00e7os pequenos - ENINTER","description":"Elevadores de fosso reduzido: conhe\u00e7a todos os pormenores e pontos-chave deste tipo de elevador da Eninter.","robots":{"index":"index","follow":"follow","max-snippet":"max-snippet:-1","max-image-preview":"max-image-preview:large","max-video-preview":"max-video-preview:-1"},"canonical":"https:\/\/www.eninter.com\/pt-pt\/elevadores-de-fosso-pequenos-ideais-para-espacos-pequenos\/","og_locale":"pt_PT","og_type":"article","og_title":"Elevadores de fosso pequenos, ideais para espa\u00e7os pequenos","og_description":"Elevadores de fosso reduzido: conhe\u00e7a todos os pormenores e pontos-chave deste tipo de elevador da Eninter.","og_url":"https:\/\/www.eninter.com\/pt-pt\/elevadores-de-fosso-pequenos-ideais-para-espacos-pequenos\/","og_site_name":"ENINTER","article_publisher":"https:\/\/www.facebook.com\/EninterAscensores","article_published_time":"2018-11-14T17:47:30+00:00","article_modified_time":"2023-12-15T10:03:20+00:00","og_image":[{"url":"https:\/\/www.eninter.com\/wp-content\/uploads\/2023\/08\/ascensor-vilanova-300x197.jpg","type":"","width":"","height":""}],"author":"Albert Puig","twitter_card":"summary_large_image","twitter_creator":"@Eninter","twitter_site":"@Eninter","twitter_misc":{"Escrito por":"Albert Puig","Tempo estimado de leitura":"3 minutos"},"schema":{"@context":"https:\/\/schema.org","@graph":[{"@type":"Article","@id":"https:\/\/www.eninter.com\/pt-pt\/elevadores-de-fosso-pequenos-ideais-para-espacos-pequenos\/#article","isPartOf":{"@id":"https:\/\/www.eninter.com\/pt-pt\/elevadores-de-fosso-pequenos-ideais-para-espacos-pequenos\/"},"author":{"name":"Albert Puig","@id":"https:\/\/www.eninter.com\/pt-pt\/#\/schema\/person\/e6178c261ac4210884c0e0264dd59043"},"headline":"Elevadores de fosso pequenos, ideais para espa\u00e7os pequenos","datePublished":"2018-11-14T17:47:30+00:00","dateModified":"2023-12-15T10:03:20+00:00","mainEntityOfPage":{"@id":"https:\/\/www.eninter.com\/pt-pt\/elevadores-de-fosso-pequenos-ideais-para-espacos-pequenos\/"},"wordCount":679,"commentCount":0,"publisher":{"@id":"https:\/\/www.eninter.com\/pt-pt\/#organization"},"image":{"@id":"https:\/\/www.eninter.com\/pt-pt\/elevadores-de-fosso-pequenos-ideais-para-espacos-pequenos\/#primaryimage"},"thumbnailUrl":"https:\/\/www.eninter.com\/wp-content\/uploads\/2023\/08\/ascensor-vilanova-300x197.jpg","articleSection":["Elevadores"],"inLanguage":"pt-PT","potentialAction":[{"@type":"CommentAction","name":"Comment","target":["https:\/\/www.eninter.com\/pt-pt\/elevadores-de-fosso-pequenos-ideais-para-espacos-pequenos\/#respond"]}]},{"@type":"WebPage","@id":"https:\/\/www.eninter.com\/pt-pt\/elevadores-de-fosso-pequenos-ideais-para-espacos-pequenos\/","url":"https:\/\/www.eninter.com\/pt-pt\/elevadores-de-fosso-pequenos-ideais-para-espacos-pequenos\/","name":"Elevadores de fosso pequenos, ideais para espa\u00e7os pequenos - ENINTER","isPartOf":{"@id":"https:\/\/www.eninter.com\/pt-pt\/#website"},"primaryImageOfPage":{"@id":"https:\/\/www.eninter.com\/pt-pt\/elevadores-de-fosso-pequenos-ideais-para-espacos-pequenos\/#primaryimage"},"image":{"@id":"https:\/\/www.eninter.com\/pt-pt\/elevadores-de-fosso-pequenos-ideais-para-espacos-pequenos\/#primaryimage"},"thumbnailUrl":"https:\/\/www.eninter.com\/wp-content\/uploads\/2023\/08\/ascensor-vilanova-300x197.jpg","datePublished":"2018-11-14T17:47:30+00:00","dateModified":"2023-12-15T10:03:20+00:00","description":"Elevadores de fosso reduzido: conhe\u00e7a todos os pormenores e pontos-chave deste tipo de elevador da Eninter.","breadcrumb":{"@id":"https:\/\/www.eninter.com\/pt-pt\/elevadores-de-fosso-pequenos-ideais-para-espacos-pequenos\/#breadcrumb"},"inLanguage":"pt-PT","potentialAction":[{"@type":"ReadAction","target":["https:\/\/www.eninter.com\/pt-pt\/elevadores-de-fosso-pequenos-ideais-para-espacos-pequenos\/"]}]},{"@type":"ImageObject","inLanguage":"pt-PT","@id":"https:\/\/www.eninter.com\/pt-pt\/elevadores-de-fosso-pequenos-ideais-para-espacos-pequenos\/#primaryimage","url":"https:\/\/www.eninter.com\/wp-content\/uploads\/2023\/08\/ascensor-vilanova-300x197.jpg","contentUrl":"https:\/\/www.eninter.com\/wp-content\/uploads\/2023\/08\/ascensor-vilanova-300x197.jpg"},{"@type":"BreadcrumbList","@id":"https:\/\/www.eninter.com\/pt-pt\/elevadores-de-fosso-pequenos-ideais-para-espacos-pequenos\/#breadcrumb","itemListElement":[{"@type":"ListItem","position":1,"name":"Portada","item":"https:\/\/www.eninter.com\/pt-pt\/"},{"@type":"ListItem","position":2,"name":"Elevadores de fosso pequenos, ideais para espa\u00e7os pequenos"}]},{"@type":"WebSite","@id":"https:\/\/www.eninter.com\/pt-pt\/#website","url":"https:\/\/www.eninter.com\/pt-pt\/","name":"ENINTER","description":"Mantenimiento de Ascensores Multimarca","publisher":{"@id":"https:\/\/www.eninter.com\/pt-pt\/#organization"},"potentialAction":[{"@type":"SearchAction","target":{"@type":"EntryPoint","urlTemplate":"https:\/\/www.eninter.com\/pt-pt\/?s={search_term_string}"},"query-input":{"@type":"PropertyValueSpecification","valueRequired":true,"valueName":"search_term_string"}}],"inLanguage":"pt-PT"},{"@type":"Organization","@id":"https:\/\/www.eninter.com\/pt-pt\/#organization","name":"Eniter","url":"https:\/\/www.eninter.com\/pt-pt\/","logo":{"@type":"ImageObject","inLanguage":"pt-PT","@id":"https:\/\/www.eninter.com\/pt-pt\/#\/schema\/logo\/image\/","url":"https:\/\/www.eninter.com\/wp-content\/uploads\/2023\/08\/logo-eninter-png.png","contentUrl":"https:\/\/www.eninter.com\/wp-content\/uploads\/2023\/08\/logo-eninter-png.png","width":600,"height":340,"caption":"Eniter"},"image":{"@id":"https:\/\/www.eninter.com\/pt-pt\/#\/schema\/logo\/image\/"},"sameAs":["https:\/\/www.facebook.com\/EninterAscensores","https:\/\/x.com\/Eninter","https:\/\/www.instagram.com\/eninterascensores\/","https:\/\/www.youtube.com\/user\/ascensoreseninter"]},{"@type":"Person","@id":"https:\/\/www.eninter.com\/pt-pt\/#\/schema\/person\/e6178c261ac4210884c0e0264dd59043","name":"Albert Puig","image":{"@type":"ImageObject","inLanguage":"pt-PT","@id":"https:\/\/secure.gravatar.com\/avatar\/583d07f3f1036f58d0e44e873586278b582179a16b27a5b3951504e9ee001c06?s=96&d=mm&r=g","url":"https:\/\/secure.gravatar.com\/avatar\/583d07f3f1036f58d0e44e873586278b582179a16b27a5b3951504e9ee001c06?s=96&d=mm&r=g","contentUrl":"https:\/\/secure.gravatar.com\/avatar\/583d07f3f1036f58d0e44e873586278b582179a16b27a5b3951504e9ee001c06?s=96&d=mm&r=g","caption":"Albert Puig"}}]}},"_links":{"self":[{"href":"https:\/\/www.eninter.com\/pt-pt\/wp-json\/wp\/v2\/posts\/8718","targetHints":{"allow":["GET"]}}],"collection":[{"href":"https:\/\/www.eninter.com\/pt-pt\/wp-json\/wp\/v2\/posts"}],"about":[{"href":"https:\/\/www.eninter.com\/pt-pt\/wp-json\/wp\/v2\/types\/post"}],"author":[{"embeddable":true,"href":"https:\/\/www.eninter.com\/pt-pt\/wp-json\/wp\/v2\/users\/3"}],"replies":[{"embeddable":true,"href":"https:\/\/www.eninter.com\/pt-pt\/wp-json\/wp\/v2\/comments?post=8718"}],"version-history":[{"count":0,"href":"https:\/\/www.eninter.com\/pt-pt\/wp-json\/wp\/v2\/posts\/8718\/revisions"}],"wp:attachment":[{"href":"https:\/\/www.eninter.com\/pt-pt\/wp-json\/wp\/v2\/media?parent=8718"}],"wp:term":[{"taxonomy":"category","embeddable":true,"href":"https:\/\/www.eninter.com\/pt-pt\/wp-json\/wp\/v2\/categories?post=8718"},{"taxonomy":"post_tag","embeddable":true,"href":"https:\/\/www.eninter.com\/pt-pt\/wp-json\/wp\/v2\/tags?post=8718"}],"curies":[{"name":"wp","href":"https:\/\/api.w.org\/{rel}","templated":true}]}}