{"id":8723,"date":"2018-10-29T16:32:31","date_gmt":"2018-10-29T16:32:31","guid":{"rendered":"https:\/\/www.eninter.com\/quais-sao-as-dimensoes-minimas-dos-elevadores-para-pessoas-com-deficiencia\/"},"modified":"2023-12-15T10:03:16","modified_gmt":"2023-12-15T10:03:16","slug":"quais-sao-as-dimensoes-minimas-dos-elevadores-para-pessoas-com-deficiencia","status":"publish","type":"post","link":"https:\/\/www.eninter.com\/pt-pt\/quais-sao-as-dimensoes-minimas-dos-elevadores-para-pessoas-com-deficiencia\/","title":{"rendered":"Quais s\u00e3o as dimens\u00f5es m\u00ednimas dos elevadores para pessoas com defici\u00eancia?"},"content":{"rendered":"<p>Fala-se muito da <strong>instala\u00e7\u00e3o de elevadores para deficientes <\/strong>, com o objetivo de facilitar a mobilidade de todo o tipo de pessoas, especialmente os utilizadores de cadeiras de rodas, as pessoas com mobilidade reduzida ou as pessoas com mais de 70 anos de idade.<\/p>\n<p>Mas o que muitas pessoas n\u00e3o consideram \u00e9 que estes elevadores devem ter <strong>dimens\u00f5es m\u00ednimas<\/strong> para facilitar o acesso de pessoas idosas e deficientes que utilizam cadeiras de rodas, j\u00e1 pensou nisso ou n\u00e3o?<\/p>\n<h2>Dimens\u00f5es m\u00ednimas dos ascensores para deficientes<\/h2>\n<p>O tamanho m\u00ednimo de qualquer elevador \u00e9 de <strong>1 metro de largura por 1,25 metros de profundidade<\/strong>, o suficiente para que uma pessoa em cadeira de rodas possa entrar com um acompanhante de estatura m\u00e9dia.<\/p>\n<p>Para poder fazer curvas de entrada e sa\u00edda sem ter de fazer muito esfor\u00e7o, o ideal \u00e9 um <strong>di\u00e2metro de 1,5 metros sem obst\u00e1culos<\/strong>. Isto facilitar\u00e1 a entrada e sa\u00edda dos utilizadores da cabina. A cabina n\u00e3o deve estar separada do patamar por mais de 2 cm na horizontal e 1 cm na vertical, para que n\u00e3o haja obst\u00e1culos que impe\u00e7am o acesso de cadeiras de rodas.<\/p>\n<p>No caso das habita\u00e7\u00f5es adaptadas, as dimens\u00f5es dos elevadores para pessoas com defici\u00eancia devem ser de, pelo menos, <strong>1,10 metros de largura e 1,4 metros de profundidade <\/strong>, com portas autom\u00e1ticas e uma abertura m\u00ednima de 0,8 metros. Se apenas for necess\u00e1ria uma cabina para cadeira de rodas, sem acompanhante, a largura m\u00ednima \u00e9 de 1 metro, com uma profundidade de cabina de 1,25 metros.<\/p>\n<p>Se n\u00e3o houver <strong>portas que n\u00e3o estejam viradas uma para a outra<\/strong>, as dimens\u00f5es m\u00ednimas do elevador s\u00e3o 1<strong>,4 metros de largura e 1,4 metros de profundidade <\/strong>. Isto permite que duas pessoas fiquem de p\u00e9 juntamente com a cadeira de rodas.<\/p>\n<p>&nbsp;<\/p>\n<p><img fetchpriority=\"high\" decoding=\"async\" class=\" wp-image-6075 aligncenter\" src=\"https:\/\/www.eninter.com\/wp-content\/uploads\/2023\/08\/soluciones-de-accesibilidad-300x300.png\" alt=\"\" width=\"351\" height=\"351\" srcset=\"https:\/\/www.eninter.com\/wp-content\/uploads\/2023\/08\/soluciones-de-accesibilidad-300x300.png 300w, https:\/\/www.eninter.com\/wp-content\/uploads\/2023\/08\/soluciones-de-accesibilidad-150x150.png 150w, https:\/\/www.eninter.com\/wp-content\/uploads\/2023\/08\/soluciones-de-accesibilidad-768x768.png 768w, https:\/\/www.eninter.com\/wp-content\/uploads\/2023\/08\/soluciones-de-accesibilidad.png 810w\" sizes=\"(max-width: 351px) 100vw, 351px\" \/><\/p>\n<h2>Elevadores para deficientes ou utilizadores de cadeiras de rodas<\/h2>\n<p>Os ascensores com estas dimens\u00f5es m\u00ednimas s\u00e3o concebidos para os utilizadores de cadeiras de rodas e, por conseguinte, s\u00e3o igualmente adequados para o acesso de pessoas que n\u00e3o utilizam cadeiras de rodas.<\/p>\n<p>Estas medidas m\u00ednimas s\u00e3o aconselh\u00e1veis para pessoas com mobilidade reduzida, especialmente se estiverem em cadeiras de rodas, pelo que o ideal \u00e9 que sejam um pouco maiores para maior conforto no acesso e na desloca\u00e7\u00e3o.<\/p>\n<p>Ao considerar a instala\u00e7\u00e3o de um elevador, devem ser tidas em conta as <strong>dimens\u00f5es m\u00ednimas de acessibilidade<\/strong>. Esta altura depender\u00e1 da capacidade do elevador e das caracter\u00edsticas do edif\u00edcio, mas deve ter sempre <strong>pelo menos 2 metros de altura <\/strong>. Em qualquer caso, <a href=\"https:\/\/www.eninter.com\/blog\/edificios-no-accesibles-denunciados\/\">os edif\u00edcios que n\u00e3o cumpram os requisitos<\/a> podem ser assinalados.<\/p>\n<p>J\u00e1 pensou nisto quando instalou o novo elevador no seu edif\u00edcio? Conhe\u00e7a tamb\u00e9m as <a href=\"https:\/\/www.eninter.com\/blog\/ascensores-publicos-minusvalidos-caracteristicas\/\">caracter\u00edsticas que os elevadores acess\u00edveis devem ter<\/a>, como o tempo de abertura da porta, as caracter\u00edsticas de seguran\u00e7a, etc.<\/p>\n<p>Na <a title=\"S\u00edtio Web do Eninter\" href=\"http:\/\/www.eninter.com\/?utm_source=blog&amp;utm_medium=post&amp;utm_campaign=Blog_Eninter\" target=\"_blank\" rel=\"noopener\">Eninter<\/a> somos especialistas na instala\u00e7\u00e3o e manuten\u00e7\u00e3o de todo o tipo de elevadores, trabalhando para nos adaptarmos \u00e0s necessidades do seu im\u00f3vel ou casa com um elevado n\u00edvel de garantia e fiabilidade.<\/p>\n","protected":false},"excerpt":{"rendered":"<p>Fala-se muito da instala\u00e7\u00e3o de elevadores para deficientes , com o objetivo de facilitar a mobilidade de todo o tipo de pessoas, especialmente os utilizadores de cadeiras de rodas, as pessoas com mobilidade reduzida ou as pessoas com mais de 70 anos de idade. Mas o que muitas pessoas n\u00e3o consideram \u00e9 que estes elevadores [&hellip;]<\/p>\n","protected":false},"author":3,"featured_media":0,"comment_status":"open","ping_status":"open","sticky":false,"template":"","format":"standard","meta":{"_acf_changed":false,"content-type":"","footnotes":""},"categories":[215],"tags":[],"class_list":["post-8723","post","type-post","status-publish","format-standard","hentry","category-elevadores"],"acf":[],"_yoast_wpseo_focuskw":"elevadores para deficientes","_yoast_wpseo_metadesc":"Informe-se sobre as medidas m\u00ednimas para a instala\u00e7\u00e3o de elevadores para deficientes e torne a sua casa acess\u00edvel agora.","yoast_head":"<!-- This site is optimized with the Yoast SEO Premium plugin v21.6 (Yoast SEO v27.2) - https:\/\/yoast.com\/product\/yoast-seo-premium-wordpress\/ -->\n<title>Dimens\u00f5es m\u00ednimas dos ascensores para deficientes<\/title>\n<meta name=\"description\" content=\"Informe-se sobre as medidas m\u00ednimas para a instala\u00e7\u00e3o de elevadores para deficientes e torne a sua casa acess\u00edvel agora.\" \/>\n<meta name=\"robots\" content=\"index, follow, max-snippet:-1, max-image-preview:large, max-video-preview:-1\" \/>\n<link rel=\"canonical\" href=\"https:\/\/www.eninter.com\/pt-pt\/quais-sao-as-dimensoes-minimas-dos-elevadores-para-pessoas-com-deficiencia\/\" \/>\n<meta property=\"og:locale\" content=\"pt_PT\" \/>\n<meta property=\"og:type\" content=\"article\" \/>\n<meta property=\"og:title\" content=\"Quais s\u00e3o as dimens\u00f5es m\u00ednimas dos elevadores para pessoas com defici\u00eancia?\" \/>\n<meta property=\"og:description\" content=\"Informe-se sobre as medidas m\u00ednimas para a instala\u00e7\u00e3o de elevadores para deficientes e torne a sua casa acess\u00edvel agora.\" \/>\n<meta property=\"og:url\" content=\"https:\/\/www.eninter.com\/pt-pt\/quais-sao-as-dimensoes-minimas-dos-elevadores-para-pessoas-com-deficiencia\/\" \/>\n<meta property=\"og:site_name\" content=\"ENINTER\" \/>\n<meta property=\"article:publisher\" content=\"https:\/\/www.facebook.com\/EninterAscensores\" \/>\n<meta property=\"article:published_time\" content=\"2018-10-29T16:32:31+00:00\" \/>\n<meta property=\"article:modified_time\" content=\"2023-12-15T10:03:16+00:00\" \/>\n<meta property=\"og:image\" content=\"https:\/\/www.eninter.com\/wp-content\/uploads\/2023\/08\/soluciones-de-accesibilidad-300x300.png\" \/>\n<meta name=\"author\" content=\"Albert Puig\" \/>\n<meta name=\"twitter:card\" content=\"summary_large_image\" \/>\n<meta name=\"twitter:creator\" content=\"@Eninter\" \/>\n<meta name=\"twitter:site\" content=\"@Eninter\" \/>\n<meta name=\"twitter:label1\" content=\"Escrito por\" \/>\n\t<meta name=\"twitter:data1\" content=\"Albert Puig\" \/>\n\t<meta name=\"twitter:label2\" content=\"Tempo estimado de leitura\" \/>\n\t<meta name=\"twitter:data2\" content=\"3 minutos\" \/>\n<!-- \/ Yoast SEO Premium plugin. -->","yoast_head_json":{"title":"Dimens\u00f5es m\u00ednimas dos ascensores para deficientes","description":"Informe-se sobre as medidas m\u00ednimas para a instala\u00e7\u00e3o de elevadores para deficientes e torne a sua casa acess\u00edvel agora.","robots":{"index":"index","follow":"follow","max-snippet":"max-snippet:-1","max-image-preview":"max-image-preview:large","max-video-preview":"max-video-preview:-1"},"canonical":"https:\/\/www.eninter.com\/pt-pt\/quais-sao-as-dimensoes-minimas-dos-elevadores-para-pessoas-com-deficiencia\/","og_locale":"pt_PT","og_type":"article","og_title":"Quais s\u00e3o as dimens\u00f5es m\u00ednimas dos elevadores para pessoas com defici\u00eancia?","og_description":"Informe-se sobre as medidas m\u00ednimas para a instala\u00e7\u00e3o de elevadores para deficientes e torne a sua casa acess\u00edvel agora.","og_url":"https:\/\/www.eninter.com\/pt-pt\/quais-sao-as-dimensoes-minimas-dos-elevadores-para-pessoas-com-deficiencia\/","og_site_name":"ENINTER","article_publisher":"https:\/\/www.facebook.com\/EninterAscensores","article_published_time":"2018-10-29T16:32:31+00:00","article_modified_time":"2023-12-15T10:03:16+00:00","og_image":[{"url":"https:\/\/www.eninter.com\/wp-content\/uploads\/2023\/08\/soluciones-de-accesibilidad-300x300.png","type":"","width":"","height":""}],"author":"Albert Puig","twitter_card":"summary_large_image","twitter_creator":"@Eninter","twitter_site":"@Eninter","twitter_misc":{"Escrito por":"Albert Puig","Tempo estimado de leitura":"3 minutos"},"schema":{"@context":"https:\/\/schema.org","@graph":[{"@type":"Article","@id":"https:\/\/www.eninter.com\/pt-pt\/quais-sao-as-dimensoes-minimas-dos-elevadores-para-pessoas-com-deficiencia\/#article","isPartOf":{"@id":"https:\/\/www.eninter.com\/pt-pt\/quais-sao-as-dimensoes-minimas-dos-elevadores-para-pessoas-com-deficiencia\/"},"author":{"name":"Albert Puig","@id":"https:\/\/www.eninter.com\/pt-pt\/#\/schema\/person\/e6178c261ac4210884c0e0264dd59043"},"headline":"Quais s\u00e3o as dimens\u00f5es m\u00ednimas dos elevadores para pessoas com defici\u00eancia?","datePublished":"2018-10-29T16:32:31+00:00","dateModified":"2023-12-15T10:03:16+00:00","mainEntityOfPage":{"@id":"https:\/\/www.eninter.com\/pt-pt\/quais-sao-as-dimensoes-minimas-dos-elevadores-para-pessoas-com-deficiencia\/"},"wordCount":538,"commentCount":0,"publisher":{"@id":"https:\/\/www.eninter.com\/pt-pt\/#organization"},"image":{"@id":"https:\/\/www.eninter.com\/pt-pt\/quais-sao-as-dimensoes-minimas-dos-elevadores-para-pessoas-com-deficiencia\/#primaryimage"},"thumbnailUrl":"https:\/\/www.eninter.com\/wp-content\/uploads\/2023\/08\/soluciones-de-accesibilidad-300x300.png","articleSection":["Elevadores"],"inLanguage":"pt-PT","potentialAction":[{"@type":"CommentAction","name":"Comment","target":["https:\/\/www.eninter.com\/pt-pt\/quais-sao-as-dimensoes-minimas-dos-elevadores-para-pessoas-com-deficiencia\/#respond"]}]},{"@type":"WebPage","@id":"https:\/\/www.eninter.com\/pt-pt\/quais-sao-as-dimensoes-minimas-dos-elevadores-para-pessoas-com-deficiencia\/","url":"https:\/\/www.eninter.com\/pt-pt\/quais-sao-as-dimensoes-minimas-dos-elevadores-para-pessoas-com-deficiencia\/","name":"Dimens\u00f5es m\u00ednimas dos ascensores para deficientes","isPartOf":{"@id":"https:\/\/www.eninter.com\/pt-pt\/#website"},"primaryImageOfPage":{"@id":"https:\/\/www.eninter.com\/pt-pt\/quais-sao-as-dimensoes-minimas-dos-elevadores-para-pessoas-com-deficiencia\/#primaryimage"},"image":{"@id":"https:\/\/www.eninter.com\/pt-pt\/quais-sao-as-dimensoes-minimas-dos-elevadores-para-pessoas-com-deficiencia\/#primaryimage"},"thumbnailUrl":"https:\/\/www.eninter.com\/wp-content\/uploads\/2023\/08\/soluciones-de-accesibilidad-300x300.png","datePublished":"2018-10-29T16:32:31+00:00","dateModified":"2023-12-15T10:03:16+00:00","description":"Informe-se sobre as medidas m\u00ednimas para a instala\u00e7\u00e3o de elevadores para deficientes e torne a sua casa acess\u00edvel agora.","breadcrumb":{"@id":"https:\/\/www.eninter.com\/pt-pt\/quais-sao-as-dimensoes-minimas-dos-elevadores-para-pessoas-com-deficiencia\/#breadcrumb"},"inLanguage":"pt-PT","potentialAction":[{"@type":"ReadAction","target":["https:\/\/www.eninter.com\/pt-pt\/quais-sao-as-dimensoes-minimas-dos-elevadores-para-pessoas-com-deficiencia\/"]}]},{"@type":"ImageObject","inLanguage":"pt-PT","@id":"https:\/\/www.eninter.com\/pt-pt\/quais-sao-as-dimensoes-minimas-dos-elevadores-para-pessoas-com-deficiencia\/#primaryimage","url":"https:\/\/www.eninter.com\/wp-content\/uploads\/2023\/08\/soluciones-de-accesibilidad-300x300.png","contentUrl":"https:\/\/www.eninter.com\/wp-content\/uploads\/2023\/08\/soluciones-de-accesibilidad-300x300.png"},{"@type":"BreadcrumbList","@id":"https:\/\/www.eninter.com\/pt-pt\/quais-sao-as-dimensoes-minimas-dos-elevadores-para-pessoas-com-deficiencia\/#breadcrumb","itemListElement":[{"@type":"ListItem","position":1,"name":"Portada","item":"https:\/\/www.eninter.com\/pt-pt\/"},{"@type":"ListItem","position":2,"name":"Quais s\u00e3o as dimens\u00f5es m\u00ednimas dos elevadores para pessoas com defici\u00eancia?"}]},{"@type":"WebSite","@id":"https:\/\/www.eninter.com\/pt-pt\/#website","url":"https:\/\/www.eninter.com\/pt-pt\/","name":"ENINTER","description":"Mantenimiento de Ascensores Multimarca","publisher":{"@id":"https:\/\/www.eninter.com\/pt-pt\/#organization"},"potentialAction":[{"@type":"SearchAction","target":{"@type":"EntryPoint","urlTemplate":"https:\/\/www.eninter.com\/pt-pt\/?s={search_term_string}"},"query-input":{"@type":"PropertyValueSpecification","valueRequired":true,"valueName":"search_term_string"}}],"inLanguage":"pt-PT"},{"@type":"Organization","@id":"https:\/\/www.eninter.com\/pt-pt\/#organization","name":"Eniter","url":"https:\/\/www.eninter.com\/pt-pt\/","logo":{"@type":"ImageObject","inLanguage":"pt-PT","@id":"https:\/\/www.eninter.com\/pt-pt\/#\/schema\/logo\/image\/","url":"https:\/\/www.eninter.com\/wp-content\/uploads\/2023\/08\/logo-eninter-png.png","contentUrl":"https:\/\/www.eninter.com\/wp-content\/uploads\/2023\/08\/logo-eninter-png.png","width":600,"height":340,"caption":"Eniter"},"image":{"@id":"https:\/\/www.eninter.com\/pt-pt\/#\/schema\/logo\/image\/"},"sameAs":["https:\/\/www.facebook.com\/EninterAscensores","https:\/\/x.com\/Eninter","https:\/\/www.instagram.com\/eninterascensores\/","https:\/\/www.youtube.com\/user\/ascensoreseninter"]},{"@type":"Person","@id":"https:\/\/www.eninter.com\/pt-pt\/#\/schema\/person\/e6178c261ac4210884c0e0264dd59043","name":"Albert Puig","image":{"@type":"ImageObject","inLanguage":"pt-PT","@id":"https:\/\/secure.gravatar.com\/avatar\/583d07f3f1036f58d0e44e873586278b582179a16b27a5b3951504e9ee001c06?s=96&d=mm&r=g","url":"https:\/\/secure.gravatar.com\/avatar\/583d07f3f1036f58d0e44e873586278b582179a16b27a5b3951504e9ee001c06?s=96&d=mm&r=g","contentUrl":"https:\/\/secure.gravatar.com\/avatar\/583d07f3f1036f58d0e44e873586278b582179a16b27a5b3951504e9ee001c06?s=96&d=mm&r=g","caption":"Albert Puig"}}]}},"_links":{"self":[{"href":"https:\/\/www.eninter.com\/pt-pt\/wp-json\/wp\/v2\/posts\/8723","targetHints":{"allow":["GET"]}}],"collection":[{"href":"https:\/\/www.eninter.com\/pt-pt\/wp-json\/wp\/v2\/posts"}],"about":[{"href":"https:\/\/www.eninter.com\/pt-pt\/wp-json\/wp\/v2\/types\/post"}],"author":[{"embeddable":true,"href":"https:\/\/www.eninter.com\/pt-pt\/wp-json\/wp\/v2\/users\/3"}],"replies":[{"embeddable":true,"href":"https:\/\/www.eninter.com\/pt-pt\/wp-json\/wp\/v2\/comments?post=8723"}],"version-history":[{"count":0,"href":"https:\/\/www.eninter.com\/pt-pt\/wp-json\/wp\/v2\/posts\/8723\/revisions"}],"wp:attachment":[{"href":"https:\/\/www.eninter.com\/pt-pt\/wp-json\/wp\/v2\/media?parent=8723"}],"wp:term":[{"taxonomy":"category","embeddable":true,"href":"https:\/\/www.eninter.com\/pt-pt\/wp-json\/wp\/v2\/categories?post=8723"},{"taxonomy":"post_tag","embeddable":true,"href":"https:\/\/www.eninter.com\/pt-pt\/wp-json\/wp\/v2\/tags?post=8723"}],"curies":[{"name":"wp","href":"https:\/\/api.w.org\/{rel}","templated":true}]}}