{"id":8724,"date":"2018-10-24T13:30:33","date_gmt":"2018-10-24T13:30:33","guid":{"rendered":"https:\/\/www.eninter.com\/o-que-sao-elevadores-ou-monta-cargas-o-que-sao-e-quais-sao-as-suas-diferencas\/"},"modified":"2023-12-15T10:03:12","modified_gmt":"2023-12-15T10:03:12","slug":"o-que-sao-elevadores-ou-monta-cargas-o-que-sao-e-quais-sao-as-suas-diferencas","status":"publish","type":"post","link":"https:\/\/www.eninter.com\/pt-pt\/o-que-sao-elevadores-ou-monta-cargas-o-que-sao-e-quais-sao-as-suas-diferencas\/","title":{"rendered":"O que s\u00e3o elevadores ou monta-cargas e quais s\u00e3o as suas diferen\u00e7as?"},"content":{"rendered":"<p>Se estiver na d\u00favida entre <strong>utilizar elevadores ou monta-cargas <\/strong>, a resposta deve conter algumas considera\u00e7\u00f5es fundamentais relacionadas com as caracter\u00edsticas e vantagens de cada um.<\/p>\n<p>Assim, quando um edif\u00edcio est\u00e1 a considerar a instala\u00e7\u00e3o de m\u00e1quinas de transporte, \u00e9 essencial ter <strong>informa\u00e7\u00e3o adequada sobre os diferentes elevadores e mon<\/strong> ta-cargas dispon\u00edveis no mercado e a aplica\u00e7\u00e3o espec\u00edfica de cada um deles.<\/p>\n<p><strong>Os empilhadores e os elevadores<\/strong> s\u00e3o as chamadas <strong>&#8220;solu\u00e7\u00f5es verticais&#8221;<\/strong>, uma vez que, em ambos os casos, s\u00e3o respons\u00e1veis pela <strong>desloca\u00e7\u00e3o de bens e pessoas<\/strong>. \u00c0 primeira vista, podem parecer semelhantes, mas t\u00eam diferen\u00e7as claras entre si e, por essa raz\u00e3o, cada um \u00e9 mais adequado em fun\u00e7\u00e3o do tipo de viagem em causa.<\/p>\n<h2><strong>Empilhadores: o que s\u00e3o e tipos<\/strong><\/h2>\n<p>\u00c9 um <strong>elevador de grandes<\/strong> dimens\u00f5es e \u00e9 utilizado para a transfer\u00eancia de grandes volumes ou grandes cargas. Em termos de estrutura, \u00e9 constitu\u00eddo por um chassis que se desloca ao longo de duas guias r\u00edgidas paralelas e \u00e9 suportado por uma estrutura met\u00e1lica firme ancorada no pr\u00f3prio edif\u00edcio.<\/p>\n<p>Atualmente, existem <strong>empilhadores hidr\u00e1ulicos<\/strong> e, dentro destes, h\u00e1 os que apenas transportam mercadorias e os que permitem tamb\u00e9m o transporte de pessoas, tendo cada um deles normas de utiliza\u00e7\u00e3o espec\u00edficas relacionadas com a montagem e a manuten\u00e7\u00e3o.<\/p>\n<p>&nbsp;<\/p>\n<p><img fetchpriority=\"high\" decoding=\"async\" class=\"wp-image-6899 aligncenter\" src=\"https:\/\/www.eninter.com\/wp-content\/uploads\/2023\/08\/eninter-mantenimiento-ascensores-zaragoza-02-300x200.jpg\" alt=\"Manuten\u00e7\u00e3o de elevadores em Zaragoza\" width=\"425\" height=\"283\" srcset=\"https:\/\/www.eninter.com\/wp-content\/uploads\/2023\/08\/eninter-mantenimiento-ascensores-zaragoza-02-300x200.jpg 300w, https:\/\/www.eninter.com\/wp-content\/uploads\/2023\/08\/eninter-mantenimiento-ascensores-zaragoza-02-1024x683.jpg 1024w, https:\/\/www.eninter.com\/wp-content\/uploads\/2023\/08\/eninter-mantenimiento-ascensores-zaragoza-02-768x512.jpg 768w, https:\/\/www.eninter.com\/wp-content\/uploads\/2023\/08\/eninter-mantenimiento-ascensores-zaragoza-02.jpg 1100w\" sizes=\"(max-width: 425px) 100vw, 425px\" \/><\/p>\n<p>&nbsp;<\/p>\n<h2><strong>Elevadores ou ascensores: o que s\u00e3o e quais os tipos?<\/strong><\/h2>\n<p>Um <strong>elevador<\/strong> \u00e9 um tipo de transporte utilizado para a <strong>movimenta\u00e7\u00e3o de pessoas ou cargas<\/strong> e a sua estrutura pode ser composta por elementos mec\u00e2nicos e el\u00e9ctricos que constituem um tipo de movimento seguro.<\/p>\n<p>O <strong>elevador pode ser el\u00e9trico ou hidr\u00e1ulico<\/strong> e, em ambos os casos, tem um bot\u00e3o (push button) com registo de chamada e deve ter um telefone de socorro obrigat\u00f3rio, oferecendo um sistema de fecho duplo que remete para a seguran\u00e7a.<\/p>\n<h2>Conclus\u00f5es sobre o que \u00e9 melhor, elevadores ou monta-cargas?<\/h2>\n<p>Em suma, perante a quest\u00e3o Elevador ou empilhador, qual utilizar? \u00e9 seguro dizer que <strong>ambos oferecem facilidades e benef\u00edcios<\/strong> tanto para quem vive num edif\u00edcio como para as empresas que os colocam nas suas instala\u00e7\u00f5es.<\/p>\n<p>N\u00e3o existe uma op\u00e7\u00e3o melhor do que outra, e tudo depender\u00e1 da utiliza\u00e7\u00e3o que se possa dar a este equipamento, mas com o esclarecimento de que \u00e9 necess\u00e1rio ter em conta, na escolha da mais adequada, as caracter\u00edsticas de cada tipo de m\u00e1quina e selecionar a que melhor se adapta ao espa\u00e7o, necessidades e exig\u00eancias espec\u00edficas dos seus utilizadores.<\/p>\n<p>Se tiver d\u00favidas sobre qual \u00e9 o melhor para si, consulte um dos nossos especialistas que o aconselhar\u00e1 sobre a melhor decis\u00e3o a tomar. Em <strong><br \/>\n  <a title=\"S\u00edtio Web do Eninter\" href=\"http:\/\/www.eninter.com\/?utm_source=blog&amp;utm_medium=post&amp;utm_campaign=Blog_Eninter\" target=\"_blank\" rel=\"noopener\">Eninter<\/a><br \/>\n<\/strong> somos especialistas na instala\u00e7\u00e3o e manuten\u00e7\u00e3o de todos os tipos de elevadores e monta-cargas, trabalhando para nos adaptarmos \u00e0s suas necessidades com um elevado n\u00edvel de garantia e fiabilidade.<\/p>\n","protected":false},"excerpt":{"rendered":"<p>Se estiver na d\u00favida entre utilizar elevadores ou monta-cargas , a resposta deve conter algumas considera\u00e7\u00f5es fundamentais relacionadas com as caracter\u00edsticas e vantagens de cada um. Assim, quando um edif\u00edcio est\u00e1 a considerar a instala\u00e7\u00e3o de m\u00e1quinas de transporte, \u00e9 essencial ter informa\u00e7\u00e3o adequada sobre os diferentes elevadores e mon ta-cargas dispon\u00edveis no mercado e [&hellip;]<\/p>\n","protected":false},"author":3,"featured_media":0,"comment_status":"open","ping_status":"open","sticky":false,"template":"","format":"standard","meta":{"_acf_changed":false,"content-type":"","footnotes":""},"categories":[215],"tags":[],"class_list":["post-8724","post","type-post","status-publish","format-standard","hentry","category-elevadores"],"acf":[],"_yoast_wpseo_focuskw":"elevadores ou monta-cargas","_yoast_wpseo_metadesc":"Se tiver d\u00favidas quanto \u00e0 utiliza\u00e7\u00e3o de ascensores ou monta-cargas, deve considerar os aspectos relacionados com cada um deles.","yoast_head":"<!-- This site is optimized with the Yoast SEO Premium plugin v21.6 (Yoast SEO v27.5) - https:\/\/yoast.com\/product\/yoast-seo-premium-wordpress\/ -->\n<title>O que s\u00e3o elevadores ou monta-cargas, o que s\u00e3o e quais s\u00e3o as suas diferen\u00e7as?<\/title>\n<meta name=\"description\" content=\"Se tiver d\u00favidas quanto \u00e0 utiliza\u00e7\u00e3o de ascensores ou monta-cargas, deve considerar os aspectos relacionados com cada um deles.\" \/>\n<meta name=\"robots\" content=\"index, follow, max-snippet:-1, max-image-preview:large, max-video-preview:-1\" \/>\n<link rel=\"canonical\" href=\"https:\/\/www.eninter.com\/pt-pt\/o-que-sao-elevadores-ou-monta-cargas-o-que-sao-e-quais-sao-as-suas-diferencas\/\" \/>\n<meta property=\"og:locale\" content=\"pt_PT\" \/>\n<meta property=\"og:type\" content=\"article\" \/>\n<meta property=\"og:title\" content=\"O que s\u00e3o elevadores ou monta-cargas e quais s\u00e3o as suas diferen\u00e7as?\" \/>\n<meta property=\"og:description\" content=\"Se tiver d\u00favidas quanto \u00e0 utiliza\u00e7\u00e3o de ascensores ou monta-cargas, deve considerar os aspectos relacionados com cada um deles.\" \/>\n<meta property=\"og:url\" content=\"https:\/\/www.eninter.com\/pt-pt\/o-que-sao-elevadores-ou-monta-cargas-o-que-sao-e-quais-sao-as-suas-diferencas\/\" \/>\n<meta property=\"og:site_name\" content=\"ENINTER\" \/>\n<meta property=\"article:publisher\" content=\"https:\/\/www.facebook.com\/EninterAscensores\" \/>\n<meta property=\"article:published_time\" content=\"2018-10-24T13:30:33+00:00\" \/>\n<meta property=\"article:modified_time\" content=\"2023-12-15T10:03:12+00:00\" \/>\n<meta property=\"og:image\" content=\"https:\/\/www.eninter.com\/wp-content\/uploads\/2023\/08\/eninter-mantenimiento-ascensores-zaragoza-02-300x200.jpg\" \/>\n<meta name=\"author\" content=\"Albert Puig\" \/>\n<meta name=\"twitter:card\" content=\"summary_large_image\" \/>\n<meta name=\"twitter:creator\" content=\"@Eninter\" \/>\n<meta name=\"twitter:site\" content=\"@Eninter\" \/>\n<meta name=\"twitter:label1\" content=\"Escrito por\" \/>\n\t<meta name=\"twitter:data1\" content=\"Albert Puig\" \/>\n\t<meta name=\"twitter:label2\" content=\"Tempo estimado de leitura\" \/>\n\t<meta name=\"twitter:data2\" content=\"2 minutos\" \/>\n<!-- \/ Yoast SEO Premium plugin. -->","yoast_head_json":{"title":"O que s\u00e3o elevadores ou monta-cargas, o que s\u00e3o e quais s\u00e3o as suas diferen\u00e7as?","description":"Se tiver d\u00favidas quanto \u00e0 utiliza\u00e7\u00e3o de ascensores ou monta-cargas, deve considerar os aspectos relacionados com cada um deles.","robots":{"index":"index","follow":"follow","max-snippet":"max-snippet:-1","max-image-preview":"max-image-preview:large","max-video-preview":"max-video-preview:-1"},"canonical":"https:\/\/www.eninter.com\/pt-pt\/o-que-sao-elevadores-ou-monta-cargas-o-que-sao-e-quais-sao-as-suas-diferencas\/","og_locale":"pt_PT","og_type":"article","og_title":"O que s\u00e3o elevadores ou monta-cargas e quais s\u00e3o as suas diferen\u00e7as?","og_description":"Se tiver d\u00favidas quanto \u00e0 utiliza\u00e7\u00e3o de ascensores ou monta-cargas, deve considerar os aspectos relacionados com cada um deles.","og_url":"https:\/\/www.eninter.com\/pt-pt\/o-que-sao-elevadores-ou-monta-cargas-o-que-sao-e-quais-sao-as-suas-diferencas\/","og_site_name":"ENINTER","article_publisher":"https:\/\/www.facebook.com\/EninterAscensores","article_published_time":"2018-10-24T13:30:33+00:00","article_modified_time":"2023-12-15T10:03:12+00:00","og_image":[{"url":"https:\/\/www.eninter.com\/wp-content\/uploads\/2023\/08\/eninter-mantenimiento-ascensores-zaragoza-02-300x200.jpg","type":"","width":"","height":""}],"author":"Albert Puig","twitter_card":"summary_large_image","twitter_creator":"@Eninter","twitter_site":"@Eninter","twitter_misc":{"Escrito por":"Albert Puig","Tempo estimado de leitura":"2 minutos"},"schema":{"@context":"https:\/\/schema.org","@graph":[{"@type":"Article","@id":"https:\/\/www.eninter.com\/pt-pt\/o-que-sao-elevadores-ou-monta-cargas-o-que-sao-e-quais-sao-as-suas-diferencas\/#article","isPartOf":{"@id":"https:\/\/www.eninter.com\/pt-pt\/o-que-sao-elevadores-ou-monta-cargas-o-que-sao-e-quais-sao-as-suas-diferencas\/"},"author":{"name":"Albert Puig","@id":"https:\/\/www.eninter.com\/pt-pt\/#\/schema\/person\/e6178c261ac4210884c0e0264dd59043"},"headline":"O que s\u00e3o elevadores ou monta-cargas e quais s\u00e3o as suas diferen\u00e7as?","datePublished":"2018-10-24T13:30:33+00:00","dateModified":"2023-12-15T10:03:12+00:00","mainEntityOfPage":{"@id":"https:\/\/www.eninter.com\/pt-pt\/o-que-sao-elevadores-ou-monta-cargas-o-que-sao-e-quais-sao-as-suas-diferencas\/"},"wordCount":514,"commentCount":0,"publisher":{"@id":"https:\/\/www.eninter.com\/pt-pt\/#organization"},"image":{"@id":"https:\/\/www.eninter.com\/pt-pt\/o-que-sao-elevadores-ou-monta-cargas-o-que-sao-e-quais-sao-as-suas-diferencas\/#primaryimage"},"thumbnailUrl":"https:\/\/www.eninter.com\/wp-content\/uploads\/2023\/08\/eninter-mantenimiento-ascensores-zaragoza-02-300x200.jpg","articleSection":["Elevadores"],"inLanguage":"pt-PT","potentialAction":[{"@type":"CommentAction","name":"Comment","target":["https:\/\/www.eninter.com\/pt-pt\/o-que-sao-elevadores-ou-monta-cargas-o-que-sao-e-quais-sao-as-suas-diferencas\/#respond"]}]},{"@type":"WebPage","@id":"https:\/\/www.eninter.com\/pt-pt\/o-que-sao-elevadores-ou-monta-cargas-o-que-sao-e-quais-sao-as-suas-diferencas\/","url":"https:\/\/www.eninter.com\/pt-pt\/o-que-sao-elevadores-ou-monta-cargas-o-que-sao-e-quais-sao-as-suas-diferencas\/","name":"O que s\u00e3o elevadores ou monta-cargas, o que s\u00e3o e quais s\u00e3o as suas diferen\u00e7as?","isPartOf":{"@id":"https:\/\/www.eninter.com\/pt-pt\/#website"},"primaryImageOfPage":{"@id":"https:\/\/www.eninter.com\/pt-pt\/o-que-sao-elevadores-ou-monta-cargas-o-que-sao-e-quais-sao-as-suas-diferencas\/#primaryimage"},"image":{"@id":"https:\/\/www.eninter.com\/pt-pt\/o-que-sao-elevadores-ou-monta-cargas-o-que-sao-e-quais-sao-as-suas-diferencas\/#primaryimage"},"thumbnailUrl":"https:\/\/www.eninter.com\/wp-content\/uploads\/2023\/08\/eninter-mantenimiento-ascensores-zaragoza-02-300x200.jpg","datePublished":"2018-10-24T13:30:33+00:00","dateModified":"2023-12-15T10:03:12+00:00","description":"Se tiver d\u00favidas quanto \u00e0 utiliza\u00e7\u00e3o de ascensores ou monta-cargas, deve considerar os aspectos relacionados com cada um deles.","breadcrumb":{"@id":"https:\/\/www.eninter.com\/pt-pt\/o-que-sao-elevadores-ou-monta-cargas-o-que-sao-e-quais-sao-as-suas-diferencas\/#breadcrumb"},"inLanguage":"pt-PT","potentialAction":[{"@type":"ReadAction","target":["https:\/\/www.eninter.com\/pt-pt\/o-que-sao-elevadores-ou-monta-cargas-o-que-sao-e-quais-sao-as-suas-diferencas\/"]}]},{"@type":"ImageObject","inLanguage":"pt-PT","@id":"https:\/\/www.eninter.com\/pt-pt\/o-que-sao-elevadores-ou-monta-cargas-o-que-sao-e-quais-sao-as-suas-diferencas\/#primaryimage","url":"https:\/\/www.eninter.com\/wp-content\/uploads\/2023\/08\/eninter-mantenimiento-ascensores-zaragoza-02-300x200.jpg","contentUrl":"https:\/\/www.eninter.com\/wp-content\/uploads\/2023\/08\/eninter-mantenimiento-ascensores-zaragoza-02-300x200.jpg"},{"@type":"BreadcrumbList","@id":"https:\/\/www.eninter.com\/pt-pt\/o-que-sao-elevadores-ou-monta-cargas-o-que-sao-e-quais-sao-as-suas-diferencas\/#breadcrumb","itemListElement":[{"@type":"ListItem","position":1,"name":"Portada","item":"https:\/\/www.eninter.com\/pt-pt\/"},{"@type":"ListItem","position":2,"name":"O que s\u00e3o elevadores ou monta-cargas e quais s\u00e3o as suas diferen\u00e7as?"}]},{"@type":"WebSite","@id":"https:\/\/www.eninter.com\/pt-pt\/#website","url":"https:\/\/www.eninter.com\/pt-pt\/","name":"ENINTER","description":"Mantenimiento de Ascensores Multimarca","publisher":{"@id":"https:\/\/www.eninter.com\/pt-pt\/#organization"},"potentialAction":[{"@type":"SearchAction","target":{"@type":"EntryPoint","urlTemplate":"https:\/\/www.eninter.com\/pt-pt\/?s={search_term_string}"},"query-input":{"@type":"PropertyValueSpecification","valueRequired":true,"valueName":"search_term_string"}}],"inLanguage":"pt-PT"},{"@type":"Organization","@id":"https:\/\/www.eninter.com\/pt-pt\/#organization","name":"Eniter","url":"https:\/\/www.eninter.com\/pt-pt\/","logo":{"@type":"ImageObject","inLanguage":"pt-PT","@id":"https:\/\/www.eninter.com\/pt-pt\/#\/schema\/logo\/image\/","url":"https:\/\/www.eninter.com\/wp-content\/uploads\/2023\/08\/logo-eninter-png.png","contentUrl":"https:\/\/www.eninter.com\/wp-content\/uploads\/2023\/08\/logo-eninter-png.png","width":600,"height":340,"caption":"Eniter"},"image":{"@id":"https:\/\/www.eninter.com\/pt-pt\/#\/schema\/logo\/image\/"},"sameAs":["https:\/\/www.facebook.com\/EninterAscensores","https:\/\/x.com\/Eninter","https:\/\/www.instagram.com\/eninterascensores\/","https:\/\/www.youtube.com\/user\/ascensoreseninter"]},{"@type":"Person","@id":"https:\/\/www.eninter.com\/pt-pt\/#\/schema\/person\/e6178c261ac4210884c0e0264dd59043","name":"Albert Puig","image":{"@type":"ImageObject","inLanguage":"pt-PT","@id":"https:\/\/secure.gravatar.com\/avatar\/583d07f3f1036f58d0e44e873586278b582179a16b27a5b3951504e9ee001c06?s=96&d=mm&r=g","url":"https:\/\/secure.gravatar.com\/avatar\/583d07f3f1036f58d0e44e873586278b582179a16b27a5b3951504e9ee001c06?s=96&d=mm&r=g","contentUrl":"https:\/\/secure.gravatar.com\/avatar\/583d07f3f1036f58d0e44e873586278b582179a16b27a5b3951504e9ee001c06?s=96&d=mm&r=g","caption":"Albert Puig"}}]}},"_links":{"self":[{"href":"https:\/\/www.eninter.com\/pt-pt\/wp-json\/wp\/v2\/posts\/8724","targetHints":{"allow":["GET"]}}],"collection":[{"href":"https:\/\/www.eninter.com\/pt-pt\/wp-json\/wp\/v2\/posts"}],"about":[{"href":"https:\/\/www.eninter.com\/pt-pt\/wp-json\/wp\/v2\/types\/post"}],"author":[{"embeddable":true,"href":"https:\/\/www.eninter.com\/pt-pt\/wp-json\/wp\/v2\/users\/3"}],"replies":[{"embeddable":true,"href":"https:\/\/www.eninter.com\/pt-pt\/wp-json\/wp\/v2\/comments?post=8724"}],"version-history":[{"count":0,"href":"https:\/\/www.eninter.com\/pt-pt\/wp-json\/wp\/v2\/posts\/8724\/revisions"}],"wp:attachment":[{"href":"https:\/\/www.eninter.com\/pt-pt\/wp-json\/wp\/v2\/media?parent=8724"}],"wp:term":[{"taxonomy":"category","embeddable":true,"href":"https:\/\/www.eninter.com\/pt-pt\/wp-json\/wp\/v2\/categories?post=8724"},{"taxonomy":"post_tag","embeddable":true,"href":"https:\/\/www.eninter.com\/pt-pt\/wp-json\/wp\/v2\/tags?post=8724"}],"curies":[{"name":"wp","href":"https:\/\/api.w.org\/{rel}","templated":true}]}}