{"id":8727,"date":"2018-10-15T16:30:16","date_gmt":"2018-10-15T16:30:16","guid":{"rendered":"https:\/\/www.eninter.com\/os-elevadores-e-os-ascensores-para-deficientes-sao-obrigatorios-em-2018\/"},"modified":"2024-02-20T10:48:35","modified_gmt":"2024-02-20T10:48:35","slug":"os-elevadores-e-os-ascensores-para-deficientes-sao-obrigatorios-em-2018","status":"publish","type":"post","link":"https:\/\/www.eninter.com\/pt-pt\/os-elevadores-e-os-ascensores-para-deficientes-sao-obrigatorios-em-2018\/","title":{"rendered":"Os elevadores e os ascensores para deficientes s\u00e3o obrigat\u00f3rios em 2018?"},"content":{"rendered":"<p>O  <strong>instala\u00e7\u00e3o de elevadores para pessoas com defici\u00eancia<\/strong>  em edif\u00edcios residenciais onde vivem pessoas com mais de 70 anos de idade ou pessoas com defici\u00eancia, entre outras, come\u00e7aram a ser  <strong>obrigat\u00f3rio a partir de 4 de dezembro de 2017<\/strong>para eliminar poss\u00edveis barreiras arquitect\u00f3nicas nos edif\u00edcios, de acordo com o Decreto Real 1\/2013 de 29 de novembro.<\/p>\n<h2>Elevadores para pessoas com defici\u00eancia em 2018?<\/h2>\n<p>Com efeito, as obras e ac\u00e7\u00f5es necess\u00e1rias para garantir adapta\u00e7\u00f5es razo\u00e1veis ser\u00e3o, nomeadamente, obrigat\u00f3rias.<strong>  em termos de acessibilidade universal,<\/strong>  nos edif\u00edcios, sempre que tal exija a candidatura dos propriet\u00e1rios em cujas instala\u00e7\u00f5es ou habita\u00e7\u00f5es residam, trabalhem ou prestem servi\u00e7os a n\u00edvel volunt\u00e1rio  <strong>pessoas com defici\u00eancia ou pessoas com mais de 70 anos de idade<\/strong>. Todas as op\u00e7\u00f5es anteriores <strong>sem necessidade de acordo pr\u00e9vio do Conselho de Propriet\u00e1rios<\/strong>.<\/p>\n<p>A <strong>instala\u00e7\u00e3o de um elevador, asc<\/strong> ensor ou qualquer mecanismo que possa facilitar a acessibilidade em edif\u00edcios residenciais onde vivam pessoas com mais de 70 anos de idade e pessoas com problemas de mobilidade, como j\u00e1 dissemos, \u00e9 obrigat\u00f3ria em qualquer caso, sem necessidade de vota\u00e7\u00e3o. Em todos os outros casos, \u00e9 suficiente uma vota\u00e7\u00e3o por <strong>maioria simples<\/strong>. Se estes casos n\u00e3o se verificarem, n\u00e3o \u00e9 obrigat\u00f3rio.<\/p>\n<p>Mesmo que  <strong>h\u00e1 pouco espa\u00e7o,<\/strong>  pode ser feito atrav\u00e9s da expropria\u00e7\u00e3o de partes de habita\u00e7\u00f5es ou estabelecimentos comerciais, do p\u00e1tio interior, da redistribui\u00e7\u00e3o da escada e da instala\u00e7\u00e3o na fachada do interior, sendo solu\u00e7\u00f5es no caso de n\u00e3o haver espa\u00e7o para a instala\u00e7\u00e3o do elevador da forma convencional. Isto n\u00e3o \u00e9 uma desculpa para n\u00e3o o instalar. Se quer saber se tem o espa\u00e7o necess\u00e1rio, aqui dizemos-lhe tudo sobre as <a title=\"Medidas m\u00ednimas para os ascensores para pessoas com defici\u00eancia\" href=\"https:\/\/www.eninter.com\/blog\/ascensores-minusvalidos-medidas-minimas\/\" target=\"_blank\" rel=\"noopener\">dimens\u00f5es m\u00ednimas<\/a> dos elevadores acess\u00edveis para pessoas com defici\u00eancia.<\/p>\n<p><img fetchpriority=\"high\" decoding=\"async\" class=\" wp-image-11901 aligncenter\" src=\"https:\/\/www.eninter.com\/wp-content\/uploads\/2018\/10\/hombre-entrega-paquete-ascensor-cerrar-300x200.jpg\" alt=\"Elevadores para pessoas com defici\u00eancia\" width=\"365\" height=\"243\" srcset=\"https:\/\/www.eninter.com\/wp-content\/uploads\/2018\/10\/hombre-entrega-paquete-ascensor-cerrar-300x200.jpg 300w, https:\/\/www.eninter.com\/wp-content\/uploads\/2018\/10\/hombre-entrega-paquete-ascensor-cerrar-1024x683.jpg 1024w, https:\/\/www.eninter.com\/wp-content\/uploads\/2018\/10\/hombre-entrega-paquete-ascensor-cerrar-768x512.jpg 768w, https:\/\/www.eninter.com\/wp-content\/uploads\/2018\/10\/hombre-entrega-paquete-ascensor-cerrar-1536x1024.jpg 1536w, https:\/\/www.eninter.com\/wp-content\/uploads\/2018\/10\/hombre-entrega-paquete-ascensor-cerrar-2048x1365.jpg 2048w\" sizes=\"(max-width: 365px) 100vw, 365px\" \/><\/p>\n<h2>Quando \u00e9 que a instala\u00e7\u00e3o de elevadores para deficientes n\u00e3o \u00e9 obrigat\u00f3ria?<\/h2>\n<p>Assim, mesmo que apenas um propriet\u00e1rio vote a favor da instala\u00e7\u00e3o do ascensor, \u00e9 suficiente que uma das condi\u00e7\u00f5es esteja preenchida e que os custos, calculados anualmente, das obras de instala\u00e7\u00e3o do ascensor a pagar por cada propriet\u00e1rio n\u00e3o excedam o montante de  <strong>12 presta\u00e7\u00f5es mensais de taxas ordin\u00e1rias<\/strong>  das despesas comuns de cada propriet\u00e1rio.<\/p>\n<p>Se este montante for ultrapassado e o pedido da pessoa com defici\u00eancia ou de uma pessoa com mais de 70 anos for rejeitado, ser\u00e1 ainda assim obrigat\u00f3rio se o requerente suportar a diferen\u00e7a dos custos de instala\u00e7\u00e3o.<\/p>\n<p>Se o propriet\u00e1rio requerente n\u00e3o quiser ou n\u00e3o puder pagar a diferen\u00e7a entre o custo de instala\u00e7\u00e3o do ascensor e os custos acima referidos, o ascensor n\u00e3o ser\u00e1 obrigat\u00f3rio, mesmo que seja solicitado. Este \u00e9 o \u00fanico caso em que a instala\u00e7\u00e3o destes elevadores n\u00e3o \u00e9 obrigat\u00f3ria.<\/p>\n<p>Na <a title=\"S\u00edtio Web do Eninter\" href=\"http:\/\/www.eninter.com\/?utm_source=blog&amp;utm_medium=post&amp;utm_campaign=Blog_Eninter\" target=\"_blank\" rel=\"noopener\">Eninter<\/a> somos especialistas na instala\u00e7\u00e3o e manuten\u00e7\u00e3o de elevadores e monta-cargas para deficientes, trabalhando para nos adaptarmos \u00e0s necessidades do seu im\u00f3vel ou casa com um elevado n\u00edvel de garantia e fiabilidade. N\u00e3o hesite em contactar-nos.<\/p>\n","protected":false},"excerpt":{"rendered":"<p>O instala\u00e7\u00e3o de elevadores para pessoas com defici\u00eancia em edif\u00edcios residenciais onde vivem pessoas com mais de 70 anos de idade ou pessoas com defici\u00eancia, entre outras, come\u00e7aram a ser obrigat\u00f3rio a partir de 4 de dezembro de 2017para eliminar poss\u00edveis barreiras arquitect\u00f3nicas nos edif\u00edcios, de acordo com o Decreto Real 1\/2013 de 29 de [&hellip;]<\/p>\n","protected":false},"author":3,"featured_media":11904,"comment_status":"open","ping_status":"open","sticky":false,"template":"","format":"standard","meta":{"_acf_changed":false,"content-type":"","footnotes":""},"categories":[215],"tags":[],"class_list":["post-8727","post","type-post","status-publish","format-standard","has-post-thumbnail","hentry","category-elevadores"],"acf":[],"_yoast_wpseo_focuskw":"Elevadores para pessoas com defici\u00eancia","_yoast_wpseo_metadesc":"Gostaria de saber se os elevadores para pessoas com defici\u00eancia s\u00e3o obrigat\u00f3rios? Saiba tudo sobre este regulamento na Eninter Ascensores.","yoast_head":"<!-- This site is optimized with the Yoast SEO Premium plugin v21.6 (Yoast SEO v27.2) - https:\/\/yoast.com\/product\/yoast-seo-premium-wordpress\/ -->\n<title>Elevadores para deficientes, s\u00e3o obrigat\u00f3rios em 2018?<\/title>\n<meta name=\"description\" content=\"Gostaria de saber se os elevadores para pessoas com defici\u00eancia s\u00e3o obrigat\u00f3rios? Saiba tudo sobre este regulamento na Eninter Ascensores.\" \/>\n<meta name=\"robots\" content=\"index, follow, max-snippet:-1, max-image-preview:large, max-video-preview:-1\" \/>\n<link rel=\"canonical\" href=\"https:\/\/www.eninter.com\/pt-pt\/os-elevadores-e-os-ascensores-para-deficientes-sao-obrigatorios-em-2018\/\" \/>\n<meta property=\"og:locale\" content=\"pt_PT\" \/>\n<meta property=\"og:type\" content=\"article\" \/>\n<meta property=\"og:title\" content=\"Os elevadores e os ascensores para deficientes s\u00e3o obrigat\u00f3rios em 2018?\" \/>\n<meta property=\"og:description\" content=\"Gostaria de saber se os elevadores para pessoas com defici\u00eancia s\u00e3o obrigat\u00f3rios? Saiba tudo sobre este regulamento na Eninter Ascensores.\" \/>\n<meta property=\"og:url\" content=\"https:\/\/www.eninter.com\/pt-pt\/os-elevadores-e-os-ascensores-para-deficientes-sao-obrigatorios-em-2018\/\" \/>\n<meta property=\"og:site_name\" content=\"ENINTER\" \/>\n<meta property=\"article:publisher\" content=\"https:\/\/www.facebook.com\/EninterAscensores\" \/>\n<meta property=\"article:published_time\" content=\"2018-10-15T16:30:16+00:00\" \/>\n<meta property=\"article:modified_time\" content=\"2024-02-20T10:48:35+00:00\" \/>\n<meta property=\"og:image\" content=\"https:\/\/www.eninter.com\/wp-content\/uploads\/2018\/10\/hombre-entrega-paquete-ascensor-cerrar-scaled.jpg\" \/>\n\t<meta property=\"og:image:width\" content=\"2560\" \/>\n\t<meta property=\"og:image:height\" content=\"1707\" \/>\n\t<meta property=\"og:image:type\" content=\"image\/jpeg\" \/>\n<meta name=\"author\" content=\"Albert Puig\" \/>\n<meta name=\"twitter:card\" content=\"summary_large_image\" \/>\n<meta name=\"twitter:creator\" content=\"@Eninter\" \/>\n<meta name=\"twitter:site\" content=\"@Eninter\" \/>\n<meta name=\"twitter:label1\" content=\"Escrito por\" \/>\n\t<meta name=\"twitter:data1\" content=\"Albert Puig\" \/>\n\t<meta name=\"twitter:label2\" content=\"Tempo estimado de leitura\" \/>\n\t<meta name=\"twitter:data2\" content=\"3 minutos\" \/>\n<!-- \/ Yoast SEO Premium plugin. -->","yoast_head_json":{"title":"Elevadores para deficientes, s\u00e3o obrigat\u00f3rios em 2018?","description":"Gostaria de saber se os elevadores para pessoas com defici\u00eancia s\u00e3o obrigat\u00f3rios? Saiba tudo sobre este regulamento na Eninter Ascensores.","robots":{"index":"index","follow":"follow","max-snippet":"max-snippet:-1","max-image-preview":"max-image-preview:large","max-video-preview":"max-video-preview:-1"},"canonical":"https:\/\/www.eninter.com\/pt-pt\/os-elevadores-e-os-ascensores-para-deficientes-sao-obrigatorios-em-2018\/","og_locale":"pt_PT","og_type":"article","og_title":"Os elevadores e os ascensores para deficientes s\u00e3o obrigat\u00f3rios em 2018?","og_description":"Gostaria de saber se os elevadores para pessoas com defici\u00eancia s\u00e3o obrigat\u00f3rios? Saiba tudo sobre este regulamento na Eninter Ascensores.","og_url":"https:\/\/www.eninter.com\/pt-pt\/os-elevadores-e-os-ascensores-para-deficientes-sao-obrigatorios-em-2018\/","og_site_name":"ENINTER","article_publisher":"https:\/\/www.facebook.com\/EninterAscensores","article_published_time":"2018-10-15T16:30:16+00:00","article_modified_time":"2024-02-20T10:48:35+00:00","og_image":[{"width":2560,"height":1707,"url":"https:\/\/www.eninter.com\/wp-content\/uploads\/2018\/10\/hombre-entrega-paquete-ascensor-cerrar-scaled.jpg","type":"image\/jpeg"}],"author":"Albert Puig","twitter_card":"summary_large_image","twitter_creator":"@Eninter","twitter_site":"@Eninter","twitter_misc":{"Escrito por":"Albert Puig","Tempo estimado de leitura":"3 minutos"},"schema":{"@context":"https:\/\/schema.org","@graph":[{"@type":"Article","@id":"https:\/\/www.eninter.com\/pt-pt\/os-elevadores-e-os-ascensores-para-deficientes-sao-obrigatorios-em-2018\/#article","isPartOf":{"@id":"https:\/\/www.eninter.com\/pt-pt\/os-elevadores-e-os-ascensores-para-deficientes-sao-obrigatorios-em-2018\/"},"author":{"name":"Albert Puig","@id":"https:\/\/www.eninter.com\/pt-pt\/#\/schema\/person\/e6178c261ac4210884c0e0264dd59043"},"headline":"Os elevadores e os ascensores para deficientes s\u00e3o obrigat\u00f3rios em 2018?","datePublished":"2018-10-15T16:30:16+00:00","dateModified":"2024-02-20T10:48:35+00:00","mainEntityOfPage":{"@id":"https:\/\/www.eninter.com\/pt-pt\/os-elevadores-e-os-ascensores-para-deficientes-sao-obrigatorios-em-2018\/"},"wordCount":543,"commentCount":0,"publisher":{"@id":"https:\/\/www.eninter.com\/pt-pt\/#organization"},"image":{"@id":"https:\/\/www.eninter.com\/pt-pt\/os-elevadores-e-os-ascensores-para-deficientes-sao-obrigatorios-em-2018\/#primaryimage"},"thumbnailUrl":"https:\/\/www.eninter.com\/wp-content\/uploads\/2018\/10\/hombre-entrega-paquete-ascensor-cerrar-scaled.jpg","articleSection":["Elevadores"],"inLanguage":"pt-PT","potentialAction":[{"@type":"CommentAction","name":"Comment","target":["https:\/\/www.eninter.com\/pt-pt\/os-elevadores-e-os-ascensores-para-deficientes-sao-obrigatorios-em-2018\/#respond"]}]},{"@type":"WebPage","@id":"https:\/\/www.eninter.com\/pt-pt\/os-elevadores-e-os-ascensores-para-deficientes-sao-obrigatorios-em-2018\/","url":"https:\/\/www.eninter.com\/pt-pt\/os-elevadores-e-os-ascensores-para-deficientes-sao-obrigatorios-em-2018\/","name":"Elevadores para deficientes, s\u00e3o obrigat\u00f3rios em 2018?","isPartOf":{"@id":"https:\/\/www.eninter.com\/pt-pt\/#website"},"primaryImageOfPage":{"@id":"https:\/\/www.eninter.com\/pt-pt\/os-elevadores-e-os-ascensores-para-deficientes-sao-obrigatorios-em-2018\/#primaryimage"},"image":{"@id":"https:\/\/www.eninter.com\/pt-pt\/os-elevadores-e-os-ascensores-para-deficientes-sao-obrigatorios-em-2018\/#primaryimage"},"thumbnailUrl":"https:\/\/www.eninter.com\/wp-content\/uploads\/2018\/10\/hombre-entrega-paquete-ascensor-cerrar-scaled.jpg","datePublished":"2018-10-15T16:30:16+00:00","dateModified":"2024-02-20T10:48:35+00:00","description":"Gostaria de saber se os elevadores para pessoas com defici\u00eancia s\u00e3o obrigat\u00f3rios? Saiba tudo sobre este regulamento na Eninter Ascensores.","breadcrumb":{"@id":"https:\/\/www.eninter.com\/pt-pt\/os-elevadores-e-os-ascensores-para-deficientes-sao-obrigatorios-em-2018\/#breadcrumb"},"inLanguage":"pt-PT","potentialAction":[{"@type":"ReadAction","target":["https:\/\/www.eninter.com\/pt-pt\/os-elevadores-e-os-ascensores-para-deficientes-sao-obrigatorios-em-2018\/"]}]},{"@type":"ImageObject","inLanguage":"pt-PT","@id":"https:\/\/www.eninter.com\/pt-pt\/os-elevadores-e-os-ascensores-para-deficientes-sao-obrigatorios-em-2018\/#primaryimage","url":"https:\/\/www.eninter.com\/wp-content\/uploads\/2018\/10\/hombre-entrega-paquete-ascensor-cerrar-scaled.jpg","contentUrl":"https:\/\/www.eninter.com\/wp-content\/uploads\/2018\/10\/hombre-entrega-paquete-ascensor-cerrar-scaled.jpg","width":2560,"height":1707,"caption":"Ascensores para minusv\u00e1lidos"},{"@type":"BreadcrumbList","@id":"https:\/\/www.eninter.com\/pt-pt\/os-elevadores-e-os-ascensores-para-deficientes-sao-obrigatorios-em-2018\/#breadcrumb","itemListElement":[{"@type":"ListItem","position":1,"name":"Portada","item":"https:\/\/www.eninter.com\/pt-pt\/"},{"@type":"ListItem","position":2,"name":"Os elevadores e os ascensores para deficientes s\u00e3o obrigat\u00f3rios em 2018?"}]},{"@type":"WebSite","@id":"https:\/\/www.eninter.com\/pt-pt\/#website","url":"https:\/\/www.eninter.com\/pt-pt\/","name":"ENINTER","description":"Mantenimiento de Ascensores Multimarca","publisher":{"@id":"https:\/\/www.eninter.com\/pt-pt\/#organization"},"potentialAction":[{"@type":"SearchAction","target":{"@type":"EntryPoint","urlTemplate":"https:\/\/www.eninter.com\/pt-pt\/?s={search_term_string}"},"query-input":{"@type":"PropertyValueSpecification","valueRequired":true,"valueName":"search_term_string"}}],"inLanguage":"pt-PT"},{"@type":"Organization","@id":"https:\/\/www.eninter.com\/pt-pt\/#organization","name":"Eniter","url":"https:\/\/www.eninter.com\/pt-pt\/","logo":{"@type":"ImageObject","inLanguage":"pt-PT","@id":"https:\/\/www.eninter.com\/pt-pt\/#\/schema\/logo\/image\/","url":"https:\/\/www.eninter.com\/wp-content\/uploads\/2023\/08\/logo-eninter-png.png","contentUrl":"https:\/\/www.eninter.com\/wp-content\/uploads\/2023\/08\/logo-eninter-png.png","width":600,"height":340,"caption":"Eniter"},"image":{"@id":"https:\/\/www.eninter.com\/pt-pt\/#\/schema\/logo\/image\/"},"sameAs":["https:\/\/www.facebook.com\/EninterAscensores","https:\/\/x.com\/Eninter","https:\/\/www.instagram.com\/eninterascensores\/","https:\/\/www.youtube.com\/user\/ascensoreseninter"]},{"@type":"Person","@id":"https:\/\/www.eninter.com\/pt-pt\/#\/schema\/person\/e6178c261ac4210884c0e0264dd59043","name":"Albert Puig","image":{"@type":"ImageObject","inLanguage":"pt-PT","@id":"https:\/\/secure.gravatar.com\/avatar\/583d07f3f1036f58d0e44e873586278b582179a16b27a5b3951504e9ee001c06?s=96&d=mm&r=g","url":"https:\/\/secure.gravatar.com\/avatar\/583d07f3f1036f58d0e44e873586278b582179a16b27a5b3951504e9ee001c06?s=96&d=mm&r=g","contentUrl":"https:\/\/secure.gravatar.com\/avatar\/583d07f3f1036f58d0e44e873586278b582179a16b27a5b3951504e9ee001c06?s=96&d=mm&r=g","caption":"Albert Puig"}}]}},"_links":{"self":[{"href":"https:\/\/www.eninter.com\/pt-pt\/wp-json\/wp\/v2\/posts\/8727","targetHints":{"allow":["GET"]}}],"collection":[{"href":"https:\/\/www.eninter.com\/pt-pt\/wp-json\/wp\/v2\/posts"}],"about":[{"href":"https:\/\/www.eninter.com\/pt-pt\/wp-json\/wp\/v2\/types\/post"}],"author":[{"embeddable":true,"href":"https:\/\/www.eninter.com\/pt-pt\/wp-json\/wp\/v2\/users\/3"}],"replies":[{"embeddable":true,"href":"https:\/\/www.eninter.com\/pt-pt\/wp-json\/wp\/v2\/comments?post=8727"}],"version-history":[{"count":0,"href":"https:\/\/www.eninter.com\/pt-pt\/wp-json\/wp\/v2\/posts\/8727\/revisions"}],"wp:featuredmedia":[{"embeddable":true,"href":"https:\/\/www.eninter.com\/pt-pt\/wp-json\/wp\/v2\/media\/11904"}],"wp:attachment":[{"href":"https:\/\/www.eninter.com\/pt-pt\/wp-json\/wp\/v2\/media?parent=8727"}],"wp:term":[{"taxonomy":"category","embeddable":true,"href":"https:\/\/www.eninter.com\/pt-pt\/wp-json\/wp\/v2\/categories?post=8727"},{"taxonomy":"post_tag","embeddable":true,"href":"https:\/\/www.eninter.com\/pt-pt\/wp-json\/wp\/v2\/tags?post=8727"}],"curies":[{"name":"wp","href":"https:\/\/api.w.org\/{rel}","templated":true}]}}