{"id":8734,"date":"2018-02-21T11:15:17","date_gmt":"2018-02-21T10:15:17","guid":{"rendered":"https:\/\/www.eninter.com\/o-acesso-a-sala-dos-contadores-e-um-direito-de-todos-os-proprietarios\/"},"modified":"2023-12-15T10:03:12","modified_gmt":"2023-12-15T10:03:12","slug":"o-acesso-a-sala-dos-contadores-e-um-direito-de-todos-os-proprietarios","status":"publish","type":"post","link":"https:\/\/www.eninter.com\/pt-pt\/o-acesso-a-sala-dos-contadores-e-um-direito-de-todos-os-proprietarios\/","title":{"rendered":"O acesso \u00e0 sala dos contadores \u00e9 um direito de todos os propriet\u00e1rios?"},"content":{"rendered":"<p>As associa\u00e7\u00f5es de moradores s\u00e3o grupos com os quais pode ser muito complicado para os propriet\u00e1rios viverem no dia a dia. Estabelece-se uma s\u00e9rie de <strong>medidas<\/strong> e, por vezes, h\u00e1 <strong>d\u00favidas<\/strong> por parte dos propriet\u00e1rios. Uma das quest\u00f5es que muitas pessoas colocam diz respeito aos pr\u00f3prios <strong>contadores de \u00e1gua e eletricidade<\/strong>. Pode acontecer que seja necess\u00e1rio aceder a esta sala, onde todos eles est\u00e3o armazenados, para efetuar uma opera\u00e7\u00e3o urgente.<\/p>\n<p>A desvantagem \u00e9 o acesso. H\u00e1 comunidades de bairro em que a <strong>sala<\/strong> est\u00e1 completamente<strong> fechada<\/strong> \u00e0 chave e s\u00f3 um dos trabalhadores tem acesso a ela. O que acontece se o acesso for necess\u00e1rio? Por vezes, isto pode ser necess\u00e1rio com urg\u00eancia devido a um problema ou a uma falha de energia, por exemplo.<\/p>\n<p>Muitos vizinhos queixam-se de n\u00e3o poderem aceder \u00e0 sala dos contadores nos seus edif\u00edcios. Em caso de d\u00favida, a lei \u00e9 clara: todos os<strong> propriet\u00e1rios t\u00eam o direito de poder ver os seus contadores de \u00e1gua e eletricidade em qualquer altura<\/strong>. Por conseguinte, a chave que permite o acesso a esta sala deve estar sempre acess\u00edvel.<\/p>\n<p>Pode acontecer que <strong>a chave de acesso<\/strong> esteja na posse do administrador do edif\u00edcio, do porteiro ou de qualquer outro propriet\u00e1rio. Isto n\u00e3o deve ser um obst\u00e1culo, pois esta chave deve estar sempre dispon\u00edvel, sem que seja necess\u00e1rio esperar por um trabalhador.<\/p>\n<h2><strong>Introdu\u00e7\u00e3o \u00e0 sala do medidor de luz<\/strong><\/h2>\n<p>As salas de contadores de luz s\u00e3o vitais para a gest\u00e3o de energia em edif\u00edcios residenciais e comerciais. Estes espa\u00e7os, muitas vezes negligenciados, desempenham um papel crucial na monitoriza\u00e7\u00e3o e controlo do consumo de energia.<\/p>\n<p>Ao longo dos anos, sofreram uma evolu\u00e7\u00e3o not\u00e1vel, adaptando-se \u00e0 evolu\u00e7\u00e3o das necessidades energ\u00e9ticas e das tecnologias. Dos contadores anal\u00f3gicos tradicionais aos modernos sistemas digitais e contadores inteligentes, estas salas testemunharam e desempenharam um papel fundamental na transforma\u00e7\u00e3o da forma como medimos e compreendemos o consumo de energia. A sua import\u00e2ncia reside n\u00e3o s\u00f3 na medi\u00e7\u00e3o exacta da utiliza\u00e7\u00e3o de energia, mas tamb\u00e9m na garantia de efici\u00eancia, seguran\u00e7a e conformidade regulamentar no fornecimento de eletricidade.<\/p>\n<p>Neste contexto, a compreens\u00e3o do papel e da gest\u00e3o das salas de contadores torna-se essencial para qualquer propriet\u00e1rio ou gestor de edif\u00edcios preocupado com a sustentabilidade e a efici\u00eancia energ\u00e9tica.<\/p>\n<p><img fetchpriority=\"high\" decoding=\"async\" class=\"alignnone wp-image-9962 size-full\" src=\"https:\/\/www.eninter.com\/wp-content\/uploads\/2018\/02\/cuadro-de-contadores-de-la-luz.png\" alt=\"painel de contador de eletricidade\" width=\"668\" height=\"384\" srcset=\"https:\/\/www.eninter.com\/wp-content\/uploads\/2018\/02\/cuadro-de-contadores-de-la-luz.png 668w, https:\/\/www.eninter.com\/wp-content\/uploads\/2018\/02\/cuadro-de-contadores-de-la-luz-300x172.png 300w\" sizes=\"(max-width: 668px) 100vw, 668px\" \/><\/p>\n<h2>Direitos e responsabilidades dos propriet\u00e1rios<\/h2>\n<h3>Acesso \u00e0 sala dos contabilistas<\/h3>\n<p>Os propriet\u00e1rios t\u00eam um direito fundamental de acesso \u00e0 sala de contadores do seu edif\u00edcio. Este direito n\u00e3o \u00e9 apenas uma quest\u00e3o de transpar\u00eancia, mas tamb\u00e9m uma necessidade em casos de emerg\u00eancia ou de controlo do consumo. A lei \u00e9 clara: a chave da sala dos contadores deve estar sempre acess\u00edvel. Pode ser atrav\u00e9s do administrador do pr\u00e9dio, do porteiro ou mesmo nas m\u00e3os de um dos propriet\u00e1rios. Este acesso garante que os residentes possam efetuar controlos de forma independente e sem atrasos desnecess\u00e1rios.<\/p>\n<h3>Manipula\u00e7\u00e3o do contador<\/h3>\n<p>Quanto ao manuseamento dos contadores, trata-se de uma tarefa que requer cuidados especiais. Por raz\u00f5es de seguran\u00e7a e regulamentares, apenas pessoal qualificado e autorizado pode fazer ajustes ou repara\u00e7\u00f5es nos contadores ou nas instala\u00e7\u00f5es el\u00e9ctricas associadas.<\/p>\n<p>\u00c9 imperativo que estas tarefas sejam executadas de acordo com as normas de seguran\u00e7a em vigor e que o pessoal envolvido possua as licen\u00e7as e acredita\u00e7\u00f5es necess\u00e1rias. Esta abordagem n\u00e3o s\u00f3 protege a integridade das instala\u00e7\u00f5es, como tamb\u00e9m garante a seguran\u00e7a de todos os residentes do edif\u00edcio.<\/p>\n<h2>Estudos de casos e situa\u00e7\u00f5es comuns<\/h2>\n<p>Na gest\u00e3o quotidiana de um edif\u00edcio, existem v\u00e1rias situa\u00e7\u00f5es em que os propriet\u00e1rios necessitam de aceder \u00e0 sala dos contadores de eletricidade. Estes casos incluem:<\/p>\n<ol>\n<li><strong>Emerg\u00eancias<\/strong>: tais como cortes de energia inesperados ou falhas no sistema el\u00e9trico. Nestes casos, o acesso r\u00e1pido \u00e0 sala dos contadores \u00e9 crucial para identificar e resolver o problema.<\/li>\n<li><strong>Manuten\u00e7\u00e3o de rotina<\/strong>: Para garantir o bom funcionamento dos contadores e da infraestrutura el\u00e9ctrica, s\u00e3o necess\u00e1rias inspec\u00e7\u00f5es e manuten\u00e7\u00f5es peri\u00f3dicas.<\/li>\n<li><strong>Verifica\u00e7\u00e3o das leituras<\/strong>: Os senhorios podem ser obrigados a verificar as leituras dos contadores para garantir que a fatura\u00e7\u00e3o \u00e9 exacta.<\/li>\n<li><strong>Renova\u00e7\u00f5es ou actualiza\u00e7\u00f5es do sistema<\/strong>: Se forem feitas actualiza\u00e7\u00f5es ou altera\u00e7\u00f5es ao sistema el\u00e9trico do edif\u00edcio, \u00e9 necess\u00e1rio aceder \u00e0 divis\u00e3o para efetuar as modifica\u00e7\u00f5es necess\u00e1rias.<\/li>\n<\/ol>\n<p>Em todos estes casos, \u00e9 importante seguir os protocolos de seguran\u00e7a e, se for necess\u00e1ria alguma manipula\u00e7\u00e3o t\u00e9cnica, ser assistido por pessoal qualificado. Os propriet\u00e1rios devem estar cientes dos seus direitos de acesso a estas \u00e1reas, mas tamb\u00e9m das restri\u00e7\u00f5es e procedimentos a seguir para garantir a gest\u00e3o segura e eficiente destas instala\u00e7\u00f5es cr\u00edticas.<\/p>\n<h2>Perguntas frequentes sobre a sala dos contabilistas<\/h2>\n<p>Seguem-se algumas das perguntas mais frequentes que os propriet\u00e1rios t\u00eam sobre a sala do contador:<\/p>\n<ol>\n<li><strong>Quem tem direito a aceder \u00e0 sala de contadores?<\/strong>  Os propriet\u00e1rios e os administradores dos edif\u00edcios t\u00eam o direito de aceder \u00e0 sala dos contadores. A chave deve estar sempre acess\u00edvel para eles.<\/li>\n<li><strong>Que medidas de seguran\u00e7a devo seguir quando acedo \u00e0 sala dos contadores?<\/strong>  \u00c9 crucial seguir as regras b\u00e1sicas de seguran\u00e7a, tais como n\u00e3o manusear qualquer equipamento sem estar qualificado e assegurar que a \u00e1rea est\u00e1 seca e bem iluminada.<\/li>\n<li><strong>Posso verificar pessoalmente o meu contador de eletricidade?<\/strong>  Sim, os senhorios t\u00eam o direito de verificar os contadores de eletricidade para se certificarem de que as leituras est\u00e3o correctas.<\/li>\n<li><strong>Quem pode efetuar a manuten\u00e7\u00e3o ou a repara\u00e7\u00e3o dos contadores?<\/strong>  A manuten\u00e7\u00e3o ou repara\u00e7\u00e3o dos contadores e das instala\u00e7\u00f5es el\u00e9ctricas s\u00f3 deve ser efectuada por pessoal qualificado e autorizado.<\/li>\n<li><strong>Em caso de emerg\u00eancia, como devo proceder para aceder ao quarto?<\/strong>  Em caso de emerg\u00eancia, contactar o administrador do edif\u00edcio ou o porteiro para obter acesso imediato \u00e0 sala dos contadores. Se n\u00e3o estiver dispon\u00edvel, a localiza\u00e7\u00e3o da chave de acesso deve ser conhecida.<\/li>\n<\/ol>\n<h2>Seguran\u00e7a na sala dos contadores<\/h2>\n<h3>Medidas de preven\u00e7\u00e3o e seguran\u00e7a<\/h3>\n<p>A seguran\u00e7a na sala de contadores \u00e9 da maior import\u00e2ncia para evitar acidentes e garantir o manuseamento correto da sala de contadores. Algumas medidas de seguran\u00e7a essenciais incluem:<\/p>\n<ol>\n<li><strong>Equipamento de prote\u00e7\u00e3o individual (EPI)<\/strong>: Recomenda-se a utiliza\u00e7\u00e3o de luvas isolantes, cal\u00e7ado de seguran\u00e7a e \u00f3culos de seguran\u00e7a ao aceder \u00e0 sala dos contadores.<\/li>\n<li><strong>Forma\u00e7\u00e3o e conhecimentos<\/strong>: Apenas o pessoal com forma\u00e7\u00e3o adequada e conhecimentos espec\u00edficos deve operar ou efetuar a manuten\u00e7\u00e3o dos contadores e do sistema el\u00e9trico.<\/li>\n<li><strong>Sinaliza\u00e7\u00e3o e acesso restrito<\/strong>: A sala deve estar claramente assinalada e o acesso deve ser limitado ao pessoal autorizado.<\/li>\n<li><strong>Procedimentos de emerg\u00eancia<\/strong>: Deve existir um procedimento claro em caso de emerg\u00eancia, como cortes de energia ou falhas no sistema, incluindo a forma de aceder \u00e0 sala de forma segura e r\u00e1pida.<\/li>\n<li><strong>Manuten\u00e7\u00e3o regular<\/strong>: Realizar inspec\u00e7\u00f5es e manuten\u00e7\u00e3o regulares para garantir que todo o equipamento e instala\u00e7\u00f5es est\u00e3o a funcionar corretamente e em seguran\u00e7a.<\/li>\n<\/ol>\n<p>Estas medidas s\u00e3o essenciais para garantir n\u00e3o s\u00f3 a seguran\u00e7a de quem entra na sala, mas tamb\u00e9m a efici\u00eancia e fiabilidade do sistema el\u00e9trico do edif\u00edcio.<\/p>\n<h2>Impacto da tecnologia na gest\u00e3o dos contabilistas<\/h2>\n<p>A tecnologia revolucionou a forma como gerimos e compreendemos o consumo de energia nos edif\u00edcios. Os contadores inteligentes s\u00e3o um exemplo claro desta transforma\u00e7\u00e3o. Estes dispositivos permitem a leitura e monitoriza\u00e7\u00e3o remota do consumo de eletricidade, fornecendo uma grande quantidade de dados em tempo real.<\/p>\n<p>Isto n\u00e3o s\u00f3 facilita a fatura\u00e7\u00e3o exacta e a dete\u00e7\u00e3o de irregularidades, como tamb\u00e9m permite uma gest\u00e3o mais eficiente do consumo de energia. Al\u00e9m disso, a integra\u00e7\u00e3o de sistemas de monitoriza\u00e7\u00e3o remota e de an\u00e1lise de dados est\u00e1 a fornecer aos gestores de edif\u00edcios ferramentas mais poderosas para otimizar a utiliza\u00e7\u00e3o de energia e reduzir os custos, melhorando simultaneamente a sustentabilidade ambiental. A ado\u00e7\u00e3o destas tecnologias est\u00e1 a mudar significativamente a forma como as salas de medi\u00e7\u00e3o s\u00e3o geridas, tornando-as mais eficientes, seguras e adaptadas \u00e0s necessidades do s\u00e9culo XXI.<\/p>\n<h2>Conclus\u00e3o<\/h2>\n<p>Em conclus\u00e3o, a gest\u00e3o adequada da sala dos contadores \u00e9 essencial para a efici\u00eancia energ\u00e9tica e a seguran\u00e7a em edif\u00edcios residenciais e comerciais. Desde os direitos de acesso \u00e0s medidas de seguran\u00e7a, passando pelo impacto da tecnologia na sua gest\u00e3o, \u00e9 fundamental estar bem informado e preparado.<\/p>\n","protected":false},"excerpt":{"rendered":"<p>As associa\u00e7\u00f5es de moradores s\u00e3o grupos com os quais pode ser muito complicado para os propriet\u00e1rios viverem no dia a dia. Estabelece-se uma s\u00e9rie de medidas e, por vezes, h\u00e1 d\u00favidas por parte dos propriet\u00e1rios. Uma das quest\u00f5es que muitas pessoas colocam diz respeito aos pr\u00f3prios contadores de \u00e1gua e eletricidade. Pode acontecer que seja [&hellip;]<\/p>\n","protected":false},"author":3,"featured_media":9961,"comment_status":"closed","ping_status":"closed","sticky":false,"template":"","format":"standard","meta":{"_acf_changed":false,"content-type":"","footnotes":""},"categories":[218],"tags":[],"class_list":["post-8734","post","type-post","status-publish","format-standard","has-post-thumbnail","hentry","category-curiosidades-pt-pt"],"acf":[],"_yoast_wpseo_focuskw":"quarto contador de eletricidade","_yoast_wpseo_metadesc":"No Blogue da Eninter: O acesso \u00e0 sala do contador de eletricidade \u00e9 um direito de todos os propriet\u00e1rios de casas? Esclare\u00e7a as suas d\u00favidas enquanto propriet\u00e1rio.","yoast_head":"<!-- This site is optimized with the Yoast SEO Premium plugin v21.6 (Yoast SEO v27.2) - https:\/\/yoast.com\/product\/yoast-seo-premium-wordpress\/ -->\n<title>Quem pode aceder e\/ou manipular a sala de contadores?<\/title>\n<meta name=\"description\" content=\"No Blogue da Eninter: O acesso \u00e0 sala do contador de eletricidade \u00e9 um direito de todos os propriet\u00e1rios de casas? Esclare\u00e7a as suas d\u00favidas enquanto propriet\u00e1rio.\" \/>\n<meta name=\"robots\" content=\"index, follow, max-snippet:-1, max-image-preview:large, max-video-preview:-1\" \/>\n<link rel=\"canonical\" href=\"https:\/\/www.eninter.com\/pt-pt\/o-acesso-a-sala-dos-contadores-e-um-direito-de-todos-os-proprietarios\/\" \/>\n<meta property=\"og:locale\" content=\"pt_PT\" \/>\n<meta property=\"og:type\" content=\"article\" \/>\n<meta property=\"og:title\" content=\"O acesso \u00e0 sala dos contadores \u00e9 um direito de todos os propriet\u00e1rios?\" \/>\n<meta property=\"og:description\" content=\"No Blogue da Eninter: O acesso \u00e0 sala do contador de eletricidade \u00e9 um direito de todos os propriet\u00e1rios de casas? Esclare\u00e7a as suas d\u00favidas enquanto propriet\u00e1rio.\" \/>\n<meta property=\"og:url\" content=\"https:\/\/www.eninter.com\/pt-pt\/o-acesso-a-sala-dos-contadores-e-um-direito-de-todos-os-proprietarios\/\" \/>\n<meta property=\"og:site_name\" content=\"ENINTER\" \/>\n<meta property=\"article:publisher\" content=\"https:\/\/www.facebook.com\/EninterAscensores\" \/>\n<meta property=\"article:published_time\" content=\"2018-02-21T10:15:17+00:00\" \/>\n<meta property=\"article:modified_time\" content=\"2023-12-15T10:03:12+00:00\" \/>\n<meta property=\"og:image\" content=\"https:\/\/www.eninter.com\/wp-content\/uploads\/2018\/02\/cuadro-de-contadores.png\" \/>\n\t<meta property=\"og:image:width\" content=\"454\" \/>\n\t<meta property=\"og:image:height\" content=\"309\" \/>\n\t<meta property=\"og:image:type\" content=\"image\/png\" \/>\n<meta name=\"author\" content=\"Albert Puig\" \/>\n<meta name=\"twitter:card\" content=\"summary_large_image\" \/>\n<meta name=\"twitter:creator\" content=\"@Eninter\" \/>\n<meta name=\"twitter:site\" content=\"@Eninter\" \/>\n<meta name=\"twitter:label1\" content=\"Escrito por\" \/>\n\t<meta name=\"twitter:data1\" content=\"Albert Puig\" \/>\n\t<meta name=\"twitter:label2\" content=\"Tempo estimado de leitura\" \/>\n\t<meta name=\"twitter:data2\" content=\"7 minutos\" \/>\n<!-- \/ Yoast SEO Premium plugin. -->","yoast_head_json":{"title":"Quem pode aceder e\/ou manipular a sala de contadores?","description":"No Blogue da Eninter: O acesso \u00e0 sala do contador de eletricidade \u00e9 um direito de todos os propriet\u00e1rios de casas? Esclare\u00e7a as suas d\u00favidas enquanto propriet\u00e1rio.","robots":{"index":"index","follow":"follow","max-snippet":"max-snippet:-1","max-image-preview":"max-image-preview:large","max-video-preview":"max-video-preview:-1"},"canonical":"https:\/\/www.eninter.com\/pt-pt\/o-acesso-a-sala-dos-contadores-e-um-direito-de-todos-os-proprietarios\/","og_locale":"pt_PT","og_type":"article","og_title":"O acesso \u00e0 sala dos contadores \u00e9 um direito de todos os propriet\u00e1rios?","og_description":"No Blogue da Eninter: O acesso \u00e0 sala do contador de eletricidade \u00e9 um direito de todos os propriet\u00e1rios de casas? Esclare\u00e7a as suas d\u00favidas enquanto propriet\u00e1rio.","og_url":"https:\/\/www.eninter.com\/pt-pt\/o-acesso-a-sala-dos-contadores-e-um-direito-de-todos-os-proprietarios\/","og_site_name":"ENINTER","article_publisher":"https:\/\/www.facebook.com\/EninterAscensores","article_published_time":"2018-02-21T10:15:17+00:00","article_modified_time":"2023-12-15T10:03:12+00:00","og_image":[{"width":454,"height":309,"url":"https:\/\/www.eninter.com\/wp-content\/uploads\/2018\/02\/cuadro-de-contadores.png","type":"image\/png"}],"author":"Albert Puig","twitter_card":"summary_large_image","twitter_creator":"@Eninter","twitter_site":"@Eninter","twitter_misc":{"Escrito por":"Albert Puig","Tempo estimado de leitura":"7 minutos"},"schema":{"@context":"https:\/\/schema.org","@graph":[{"@type":"Article","@id":"https:\/\/www.eninter.com\/pt-pt\/o-acesso-a-sala-dos-contadores-e-um-direito-de-todos-os-proprietarios\/#article","isPartOf":{"@id":"https:\/\/www.eninter.com\/pt-pt\/o-acesso-a-sala-dos-contadores-e-um-direito-de-todos-os-proprietarios\/"},"author":{"name":"Albert Puig","@id":"https:\/\/www.eninter.com\/pt-pt\/#\/schema\/person\/e6178c261ac4210884c0e0264dd59043"},"headline":"O acesso \u00e0 sala dos contadores \u00e9 um direito de todos os propriet\u00e1rios?","datePublished":"2018-02-21T10:15:17+00:00","dateModified":"2023-12-15T10:03:12+00:00","mainEntityOfPage":{"@id":"https:\/\/www.eninter.com\/pt-pt\/o-acesso-a-sala-dos-contadores-e-um-direito-de-todos-os-proprietarios\/"},"wordCount":1491,"publisher":{"@id":"https:\/\/www.eninter.com\/pt-pt\/#organization"},"image":{"@id":"https:\/\/www.eninter.com\/pt-pt\/o-acesso-a-sala-dos-contadores-e-um-direito-de-todos-os-proprietarios\/#primaryimage"},"thumbnailUrl":"https:\/\/www.eninter.com\/wp-content\/uploads\/2018\/02\/cuadro-de-contadores.png","articleSection":["Curiosidades"],"inLanguage":"pt-PT"},{"@type":"WebPage","@id":"https:\/\/www.eninter.com\/pt-pt\/o-acesso-a-sala-dos-contadores-e-um-direito-de-todos-os-proprietarios\/","url":"https:\/\/www.eninter.com\/pt-pt\/o-acesso-a-sala-dos-contadores-e-um-direito-de-todos-os-proprietarios\/","name":"Quem pode aceder e\/ou manipular a sala de contadores?","isPartOf":{"@id":"https:\/\/www.eninter.com\/pt-pt\/#website"},"primaryImageOfPage":{"@id":"https:\/\/www.eninter.com\/pt-pt\/o-acesso-a-sala-dos-contadores-e-um-direito-de-todos-os-proprietarios\/#primaryimage"},"image":{"@id":"https:\/\/www.eninter.com\/pt-pt\/o-acesso-a-sala-dos-contadores-e-um-direito-de-todos-os-proprietarios\/#primaryimage"},"thumbnailUrl":"https:\/\/www.eninter.com\/wp-content\/uploads\/2018\/02\/cuadro-de-contadores.png","datePublished":"2018-02-21T10:15:17+00:00","dateModified":"2023-12-15T10:03:12+00:00","description":"No Blogue da Eninter: O acesso \u00e0 sala do contador de eletricidade \u00e9 um direito de todos os propriet\u00e1rios de casas? Esclare\u00e7a as suas d\u00favidas enquanto propriet\u00e1rio.","breadcrumb":{"@id":"https:\/\/www.eninter.com\/pt-pt\/o-acesso-a-sala-dos-contadores-e-um-direito-de-todos-os-proprietarios\/#breadcrumb"},"inLanguage":"pt-PT","potentialAction":[{"@type":"ReadAction","target":["https:\/\/www.eninter.com\/pt-pt\/o-acesso-a-sala-dos-contadores-e-um-direito-de-todos-os-proprietarios\/"]}]},{"@type":"ImageObject","inLanguage":"pt-PT","@id":"https:\/\/www.eninter.com\/pt-pt\/o-acesso-a-sala-dos-contadores-e-um-direito-de-todos-os-proprietarios\/#primaryimage","url":"https:\/\/www.eninter.com\/wp-content\/uploads\/2018\/02\/cuadro-de-contadores.png","contentUrl":"https:\/\/www.eninter.com\/wp-content\/uploads\/2018\/02\/cuadro-de-contadores.png","width":454,"height":309,"caption":"cuadro de contadores"},{"@type":"BreadcrumbList","@id":"https:\/\/www.eninter.com\/pt-pt\/o-acesso-a-sala-dos-contadores-e-um-direito-de-todos-os-proprietarios\/#breadcrumb","itemListElement":[{"@type":"ListItem","position":1,"name":"Portada","item":"https:\/\/www.eninter.com\/pt-pt\/"},{"@type":"ListItem","position":2,"name":"O acesso \u00e0 sala dos contadores \u00e9 um direito de todos os propriet\u00e1rios?"}]},{"@type":"WebSite","@id":"https:\/\/www.eninter.com\/pt-pt\/#website","url":"https:\/\/www.eninter.com\/pt-pt\/","name":"ENINTER","description":"Mantenimiento de Ascensores Multimarca","publisher":{"@id":"https:\/\/www.eninter.com\/pt-pt\/#organization"},"potentialAction":[{"@type":"SearchAction","target":{"@type":"EntryPoint","urlTemplate":"https:\/\/www.eninter.com\/pt-pt\/?s={search_term_string}"},"query-input":{"@type":"PropertyValueSpecification","valueRequired":true,"valueName":"search_term_string"}}],"inLanguage":"pt-PT"},{"@type":"Organization","@id":"https:\/\/www.eninter.com\/pt-pt\/#organization","name":"Eniter","url":"https:\/\/www.eninter.com\/pt-pt\/","logo":{"@type":"ImageObject","inLanguage":"pt-PT","@id":"https:\/\/www.eninter.com\/pt-pt\/#\/schema\/logo\/image\/","url":"https:\/\/www.eninter.com\/wp-content\/uploads\/2023\/08\/logo-eninter-png.png","contentUrl":"https:\/\/www.eninter.com\/wp-content\/uploads\/2023\/08\/logo-eninter-png.png","width":600,"height":340,"caption":"Eniter"},"image":{"@id":"https:\/\/www.eninter.com\/pt-pt\/#\/schema\/logo\/image\/"},"sameAs":["https:\/\/www.facebook.com\/EninterAscensores","https:\/\/x.com\/Eninter","https:\/\/www.instagram.com\/eninterascensores\/","https:\/\/www.youtube.com\/user\/ascensoreseninter"]},{"@type":"Person","@id":"https:\/\/www.eninter.com\/pt-pt\/#\/schema\/person\/e6178c261ac4210884c0e0264dd59043","name":"Albert Puig","image":{"@type":"ImageObject","inLanguage":"pt-PT","@id":"https:\/\/secure.gravatar.com\/avatar\/583d07f3f1036f58d0e44e873586278b582179a16b27a5b3951504e9ee001c06?s=96&d=mm&r=g","url":"https:\/\/secure.gravatar.com\/avatar\/583d07f3f1036f58d0e44e873586278b582179a16b27a5b3951504e9ee001c06?s=96&d=mm&r=g","contentUrl":"https:\/\/secure.gravatar.com\/avatar\/583d07f3f1036f58d0e44e873586278b582179a16b27a5b3951504e9ee001c06?s=96&d=mm&r=g","caption":"Albert Puig"}}]}},"_links":{"self":[{"href":"https:\/\/www.eninter.com\/pt-pt\/wp-json\/wp\/v2\/posts\/8734","targetHints":{"allow":["GET"]}}],"collection":[{"href":"https:\/\/www.eninter.com\/pt-pt\/wp-json\/wp\/v2\/posts"}],"about":[{"href":"https:\/\/www.eninter.com\/pt-pt\/wp-json\/wp\/v2\/types\/post"}],"author":[{"embeddable":true,"href":"https:\/\/www.eninter.com\/pt-pt\/wp-json\/wp\/v2\/users\/3"}],"replies":[{"embeddable":true,"href":"https:\/\/www.eninter.com\/pt-pt\/wp-json\/wp\/v2\/comments?post=8734"}],"version-history":[{"count":0,"href":"https:\/\/www.eninter.com\/pt-pt\/wp-json\/wp\/v2\/posts\/8734\/revisions"}],"wp:featuredmedia":[{"embeddable":true,"href":"https:\/\/www.eninter.com\/pt-pt\/wp-json\/wp\/v2\/media\/9961"}],"wp:attachment":[{"href":"https:\/\/www.eninter.com\/pt-pt\/wp-json\/wp\/v2\/media?parent=8734"}],"wp:term":[{"taxonomy":"category","embeddable":true,"href":"https:\/\/www.eninter.com\/pt-pt\/wp-json\/wp\/v2\/categories?post=8734"},{"taxonomy":"post_tag","embeddable":true,"href":"https:\/\/www.eninter.com\/pt-pt\/wp-json\/wp\/v2\/tags?post=8734"}],"curies":[{"name":"wp","href":"https:\/\/api.w.org\/{rel}","templated":true}]}}