{"id":8743,"date":"2018-01-11T10:09:27","date_gmt":"2018-01-11T10:09:27","guid":{"rendered":"https:\/\/www.eninter.com\/por-que-razao-existem-espelhos-na-maioria-dos-elevadores\/"},"modified":"2018-01-11T10:09:27","modified_gmt":"2018-01-11T10:09:27","slug":"por-que-razao-existem-espelhos-na-maioria-dos-elevadores","status":"publish","type":"post","link":"https:\/\/www.eninter.com\/pt-pt\/por-que-razao-existem-espelhos-na-maioria-dos-elevadores\/","title":{"rendered":"Por que raz\u00e3o existem espelhos na maioria dos elevadores?"},"content":{"rendered":"<p>Se se pergunta se h\u00e1 alguma raz\u00e3o para a grande maioria dos elevadores ter um espelho, deve saber que, embora a principal utiliza\u00e7\u00e3o que lhe damos enquanto utilizadores seja para nos vermos nele, h\u00e1 raz\u00f5es pr\u00e1ticas para a sua utiliza\u00e7\u00e3o frequente.<\/p>\n<h2>O que \u00e9 que um espelho no elevador faz?<\/h2>\n<p>A principal raz\u00e3o para ter espelhos nos <a href=\"https:\/\/www.eninter.com\/pt-pt\/elevadores\/?utm_source=blog&#038;utm_medium=post&#038;utm_campaign=BlogEninter\" target=\"_blank\" rel=\"noopener noreferrer\">elevadores<\/a> \u00e9 o facto de darem uma <strong>sensa\u00e7\u00e3o de espa\u00e7o<\/strong> e, assim, <strong>reduzirem a sensa\u00e7\u00e3o de claustrofobia<\/strong> que um espa\u00e7o t\u00e3o pequeno pode dar. Um simples espelho duplica visualmente o espa\u00e7o real.<\/p>\n<p>Mas tamb\u00e9m pode <strong>tornar mais curta a viagem at\u00e9 ao apartamento para onde se quer ir<\/strong>, porque entret\u00e9m e distrai a aten\u00e7\u00e3o quando se vai com estranhos.<\/p>\n<p>Os espelhos tamb\u00e9m <strong>aumentam a seguran\u00e7a<\/strong>, desincentivando o <strong>vandalismo<\/strong> ao darem a impress\u00e3o de serem observados, o que inibe o vandalismo.<\/p>\n<p>Como podemos ver, as principais raz\u00f5es para ter um espelho em cada elevador, <strong>especialmente nos pequenos<\/strong>, s\u00e3o principalmente psicol\u00f3gicas. Para entreter e tornar a viagem mais curta, para dissuadir os criminosos, para minimizar a claustrofobia e para poder viajar com estranhos sem medo.<\/p>\n<h2>Existem elevadores sem espelhos?<\/h2>\n<p>As principais vantagens dos espelhos t\u00eam um efeito maior nos elevadores mais pequenos. Por este motivo, n\u00e3o existem espelhos nos elevadores de maior capacidade ou nos <strong>elevadores exteriores com portas de vidro<\/strong> que permitem ver o exterior.<\/p>\n<h2>O futuro?<\/h2>\n<p>Os elevadores est\u00e3o em constante evolu\u00e7\u00e3o, s\u00e3o agora mais r\u00e1pidos, percorrem mais pisos e s\u00e3o mais seguros do que nunca, mas<strong> os espelhos continuam a estar presentes nos elevadores<\/strong> como um elemento essencial para o bem-estar de quem os utiliza. \u00c9 \u00f3bvio que s\u00e3o um bom recurso para o n\u00edvel est\u00e9tico e visual do elevador e, al\u00e9m disso, s\u00e3o um elemento muito pr\u00e1tico que decora o espa\u00e7o. E tu, achas que s\u00e3o \u00fateis? Utiliza-os?<\/p>\n","protected":false},"excerpt":{"rendered":"<p>Se se pergunta se h\u00e1 alguma raz\u00e3o para a grande maioria dos elevadores ter um espelho, deve saber que, embora a principal utiliza\u00e7\u00e3o que lhe damos enquanto utilizadores seja para nos vermos nele, h\u00e1 raz\u00f5es pr\u00e1ticas para a sua utiliza\u00e7\u00e3o frequente. O que \u00e9 que um espelho no elevador faz? A principal raz\u00e3o para ter [&hellip;]<\/p>\n","protected":false},"author":3,"featured_media":0,"comment_status":"open","ping_status":"open","sticky":false,"template":"","format":"standard","meta":{"_acf_changed":false,"content-type":"","footnotes":""},"categories":[218,215],"tags":[],"class_list":["post-8743","post","type-post","status-publish","format-standard","hentry","category-curiosidades-pt-pt","category-elevadores"],"acf":[],"_yoast_wpseo_focuskw":"elevadores de espelhos","_yoast_wpseo_metadesc":"J\u00e1 alguma vez se perguntou porque \u00e9 que os elevadores t\u00eam espelhos? \u00c9 por acaso ou n\u00e3o? Qual \u00e9 o efeito dos espelhos no interior do elevador?","yoast_head":"<!-- This site is optimized with the Yoast SEO Premium plugin v21.6 (Yoast SEO v27.2) - https:\/\/yoast.com\/product\/yoast-seo-premium-wordpress\/ -->\n<title>Porque \u00e9 que h\u00e1 espelhos nos elevadores? | Blog Ascensores Eninter<\/title>\n<meta name=\"description\" content=\"J\u00e1 alguma vez se perguntou porque \u00e9 que os elevadores t\u00eam espelhos? \u00c9 por acaso ou n\u00e3o? Qual \u00e9 o efeito dos espelhos no interior do elevador?\" \/>\n<meta name=\"robots\" content=\"index, follow, max-snippet:-1, max-image-preview:large, max-video-preview:-1\" \/>\n<link rel=\"canonical\" href=\"https:\/\/www.eninter.com\/pt-pt\/por-que-razao-existem-espelhos-na-maioria-dos-elevadores\/\" \/>\n<meta property=\"og:locale\" content=\"pt_PT\" \/>\n<meta property=\"og:type\" content=\"article\" \/>\n<meta property=\"og:title\" content=\"Por que raz\u00e3o existem espelhos na maioria dos elevadores?\" \/>\n<meta property=\"og:description\" content=\"J\u00e1 alguma vez se perguntou porque \u00e9 que os elevadores t\u00eam espelhos? \u00c9 por acaso ou n\u00e3o? Qual \u00e9 o efeito dos espelhos no interior do elevador?\" \/>\n<meta property=\"og:url\" content=\"https:\/\/www.eninter.com\/pt-pt\/por-que-razao-existem-espelhos-na-maioria-dos-elevadores\/\" \/>\n<meta property=\"og:site_name\" content=\"ENINTER\" \/>\n<meta property=\"article:publisher\" content=\"https:\/\/www.facebook.com\/EninterAscensores\" \/>\n<meta property=\"article:published_time\" content=\"2018-01-11T10:09:27+00:00\" \/>\n<meta name=\"author\" content=\"Albert Puig\" \/>\n<meta name=\"twitter:card\" content=\"summary_large_image\" \/>\n<meta name=\"twitter:creator\" content=\"@Eninter\" \/>\n<meta name=\"twitter:site\" content=\"@Eninter\" \/>\n<meta name=\"twitter:label1\" content=\"Escrito por\" \/>\n\t<meta name=\"twitter:data1\" content=\"Albert Puig\" \/>\n\t<meta name=\"twitter:label2\" content=\"Tempo estimado de leitura\" \/>\n\t<meta name=\"twitter:data2\" content=\"2 minutos\" \/>\n<!-- \/ Yoast SEO Premium plugin. -->","yoast_head_json":{"title":"Porque \u00e9 que h\u00e1 espelhos nos elevadores? | Blog Ascensores Eninter","description":"J\u00e1 alguma vez se perguntou porque \u00e9 que os elevadores t\u00eam espelhos? \u00c9 por acaso ou n\u00e3o? Qual \u00e9 o efeito dos espelhos no interior do elevador?","robots":{"index":"index","follow":"follow","max-snippet":"max-snippet:-1","max-image-preview":"max-image-preview:large","max-video-preview":"max-video-preview:-1"},"canonical":"https:\/\/www.eninter.com\/pt-pt\/por-que-razao-existem-espelhos-na-maioria-dos-elevadores\/","og_locale":"pt_PT","og_type":"article","og_title":"Por que raz\u00e3o existem espelhos na maioria dos elevadores?","og_description":"J\u00e1 alguma vez se perguntou porque \u00e9 que os elevadores t\u00eam espelhos? \u00c9 por acaso ou n\u00e3o? Qual \u00e9 o efeito dos espelhos no interior do elevador?","og_url":"https:\/\/www.eninter.com\/pt-pt\/por-que-razao-existem-espelhos-na-maioria-dos-elevadores\/","og_site_name":"ENINTER","article_publisher":"https:\/\/www.facebook.com\/EninterAscensores","article_published_time":"2018-01-11T10:09:27+00:00","author":"Albert Puig","twitter_card":"summary_large_image","twitter_creator":"@Eninter","twitter_site":"@Eninter","twitter_misc":{"Escrito por":"Albert Puig","Tempo estimado de leitura":"2 minutos"},"schema":{"@context":"https:\/\/schema.org","@graph":[{"@type":"Article","@id":"https:\/\/www.eninter.com\/pt-pt\/por-que-razao-existem-espelhos-na-maioria-dos-elevadores\/#article","isPartOf":{"@id":"https:\/\/www.eninter.com\/pt-pt\/por-que-razao-existem-espelhos-na-maioria-dos-elevadores\/"},"author":{"name":"Albert Puig","@id":"https:\/\/www.eninter.com\/pt-pt\/#\/schema\/person\/e6178c261ac4210884c0e0264dd59043"},"headline":"Por que raz\u00e3o existem espelhos na maioria dos elevadores?","datePublished":"2018-01-11T10:09:27+00:00","mainEntityOfPage":{"@id":"https:\/\/www.eninter.com\/pt-pt\/por-que-razao-existem-espelhos-na-maioria-dos-elevadores\/"},"wordCount":340,"commentCount":0,"publisher":{"@id":"https:\/\/www.eninter.com\/pt-pt\/#organization"},"articleSection":["Curiosidades","Elevadores"],"inLanguage":"pt-PT","potentialAction":[{"@type":"CommentAction","name":"Comment","target":["https:\/\/www.eninter.com\/pt-pt\/por-que-razao-existem-espelhos-na-maioria-dos-elevadores\/#respond"]}]},{"@type":"WebPage","@id":"https:\/\/www.eninter.com\/pt-pt\/por-que-razao-existem-espelhos-na-maioria-dos-elevadores\/","url":"https:\/\/www.eninter.com\/pt-pt\/por-que-razao-existem-espelhos-na-maioria-dos-elevadores\/","name":"Porque \u00e9 que h\u00e1 espelhos nos elevadores? | Blog Ascensores Eninter","isPartOf":{"@id":"https:\/\/www.eninter.com\/pt-pt\/#website"},"datePublished":"2018-01-11T10:09:27+00:00","description":"J\u00e1 alguma vez se perguntou porque \u00e9 que os elevadores t\u00eam espelhos? \u00c9 por acaso ou n\u00e3o? Qual \u00e9 o efeito dos espelhos no interior do elevador?","breadcrumb":{"@id":"https:\/\/www.eninter.com\/pt-pt\/por-que-razao-existem-espelhos-na-maioria-dos-elevadores\/#breadcrumb"},"inLanguage":"pt-PT","potentialAction":[{"@type":"ReadAction","target":["https:\/\/www.eninter.com\/pt-pt\/por-que-razao-existem-espelhos-na-maioria-dos-elevadores\/"]}]},{"@type":"BreadcrumbList","@id":"https:\/\/www.eninter.com\/pt-pt\/por-que-razao-existem-espelhos-na-maioria-dos-elevadores\/#breadcrumb","itemListElement":[{"@type":"ListItem","position":1,"name":"Portada","item":"https:\/\/www.eninter.com\/pt-pt\/"},{"@type":"ListItem","position":2,"name":"Por que raz\u00e3o existem espelhos na maioria dos elevadores?"}]},{"@type":"WebSite","@id":"https:\/\/www.eninter.com\/pt-pt\/#website","url":"https:\/\/www.eninter.com\/pt-pt\/","name":"ENINTER","description":"Mantenimiento de Ascensores Multimarca","publisher":{"@id":"https:\/\/www.eninter.com\/pt-pt\/#organization"},"potentialAction":[{"@type":"SearchAction","target":{"@type":"EntryPoint","urlTemplate":"https:\/\/www.eninter.com\/pt-pt\/?s={search_term_string}"},"query-input":{"@type":"PropertyValueSpecification","valueRequired":true,"valueName":"search_term_string"}}],"inLanguage":"pt-PT"},{"@type":"Organization","@id":"https:\/\/www.eninter.com\/pt-pt\/#organization","name":"Eniter","url":"https:\/\/www.eninter.com\/pt-pt\/","logo":{"@type":"ImageObject","inLanguage":"pt-PT","@id":"https:\/\/www.eninter.com\/pt-pt\/#\/schema\/logo\/image\/","url":"https:\/\/www.eninter.com\/wp-content\/uploads\/2023\/08\/logo-eninter-png.png","contentUrl":"https:\/\/www.eninter.com\/wp-content\/uploads\/2023\/08\/logo-eninter-png.png","width":600,"height":340,"caption":"Eniter"},"image":{"@id":"https:\/\/www.eninter.com\/pt-pt\/#\/schema\/logo\/image\/"},"sameAs":["https:\/\/www.facebook.com\/EninterAscensores","https:\/\/x.com\/Eninter","https:\/\/www.instagram.com\/eninterascensores\/","https:\/\/www.youtube.com\/user\/ascensoreseninter"]},{"@type":"Person","@id":"https:\/\/www.eninter.com\/pt-pt\/#\/schema\/person\/e6178c261ac4210884c0e0264dd59043","name":"Albert Puig","image":{"@type":"ImageObject","inLanguage":"pt-PT","@id":"https:\/\/secure.gravatar.com\/avatar\/583d07f3f1036f58d0e44e873586278b582179a16b27a5b3951504e9ee001c06?s=96&d=mm&r=g","url":"https:\/\/secure.gravatar.com\/avatar\/583d07f3f1036f58d0e44e873586278b582179a16b27a5b3951504e9ee001c06?s=96&d=mm&r=g","contentUrl":"https:\/\/secure.gravatar.com\/avatar\/583d07f3f1036f58d0e44e873586278b582179a16b27a5b3951504e9ee001c06?s=96&d=mm&r=g","caption":"Albert Puig"}}]}},"_links":{"self":[{"href":"https:\/\/www.eninter.com\/pt-pt\/wp-json\/wp\/v2\/posts\/8743","targetHints":{"allow":["GET"]}}],"collection":[{"href":"https:\/\/www.eninter.com\/pt-pt\/wp-json\/wp\/v2\/posts"}],"about":[{"href":"https:\/\/www.eninter.com\/pt-pt\/wp-json\/wp\/v2\/types\/post"}],"author":[{"embeddable":true,"href":"https:\/\/www.eninter.com\/pt-pt\/wp-json\/wp\/v2\/users\/3"}],"replies":[{"embeddable":true,"href":"https:\/\/www.eninter.com\/pt-pt\/wp-json\/wp\/v2\/comments?post=8743"}],"version-history":[{"count":0,"href":"https:\/\/www.eninter.com\/pt-pt\/wp-json\/wp\/v2\/posts\/8743\/revisions"}],"wp:attachment":[{"href":"https:\/\/www.eninter.com\/pt-pt\/wp-json\/wp\/v2\/media?parent=8743"}],"wp:term":[{"taxonomy":"category","embeddable":true,"href":"https:\/\/www.eninter.com\/pt-pt\/wp-json\/wp\/v2\/categories?post=8743"},{"taxonomy":"post_tag","embeddable":true,"href":"https:\/\/www.eninter.com\/pt-pt\/wp-json\/wp\/v2\/tags?post=8743"}],"curies":[{"name":"wp","href":"https:\/\/api.w.org\/{rel}","templated":true}]}}