{"id":8746,"date":"2017-10-14T17:05:53","date_gmt":"2017-10-14T17:05:53","guid":{"rendered":"https:\/\/www.eninter.com\/descubra-os-elevadores-mais-pequenos-do-mundo\/"},"modified":"2024-01-19T10:18:39","modified_gmt":"2024-01-19T10:18:39","slug":"descubra-os-elevadores-mais-pequenos-do-mundo","status":"publish","type":"post","link":"https:\/\/www.eninter.com\/pt-pt\/descubra-os-elevadores-mais-pequenos-do-mundo\/","title":{"rendered":"Descubra os elevadores mais pequenos do mundo"},"content":{"rendered":"<p><strong>Os elevadores<\/strong> fazem parte da vida quotidiana de milh\u00f5es de pessoas em todo o mundo e o seu principal objetivo, desde a sua origem, \u00e9 oferecer uma viagem r\u00e1pida e confort\u00e1vel a todos os que os utilizam.<\/p>\n<p>Hoje em dia, h\u00e1 cada vez mais pedidos de<a href=\"https:\/\/www.eninter.com\/?utm_source=Blog&amp;utm_campaign=ascensores-pequenos-mundo\" target=\"_blank\" rel=\"noopener\"> instala\u00e7\u00e3o de elevadores<\/a>, mas, apesar disso, os edif\u00edcios n\u00e3o t\u00eam um espa\u00e7o destinado a este tipo de m\u00e1quinas, pelo que as empresas de instala\u00e7\u00e3o t\u00eam de se adaptar ao espa\u00e7o do edif\u00edcio ou da casa.<\/p>\n<p>\u00c9 frequente que a instala\u00e7\u00e3o se efectue em  <strong>espa\u00e7os muito pequenos<\/strong>Por vezes, s\u00e3o edif\u00edcios antigos que precisam de ser adaptados aos novos regulamentos, a pensar nos portadores de defici\u00eancia ou oferecendo maior conforto aos habitantes de edif\u00edcios que n\u00e3o disp\u00f5em deste tipo de servi\u00e7o.<\/p>\n<p>Esta adapta\u00e7\u00e3o gerou uma <strong>inova\u00e7\u00e3o<\/strong> importante <strong>no dom\u00ednio dos elevadores<\/strong>, resultando em casos reais que merecem figurar no Guinness World Records. Trata-se de casos excepcionais, como o elevador mais profundo do mundo numa mina de ouro na \u00c1frica do Sul. Esta mina tem 4200 metros de profundidade e o seu elevador pode atingir 63 km\/h e transportar at\u00e9 4000 pessoas.<\/p>\n<p>No entanto, at\u00e9 hoje, n\u00e3o existe uma categoria no Livro de Recordes do Guinness para aqueles que  <strong>os elevadores mais pequenos do mundo<\/strong>Um pormenor que n\u00e3o impede que os utilizadores das redes sociais e da Internet o transformem num tema popular e que, de vez em quando, surjam casos curiosos dignos de integrar um novo concurso.<\/p>\n<h2><strong>Os elevadores mais pequenos do mundo<\/strong><\/h2>\n<p>Aqui est\u00e3o alguns dos elevadores mais pequenos do mundo.<\/p>\n<p>Em <strong>Madrid<\/strong>, h\u00e1 um edif\u00edcio na Calle Col\u00f3n 11 que alberga uma cabina de elevador para uma s\u00f3 pessoa, com paredes met\u00e1licas e em forma de tri\u00e2ngulo, com 84 cent\u00edmetros de comprimento na parte mais comprida e apenas 63 cent\u00edmetros nas outras duas paredes.<\/p>\n<p>J\u00e1 em  <strong>Paris<\/strong>  Dois alem\u00e3es colocaram na Internet um v\u00eddeo que mostrava o elevador do hotel onde estavam alojados, que, segundo eles, poderia ser o elevador mais pequeno do mundo, com um  <strong>profundidade n\u00e3o superior a 30 cent\u00edmetros<\/strong>  e que exige v\u00e1rias manobras para l\u00e1 entrar.<\/p>\n<p>Tamb\u00e9m em <strong>Paris, o Hotel De Neuville<\/strong> tem um pequeno elevador que se diz ter capacidade para 4 pessoas, mas dadas as suas dimens\u00f5es, os h\u00f3spedes afirmam que s\u00f3 cabem duas pessoas, e de uma forma muito apertada.<\/p>\n<p>Outro caso \u00e9 o da cidade de <strong>Nova Iorque<\/strong>, mais precisamente na 100 W, 23rd St. Existe tamb\u00e9m um antigo elevador que ainda hoje \u00e9 utilizado. Trata-se de uma pequena cabina de base retangular com duas portas, uma de cada lado do elevador.<\/p>\n<h2><strong>A conce\u00e7\u00e3o dos elevadores mais pequenos do mundo<\/strong><\/h2>\n<p>Existem v\u00e1rias caracter\u00edsticas comuns \u00e0 maioria dos pequenos elevadores, incluindo elementos decorativos como a utiliza\u00e7\u00e3o de vidro, espelhos e metal para dar um toque moderno \u00e0s pequenas cabinas.<\/p>\n<p>Na maioria dos casos, \u00e9 importante <strong>combinar funcionalidade e seguran\u00e7a<\/strong> nessas instala\u00e7\u00f5es. Isto tamb\u00e9m pode ser visto em elevadores de emerg\u00eancia constru\u00eddos para lidar com uma situa\u00e7\u00e3o especial, como o resgate de mineiros presos no Chile numa mina a mais de setecentos metros de profundidade.<\/p>\n<p>Mas os pequenos elevadores tamb\u00e9m est\u00e3o na ordem do dia quando se trata de <strong>instala\u00e7\u00f5es especialmente concebidas para casas de fam\u00edlia<\/strong>. Nestes casos, as dimens\u00f5es do ascensor est\u00e3o de acordo com o espa\u00e7o dispon\u00edvel e podem ser vistas normalmente em &#8220;elevadores sem fosso&#8221; ou elevadores sem po\u00e7o.<\/p>\n<p>Estes elevadores familiares podem tamb\u00e9m estar entre os elevadores mais pequenos do mundo, uma vez que est\u00e3o alojados em salas com uma base de apenas setenta cent\u00edmetros de di\u00e2metro.<\/p>\n<p>Na Eninter somos especialistas na instala\u00e7\u00e3o e manuten\u00e7\u00e3o de elevadores, e trabalhamos com diferentes modelos para nos adaptarmos \u00e0s necessidades dos nossos clientes. N\u00e3o hesite em visitar o nosso s\u00edtio Web e em contactar-nos se pretender instalar um elevador.<\/p>\n","protected":false},"excerpt":{"rendered":"<p>Os elevadores fazem parte da vida quotidiana de milh\u00f5es de pessoas em todo o mundo e o seu principal objetivo, desde a sua origem, \u00e9 oferecer uma viagem r\u00e1pida e confort\u00e1vel a todos os que os utilizam. Hoje em dia, h\u00e1 cada vez mais pedidos de instala\u00e7\u00e3o de elevadores, mas, apesar disso, os edif\u00edcios n\u00e3o [&hellip;]<\/p>\n","protected":false},"author":3,"featured_media":0,"comment_status":"open","ping_status":"open","sticky":false,"template":"","format":"standard","meta":{"_acf_changed":false,"content-type":"","footnotes":""},"categories":[218,215],"tags":[],"class_list":["post-8746","post","type-post","status-publish","format-standard","hentry","category-curiosidades-pt-pt","category-elevadores"],"acf":[],"_yoast_wpseo_focuskw":"os elevadores mais pequenos do mundo","_yoast_wpseo_metadesc":"Descubra os elevadores mais pequenos do mundo! Fabricados como inova\u00e7\u00f5es e adapta\u00e7\u00f5es para pequenos espa\u00e7os.","yoast_head":"<!-- This site is optimized with the Yoast SEO Premium plugin v21.6 (Yoast SEO v27.2) - https:\/\/yoast.com\/product\/yoast-seo-premium-wordpress\/ -->\n<title>Os elevadores mais pequenos do mundo | Blog Eninter<\/title>\n<meta name=\"description\" content=\"Descubra os elevadores mais pequenos do mundo! Fabricados como inova\u00e7\u00f5es e adapta\u00e7\u00f5es para pequenos espa\u00e7os.\" \/>\n<meta name=\"robots\" content=\"index, follow, max-snippet:-1, max-image-preview:large, max-video-preview:-1\" \/>\n<link rel=\"canonical\" href=\"https:\/\/www.eninter.com\/pt-pt\/descubra-os-elevadores-mais-pequenos-do-mundo\/\" \/>\n<meta property=\"og:locale\" content=\"pt_PT\" \/>\n<meta property=\"og:type\" content=\"article\" \/>\n<meta property=\"og:title\" content=\"Descubra os elevadores mais pequenos do mundo\" \/>\n<meta property=\"og:description\" content=\"Descubra os elevadores mais pequenos do mundo! Fabricados como inova\u00e7\u00f5es e adapta\u00e7\u00f5es para pequenos espa\u00e7os.\" \/>\n<meta property=\"og:url\" content=\"https:\/\/www.eninter.com\/pt-pt\/descubra-os-elevadores-mais-pequenos-do-mundo\/\" \/>\n<meta property=\"og:site_name\" content=\"ENINTER\" \/>\n<meta property=\"article:publisher\" content=\"https:\/\/www.facebook.com\/EninterAscensores\" \/>\n<meta property=\"article:published_time\" content=\"2017-10-14T17:05:53+00:00\" \/>\n<meta property=\"article:modified_time\" content=\"2024-01-19T10:18:39+00:00\" \/>\n<meta name=\"author\" content=\"Albert Puig\" \/>\n<meta name=\"twitter:card\" content=\"summary_large_image\" \/>\n<meta name=\"twitter:creator\" content=\"@Eninter\" \/>\n<meta name=\"twitter:site\" content=\"@Eninter\" \/>\n<meta name=\"twitter:label1\" content=\"Escrito por\" \/>\n\t<meta name=\"twitter:data1\" content=\"Albert Puig\" \/>\n\t<meta name=\"twitter:label2\" content=\"Tempo estimado de leitura\" \/>\n\t<meta name=\"twitter:data2\" content=\"3 minutos\" \/>\n<!-- \/ Yoast SEO Premium plugin. -->","yoast_head_json":{"title":"Os elevadores mais pequenos do mundo | Blog Eninter","description":"Descubra os elevadores mais pequenos do mundo! Fabricados como inova\u00e7\u00f5es e adapta\u00e7\u00f5es para pequenos espa\u00e7os.","robots":{"index":"index","follow":"follow","max-snippet":"max-snippet:-1","max-image-preview":"max-image-preview:large","max-video-preview":"max-video-preview:-1"},"canonical":"https:\/\/www.eninter.com\/pt-pt\/descubra-os-elevadores-mais-pequenos-do-mundo\/","og_locale":"pt_PT","og_type":"article","og_title":"Descubra os elevadores mais pequenos do mundo","og_description":"Descubra os elevadores mais pequenos do mundo! Fabricados como inova\u00e7\u00f5es e adapta\u00e7\u00f5es para pequenos espa\u00e7os.","og_url":"https:\/\/www.eninter.com\/pt-pt\/descubra-os-elevadores-mais-pequenos-do-mundo\/","og_site_name":"ENINTER","article_publisher":"https:\/\/www.facebook.com\/EninterAscensores","article_published_time":"2017-10-14T17:05:53+00:00","article_modified_time":"2024-01-19T10:18:39+00:00","author":"Albert Puig","twitter_card":"summary_large_image","twitter_creator":"@Eninter","twitter_site":"@Eninter","twitter_misc":{"Escrito por":"Albert Puig","Tempo estimado de leitura":"3 minutos"},"schema":{"@context":"https:\/\/schema.org","@graph":[{"@type":"Article","@id":"https:\/\/www.eninter.com\/pt-pt\/descubra-os-elevadores-mais-pequenos-do-mundo\/#article","isPartOf":{"@id":"https:\/\/www.eninter.com\/pt-pt\/descubra-os-elevadores-mais-pequenos-do-mundo\/"},"author":{"name":"Albert Puig","@id":"https:\/\/www.eninter.com\/pt-pt\/#\/schema\/person\/e6178c261ac4210884c0e0264dd59043"},"headline":"Descubra os elevadores mais pequenos do mundo","datePublished":"2017-10-14T17:05:53+00:00","dateModified":"2024-01-19T10:18:39+00:00","mainEntityOfPage":{"@id":"https:\/\/www.eninter.com\/pt-pt\/descubra-os-elevadores-mais-pequenos-do-mundo\/"},"wordCount":686,"commentCount":0,"publisher":{"@id":"https:\/\/www.eninter.com\/pt-pt\/#organization"},"articleSection":["Curiosidades","Elevadores"],"inLanguage":"pt-PT","potentialAction":[{"@type":"CommentAction","name":"Comment","target":["https:\/\/www.eninter.com\/pt-pt\/descubra-os-elevadores-mais-pequenos-do-mundo\/#respond"]}]},{"@type":"WebPage","@id":"https:\/\/www.eninter.com\/pt-pt\/descubra-os-elevadores-mais-pequenos-do-mundo\/","url":"https:\/\/www.eninter.com\/pt-pt\/descubra-os-elevadores-mais-pequenos-do-mundo\/","name":"Os elevadores mais pequenos do mundo | Blog Eninter","isPartOf":{"@id":"https:\/\/www.eninter.com\/pt-pt\/#website"},"datePublished":"2017-10-14T17:05:53+00:00","dateModified":"2024-01-19T10:18:39+00:00","description":"Descubra os elevadores mais pequenos do mundo! Fabricados como inova\u00e7\u00f5es e adapta\u00e7\u00f5es para pequenos espa\u00e7os.","breadcrumb":{"@id":"https:\/\/www.eninter.com\/pt-pt\/descubra-os-elevadores-mais-pequenos-do-mundo\/#breadcrumb"},"inLanguage":"pt-PT","potentialAction":[{"@type":"ReadAction","target":["https:\/\/www.eninter.com\/pt-pt\/descubra-os-elevadores-mais-pequenos-do-mundo\/"]}]},{"@type":"BreadcrumbList","@id":"https:\/\/www.eninter.com\/pt-pt\/descubra-os-elevadores-mais-pequenos-do-mundo\/#breadcrumb","itemListElement":[{"@type":"ListItem","position":1,"name":"Portada","item":"https:\/\/www.eninter.com\/pt-pt\/"},{"@type":"ListItem","position":2,"name":"Descubra os elevadores mais pequenos do mundo"}]},{"@type":"WebSite","@id":"https:\/\/www.eninter.com\/pt-pt\/#website","url":"https:\/\/www.eninter.com\/pt-pt\/","name":"ENINTER","description":"Mantenimiento de Ascensores Multimarca","publisher":{"@id":"https:\/\/www.eninter.com\/pt-pt\/#organization"},"potentialAction":[{"@type":"SearchAction","target":{"@type":"EntryPoint","urlTemplate":"https:\/\/www.eninter.com\/pt-pt\/?s={search_term_string}"},"query-input":{"@type":"PropertyValueSpecification","valueRequired":true,"valueName":"search_term_string"}}],"inLanguage":"pt-PT"},{"@type":"Organization","@id":"https:\/\/www.eninter.com\/pt-pt\/#organization","name":"Eniter","url":"https:\/\/www.eninter.com\/pt-pt\/","logo":{"@type":"ImageObject","inLanguage":"pt-PT","@id":"https:\/\/www.eninter.com\/pt-pt\/#\/schema\/logo\/image\/","url":"https:\/\/www.eninter.com\/wp-content\/uploads\/2023\/08\/logo-eninter-png.png","contentUrl":"https:\/\/www.eninter.com\/wp-content\/uploads\/2023\/08\/logo-eninter-png.png","width":600,"height":340,"caption":"Eniter"},"image":{"@id":"https:\/\/www.eninter.com\/pt-pt\/#\/schema\/logo\/image\/"},"sameAs":["https:\/\/www.facebook.com\/EninterAscensores","https:\/\/x.com\/Eninter","https:\/\/www.instagram.com\/eninterascensores\/","https:\/\/www.youtube.com\/user\/ascensoreseninter"]},{"@type":"Person","@id":"https:\/\/www.eninter.com\/pt-pt\/#\/schema\/person\/e6178c261ac4210884c0e0264dd59043","name":"Albert Puig","image":{"@type":"ImageObject","inLanguage":"pt-PT","@id":"https:\/\/secure.gravatar.com\/avatar\/583d07f3f1036f58d0e44e873586278b582179a16b27a5b3951504e9ee001c06?s=96&d=mm&r=g","url":"https:\/\/secure.gravatar.com\/avatar\/583d07f3f1036f58d0e44e873586278b582179a16b27a5b3951504e9ee001c06?s=96&d=mm&r=g","contentUrl":"https:\/\/secure.gravatar.com\/avatar\/583d07f3f1036f58d0e44e873586278b582179a16b27a5b3951504e9ee001c06?s=96&d=mm&r=g","caption":"Albert Puig"}}]}},"_links":{"self":[{"href":"https:\/\/www.eninter.com\/pt-pt\/wp-json\/wp\/v2\/posts\/8746","targetHints":{"allow":["GET"]}}],"collection":[{"href":"https:\/\/www.eninter.com\/pt-pt\/wp-json\/wp\/v2\/posts"}],"about":[{"href":"https:\/\/www.eninter.com\/pt-pt\/wp-json\/wp\/v2\/types\/post"}],"author":[{"embeddable":true,"href":"https:\/\/www.eninter.com\/pt-pt\/wp-json\/wp\/v2\/users\/3"}],"replies":[{"embeddable":true,"href":"https:\/\/www.eninter.com\/pt-pt\/wp-json\/wp\/v2\/comments?post=8746"}],"version-history":[{"count":0,"href":"https:\/\/www.eninter.com\/pt-pt\/wp-json\/wp\/v2\/posts\/8746\/revisions"}],"wp:attachment":[{"href":"https:\/\/www.eninter.com\/pt-pt\/wp-json\/wp\/v2\/media?parent=8746"}],"wp:term":[{"taxonomy":"category","embeddable":true,"href":"https:\/\/www.eninter.com\/pt-pt\/wp-json\/wp\/v2\/categories?post=8746"},{"taxonomy":"post_tag","embeddable":true,"href":"https:\/\/www.eninter.com\/pt-pt\/wp-json\/wp\/v2\/tags?post=8746"}],"curies":[{"name":"wp","href":"https:\/\/api.w.org\/{rel}","templated":true}]}}