{"id":8749,"date":"2017-08-07T09:40:19","date_gmt":"2017-08-07T09:40:19","guid":{"rendered":"https:\/\/www.eninter.com\/este-verao-passe-a-noite-num-museu-com-a-cama-elevatoria\/"},"modified":"2017-08-07T09:40:19","modified_gmt":"2017-08-07T09:40:19","slug":"este-verao-passe-a-noite-num-museu-com-a-cama-elevatoria","status":"publish","type":"post","link":"https:\/\/www.eninter.com\/pt-pt\/este-verao-passe-a-noite-num-museu-com-a-cama-elevatoria\/","title":{"rendered":"Este ver\u00e3o, passe a noite num museu com a cama elevat\u00f3ria"},"content":{"rendered":"<p>Poder\u00e1 passar a noite no edif\u00edcio do Centro Bot\u00edn e<strong>  dormir na cama do elevador de trabalho<\/strong>que, ali\u00e1s, \u00e9 uma cama redonda elevat\u00f3ria concebida para duas pessoas e que inclui  <strong>com todos os confortos de um quarto de luxo num hotel de classe.<\/strong>e, por 250 euros por noite.<\/p>\n<p>Esta \u00e9 uma parte da exposi\u00e7\u00e3o Y by Carster H\u00f6ller, uma experi\u00eancia que pode ser desfrutada <strong>at\u00e9 9 de setembro de 2017<\/strong>, coincidindo com a exposi\u00e7\u00e3o, a<strong> um pre\u00e7o de 250 a 350 euros<\/strong> no Hotel Real de Santander.<\/p>\n<p>H\u00f6ller teve a ideia de conceber v\u00e1rias camas que foram instaladas em v\u00e1rios museus em todo o mundo para tornar poss\u00edvel dormir num centro de arte. Entre estas camas encontra-se a Elevator Bed, uma<strong> estrutura rotativa que pode ser elevada at\u00e9 3,5 metros acima do solo<\/strong> para desfrutar da experi\u00eancia e at\u00e9 contemplar a exposi\u00e7\u00e3o de uma forma \u00fanica, bem como desfrutar de uma vista sobre a ba\u00eda de Santander.<\/p>\n<p>A <strong>cama elevat\u00f3ria<\/strong> \u00e9 a pe\u00e7a estrela das obras que Carsten H\u00f6ller nos mostra nesta abertura, e ainda \u00e9 poss\u00edvel usufruir dela a 250 euros por noite. Inclui um <strong>frigor\u00edfico,<\/strong> uma <strong>m\u00e1quina de caf\u00e9 e luzes LED<\/strong>. O pequeno-almo\u00e7o e at\u00e9 a pasta de dentes feita pelo artista est\u00e3o inclu\u00eddos. Esta \u00e9 a sua oportunidade de <strong>passar a noite e dormir com o m\u00e1ximo conforto num museu<\/strong>.<\/p>\n<p>Os visitantes do Centro Bot\u00edn, concebido pelo arquiteto italiano Renzo Piano e inaugurado pelo Rei e pela Rainha de Espanha em 23 de junho de 2017, poder\u00e3o  <strong>utilizar o trabalho High Psycho Tank<\/strong>  na mesma sala, um tanque com \u00e1gua saturada com sal de Epsom \u00e0 temperatura do corpo e no qual se pode entrar<strong>  para atingir um estado de relaxamento total<\/strong>.<\/p>\n<p>Trata-se de uma exposi\u00e7\u00e3o monogr\u00e1fica completa de H\u00f6ller, a mais ambiciosa em Espanha, com cria\u00e7\u00f5es que podem ser vistas em dois itiner\u00e1rios diferentes. Mas o que mais se destaca \u00e9, sem d\u00favida, a possibilidade de<strong> dormir num museu a 250 euros por noite<\/strong>, <strong>numa cama elevat\u00f3ria<\/strong>, e atingir um estado de relaxamento que lhe permitir\u00e1 repor as baterias.<\/p>\n<p><em>Imagem: centrobotin.org<\/em><\/p>\n","protected":false},"excerpt":{"rendered":"<p>Poder\u00e1 passar a noite no edif\u00edcio do Centro Bot\u00edn e dormir na cama do elevador de trabalhoque, ali\u00e1s, \u00e9 uma cama redonda elevat\u00f3ria concebida para duas pessoas e que inclui com todos os confortos de um quarto de luxo num hotel de classe.e, por 250 euros por noite. Esta \u00e9 uma parte da exposi\u00e7\u00e3o Y [&hellip;]<\/p>\n","protected":false},"author":3,"featured_media":9477,"comment_status":"closed","ping_status":"closed","sticky":false,"template":"","format":"standard","meta":{"_acf_changed":false,"content-type":"","footnotes":""},"categories":[215],"tags":[],"class_list":["post-8749","post","type-post","status-publish","format-standard","has-post-thumbnail","hentry","category-elevadores"],"acf":[],"_yoast_wpseo_focuskw":"cama elevat\u00f3ria","_yoast_wpseo_metadesc":"Agora pode dormir num museu com a cama elevat\u00f3ria Holler, um artista que lhe proporciona o m\u00e1ximo conforto nas suas cria\u00e7\u00f5es. Viver a experi\u00eancia.","yoast_head":"<!-- This site is optimized with the Yoast SEO Premium plugin v21.6 (Yoast SEO v27.2) - https:\/\/yoast.com\/product\/yoast-seo-premium-wordpress\/ -->\n<title>Este ver\u00e3o, passe a noite num museu com a cama elevat\u00f3ria - ENINTER<\/title>\n<meta name=\"description\" content=\"Agora pode dormir num museu com a cama elevat\u00f3ria Holler, um artista que lhe proporciona o m\u00e1ximo conforto nas suas cria\u00e7\u00f5es. Viver a experi\u00eancia.\" \/>\n<meta name=\"robots\" content=\"index, follow, max-snippet:-1, max-image-preview:large, max-video-preview:-1\" \/>\n<link rel=\"canonical\" href=\"https:\/\/www.eninter.com\/pt-pt\/este-verao-passe-a-noite-num-museu-com-a-cama-elevatoria\/\" \/>\n<meta property=\"og:locale\" content=\"pt_PT\" \/>\n<meta property=\"og:type\" content=\"article\" \/>\n<meta property=\"og:title\" content=\"Este ver\u00e3o, passe a noite num museu com a cama elevat\u00f3ria\" \/>\n<meta property=\"og:description\" content=\"Agora pode dormir num museu com a cama elevat\u00f3ria Holler, um artista que lhe proporciona o m\u00e1ximo conforto nas suas cria\u00e7\u00f5es. Viver a experi\u00eancia.\" \/>\n<meta property=\"og:url\" content=\"https:\/\/www.eninter.com\/pt-pt\/este-verao-passe-a-noite-num-museu-com-a-cama-elevatoria\/\" \/>\n<meta property=\"og:site_name\" content=\"ENINTER\" \/>\n<meta property=\"article:publisher\" content=\"https:\/\/www.facebook.com\/EninterAscensores\" \/>\n<meta property=\"article:published_time\" content=\"2017-08-07T09:40:19+00:00\" \/>\n<meta property=\"og:image\" content=\"https:\/\/www.eninter.com\/wp-content\/uploads\/2015\/05\/eninter_-_creativitats_sem_720.jpg\" \/>\n\t<meta property=\"og:image:width\" content=\"720\" \/>\n\t<meta property=\"og:image:height\" content=\"720\" \/>\n\t<meta property=\"og:image:type\" content=\"image\/jpeg\" \/>\n<meta name=\"author\" content=\"Albert Puig\" \/>\n<meta name=\"twitter:card\" content=\"summary_large_image\" \/>\n<meta name=\"twitter:creator\" content=\"@Eninter\" \/>\n<meta name=\"twitter:site\" content=\"@Eninter\" \/>\n<meta name=\"twitter:label1\" content=\"Escrito por\" \/>\n\t<meta name=\"twitter:data1\" content=\"Albert Puig\" \/>\n\t<meta name=\"twitter:label2\" content=\"Tempo estimado de leitura\" \/>\n\t<meta name=\"twitter:data2\" content=\"2 minutos\" \/>\n<!-- \/ Yoast SEO Premium plugin. -->","yoast_head_json":{"title":"Este ver\u00e3o, passe a noite num museu com a cama elevat\u00f3ria - ENINTER","description":"Agora pode dormir num museu com a cama elevat\u00f3ria Holler, um artista que lhe proporciona o m\u00e1ximo conforto nas suas cria\u00e7\u00f5es. Viver a experi\u00eancia.","robots":{"index":"index","follow":"follow","max-snippet":"max-snippet:-1","max-image-preview":"max-image-preview:large","max-video-preview":"max-video-preview:-1"},"canonical":"https:\/\/www.eninter.com\/pt-pt\/este-verao-passe-a-noite-num-museu-com-a-cama-elevatoria\/","og_locale":"pt_PT","og_type":"article","og_title":"Este ver\u00e3o, passe a noite num museu com a cama elevat\u00f3ria","og_description":"Agora pode dormir num museu com a cama elevat\u00f3ria Holler, um artista que lhe proporciona o m\u00e1ximo conforto nas suas cria\u00e7\u00f5es. Viver a experi\u00eancia.","og_url":"https:\/\/www.eninter.com\/pt-pt\/este-verao-passe-a-noite-num-museu-com-a-cama-elevatoria\/","og_site_name":"ENINTER","article_publisher":"https:\/\/www.facebook.com\/EninterAscensores","article_published_time":"2017-08-07T09:40:19+00:00","og_image":[{"width":720,"height":720,"url":"https:\/\/www.eninter.com\/wp-content\/uploads\/2015\/05\/eninter_-_creativitats_sem_720.jpg","type":"image\/jpeg"}],"author":"Albert Puig","twitter_card":"summary_large_image","twitter_creator":"@Eninter","twitter_site":"@Eninter","twitter_misc":{"Escrito por":"Albert Puig","Tempo estimado de leitura":"2 minutos"},"schema":{"@context":"https:\/\/schema.org","@graph":[{"@type":"Article","@id":"https:\/\/www.eninter.com\/pt-pt\/este-verao-passe-a-noite-num-museu-com-a-cama-elevatoria\/#article","isPartOf":{"@id":"https:\/\/www.eninter.com\/pt-pt\/este-verao-passe-a-noite-num-museu-com-a-cama-elevatoria\/"},"author":{"name":"Albert Puig","@id":"https:\/\/www.eninter.com\/pt-pt\/#\/schema\/person\/e6178c261ac4210884c0e0264dd59043"},"headline":"Este ver\u00e3o, passe a noite num museu com a cama elevat\u00f3ria","datePublished":"2017-08-07T09:40:19+00:00","mainEntityOfPage":{"@id":"https:\/\/www.eninter.com\/pt-pt\/este-verao-passe-a-noite-num-museu-com-a-cama-elevatoria\/"},"wordCount":379,"publisher":{"@id":"https:\/\/www.eninter.com\/pt-pt\/#organization"},"image":{"@id":"https:\/\/www.eninter.com\/pt-pt\/este-verao-passe-a-noite-num-museu-com-a-cama-elevatoria\/#primaryimage"},"thumbnailUrl":"https:\/\/www.eninter.com\/wp-content\/uploads\/2015\/05\/eninter_-_creativitats_sem_720.jpg","articleSection":["Elevadores"],"inLanguage":"pt-PT"},{"@type":"WebPage","@id":"https:\/\/www.eninter.com\/pt-pt\/este-verao-passe-a-noite-num-museu-com-a-cama-elevatoria\/","url":"https:\/\/www.eninter.com\/pt-pt\/este-verao-passe-a-noite-num-museu-com-a-cama-elevatoria\/","name":"Este ver\u00e3o, passe a noite num museu com a cama elevat\u00f3ria - ENINTER","isPartOf":{"@id":"https:\/\/www.eninter.com\/pt-pt\/#website"},"primaryImageOfPage":{"@id":"https:\/\/www.eninter.com\/pt-pt\/este-verao-passe-a-noite-num-museu-com-a-cama-elevatoria\/#primaryimage"},"image":{"@id":"https:\/\/www.eninter.com\/pt-pt\/este-verao-passe-a-noite-num-museu-com-a-cama-elevatoria\/#primaryimage"},"thumbnailUrl":"https:\/\/www.eninter.com\/wp-content\/uploads\/2015\/05\/eninter_-_creativitats_sem_720.jpg","datePublished":"2017-08-07T09:40:19+00:00","description":"Agora pode dormir num museu com a cama elevat\u00f3ria Holler, um artista que lhe proporciona o m\u00e1ximo conforto nas suas cria\u00e7\u00f5es. Viver a experi\u00eancia.","breadcrumb":{"@id":"https:\/\/www.eninter.com\/pt-pt\/este-verao-passe-a-noite-num-museu-com-a-cama-elevatoria\/#breadcrumb"},"inLanguage":"pt-PT","potentialAction":[{"@type":"ReadAction","target":["https:\/\/www.eninter.com\/pt-pt\/este-verao-passe-a-noite-num-museu-com-a-cama-elevatoria\/"]}]},{"@type":"ImageObject","inLanguage":"pt-PT","@id":"https:\/\/www.eninter.com\/pt-pt\/este-verao-passe-a-noite-num-museu-com-a-cama-elevatoria\/#primaryimage","url":"https:\/\/www.eninter.com\/wp-content\/uploads\/2015\/05\/eninter_-_creativitats_sem_720.jpg","contentUrl":"https:\/\/www.eninter.com\/wp-content\/uploads\/2015\/05\/eninter_-_creativitats_sem_720.jpg","width":720,"height":720,"caption":"tipos-de-ascensor"},{"@type":"BreadcrumbList","@id":"https:\/\/www.eninter.com\/pt-pt\/este-verao-passe-a-noite-num-museu-com-a-cama-elevatoria\/#breadcrumb","itemListElement":[{"@type":"ListItem","position":1,"name":"Portada","item":"https:\/\/www.eninter.com\/pt-pt\/"},{"@type":"ListItem","position":2,"name":"Este ver\u00e3o, passe a noite num museu com a cama elevat\u00f3ria"}]},{"@type":"WebSite","@id":"https:\/\/www.eninter.com\/pt-pt\/#website","url":"https:\/\/www.eninter.com\/pt-pt\/","name":"ENINTER","description":"Mantenimiento de Ascensores Multimarca","publisher":{"@id":"https:\/\/www.eninter.com\/pt-pt\/#organization"},"potentialAction":[{"@type":"SearchAction","target":{"@type":"EntryPoint","urlTemplate":"https:\/\/www.eninter.com\/pt-pt\/?s={search_term_string}"},"query-input":{"@type":"PropertyValueSpecification","valueRequired":true,"valueName":"search_term_string"}}],"inLanguage":"pt-PT"},{"@type":"Organization","@id":"https:\/\/www.eninter.com\/pt-pt\/#organization","name":"Eniter","url":"https:\/\/www.eninter.com\/pt-pt\/","logo":{"@type":"ImageObject","inLanguage":"pt-PT","@id":"https:\/\/www.eninter.com\/pt-pt\/#\/schema\/logo\/image\/","url":"https:\/\/www.eninter.com\/wp-content\/uploads\/2023\/08\/logo-eninter-png.png","contentUrl":"https:\/\/www.eninter.com\/wp-content\/uploads\/2023\/08\/logo-eninter-png.png","width":600,"height":340,"caption":"Eniter"},"image":{"@id":"https:\/\/www.eninter.com\/pt-pt\/#\/schema\/logo\/image\/"},"sameAs":["https:\/\/www.facebook.com\/EninterAscensores","https:\/\/x.com\/Eninter","https:\/\/www.instagram.com\/eninterascensores\/","https:\/\/www.youtube.com\/user\/ascensoreseninter"]},{"@type":"Person","@id":"https:\/\/www.eninter.com\/pt-pt\/#\/schema\/person\/e6178c261ac4210884c0e0264dd59043","name":"Albert Puig","image":{"@type":"ImageObject","inLanguage":"pt-PT","@id":"https:\/\/secure.gravatar.com\/avatar\/583d07f3f1036f58d0e44e873586278b582179a16b27a5b3951504e9ee001c06?s=96&d=mm&r=g","url":"https:\/\/secure.gravatar.com\/avatar\/583d07f3f1036f58d0e44e873586278b582179a16b27a5b3951504e9ee001c06?s=96&d=mm&r=g","contentUrl":"https:\/\/secure.gravatar.com\/avatar\/583d07f3f1036f58d0e44e873586278b582179a16b27a5b3951504e9ee001c06?s=96&d=mm&r=g","caption":"Albert Puig"}}]}},"_links":{"self":[{"href":"https:\/\/www.eninter.com\/pt-pt\/wp-json\/wp\/v2\/posts\/8749","targetHints":{"allow":["GET"]}}],"collection":[{"href":"https:\/\/www.eninter.com\/pt-pt\/wp-json\/wp\/v2\/posts"}],"about":[{"href":"https:\/\/www.eninter.com\/pt-pt\/wp-json\/wp\/v2\/types\/post"}],"author":[{"embeddable":true,"href":"https:\/\/www.eninter.com\/pt-pt\/wp-json\/wp\/v2\/users\/3"}],"replies":[{"embeddable":true,"href":"https:\/\/www.eninter.com\/pt-pt\/wp-json\/wp\/v2\/comments?post=8749"}],"version-history":[{"count":0,"href":"https:\/\/www.eninter.com\/pt-pt\/wp-json\/wp\/v2\/posts\/8749\/revisions"}],"wp:featuredmedia":[{"embeddable":true,"href":"https:\/\/www.eninter.com\/pt-pt\/wp-json\/wp\/v2\/media\/9477"}],"wp:attachment":[{"href":"https:\/\/www.eninter.com\/pt-pt\/wp-json\/wp\/v2\/media?parent=8749"}],"wp:term":[{"taxonomy":"category","embeddable":true,"href":"https:\/\/www.eninter.com\/pt-pt\/wp-json\/wp\/v2\/categories?post=8749"},{"taxonomy":"post_tag","embeddable":true,"href":"https:\/\/www.eninter.com\/pt-pt\/wp-json\/wp\/v2\/tags?post=8749"}],"curies":[{"name":"wp","href":"https:\/\/api.w.org\/{rel}","templated":true}]}}