{"id":8761,"date":"2017-03-28T11:24:43","date_gmt":"2017-03-28T11:24:43","guid":{"rendered":"https:\/\/www.eninter.com\/os-elevadores-da-torre-eiffel-vao-ser-renovados-para-os-jogos-olimpicos-de-2024\/"},"modified":"2017-03-28T11:24:43","modified_gmt":"2017-03-28T11:24:43","slug":"os-elevadores-da-torre-eiffel-vao-ser-renovados-para-os-jogos-olimpicos-de-2024","status":"publish","type":"post","link":"https:\/\/www.eninter.com\/pt-pt\/os-elevadores-da-torre-eiffel-vao-ser-renovados-para-os-jogos-olimpicos-de-2024\/","title":{"rendered":"Os elevadores da Torre Eiffel v\u00e3o ser renovados para os Jogos Ol\u00edmpicos de 2024"},"content":{"rendered":"<p>A <strong>Torre Eiffel ser\u00e1 brevemente objeto de<\/strong> obras <strong>de restauro<\/strong> que levar\u00e3o cerca de 15 anos e um <strong>or\u00e7amento de cerca de 300 milh\u00f5es<\/strong>, como confirmou Anne Hidalgo (Presidente da C\u00e2mara de Paris).<\/p>\n<p>O objetivo \u00e9 <strong>modernizar a Torre Eiffel <\/strong> para que seja preservada para a posteridade, mas a cidade tamb\u00e9m quer<strong> competir nos Jogos Ol\u00edmpicos de 2024 <\/strong>(pelo que alguns trabalhos de renova\u00e7\u00e3o ser\u00e3o conclu\u00eddos antes dessa data).<\/p>\n<p>Segundo Jean-Fran\u00e7ois Martins, conselheiro do turismo de Paris, metade do or\u00e7amento atribu\u00eddo a este projeto ser\u00e1 consagrado \u00e0<strong> renova\u00e7\u00e3o e manuten\u00e7\u00e3o do monumento com pintura, decapagem e <a href=\"http:\/\/www.eninter.com\/mantenimiento?utm_source=blog&amp;utm_medium=post&amp;utm_campaign=BlogEninter\" target=\"_blank\" rel=\"noopener noreferrer\">manuten\u00e7\u00e3o dos elevadores<\/a><\/strong> que utilizam parte da tecnologia de Eiffel (nunca foi actualizada).<\/p>\n<p>Ser\u00e1 efectuada uma <strong>an\u00e1lise da reestrutura\u00e7\u00e3o, a substitui\u00e7\u00e3o dos sistemas de ilumina\u00e7\u00e3o e uma revis\u00e3o completa dos elevadores, <\/strong>uma vez que alguns deles ainda utilizam o<strong> sistema original instalado por Gustave Eiffel<\/strong>. A tecnologia ser\u00e1 actualizada para aumentar a seguran\u00e7a e melhorar a experi\u00eancia dos visitantes do monumento parisiense.<\/p>\n<h2>Os elevadores da Torre Eiffel<\/h2>\n<p>Atualmente, existem cinco <strong><a href=\"https:\/\/www.eninter.com\/pt-pt\/elevadores\/?utm_source=blog&#038;utm_medium=post&#038;utm_campaign=BlogEninter\" target=\"_blank\" rel=\"noopener noreferrer\">elevadores<\/a><\/strong> que <strong>ligam o r\u00e9s do ch\u00e3o ao primeiro andar da Torre Eiffel<\/strong>. Tr\u00eas para visitantes nos pilares Norte, Oeste e Este; um para o restaurante J\u00falio Verne no pilar Sul; e um como elevador de carga no mesmo pilar que o anterior. Do<strong> primeiro andar at\u00e9<\/strong> ao topo existem duas baterias com duas cabinas duplas.<\/p>\n<p><strong>Os elevadores est\u00e3o presentes na Torre Eiffel<\/strong> desde pouco antes da sua abertura para a Exposi\u00e7\u00e3o Universal de 1889, tendo a tecnologia sido modernizada em 1900 e permitindo que <strong>centenas de milhares de visitantes subissem aos andares do monumento<\/strong>.<\/p>\n<p>Embora agora pare\u00e7a normal, antigamente era um verdadeiro desafio, porque era muito complicado com alturas e cargas t\u00e3o elevadas. Desde ent\u00e3o, os t\u00e9cnicos t\u00eam tido o cuidado de renovar e manter os elevadores em perfeito estado de conserva\u00e7\u00e3o, embora tenha chegado o momento de os modernizar.<\/p>\n<p>Estamos satisfeitos por ver que, embora tenha sido criado para durar apenas 20 anos, continuar\u00e1 a fascinar-nos durante muitos anos, especialmente depois de conclu\u00edda a sua renova\u00e7\u00e3o &#8211; e especialmente na \u00e1rea dos elevadores, que abrir\u00e1 muitas novas vias com tecnologia mais adaptada ao estado atual da ind\u00fastria.<\/p>\n","protected":false},"excerpt":{"rendered":"<p>A Torre Eiffel ser\u00e1 brevemente objeto de obras de restauro que levar\u00e3o cerca de 15 anos e um or\u00e7amento de cerca de 300 milh\u00f5es, como confirmou Anne Hidalgo (Presidente da C\u00e2mara de Paris). O objetivo \u00e9 modernizar a Torre Eiffel para que seja preservada para a posteridade, mas a cidade tamb\u00e9m quer competir nos Jogos [&hellip;]<\/p>\n","protected":false},"author":3,"featured_media":14029,"comment_status":"closed","ping_status":"closed","sticky":false,"template":"","format":"standard","meta":{"_acf_changed":false,"content-type":"","footnotes":""},"categories":[215],"tags":[],"class_list":["post-8761","post","type-post","status-publish","format-standard","has-post-thumbnail","hentry","category-elevadores"],"acf":[],"_yoast_wpseo_focuskw":"elevadores da torre eiffel","_yoast_wpseo_metadesc":"Sabia que os elevadores da Torre Eiffel v\u00e3o ser renovados para a candidatura aos Jogos Ol\u00edmpicos de 2024? Se quiser saber mais, leia este post!","yoast_head":"<!-- This site is optimized with the Yoast SEO Premium plugin v21.6 (Yoast SEO v27.2) - https:\/\/yoast.com\/product\/yoast-seo-premium-wordpress\/ -->\n<title>Renova\u00e7\u00e3o do elevador da Torre Eiffel | Blog Eninter Ascensores<\/title>\n<meta name=\"description\" content=\"Sabia que os elevadores da Torre Eiffel v\u00e3o ser renovados para a candidatura aos Jogos Ol\u00edmpicos de 2024? Se quiser saber mais, leia este post!\" \/>\n<meta name=\"robots\" content=\"index, follow, max-snippet:-1, max-image-preview:large, max-video-preview:-1\" \/>\n<link rel=\"canonical\" href=\"https:\/\/www.eninter.com\/pt-pt\/os-elevadores-da-torre-eiffel-vao-ser-renovados-para-os-jogos-olimpicos-de-2024\/\" \/>\n<meta property=\"og:locale\" content=\"pt_PT\" \/>\n<meta property=\"og:type\" content=\"article\" \/>\n<meta property=\"og:title\" content=\"Os elevadores da Torre Eiffel v\u00e3o ser renovados para os Jogos Ol\u00edmpicos de 2024\" \/>\n<meta property=\"og:description\" content=\"Sabia que os elevadores da Torre Eiffel v\u00e3o ser renovados para a candidatura aos Jogos Ol\u00edmpicos de 2024? Se quiser saber mais, leia este post!\" \/>\n<meta property=\"og:url\" content=\"https:\/\/www.eninter.com\/pt-pt\/os-elevadores-da-torre-eiffel-vao-ser-renovados-para-os-jogos-olimpicos-de-2024\/\" \/>\n<meta property=\"og:site_name\" content=\"ENINTER\" \/>\n<meta property=\"article:publisher\" content=\"https:\/\/www.facebook.com\/EninterAscensores\" \/>\n<meta property=\"article:published_time\" content=\"2017-03-28T11:24:43+00:00\" \/>\n<meta property=\"og:image\" content=\"https:\/\/www.eninter.com\/wp-content\/uploads\/2017\/03\/eiffel-tower-975004_1280.jpg\" \/>\n\t<meta property=\"og:image:width\" content=\"1280\" \/>\n\t<meta property=\"og:image:height\" content=\"849\" \/>\n\t<meta property=\"og:image:type\" content=\"image\/jpeg\" \/>\n<meta name=\"author\" content=\"Albert Puig\" \/>\n<meta name=\"twitter:card\" content=\"summary_large_image\" \/>\n<meta name=\"twitter:creator\" content=\"@Eninter\" \/>\n<meta name=\"twitter:site\" content=\"@Eninter\" \/>\n<meta name=\"twitter:label1\" content=\"Escrito por\" \/>\n\t<meta name=\"twitter:data1\" content=\"Albert Puig\" \/>\n\t<meta name=\"twitter:label2\" content=\"Tempo estimado de leitura\" \/>\n\t<meta name=\"twitter:data2\" content=\"2 minutos\" \/>\n<!-- \/ Yoast SEO Premium plugin. -->","yoast_head_json":{"title":"Renova\u00e7\u00e3o do elevador da Torre Eiffel | Blog Eninter Ascensores","description":"Sabia que os elevadores da Torre Eiffel v\u00e3o ser renovados para a candidatura aos Jogos Ol\u00edmpicos de 2024? Se quiser saber mais, leia este post!","robots":{"index":"index","follow":"follow","max-snippet":"max-snippet:-1","max-image-preview":"max-image-preview:large","max-video-preview":"max-video-preview:-1"},"canonical":"https:\/\/www.eninter.com\/pt-pt\/os-elevadores-da-torre-eiffel-vao-ser-renovados-para-os-jogos-olimpicos-de-2024\/","og_locale":"pt_PT","og_type":"article","og_title":"Os elevadores da Torre Eiffel v\u00e3o ser renovados para os Jogos Ol\u00edmpicos de 2024","og_description":"Sabia que os elevadores da Torre Eiffel v\u00e3o ser renovados para a candidatura aos Jogos Ol\u00edmpicos de 2024? Se quiser saber mais, leia este post!","og_url":"https:\/\/www.eninter.com\/pt-pt\/os-elevadores-da-torre-eiffel-vao-ser-renovados-para-os-jogos-olimpicos-de-2024\/","og_site_name":"ENINTER","article_publisher":"https:\/\/www.facebook.com\/EninterAscensores","article_published_time":"2017-03-28T11:24:43+00:00","og_image":[{"width":1280,"height":849,"url":"https:\/\/www.eninter.com\/wp-content\/uploads\/2017\/03\/eiffel-tower-975004_1280.jpg","type":"image\/jpeg"}],"author":"Albert Puig","twitter_card":"summary_large_image","twitter_creator":"@Eninter","twitter_site":"@Eninter","twitter_misc":{"Escrito por":"Albert Puig","Tempo estimado de leitura":"2 minutos"},"schema":{"@context":"https:\/\/schema.org","@graph":[{"@type":"Article","@id":"https:\/\/www.eninter.com\/pt-pt\/os-elevadores-da-torre-eiffel-vao-ser-renovados-para-os-jogos-olimpicos-de-2024\/#article","isPartOf":{"@id":"https:\/\/www.eninter.com\/pt-pt\/os-elevadores-da-torre-eiffel-vao-ser-renovados-para-os-jogos-olimpicos-de-2024\/"},"author":{"name":"Albert Puig","@id":"https:\/\/www.eninter.com\/pt-pt\/#\/schema\/person\/e6178c261ac4210884c0e0264dd59043"},"headline":"Os elevadores da Torre Eiffel v\u00e3o ser renovados para os Jogos Ol\u00edmpicos de 2024","datePublished":"2017-03-28T11:24:43+00:00","mainEntityOfPage":{"@id":"https:\/\/www.eninter.com\/pt-pt\/os-elevadores-da-torre-eiffel-vao-ser-renovados-para-os-jogos-olimpicos-de-2024\/"},"wordCount":399,"publisher":{"@id":"https:\/\/www.eninter.com\/pt-pt\/#organization"},"image":{"@id":"https:\/\/www.eninter.com\/pt-pt\/os-elevadores-da-torre-eiffel-vao-ser-renovados-para-os-jogos-olimpicos-de-2024\/#primaryimage"},"thumbnailUrl":"https:\/\/www.eninter.com\/wp-content\/uploads\/2017\/03\/eiffel-tower-975004_1280.jpg","articleSection":["Elevadores"],"inLanguage":"pt-PT"},{"@type":"WebPage","@id":"https:\/\/www.eninter.com\/pt-pt\/os-elevadores-da-torre-eiffel-vao-ser-renovados-para-os-jogos-olimpicos-de-2024\/","url":"https:\/\/www.eninter.com\/pt-pt\/os-elevadores-da-torre-eiffel-vao-ser-renovados-para-os-jogos-olimpicos-de-2024\/","name":"Renova\u00e7\u00e3o do elevador da Torre Eiffel | Blog Eninter Ascensores","isPartOf":{"@id":"https:\/\/www.eninter.com\/pt-pt\/#website"},"primaryImageOfPage":{"@id":"https:\/\/www.eninter.com\/pt-pt\/os-elevadores-da-torre-eiffel-vao-ser-renovados-para-os-jogos-olimpicos-de-2024\/#primaryimage"},"image":{"@id":"https:\/\/www.eninter.com\/pt-pt\/os-elevadores-da-torre-eiffel-vao-ser-renovados-para-os-jogos-olimpicos-de-2024\/#primaryimage"},"thumbnailUrl":"https:\/\/www.eninter.com\/wp-content\/uploads\/2017\/03\/eiffel-tower-975004_1280.jpg","datePublished":"2017-03-28T11:24:43+00:00","description":"Sabia que os elevadores da Torre Eiffel v\u00e3o ser renovados para a candidatura aos Jogos Ol\u00edmpicos de 2024? Se quiser saber mais, leia este post!","breadcrumb":{"@id":"https:\/\/www.eninter.com\/pt-pt\/os-elevadores-da-torre-eiffel-vao-ser-renovados-para-os-jogos-olimpicos-de-2024\/#breadcrumb"},"inLanguage":"pt-PT","potentialAction":[{"@type":"ReadAction","target":["https:\/\/www.eninter.com\/pt-pt\/os-elevadores-da-torre-eiffel-vao-ser-renovados-para-os-jogos-olimpicos-de-2024\/"]}]},{"@type":"ImageObject","inLanguage":"pt-PT","@id":"https:\/\/www.eninter.com\/pt-pt\/os-elevadores-da-torre-eiffel-vao-ser-renovados-para-os-jogos-olimpicos-de-2024\/#primaryimage","url":"https:\/\/www.eninter.com\/wp-content\/uploads\/2017\/03\/eiffel-tower-975004_1280.jpg","contentUrl":"https:\/\/www.eninter.com\/wp-content\/uploads\/2017\/03\/eiffel-tower-975004_1280.jpg","width":1280,"height":849,"caption":"ascensores torre eiffell"},{"@type":"BreadcrumbList","@id":"https:\/\/www.eninter.com\/pt-pt\/os-elevadores-da-torre-eiffel-vao-ser-renovados-para-os-jogos-olimpicos-de-2024\/#breadcrumb","itemListElement":[{"@type":"ListItem","position":1,"name":"Portada","item":"https:\/\/www.eninter.com\/pt-pt\/"},{"@type":"ListItem","position":2,"name":"Os elevadores da Torre Eiffel v\u00e3o ser renovados para os Jogos Ol\u00edmpicos de 2024"}]},{"@type":"WebSite","@id":"https:\/\/www.eninter.com\/pt-pt\/#website","url":"https:\/\/www.eninter.com\/pt-pt\/","name":"ENINTER","description":"Mantenimiento de Ascensores Multimarca","publisher":{"@id":"https:\/\/www.eninter.com\/pt-pt\/#organization"},"potentialAction":[{"@type":"SearchAction","target":{"@type":"EntryPoint","urlTemplate":"https:\/\/www.eninter.com\/pt-pt\/?s={search_term_string}"},"query-input":{"@type":"PropertyValueSpecification","valueRequired":true,"valueName":"search_term_string"}}],"inLanguage":"pt-PT"},{"@type":"Organization","@id":"https:\/\/www.eninter.com\/pt-pt\/#organization","name":"Eniter","url":"https:\/\/www.eninter.com\/pt-pt\/","logo":{"@type":"ImageObject","inLanguage":"pt-PT","@id":"https:\/\/www.eninter.com\/pt-pt\/#\/schema\/logo\/image\/","url":"https:\/\/www.eninter.com\/wp-content\/uploads\/2023\/08\/logo-eninter-png.png","contentUrl":"https:\/\/www.eninter.com\/wp-content\/uploads\/2023\/08\/logo-eninter-png.png","width":600,"height":340,"caption":"Eniter"},"image":{"@id":"https:\/\/www.eninter.com\/pt-pt\/#\/schema\/logo\/image\/"},"sameAs":["https:\/\/www.facebook.com\/EninterAscensores","https:\/\/x.com\/Eninter","https:\/\/www.instagram.com\/eninterascensores\/","https:\/\/www.youtube.com\/user\/ascensoreseninter"]},{"@type":"Person","@id":"https:\/\/www.eninter.com\/pt-pt\/#\/schema\/person\/e6178c261ac4210884c0e0264dd59043","name":"Albert Puig","image":{"@type":"ImageObject","inLanguage":"pt-PT","@id":"https:\/\/secure.gravatar.com\/avatar\/583d07f3f1036f58d0e44e873586278b582179a16b27a5b3951504e9ee001c06?s=96&d=mm&r=g","url":"https:\/\/secure.gravatar.com\/avatar\/583d07f3f1036f58d0e44e873586278b582179a16b27a5b3951504e9ee001c06?s=96&d=mm&r=g","contentUrl":"https:\/\/secure.gravatar.com\/avatar\/583d07f3f1036f58d0e44e873586278b582179a16b27a5b3951504e9ee001c06?s=96&d=mm&r=g","caption":"Albert Puig"}}]}},"_links":{"self":[{"href":"https:\/\/www.eninter.com\/pt-pt\/wp-json\/wp\/v2\/posts\/8761","targetHints":{"allow":["GET"]}}],"collection":[{"href":"https:\/\/www.eninter.com\/pt-pt\/wp-json\/wp\/v2\/posts"}],"about":[{"href":"https:\/\/www.eninter.com\/pt-pt\/wp-json\/wp\/v2\/types\/post"}],"author":[{"embeddable":true,"href":"https:\/\/www.eninter.com\/pt-pt\/wp-json\/wp\/v2\/users\/3"}],"replies":[{"embeddable":true,"href":"https:\/\/www.eninter.com\/pt-pt\/wp-json\/wp\/v2\/comments?post=8761"}],"version-history":[{"count":0,"href":"https:\/\/www.eninter.com\/pt-pt\/wp-json\/wp\/v2\/posts\/8761\/revisions"}],"wp:featuredmedia":[{"embeddable":true,"href":"https:\/\/www.eninter.com\/pt-pt\/wp-json\/wp\/v2\/media\/14029"}],"wp:attachment":[{"href":"https:\/\/www.eninter.com\/pt-pt\/wp-json\/wp\/v2\/media?parent=8761"}],"wp:term":[{"taxonomy":"category","embeddable":true,"href":"https:\/\/www.eninter.com\/pt-pt\/wp-json\/wp\/v2\/categories?post=8761"},{"taxonomy":"post_tag","embeddable":true,"href":"https:\/\/www.eninter.com\/pt-pt\/wp-json\/wp\/v2\/tags?post=8761"}],"curies":[{"name":"wp","href":"https:\/\/api.w.org\/{rel}","templated":true}]}}