{"id":8763,"date":"2017-01-18T13:24:35","date_gmt":"2017-01-18T13:24:35","guid":{"rendered":"https:\/\/www.eninter.com\/sistema-de-acessibilidade-integrado-access-prox\/"},"modified":"2017-01-18T13:24:35","modified_gmt":"2017-01-18T13:24:35","slug":"sistema-de-acessibilidade-integrado-access-prox","status":"publish","type":"post","link":"https:\/\/www.eninter.com\/pt-pt\/sistema-de-acessibilidade-integrado-access-prox\/","title":{"rendered":"Sistema de acessibilidade integrado Access Prox"},"content":{"rendered":"<p>Qualquer<strong> sistema de<\/strong> <strong>acessibilidade<\/strong><strong> global<\/strong> melhora a <strong>qualidade de vida<\/strong> das pessoas, incluindo as que sofrem de qualquer tipo de limita\u00e7\u00e3o na sua mobilidade, comunica\u00e7\u00e3o ou compreens\u00e3o.<\/p>\n<h2>Acessibilidade<\/h2>\n<p>Assim, quando se fala de acessibilidade, este conceito pode estar relacionado com diferentes termos:<\/p>\n<ul>\n<li>Arquitetura: edif\u00edcios p\u00fablicos e privados.<\/li>\n<li>Urban\u00edstico: Relacionado com o ambiente urbano ou f\u00edsico.<\/li>\n<li>Transportes: meios de transporte p\u00fablicos.<\/li>\n<li>Comunica\u00e7\u00e3o: refere-se \u00e0 informa\u00e7\u00e3o individual e colectiva.<\/li>\n<li>Eletr\u00f3nico: Acesso a conte\u00fados na Internet, para qualquer pessoa, seja ela deficiente, idosa ou circunstancialmente privada.<\/li>\n<\/ul>\n<p>Assim, os sistemas de acessibilidade integral s\u00e3o aqueles que re\u00fanem condi\u00e7\u00f5es que tornam poss\u00edveis processos, bens, servi\u00e7os e produtos que podem ser utilizados por todas as pessoas e que <strong>facilitam a sua vida<\/strong>.<\/p>\n<p>Atualmente, a acessibilidade est\u00e1 a generalizar-se a todos os tipos de espa\u00e7os e ambientes, melhorando a qualidade de vida das pessoas, raz\u00e3o pela qual este conceito foi inclu\u00eddo em muitos regulamentos que exigem que os produtos e ambientes sejam acess\u00edveis a todas as pessoas.<\/p>\n<p><iframe src=\"https:\/\/www.youtube.com\/embed\/vy1lRB5kJxA\" width=\"560\" height=\"315\" frameborder=\"0\" allowfullscreen=\"allowfullscreen\"><\/iframe><\/p>\n<h2><strong>Dom\u00f3tica e sistemas integrais de acessibilidade<\/strong><\/h2>\n<p>A dom\u00f3tica e os sistemas de acessibilidade integral est\u00e3o ligados gra\u00e7as \u00e0s novas tecnologias que contribuem para favorecer a comunica\u00e7\u00e3o e a vida quotidiana.<\/p>\n<p>Mas os desafios tecnol\u00f3gicos ainda s\u00e3o muitos, pois os sistemas tamb\u00e9m devem ser capazes de proporcionar todos os benef\u00edcios \u00e0s pessoas com dificuldades ou dependentes, para que possam melhorar a sua autonomia e qualidade de vida.<\/p>\n<h2><strong>Sistemas de acessibilidade integrais adaptados ao ambiente<\/strong><\/h2>\n<p>Os sistemas de acessibilidade devem ser integrados no ambiente e atuar de forma interactiva, pois s\u00f3 assim \u00e9 poss\u00edvel atingir o seu objetivo, que \u00e9 combater o isolamento e fornecer solu\u00e7\u00f5es que facilitem o quotidiano das pessoas.<\/p>\n<p>Um ambiente<strong>&#8220;inteligente<\/strong>&#8221; deve procurar<strong> melhorar a rela\u00e7\u00e3o com o utilizador do sistema<\/strong>, pelo que os sistemas de acessibilidade integral visam sempre facilitar e tornar mais confort\u00e1vel a sua utiliza\u00e7\u00e3o, constituindo um elemento de inclus\u00e3o.<\/p>\n<p>Do ponto de vista do ambiente, os sistemas de acessibilidade integral permitir\u00e3o que todas as pessoas acedam, utilizem e usufruam de um produto ou servi\u00e7o de forma segura, eficiente e segundo o princ\u00edpio de solu\u00e7\u00f5es espec\u00edficas para cada ambiente ou espa\u00e7o.<\/p>\n<p>Um ambiente funcional \u00e9 aquele em que a acessibilidade integral \u00e9 implementada atrav\u00e9s de elementos incorporados controlados por <strong>sistemas automatizados<\/strong> que desempenham diferentes fun\u00e7\u00f5es e podem ser geridos individualmente ou a partir de uma unidade central.<\/p>\n<p>Ao incorporar sistemas <strong>de acessibilidade integral num edif\u00edcio,<\/strong> em casa ou em qualquer espa\u00e7o, \u00e9 poss\u00edvel melhorar o desempenho de um n\u00famero infinito de actividades da vida di\u00e1ria.<\/p>\n<p>Por \u00faltimo, \u00e9 importante recordar que os sistemas de acessibilidade abrangentes n\u00e3o s\u00f3 melhoram a qualidade de vida das pessoas, como tamb\u00e9m t\u00eam de ser eficientes, f\u00e1ceis de utilizar, seguros e fi\u00e1veis, mas tamb\u00e9m respeitar a privacidade.<\/p>\n<h2>Access Prox: o sistema de acessibilidade abrangente da Eninter<\/h2>\n<p>Access Prox \u00e9 a proposta de <a href=\"https:\/\/www.eninter.com\/pt-pt\/\" target=\"_blank\" rel=\"noopener\"><br \/>\n  <strong>Elevadores Eninter<\/strong><br \/>\n<\/a>um sistema que lhe permitir\u00e1 ter acesso completo a toda a propriedade (portas de acesso com porteiros autom\u00e1ticos, chamadas de elevador para pisos restritos, <a href=\"https:\/\/www.eninter.com\/pt-pt\/portas-automaticas\/\" target=\"_blank\" rel=\"noopener\">portas de garagem autom\u00e1ticas<\/a>, etc.) com um \u00fanico controlo. \u00c9 a acessibilidade total na sua m\u00e3o.<\/p>\n","protected":false},"excerpt":{"rendered":"<p>Qualquer sistema de acessibilidade global melhora a qualidade de vida das pessoas, incluindo as que sofrem de qualquer tipo de limita\u00e7\u00e3o na sua mobilidade, comunica\u00e7\u00e3o ou compreens\u00e3o. Acessibilidade Assim, quando se fala de acessibilidade, este conceito pode estar relacionado com diferentes termos: Arquitetura: edif\u00edcios p\u00fablicos e privados. Urban\u00edstico: Relacionado com o ambiente urbano ou f\u00edsico. [&hellip;]<\/p>\n","protected":false},"author":3,"featured_media":0,"comment_status":"open","ping_status":"open","sticky":false,"template":"","format":"standard","meta":{"_acf_changed":false,"content-type":"","footnotes":""},"categories":[217],"tags":[],"class_list":["post-8763","post","type-post","status-publish","format-standard","hentry","category-acessibilidade"],"acf":[],"_yoast_wpseo_focuskw":"sistema integrado de acessibilidade","_yoast_wpseo_metadesc":"O que \u00e9 um sistema de acessibilidade global? Para que serve? Onde \u00e9 que posso comprar este sistema? Toda esta informa\u00e7\u00e3o neste artigo!","yoast_head":"<!-- This site is optimized with the Yoast SEO Premium plugin v21.6 (Yoast SEO v27.2) - https:\/\/yoast.com\/product\/yoast-seo-premium-wordpress\/ -->\n<title>Sistema de acessibilidade integrado Access Prox - ENINTER<\/title>\n<meta name=\"description\" content=\"O que \u00e9 um sistema de acessibilidade global? Para que serve? Onde \u00e9 que posso comprar este sistema? Toda esta informa\u00e7\u00e3o neste artigo!\" \/>\n<meta name=\"robots\" content=\"index, follow, max-snippet:-1, max-image-preview:large, max-video-preview:-1\" \/>\n<link rel=\"canonical\" href=\"https:\/\/www.eninter.com\/pt-pt\/sistema-de-acessibilidade-integrado-access-prox\/\" \/>\n<meta property=\"og:locale\" content=\"pt_PT\" \/>\n<meta property=\"og:type\" content=\"article\" \/>\n<meta property=\"og:title\" content=\"Sistema de acessibilidade integrado Access Prox\" \/>\n<meta property=\"og:description\" content=\"O que \u00e9 um sistema de acessibilidade global? Para que serve? Onde \u00e9 que posso comprar este sistema? Toda esta informa\u00e7\u00e3o neste artigo!\" \/>\n<meta property=\"og:url\" content=\"https:\/\/www.eninter.com\/pt-pt\/sistema-de-acessibilidade-integrado-access-prox\/\" \/>\n<meta property=\"og:site_name\" content=\"ENINTER\" \/>\n<meta property=\"article:publisher\" content=\"https:\/\/www.facebook.com\/EninterAscensores\" \/>\n<meta property=\"article:published_time\" content=\"2017-01-18T13:24:35+00:00\" \/>\n<meta name=\"author\" content=\"Albert Puig\" \/>\n<meta name=\"twitter:card\" content=\"summary_large_image\" \/>\n<meta name=\"twitter:creator\" content=\"@Eninter\" \/>\n<meta name=\"twitter:site\" content=\"@Eninter\" \/>\n<meta name=\"twitter:label1\" content=\"Escrito por\" \/>\n\t<meta name=\"twitter:data1\" content=\"Albert Puig\" \/>\n\t<meta name=\"twitter:label2\" content=\"Tempo estimado de leitura\" \/>\n\t<meta name=\"twitter:data2\" content=\"3 minutos\" \/>\n<!-- \/ Yoast SEO Premium plugin. -->","yoast_head_json":{"title":"Sistema de acessibilidade integrado Access Prox - ENINTER","description":"O que \u00e9 um sistema de acessibilidade global? Para que serve? Onde \u00e9 que posso comprar este sistema? Toda esta informa\u00e7\u00e3o neste artigo!","robots":{"index":"index","follow":"follow","max-snippet":"max-snippet:-1","max-image-preview":"max-image-preview:large","max-video-preview":"max-video-preview:-1"},"canonical":"https:\/\/www.eninter.com\/pt-pt\/sistema-de-acessibilidade-integrado-access-prox\/","og_locale":"pt_PT","og_type":"article","og_title":"Sistema de acessibilidade integrado Access Prox","og_description":"O que \u00e9 um sistema de acessibilidade global? Para que serve? Onde \u00e9 que posso comprar este sistema? Toda esta informa\u00e7\u00e3o neste artigo!","og_url":"https:\/\/www.eninter.com\/pt-pt\/sistema-de-acessibilidade-integrado-access-prox\/","og_site_name":"ENINTER","article_publisher":"https:\/\/www.facebook.com\/EninterAscensores","article_published_time":"2017-01-18T13:24:35+00:00","author":"Albert Puig","twitter_card":"summary_large_image","twitter_creator":"@Eninter","twitter_site":"@Eninter","twitter_misc":{"Escrito por":"Albert Puig","Tempo estimado de leitura":"3 minutos"},"schema":{"@context":"https:\/\/schema.org","@graph":[{"@type":"Article","@id":"https:\/\/www.eninter.com\/pt-pt\/sistema-de-acessibilidade-integrado-access-prox\/#article","isPartOf":{"@id":"https:\/\/www.eninter.com\/pt-pt\/sistema-de-acessibilidade-integrado-access-prox\/"},"author":{"name":"Albert Puig","@id":"https:\/\/www.eninter.com\/pt-pt\/#\/schema\/person\/e6178c261ac4210884c0e0264dd59043"},"headline":"Sistema de acessibilidade integrado Access Prox","datePublished":"2017-01-18T13:24:35+00:00","mainEntityOfPage":{"@id":"https:\/\/www.eninter.com\/pt-pt\/sistema-de-acessibilidade-integrado-access-prox\/"},"wordCount":559,"commentCount":0,"publisher":{"@id":"https:\/\/www.eninter.com\/pt-pt\/#organization"},"articleSection":["Acessibilidade"],"inLanguage":"pt-PT","potentialAction":[{"@type":"CommentAction","name":"Comment","target":["https:\/\/www.eninter.com\/pt-pt\/sistema-de-acessibilidade-integrado-access-prox\/#respond"]}]},{"@type":"WebPage","@id":"https:\/\/www.eninter.com\/pt-pt\/sistema-de-acessibilidade-integrado-access-prox\/","url":"https:\/\/www.eninter.com\/pt-pt\/sistema-de-acessibilidade-integrado-access-prox\/","name":"Sistema de acessibilidade integrado Access Prox - ENINTER","isPartOf":{"@id":"https:\/\/www.eninter.com\/pt-pt\/#website"},"datePublished":"2017-01-18T13:24:35+00:00","description":"O que \u00e9 um sistema de acessibilidade global? Para que serve? Onde \u00e9 que posso comprar este sistema? Toda esta informa\u00e7\u00e3o neste artigo!","breadcrumb":{"@id":"https:\/\/www.eninter.com\/pt-pt\/sistema-de-acessibilidade-integrado-access-prox\/#breadcrumb"},"inLanguage":"pt-PT","potentialAction":[{"@type":"ReadAction","target":["https:\/\/www.eninter.com\/pt-pt\/sistema-de-acessibilidade-integrado-access-prox\/"]}]},{"@type":"BreadcrumbList","@id":"https:\/\/www.eninter.com\/pt-pt\/sistema-de-acessibilidade-integrado-access-prox\/#breadcrumb","itemListElement":[{"@type":"ListItem","position":1,"name":"Portada","item":"https:\/\/www.eninter.com\/pt-pt\/"},{"@type":"ListItem","position":2,"name":"Sistema de acessibilidade integrado Access Prox"}]},{"@type":"WebSite","@id":"https:\/\/www.eninter.com\/pt-pt\/#website","url":"https:\/\/www.eninter.com\/pt-pt\/","name":"ENINTER","description":"Mantenimiento de Ascensores Multimarca","publisher":{"@id":"https:\/\/www.eninter.com\/pt-pt\/#organization"},"potentialAction":[{"@type":"SearchAction","target":{"@type":"EntryPoint","urlTemplate":"https:\/\/www.eninter.com\/pt-pt\/?s={search_term_string}"},"query-input":{"@type":"PropertyValueSpecification","valueRequired":true,"valueName":"search_term_string"}}],"inLanguage":"pt-PT"},{"@type":"Organization","@id":"https:\/\/www.eninter.com\/pt-pt\/#organization","name":"Eniter","url":"https:\/\/www.eninter.com\/pt-pt\/","logo":{"@type":"ImageObject","inLanguage":"pt-PT","@id":"https:\/\/www.eninter.com\/pt-pt\/#\/schema\/logo\/image\/","url":"https:\/\/www.eninter.com\/wp-content\/uploads\/2023\/08\/logo-eninter-png.png","contentUrl":"https:\/\/www.eninter.com\/wp-content\/uploads\/2023\/08\/logo-eninter-png.png","width":600,"height":340,"caption":"Eniter"},"image":{"@id":"https:\/\/www.eninter.com\/pt-pt\/#\/schema\/logo\/image\/"},"sameAs":["https:\/\/www.facebook.com\/EninterAscensores","https:\/\/x.com\/Eninter","https:\/\/www.instagram.com\/eninterascensores\/","https:\/\/www.youtube.com\/user\/ascensoreseninter"]},{"@type":"Person","@id":"https:\/\/www.eninter.com\/pt-pt\/#\/schema\/person\/e6178c261ac4210884c0e0264dd59043","name":"Albert Puig","image":{"@type":"ImageObject","inLanguage":"pt-PT","@id":"https:\/\/secure.gravatar.com\/avatar\/583d07f3f1036f58d0e44e873586278b582179a16b27a5b3951504e9ee001c06?s=96&d=mm&r=g","url":"https:\/\/secure.gravatar.com\/avatar\/583d07f3f1036f58d0e44e873586278b582179a16b27a5b3951504e9ee001c06?s=96&d=mm&r=g","contentUrl":"https:\/\/secure.gravatar.com\/avatar\/583d07f3f1036f58d0e44e873586278b582179a16b27a5b3951504e9ee001c06?s=96&d=mm&r=g","caption":"Albert Puig"}}]}},"_links":{"self":[{"href":"https:\/\/www.eninter.com\/pt-pt\/wp-json\/wp\/v2\/posts\/8763","targetHints":{"allow":["GET"]}}],"collection":[{"href":"https:\/\/www.eninter.com\/pt-pt\/wp-json\/wp\/v2\/posts"}],"about":[{"href":"https:\/\/www.eninter.com\/pt-pt\/wp-json\/wp\/v2\/types\/post"}],"author":[{"embeddable":true,"href":"https:\/\/www.eninter.com\/pt-pt\/wp-json\/wp\/v2\/users\/3"}],"replies":[{"embeddable":true,"href":"https:\/\/www.eninter.com\/pt-pt\/wp-json\/wp\/v2\/comments?post=8763"}],"version-history":[{"count":0,"href":"https:\/\/www.eninter.com\/pt-pt\/wp-json\/wp\/v2\/posts\/8763\/revisions"}],"wp:attachment":[{"href":"https:\/\/www.eninter.com\/pt-pt\/wp-json\/wp\/v2\/media?parent=8763"}],"wp:term":[{"taxonomy":"category","embeddable":true,"href":"https:\/\/www.eninter.com\/pt-pt\/wp-json\/wp\/v2\/categories?post=8763"},{"taxonomy":"post_tag","embeddable":true,"href":"https:\/\/www.eninter.com\/pt-pt\/wp-json\/wp\/v2\/tags?post=8763"}],"curies":[{"name":"wp","href":"https:\/\/api.w.org\/{rel}","templated":true}]}}